{"id":50464,"date":"2022-10-11T11:04:53","date_gmt":"2022-10-11T09:04:53","guid":{"rendered":"https:\/\/ccoo.app\/diputacio-de-barcelona\/?p=50464"},"modified":"2023-10-17T14:05:09","modified_gmt":"2023-10-17T12:05:09","slug":"informacions-seguretat-i-salut","status":"publish","type":"post","link":"https:\/\/ccoo.app\/diputacio-de-barcelona\/informacions-seguretat-i-salut\/","title":{"rendered":"INFORMACIONS SEGURETAT I SALUT"},"content":{"rendered":"\n<p class=\"has-text-align-center has-medium-font-size\"><strong>-11 d\u2019octubre de 2022-<\/strong><\/p>\n\n\n\n<p><\/p>\n\n\n\n<p class=\"has-medium-font-size\"><strong><span style=\"text-decoration: underline\" class=\"ek-underline\">Darrera reuni\u00f3 Comit\u00e8 Seguretat i Salut<\/span><\/strong><\/p>\n\n\n\n<p class=\"has-medium-font-size\"><br>Recentment vam assistir a la reuni\u00f3 del Comit\u00e8 de Seguretat i Salut de la Diputaci\u00f3 de Barcelona i <strong><span style=\"text-decoration: underline\" class=\"ek-underline\">des de CCOO vam plantejar i demanar els seg\u00fcents temes que afecten les condicions de seguretat i salut<\/span><\/strong> dels treballadors i treballadores de la corporaci\u00f3:<\/p>\n\n\n\n<p class=\"has-medium-font-size\">\u25cf Formacions per a tots els treballadors i treballadores per a plans d\u2019emerg\u00e8ncia<br>\u25cf Treballar amb la corporaci\u00f3 un pla espec\u00edfic per evitar els problemes de calor:<\/p>\n\n\n\n<p class=\"has-medium-font-size has-medium-font-size has-ek-indent\" style=\"--ek-indent:140px\">o Millora del manteniment d\u2019instal\u00b7lacions de climatitzaci\u00f3<br>o Organitzaci\u00f3 de feines i treballs per evitar cops de calor i riscos biol\u00f2gics<br>o Recomanacions de prevenci\u00f3<br>o Roba i EPIs adequats<\/p>\n\n\n\n<p class=\"has-medium-font-size\">\u25cf Neteja dels EPIs per part de la corporaci\u00f3 quan hi ha riscs biol\u00f2gics<br>\u25cf Reactivaci\u00f3 de la comissi\u00f3 de vestuari<br>\u25cf Informaci\u00f3 de la retirada de l\u2019amiant als alers de Serradell (Llars Mundet)<br>\u25cf Full de ruta a les obres de:<\/p>\n\n\n\n<p class=\"has-medium-font-size has-medium-font-size has-ek-indent\" style=\"--ek-indent:140px\">o Climatitzaci\u00f3 i il\u00b7luminaci\u00f3 a la nau Flor\u00eds (Escola t\u00e8xtil Canet de Mar)<br>o Reforma del bloc B del Pavell\u00f3 Nord (Llars Mundet)<\/p>\n\n\n\n<p>\u25cf Equiparaci\u00f3 dels EPIs als diferents Serveis de la corporaci\u00f3 quan tenen les mateixes condicions de treball:<\/p>\n\n\n\n<p class=\"has-medium-font-size has-medium-font-size has-ek-indent\" style=\"--ek-indent:140px\">o Ulleres de sol i protecci\u00f3 graduades<br>o EPIs contra les picades de mosquits<br>o Cremes solars<\/p>\n\n\n\n<p>\u25cf Manteniment adequat i renovaci\u00f3 dels vehicles als Centres de Conservaci\u00f3 de Carreteres<\/p>\n\n\n\n<p class=\"has-medium-font-size\">\u25b6 <strong><span style=\"text-decoration: underline\" class=\"ek-underline\">Si vols posar-te en contacte amb els i les nostres delegades de prevenci\u00f3,<br>escriu-nos un mail a<\/span><\/strong> <a href=\"mailto:ccoo.delegatsp@diba.cat\" class=\"ek-link\">ccoo.delegatsp@diba.cat<\/a><\/p>\n\n\n\n<p class=\"has-medium-font-size\"><strong><span style=\"text-decoration: underline\" class=\"ek-underline\">Avaluaci\u00f3 de Riscos Psicosocials a la Diputaci\u00f3 de Barcelona<\/span><\/strong><\/p>\n\n\n\n<figure class=\"wp-block-image size-full\"><img loading=\"lazy\" decoding=\"async\" width=\"880\" height=\"162\" src=\"https:\/\/ccoo.app\/diputacio-de-barcelona\/wp-content\/blogs.dir\/6\/files\/sites\/186\/2022\/11\/opinem-per-avancar_150.jpg\" alt=\"Opinem Per Avancar 150\" class=\"wp-image-50518\" srcset=\"https:\/\/ccoo.app\/diputacio-de-barcelona\/wp-content\/blogs.dir\/6\/files\/sites\/186\/2022\/11\/opinem-per-avancar_150.jpg 880w, https:\/\/ccoo.app\/diputacio-de-barcelona\/wp-content\/blogs.dir\/6\/files\/sites\/186\/2022\/11\/opinem-per-avancar_150-300x55.jpg 300w, https:\/\/ccoo.app\/diputacio-de-barcelona\/wp-content\/blogs.dir\/6\/files\/sites\/186\/2022\/11\/opinem-per-avancar_150-768x141.jpg 768w\" sizes=\"auto, (max-width: 880px) 100vw, 880px\" \/><\/figure>\n\n\n\n<p class=\"has-medium-font-size\">Durant aquests dies heu rebut al vostre correu corporatiu tota la informaci\u00f3 sobre l\u2019avaluaci\u00f3 de Riscos Psicosocials que s\u2019est\u00e0 realitzant a la Diputaci\u00f3 de Barcelona.<\/p>\n\n\n\n<p class=\"has-medium-font-size\">Aquesta eina \u00e9s molt important per a con\u00e8ixer de primera m\u00e0 com us sentiu i com us trobeu al vostre lloc de feina i ens serveixen per identificar diferents caracter\u00edstiques en l\u2019organitzaci\u00f3 del treball, tot apuntant a l\u2019origen del problema.<br><strong><span style=\"text-decoration: underline\" class=\"ek-underline\">Recordeu que les enquestes d\u2019avaluaci\u00f3 de riscos psicosocials s\u00f3n del tot an\u00f2nimes, per tant, des de CCOO us animem a participar-hi molt activament!<\/span><\/strong><br>A m\u00e9s a m\u00e9s, si voleu m\u00e9s informaci\u00f3 al respecte o voleu disposar d\u2019un ordinador i contestar l\u2019avaluaci\u00f3 amb total tranquil\u00b7litat, podeu venir al nostre local situat al carrer Mallorca i realitzar l\u2019enquesta.<\/p>\n\n\n\n<div class=\"wp-block-group\"><div class=\"wp-block-group__inner-container is-layout-constrained wp-block-group-is-layout-constrained\"><div class=\"gb-grid-wrapper gb-grid-wrapper-d65739e2\">\n<div class=\"gb-grid-column gb-grid-column-ecc8725d\"><div class=\"gb-container gb-container-ecc8725d\"><div class=\"gb-inside-container\">\n<div class=\"wp-block-image\">\n<figure class=\"aligncenter size-full\"><img loading=\"lazy\" decoding=\"async\" width=\"129\" height=\"38\" src=\"https:\/\/ccoo.app\/diputacio-de-barcelona\/wp-content\/blogs.dir\/6\/files\/sites\/186\/2022\/03\/tel.png\" alt=\"Tel\" class=\"wp-image-49915\" \/><\/figure>\n<\/div>\n<\/div><\/div><\/div>\n\n<div class=\"gb-grid-column gb-grid-column-4c28778f\"><div class=\"gb-container gb-container-4c28778f\"><div class=\"gb-inside-container\">\n<div class=\"wp-block-image\">\n<figure class=\"aligncenter size-full\"><a href=\"mailto:ccoo@diba.cat\"><img loading=\"lazy\" decoding=\"async\" width=\"51\" height=\"37\" src=\"https:\/\/ccoo.app\/diputacio-de-barcelona\/wp-content\/blogs.dir\/6\/files\/sites\/186\/2022\/03\/mail.png\" alt=\"Mail\" class=\"wp-image-49916\" \/><\/a><\/figure>\n<\/div>\n<\/div><\/div><\/div>\n\n<div class=\"gb-grid-column gb-grid-column-c6cc0957\"><div class=\"gb-container gb-container-c6cc0957\"><div class=\"gb-inside-container\">\n<div class=\"wp-block-image\">\n<figure class=\"aligncenter size-full\"><a href=\"https:\/\/twitter.com\/ccoodiba\"><img loading=\"lazy\" decoding=\"async\" width=\"44\" height=\"38\" src=\"https:\/\/ccoo.app\/diputacio-de-barcelona\/wp-content\/blogs.dir\/6\/files\/sites\/186\/2022\/03\/tw.png\" alt=\"Tw\" class=\"wp-image-49917\" \/><\/a><\/figure>\n<\/div>\n<\/div><\/div><\/div>\n\n<div class=\"gb-grid-column gb-grid-column-1598237d\"><div class=\"gb-container gb-container-1598237d\"><div class=\"gb-inside-container\">\n<div class=\"wp-block-image\">\n<figure class=\"aligncenter size-full\"><a href=\"https:\/\/www.instagram.com\/ccoo_diba\/\"><img loading=\"lazy\" decoding=\"async\" width=\"45\" height=\"44\" src=\"https:\/\/ccoo.app\/diputacio-de-barcelona\/wp-content\/blogs.dir\/6\/files\/sites\/186\/2022\/03\/ig.png\" alt=\"Ig\" class=\"wp-image-49918\" \/><\/a><\/figure>\n<\/div>\n<\/div><\/div><\/div>\n\n<div class=\"gb-grid-column gb-grid-column-2db731fe\"><div class=\"gb-container gb-container-2db731fe\"><div class=\"gb-inside-container\">\n<div class=\"wp-block-image\">\n<figure class=\"aligncenter size-full\"><a href=\"https:\/\/ccoo.app\/diputacio-de-barcelona\"><img loading=\"lazy\" decoding=\"async\" width=\"39\" height=\"40\" src=\"https:\/\/ccoo.app\/diputacio-de-barcelona\/wp-content\/blogs.dir\/6\/files\/sites\/186\/2022\/03\/www.png\" alt=\"Www\" class=\"wp-image-49919\" \/><\/a><\/figure>\n<\/div>\n<\/div><\/div><\/div>\n\n<div class=\"gb-grid-column gb-grid-column-f3651540\"><div class=\"gb-container gb-container-f3651540\"><div class=\"gb-inside-container\">\n<div class=\"wp-block-image\">\n<figure class=\"aligncenter size-full is-resized\"><a href=\"https:\/\/www.ccoo.cat\/afiliat\/?_sfm_aff_situation=94\"><img loading=\"lazy\" decoding=\"async\" src=\"https:\/\/ccoo.app\/diputacio-de-barcelona\/wp-content\/blogs.dir\/6\/files\/sites\/186\/2022\/03\/af.png\" alt=\"Af\" class=\"wp-image-49920\" width=\"125\" height=\"38\" \/><\/a><\/figure>\n<\/div>\n<\/div><\/div><\/div>\n<\/div><\/div><\/div>\n","protected":false},"excerpt":{"rendered":"<p>-11 d\u2019octubre de 2022- Darrera reuni\u00f3 Comit\u00e8 Seguretat i Salut Recentment vam assistir a la reuni\u00f3 del Comit\u00e8 de Seguretat i Salut de la Diputaci\u00f3 de Barcelona i des de &#8230; <\/p>\n<p class=\"read-more-container\"><a title=\"INFORMACIONS SEGURETAT I SALUT\" class=\"read-more button\" href=\"https:\/\/ccoo.app\/diputacio-de-barcelona\/informacions-seguretat-i-salut\/#more-50464\" aria-label=\"Leer m\u00e1s sobre INFORMACIONS SEGURETAT I SALUT\">Continuar llegint<\/a><\/p>\n","protected":false},"author":34224,"featured_media":50669,"comment_status":"closed","ping_status":"closed","sticky":false,"template":"","format":"standard","meta":{"footnotes":""},"categories":[38,14,18,19,26,31,35],"tags":[53,131,210,213],"class_list":["post-50464","post","type-post","status-publish","format-standard","has-post-thumbnail","hentry","category-a-tot-el-personal","category-afiliacio-ccoo-diba","category-ccoo-info","category-comunicats","category-mgn","category-personal-interi-comunicats","category-salut-laboral","tag-accio-sindical","tag-jubilacio","tag-riscos-psicosocials","tag-salut-laboral","generate-columns","tablet-grid-50","mobile-grid-100","grid-parent","grid-50"],"_links":{"self":[{"href":"https:\/\/ccoo.app\/diputacio-de-barcelona\/wp-json\/wp\/v2\/posts\/50464","targetHints":{"allow":["GET"]}}],"collection":[{"href":"https:\/\/ccoo.app\/diputacio-de-barcelona\/wp-json\/wp\/v2\/posts"}],"about":[{"href":"https:\/\/ccoo.app\/diputacio-de-barcelona\/wp-json\/wp\/v2\/types\/post"}],"author":[{"embeddable":true,"href":"https:\/\/ccoo.app\/diputacio-de-barcelona\/wp-json\/wp\/v2\/users\/34224"}],"replies":[{"embeddable":true,"href":"https:\/\/ccoo.app\/diputacio-de-barcelona\/wp-json\/wp\/v2\/comments?post=50464"}],"version-history":[{"count":6,"href":"https:\/\/ccoo.app\/diputacio-de-barcelona\/wp-json\/wp\/v2\/posts\/50464\/revisions"}],"predecessor-version":[{"id":52292,"href":"https:\/\/ccoo.app\/diputacio-de-barcelona\/wp-json\/wp\/v2\/posts\/50464\/revisions\/52292"}],"wp:featuredmedia":[{"embeddable":true,"href":"https:\/\/ccoo.app\/diputacio-de-barcelona\/wp-json\/wp\/v2\/media\/50669"}],"wp:attachment":[{"href":"https:\/\/ccoo.app\/diputacio-de-barcelona\/wp-json\/wp\/v2\/media?parent=50464"}],"wp:term":[{"taxonomy":"category","embeddable":true,"href":"https:\/\/ccoo.app\/diputacio-de-barcelona\/wp-json\/wp\/v2\/categories?post=50464"},{"taxonomy":"post_tag","embeddable":true,"href":"https:\/\/ccoo.app\/diputacio-de-barcelona\/wp-json\/wp\/v2\/tags?post=50464"}],"curies":[{"name":"wp","href":"https:\/\/api.w.org\/{rel}","templated":true}]}}