{"id":50453,"date":"2022-11-11T14:42:04","date_gmt":"2022-11-11T13:42:04","guid":{"rendered":"https:\/\/ccoo.app\/diputacio-de-barcelona\/?p=50453"},"modified":"2023-10-17T14:05:00","modified_gmt":"2023-10-17T12:05:00","slug":"pressupostos-2023-incentiu-per-jubilacio-anticipada","status":"publish","type":"post","link":"https:\/\/ccoo.app\/diputacio-de-barcelona\/pressupostos-2023-incentiu-per-jubilacio-anticipada\/","title":{"rendered":"PRESSUPOSTOS 2023-INCENTIU PER JUBILACI\u00d3 ANTICIPADA"},"content":{"rendered":"<div class=\"wp-block-image\">\n<figure class=\"aligncenter size-full is-resized\"><img loading=\"lazy\" decoding=\"async\" src=\"https:\/\/ccoo.app\/diputacio-de-barcelona\/wp-content\/blogs.dir\/6\/files\/sites\/186\/2022\/07\/diputacio-de-barcelona.png\" alt=\"Diputaci\u00f3 De Barcelona\" class=\"wp-image-50357\" width=\"300\" height=\"108\" \/><figcaption class=\"wp-element-caption\">-11 de novembre de 2022-<\/figcaption><\/figure>\n<\/div>\n\n\n<p class=\"has-medium-font-size\">Dimecres ens vam reunir amb la corporaci\u00f3 en una sessi\u00f3 informativa en la qual se\u2019ns va presentar l\u2019avantprojecte dels pressupostos per l\u2019any 2023, concretament el cap\u00edtol I que fa refer\u00e8ncia a la despesa del personal. <\/p>\n\n\n\n<p class=\"has-medium-font-size\">Per a CCOO era una reuni\u00f3 important per diversos motius. D\u2019una banda, per corroborar <strong><span style=\"text-decoration: underline\" class=\"ek-underline\">l\u2019increment retributiu del 2,5% pactat per l\u2019any 2023<\/span><\/strong> entre CCOO i UGT amb el govern central i aix\u00ed ha estat (a banda de l\u2019increment ja pactat per aquest 2022 del 3,5%). D\u2019altra banda, <strong><span style=\"text-decoration: underline\" class=\"ek-underline\">comprovar en quin estat es troben les partides pressupost\u00e0ries dels acords que resten sense aplicaci\u00f3 efectiva<\/span><\/strong> i dels quals des de CCOO venim defensant la seva aplicaci\u00f3, tant a nivell jur\u00eddic com en les diferents negociacions. Doncs b\u00e9, per aquest 2023:<\/p>\n\n\n\n<p class=\"has-medium-font-size\">&#8211;<strong><span style=\"text-decoration: underline\" class=\"ek-underline\">La corporaci\u00f3 continua mantenint la partida pressupost\u00e0ria per carrera professional<\/span><\/strong> dotada amb 3 milions d\u2019\u20ac. Des de CCOO ho valorem positivament tot i que aquesta din\u00e0mica es repeteix any rere any sense una efectiva aplicaci\u00f3. Som conscients que hores d\u2019ara no hi ha marc normatiu per a la seva aplicaci\u00f3 i per aquest motiu, continuem pressionant per a l\u2019efectiva execuci\u00f3 de l\u2019acord.<\/p>\n\n\n\n<p class=\"has-medium-font-size\">-Respecte a <strong><span style=\"text-decoration: underline\" class=\"ek-underline\">l\u2019incentiu per jubilaci\u00f3 anticipada<\/span><\/strong> els pressupostos per l\u2019any 2023, tot i la suspensi\u00f3 de l\u2019acord, <strong><span style=\"text-decoration: underline\" class=\"ek-underline\">mantenen la partida pressupostada amb 3 milions d\u2019\u20ac<\/span><\/strong>. Des de CCOO valorem positivament aquest gest de la corporaci\u00f3 que ve donat per la pressi\u00f3 qu\u00e8 en tot moment hem mantingut. Per\u00f2 no ens quedem aqu\u00ed i <strong><span style=\"text-decoration: underline\" class=\"ek-underline\">des de la nostra secci\u00f3 sindical hem vingut defensant diverses opcions per assolir un acord<\/span><\/strong> que sigui similar o assimilable al de l\u2019incentiu per jubilaci\u00f3 anticipada. Cal recordar que aquest \u00faltim, arran de les darreres sent\u00e8ncies del Tribunal Suprem, resta al marge de la legalitat. Per aquest motiu, hem traslladat a RH <strong><span style=\"text-decoration: underline\" class=\"ek-underline\">la nostra intenci\u00f3 de negociar aquesta partida, com pot ser amb la recuperaci\u00f3 i increment de les aportacions als Plans de Pensions o que la DIBA contracti una asseguran\u00e7a de contracte social, per la qual s\u2019estableixen unes quantitats similars<\/span><\/strong> a les que ten\u00edem per aquells companys i companyes que es vulguin jubilar anticipadament.<\/p>\n\n\n\n<p class=\"has-medium-font-size\">Us mantindrem informats i informades.<\/p>\n\n\n\n<h2 class=\"has-x-large-font-size wp-block-heading\" style=\"font-style:normal;font-weight:700\">EL MUSEU MAR\u00cdTIM DE BARCELONA A LA DERIVA<\/h2>\n\n\n\n<p class=\"has-medium-font-size\">Des de la nostra secci\u00f3 sindical volem mostrar el nostre recolzament a la lluita dels companys i companyes del Museu Mar\u00edtim de Barcelona. Qu\u00e8 denuncien? Que d\u2019una plantilla de 92 persones, per motius de jubilaci\u00f3 i exced\u00e8ncies, resta un 13% de places vacants pendent de cobertura. Aquest fet est\u00e0 provocant altes c\u00e0rregues de treball a la resta de treballadors i treballadores que, lamentablement, est\u00e0 afectant a la seva salut; fins el punt que un 15% de la plantilla es troba en situaci\u00f3 de baixa per IT.<br>Per aquest motiu, en defensa dels serveis p\u00fablics, exhortem als agents pol\u00edtics a cercar solucions per revertir aquesta situaci\u00f3!<\/p>\n\n\n<div class=\"wp-block-image\">\n<figure class=\"aligncenter size-full\"><img loading=\"lazy\" decoding=\"async\" width=\"357\" height=\"497\" src=\"https:\/\/ccoo.app\/diputacio-de-barcelona\/wp-content\/blogs.dir\/6\/files\/sites\/186\/2022\/11\/consorci_mmb_personal_ofega_150.jpg\" alt=\"Consorci Mmb Personal Ofega 150\" class=\"wp-image-50514\" srcset=\"https:\/\/ccoo.app\/diputacio-de-barcelona\/wp-content\/blogs.dir\/6\/files\/sites\/186\/2022\/11\/consorci_mmb_personal_ofega_150.jpg 357w, https:\/\/ccoo.app\/diputacio-de-barcelona\/wp-content\/blogs.dir\/6\/files\/sites\/186\/2022\/11\/consorci_mmb_personal_ofega_150-215x300.jpg 215w\" sizes=\"auto, (max-width: 357px) 100vw, 357px\" \/><\/figure>\n<\/div>\n\n\n<p><\/p>\n","protected":false},"excerpt":{"rendered":"<p>Dimecres ens vam reunir amb la corporaci\u00f3 en una sessi\u00f3 informativa en la qual se\u2019ns va presentar l\u2019avantprojecte dels pressupostos per l\u2019any 2023, concretament el cap\u00edtol I que fa refer\u00e8ncia &#8230; <\/p>\n<p class=\"read-more-container\"><a title=\"PRESSUPOSTOS 2023-INCENTIU PER JUBILACI\u00d3 ANTICIPADA\" class=\"read-more button\" href=\"https:\/\/ccoo.app\/diputacio-de-barcelona\/pressupostos-2023-incentiu-per-jubilacio-anticipada\/#more-50453\" aria-label=\"Leer m\u00e1s sobre PRESSUPOSTOS 2023-INCENTIU PER JUBILACI\u00d3 ANTICIPADA\">Continuar llegint<\/a><\/p>\n","protected":false},"author":34224,"featured_media":50517,"comment_status":"closed","ping_status":"closed","sticky":false,"template":"","format":"standard","meta":{"footnotes":""},"categories":[38,14,18,19,25,26,31],"tags":[53,131,148],"class_list":["post-50453","post","type-post","status-publish","format-standard","has-post-thumbnail","hentry","category-a-tot-el-personal","category-afiliacio-ccoo-diba","category-ccoo-info","category-comunicats","category-jubilacio","category-mgn","category-personal-interi-comunicats","tag-accio-sindical","tag-jubilacio","tag-mesa-general-negociacio","generate-columns","tablet-grid-50","mobile-grid-100","grid-parent","grid-50"],"_links":{"self":[{"href":"https:\/\/ccoo.app\/diputacio-de-barcelona\/wp-json\/wp\/v2\/posts\/50453","targetHints":{"allow":["GET"]}}],"collection":[{"href":"https:\/\/ccoo.app\/diputacio-de-barcelona\/wp-json\/wp\/v2\/posts"}],"about":[{"href":"https:\/\/ccoo.app\/diputacio-de-barcelona\/wp-json\/wp\/v2\/types\/post"}],"author":[{"embeddable":true,"href":"https:\/\/ccoo.app\/diputacio-de-barcelona\/wp-json\/wp\/v2\/users\/34224"}],"replies":[{"embeddable":true,"href":"https:\/\/ccoo.app\/diputacio-de-barcelona\/wp-json\/wp\/v2\/comments?post=50453"}],"version-history":[{"count":5,"href":"https:\/\/ccoo.app\/diputacio-de-barcelona\/wp-json\/wp\/v2\/posts\/50453\/revisions"}],"predecessor-version":[{"id":50515,"href":"https:\/\/ccoo.app\/diputacio-de-barcelona\/wp-json\/wp\/v2\/posts\/50453\/revisions\/50515"}],"wp:featuredmedia":[{"embeddable":true,"href":"https:\/\/ccoo.app\/diputacio-de-barcelona\/wp-json\/wp\/v2\/media\/50517"}],"wp:attachment":[{"href":"https:\/\/ccoo.app\/diputacio-de-barcelona\/wp-json\/wp\/v2\/media?parent=50453"}],"wp:term":[{"taxonomy":"category","embeddable":true,"href":"https:\/\/ccoo.app\/diputacio-de-barcelona\/wp-json\/wp\/v2\/categories?post=50453"},{"taxonomy":"post_tag","embeddable":true,"href":"https:\/\/ccoo.app\/diputacio-de-barcelona\/wp-json\/wp\/v2\/tags?post=50453"}],"curies":[{"name":"wp","href":"https:\/\/api.w.org\/{rel}","templated":true}]}}