{"id":50437,"date":"2022-10-04T14:37:00","date_gmt":"2022-10-04T12:37:00","guid":{"rendered":"https:\/\/ccoo.app\/diputacio-de-barcelona\/?p=50437"},"modified":"2023-10-17T14:05:12","modified_gmt":"2023-10-17T12:05:12","slug":"recuperacio-retallada-5-pagues-extres","status":"publish","type":"post","link":"https:\/\/ccoo.app\/diputacio-de-barcelona\/recuperacio-retallada-5-pagues-extres\/","title":{"rendered":"RECUPERACI\u00d3 RETALLADA 5% PAGUES EXTRES"},"content":{"rendered":"\n<p class=\"has-text-align-center has-medium-font-size\"><strong>-4 d&#8217;octubre de 2022-<\/strong><\/p>\n\n\n\n<p class=\"has-medium-font-size\">Des de Comissions Obreres, i <strong><span style=\"text-decoration: underline\" class=\"ek-underline\">impulsat per la nostra secci\u00f3 sindical a la Diputaci\u00f3 de Barcelona<\/span><\/strong>, hem promogut a nivell estatal una demanda per a batallar la recuperaci\u00f3 de les retallades del 5% a les pagues extres, que venim arrossegant des de fa m\u00e9s de 10 anys per culpa del RDL 8\/2010.<br>Des de CCOO hem sigut molt cr\u00edtics amb els diferents governs i corporacions, ja que ha estat assumida com una retallada permanent, i at\u00e8s que el Govern Central ha aprovat un major sostre de despesa que repercutir\u00e0 positivament en el pressupost de les administracions i que la situaci\u00f3 actual inflacionista <strong><span style=\"text-decoration: underline\" class=\"ek-underline\">potencia encara m\u00e9s la p\u00e8rdua de poder adquisitiu dels funcionaris, entenem que \u00e9s un bon moment per a posar sobre la mesa de negociaci\u00f3 la recuperaci\u00f3 d&#8217;aquesta demanda hist\u00f2rica<\/span><\/strong> que permeti compensar el greuge comparatiu que venim sofrint els treballadors p\u00fablics i que en definitiva repercuteix sobre la millora i qualitat dels serveis p\u00fablics que prestem al ciutad\u00e0.<\/p>\n\n\n\n<p><\/p>\n\n\n\n<h2 class=\"has-x-large-font-size wp-block-heading\" style=\"font-style:normal;font-weight:700\">INCREMENT SALARIAL EMPLEATS P\u00daBLICS<\/h2>\n\n\n\n<p><\/p>\n\n\n\n<p class=\"has-medium-font-size\">Des de CCOO, sindicat majoritari a la Funci\u00f3 P\u00fablica, hem estat reunits en seu de Mesa General de Funci\u00f3 P\u00fablica i hem acordat amb el govern central un paquet de mesures per millorar les condicions de treball dels funcionaris i funcion\u00e0ries. Entre elles, <strong><span style=\"text-decoration: underline\" class=\"ek-underline\">un increment salarial acumulat del 9,50%<\/span><\/strong> per als propers 3 anys que ens permeti recuperar el poder adquisitiu perdut aquests darrers temps. Aquest augment es distribuir\u00e0 de la seg\u00fcent manera:<\/p>\n\n\n\n<p class=\"has-medium-font-size has-medium-font-size has-ek-indent\" style=\"--ek-indent:80px\"><br>-Un <strong><span style=\"text-decoration: underline\" class=\"ek-underline\">3,5% per aquest any 2022<\/span><\/strong>, dels quals es far\u00e0 <strong><span style=\"text-decoration: underline\" class=\"ek-underline\">un \u00fanic pagament a finals d\u2019anys d\u20191,5% de les nostres retribucions, amb car\u00e0cter retroactiu<\/span><\/strong> (el 2% restant, ja ha estat implantat a les nostres n\u00f2mines a principis d\u2019any).<br>&#8211;<strong><span style=\"text-decoration: underline\" class=\"ek-underline\">Un 2,5% fix per al 2023<\/span><\/strong> m\u00e9s un 1% variable, segons variacions de l\u2019IPC.<br>&#8211;<strong><span style=\"text-decoration: underline\" class=\"ek-underline\">Un 2% fix per al 2024<\/span><\/strong> m\u00e9s un 0,5% variable, segons variacions de l\u2019IPC.<\/p>\n\n\n\n<p class=\"has-medium-font-size\">Us avancem que ja hem iniciat els tr\u00e0mits per a que aquesta pujada sigui d\u2019aplicaci\u00f3 el m\u00e9s aviat possible a la Diputaci\u00f3 de Barcelona. Us mantindrem informats i informades.<\/p>\n\n\n<div class=\"gb-grid-wrapper gb-grid-wrapper-d65739e2\">\n<div class=\"gb-grid-column gb-grid-column-ecc8725d\"><div class=\"gb-container gb-container-ecc8725d\"><div class=\"gb-inside-container\">\n<div class=\"wp-block-image\">\n<figure class=\"aligncenter size-full\"><img loading=\"lazy\" decoding=\"async\" width=\"129\" height=\"38\" src=\"https:\/\/ccoo.app\/diputacio-de-barcelona\/wp-content\/blogs.dir\/6\/files\/sites\/186\/2022\/03\/tel.png\" alt=\"Tel\" class=\"wp-image-49915\" \/><\/figure>\n<\/div>\n<\/div><\/div><\/div>\n\n<div class=\"gb-grid-column gb-grid-column-4c28778f\"><div class=\"gb-container gb-container-4c28778f\"><div class=\"gb-inside-container\">\n<div class=\"wp-block-image\">\n<figure class=\"aligncenter size-full\"><a href=\"mailto:ccoo@diba.cat\"><img loading=\"lazy\" decoding=\"async\" width=\"51\" height=\"37\" src=\"https:\/\/ccoo.app\/diputacio-de-barcelona\/wp-content\/blogs.dir\/6\/files\/sites\/186\/2022\/03\/mail.png\" alt=\"Mail\" class=\"wp-image-49916\" \/><\/a><\/figure>\n<\/div>\n<\/div><\/div><\/div>\n\n<div class=\"gb-grid-column gb-grid-column-c6cc0957\"><div class=\"gb-container gb-container-c6cc0957\"><div class=\"gb-inside-container\">\n<div class=\"wp-block-image\">\n<figure class=\"aligncenter size-full\"><a href=\"https:\/\/twitter.com\/ccoodiba\"><img loading=\"lazy\" decoding=\"async\" width=\"44\" height=\"38\" src=\"https:\/\/ccoo.app\/diputacio-de-barcelona\/wp-content\/blogs.dir\/6\/files\/sites\/186\/2022\/03\/tw.png\" alt=\"Tw\" class=\"wp-image-49917\" \/><\/a><\/figure>\n<\/div>\n<\/div><\/div><\/div>\n\n<div class=\"gb-grid-column gb-grid-column-1598237d\"><div class=\"gb-container gb-container-1598237d\"><div class=\"gb-inside-container\">\n<div class=\"wp-block-image\">\n<figure class=\"aligncenter size-full\"><a href=\"https:\/\/www.instagram.com\/ccoo_diba\/\"><img loading=\"lazy\" decoding=\"async\" width=\"45\" height=\"44\" src=\"https:\/\/ccoo.app\/diputacio-de-barcelona\/wp-content\/blogs.dir\/6\/files\/sites\/186\/2022\/03\/ig.png\" alt=\"Ig\" class=\"wp-image-49918\" \/><\/a><\/figure>\n<\/div>\n<\/div><\/div><\/div>\n\n<div class=\"gb-grid-column gb-grid-column-2db731fe\"><div class=\"gb-container gb-container-2db731fe\"><div class=\"gb-inside-container\">\n<div class=\"wp-block-image\">\n<figure class=\"aligncenter size-full\"><a href=\"https:\/\/ccoo.app\/diputacio-de-barcelona\"><img loading=\"lazy\" decoding=\"async\" width=\"39\" height=\"40\" src=\"https:\/\/ccoo.app\/diputacio-de-barcelona\/wp-content\/blogs.dir\/6\/files\/sites\/186\/2022\/03\/www.png\" alt=\"Www\" class=\"wp-image-49919\" \/><\/a><\/figure>\n<\/div>\n<\/div><\/div><\/div>\n\n<div class=\"gb-grid-column gb-grid-column-f3651540\"><div class=\"gb-container gb-container-f3651540\"><div class=\"gb-inside-container\">\n<div class=\"wp-block-image\">\n<figure class=\"aligncenter size-full is-resized\"><a href=\"https:\/\/www.ccoo.cat\/afiliat\/?_sfm_aff_situation=94\"><img loading=\"lazy\" decoding=\"async\" src=\"https:\/\/ccoo.app\/diputacio-de-barcelona\/wp-content\/blogs.dir\/6\/files\/sites\/186\/2022\/03\/af.png\" alt=\"Af\" class=\"wp-image-49920\" width=\"125\" height=\"38\" \/><\/a><\/figure>\n<\/div>\n<\/div><\/div><\/div>\n<\/div>","protected":false},"excerpt":{"rendered":"<p>-4 d&#8217;octubre de 2022- Des de Comissions Obreres, i impulsat per la nostra secci\u00f3 sindical a la Diputaci\u00f3 de Barcelona, hem promogut a nivell estatal una demanda per a batallar &#8230; <\/p>\n<p class=\"read-more-container\"><a title=\"RECUPERACI\u00d3 RETALLADA 5% PAGUES EXTRES\" class=\"read-more button\" href=\"https:\/\/ccoo.app\/diputacio-de-barcelona\/recuperacio-retallada-5-pagues-extres\/#more-50437\" aria-label=\"Leer m\u00e1s sobre RECUPERACI\u00d3 RETALLADA 5% PAGUES EXTRES\">Continuar llegint<\/a><\/p>\n","protected":false},"author":34224,"featured_media":49897,"comment_status":"closed","ping_status":"closed","sticky":false,"template":"","format":"standard","meta":{"footnotes":""},"categories":[38,5,14,18,26,29,31,34,37],"tags":[53,249,206],"class_list":["post-50437","post","type-post","status-publish","format-standard","has-post-thumbnail","hentry","category-a-tot-el-personal","category-acuerdos-convenios","category-afiliacio-ccoo-diba","category-ccoo-info","category-mgn","category-orgt-2","category-personal-interi-comunicats","category-respir","category-xbm","tag-accio-sindical","tag-mesa-general-de-funcio-publica","tag-retallades","generate-columns","tablet-grid-50","mobile-grid-100","grid-parent","grid-50"],"_links":{"self":[{"href":"https:\/\/ccoo.app\/diputacio-de-barcelona\/wp-json\/wp\/v2\/posts\/50437","targetHints":{"allow":["GET"]}}],"collection":[{"href":"https:\/\/ccoo.app\/diputacio-de-barcelona\/wp-json\/wp\/v2\/posts"}],"about":[{"href":"https:\/\/ccoo.app\/diputacio-de-barcelona\/wp-json\/wp\/v2\/types\/post"}],"author":[{"embeddable":true,"href":"https:\/\/ccoo.app\/diputacio-de-barcelona\/wp-json\/wp\/v2\/users\/34224"}],"replies":[{"embeddable":true,"href":"https:\/\/ccoo.app\/diputacio-de-barcelona\/wp-json\/wp\/v2\/comments?post=50437"}],"version-history":[{"count":5,"href":"https:\/\/ccoo.app\/diputacio-de-barcelona\/wp-json\/wp\/v2\/posts\/50437\/revisions"}],"predecessor-version":[{"id":50576,"href":"https:\/\/ccoo.app\/diputacio-de-barcelona\/wp-json\/wp\/v2\/posts\/50437\/revisions\/50576"}],"wp:featuredmedia":[{"embeddable":true,"href":"https:\/\/ccoo.app\/diputacio-de-barcelona\/wp-json\/wp\/v2\/media\/49897"}],"wp:attachment":[{"href":"https:\/\/ccoo.app\/diputacio-de-barcelona\/wp-json\/wp\/v2\/media?parent=50437"}],"wp:term":[{"taxonomy":"category","embeddable":true,"href":"https:\/\/ccoo.app\/diputacio-de-barcelona\/wp-json\/wp\/v2\/categories?post=50437"},{"taxonomy":"post_tag","embeddable":true,"href":"https:\/\/ccoo.app\/diputacio-de-barcelona\/wp-json\/wp\/v2\/tags?post=50437"}],"curies":[{"name":"wp","href":"https:\/\/api.w.org\/{rel}","templated":true}]}}