{"id":50392,"date":"2022-05-25T10:22:00","date_gmt":"2022-05-25T08:22:00","guid":{"rendered":"https:\/\/ccoo.app\/diputacio-de-barcelona\/?p=50392"},"modified":"2023-10-17T14:05:17","modified_gmt":"2023-10-17T12:05:17","slug":"concentracio-defensa-els-teus-drets-26-maig-11-30h-escola-industrial","status":"publish","type":"post","link":"https:\/\/ccoo.app\/diputacio-de-barcelona\/concentracio-defensa-els-teus-drets-26-maig-11-30h-escola-industrial\/","title":{"rendered":"CONCENTRACI\u00d3. DEFENSA ELS TEUS DRETS. 26 MAIG, 11.30H. ESCOLA INDUSTRIAL"},"content":{"rendered":"\n<p><\/p>\n\n\n\n<p class=\"has-text-align-center has-medium-font-size\"><strong>-25 de maig de 2022-<\/strong><\/p>\n\n\n\n<p>Us recordem que dem\u00e0 <strong><span style=\"text-decoration: underline\" class=\"ek-underline\">dijous 26 de maig, a les 11.30h<\/span><\/strong>, ens concentrem davant del Ple de la DIBA (Paranimf Escola Industrial) per defensar els nostres drets ja que volen acabar amb tot. Us deixem la nota de premsa publicada per CCOO de Catalunya aix\u00ed com el comunicat realitzat pel Sector d\u2019Administraci\u00f3 Local de CCOO:<\/p>\n\n\n\n<p><a href=\"https:\/\/www.ccoo.cat\/noticies\/denunciem-lincompliment-dels-acords-a-la-diputacio-de-barcelona-que-quantifiquem-en-mes-de-30-milions-deuros-impagats\/\" class=\"ek-link\">https:\/\/www.ccoo.cat\/noticies\/denunciem-lincompliment-dels-acords-a-la-diputacio-de-barcelona-que-quantifiquem-en-mes-de-30-milions-deuros-impagats\/<\/a><br><a href=\"https:\/\/fsc-local.ccoo.cat\/ccoo-mobilitza-el-personal-diba\/\" class=\"ek-link\">https:\/\/fsc-local.ccoo.cat\/ccoo-mobilitza-el-personal-diba\/<\/a><\/p>\n\n\n\n<p class=\"has-text-align-center\"><strong><span style=\"text-decoration: underline\" class=\"ek-underline\">CONCENTRACI\u00d3<br>DAVANT DEL PARANIMF ESCOLA INDUSTRIAL<br>DIJOUS 26 MAIG, 11.30H<\/span><\/strong><\/p>\n\n\n\n<p><strong><span style=\"text-decoration: underline\" class=\"ek-underline\">ALTRES TEMES<\/span><\/strong><\/p>\n\n\n\n<p>\u27a4 <span style=\"text-decoration: underline\" class=\"ek-underline\">SIGNATURA CRITERIS GENERALS BASES ESTABILITZACI\u00d3 PERSONAL INTER\u00cd <\/span><br>El passat divendres vam signar els criteris generals que regiran les bases reguladores dels processos d\u2019estabilitzaci\u00f3 del personal inter\u00ed. Properament us farem arribar els detalls que recullen aquests criteris aix\u00ed com una valoraci\u00f3 general de la negociaci\u00f3.<\/p>\n\n\n\n<p>\u27a4 <span style=\"text-decoration: underline\" class=\"ek-underline\">UN ANY M\u00c9S TORNEM A TENIR PROBLEMES DE CLIMATITZACI\u00d3 A MUNDET <\/span><br>El personal del Pavell\u00f3 Nord de Mundet est\u00e0 patint, de nou, les conseq\u00fc\u00e8ncies dels problemes de climatitzaci\u00f3 en determinades unitats. Us recordem que les temperatures han d\u2019estar dins de les franges que marca la normativa d\u2019acord amb l\u2019activitat que es desenvolupa al Pavell\u00f3 Nord.<br>Des de fa diversos anys, <strong>des de CCOO hem exigit solucions a la manca d\u2019una climatitzaci\u00f3 adequada a determinades unitats del pavell\u00f3 Nord.<\/strong><br>Recordem que les mesures preventives per part de la DIBA han de ser les adients per solucionar aquest tema i que el nostre personal i els usuaris no pateixin aquesta manca de solucions al mateix problema any rere any.<br><strong>Recomanem a tot el personal que hagi de treballar per sobre de les temperatures que marca la normativa que s\u2019adreci al dispensari m\u00e8dic laboral per a ser atesos en cas de qualsevol alteraci\u00f3 de tipus m\u00e8dic<\/strong>. Exigim que davant problemes de salut derivats de treballar a temperatures i humitat elevada, es tiri endavant sense cap restricci\u00f3 Indisposicions, especialment tenint en compte el personal sensible (problemes respiratoris, de tensi\u00f3, oculars, dermatitis, etc\u2026.)<\/p>\n\n\n<div class=\"gb-grid-wrapper gb-grid-wrapper-b16e1bdb\">\n<div class=\"gb-grid-column gb-grid-column-c353bdd0\"><div class=\"gb-container gb-container-c353bdd0\"><div class=\"gb-inside-container\">\n\n<p><\/p>\n\n\n\n<p class=\"has-text-align-center\"><strong>El reglament sobre disposicions m\u00ednimes de seguretat i salut en els llocs de treball (RD 486\/1997) estableix els seg\u00fcents valors:<br>Temperatures:<br>De 17\u00baC a 27\u00baC per a treballs sedentaris<br>De 14\u00baC a 25\u00baC per a treballs lleugers<\/strong><\/p>\n\n<\/div><\/div><\/div>\n<\/div>\n\n\n<p><\/p>\n\n\n\n<p>\u27a4 <strong>PLUS PERILLOSITAT I DESPLA\u00c7AMENT LABORATORI MEDI AMBIENT<\/strong><br>Despr\u00e9s de diversos anys de demanda reiterada de la nostra secci\u00f3 sindical hem aconseguit, per fi, el <span style=\"text-decoration: underline\" class=\"ek-underline\"><strong>plus de perillositat per al col\u00b7lectiu de laboratori de medi ambient<\/strong><\/span> que s&#8217;abonar\u00e0 per 14 pagues. Alhora s&#8217;ha aconseguit, tamb\u00e9, el <span style=\"text-decoration: underline\" class=\"ek-underline\"><strong>plus de despla\u00e7ament per al col\u00b7lectiu de diagnosi i control ambiental<\/strong><\/span>.<\/p>\n\n\n\n<div class=\"wp-block-group\"><div class=\"wp-block-group__inner-container is-layout-constrained wp-block-group-is-layout-constrained\"><div class=\"gb-grid-wrapper gb-grid-wrapper-d65739e2\">\n<div class=\"gb-grid-column gb-grid-column-ecc8725d\"><div class=\"gb-container gb-container-ecc8725d\"><div class=\"gb-inside-container\">\n<div class=\"wp-block-image\">\n<figure class=\"aligncenter size-full\"><img loading=\"lazy\" decoding=\"async\" width=\"129\" height=\"38\" src=\"https:\/\/ccoo.app\/diputacio-de-barcelona\/wp-content\/blogs.dir\/6\/files\/sites\/186\/2022\/03\/tel.png\" alt=\"Tel\" class=\"wp-image-49915\" \/><\/figure>\n<\/div>\n<\/div><\/div><\/div>\n\n<div class=\"gb-grid-column gb-grid-column-4c28778f\"><div class=\"gb-container gb-container-4c28778f\"><div class=\"gb-inside-container\">\n<div class=\"wp-block-image\">\n<figure class=\"aligncenter size-full\"><img loading=\"lazy\" decoding=\"async\" width=\"51\" height=\"37\" src=\"https:\/\/ccoo.app\/diputacio-de-barcelona\/wp-content\/blogs.dir\/6\/files\/sites\/186\/2022\/03\/mail.png\" alt=\"Mail\" class=\"wp-image-49916\" \/><\/figure>\n<\/div>\n<\/div><\/div><\/div>\n\n<div class=\"gb-grid-column gb-grid-column-c6cc0957\"><div class=\"gb-container gb-container-c6cc0957\"><div class=\"gb-inside-container\">\n<div class=\"wp-block-image\">\n<figure class=\"aligncenter size-full\"><a href=\"https:\/\/twitter.com\/ccoodiba\"><img loading=\"lazy\" decoding=\"async\" width=\"44\" height=\"38\" src=\"https:\/\/ccoo.app\/diputacio-de-barcelona\/wp-content\/blogs.dir\/6\/files\/sites\/186\/2022\/03\/tw.png\" alt=\"Tw\" class=\"wp-image-49917\" \/><\/a><\/figure>\n<\/div>\n<\/div><\/div><\/div>\n\n<div class=\"gb-grid-column gb-grid-column-1598237d\"><div class=\"gb-container gb-container-1598237d\"><div class=\"gb-inside-container\">\n<div class=\"wp-block-image\">\n<figure class=\"aligncenter size-full\"><a href=\"https:\/\/www.instagram.com\/ccoo_diba\/\"><img loading=\"lazy\" decoding=\"async\" width=\"45\" height=\"44\" src=\"https:\/\/ccoo.app\/diputacio-de-barcelona\/wp-content\/blogs.dir\/6\/files\/sites\/186\/2022\/03\/ig.png\" alt=\"Ig\" class=\"wp-image-49918\" \/><\/a><\/figure>\n<\/div>\n<\/div><\/div><\/div>\n\n<div class=\"gb-grid-column gb-grid-column-2db731fe\"><div class=\"gb-container gb-container-2db731fe\"><div class=\"gb-inside-container\">\n<div class=\"wp-block-image\">\n<figure class=\"aligncenter size-full\"><a href=\"https:\/\/ccoo.app\/diputacio-de-barcelona\"><img loading=\"lazy\" decoding=\"async\" width=\"39\" height=\"40\" src=\"https:\/\/ccoo.app\/diputacio-de-barcelona\/wp-content\/blogs.dir\/6\/files\/sites\/186\/2022\/03\/www.png\" alt=\"Www\" class=\"wp-image-49919\" \/><\/a><\/figure>\n<\/div>\n<\/div><\/div><\/div>\n\n<div class=\"gb-grid-column gb-grid-column-f3651540\"><div class=\"gb-container gb-container-f3651540\"><div class=\"gb-inside-container\">\n<div class=\"wp-block-image\">\n<figure class=\"aligncenter size-full is-resized\"><a href=\"https:\/\/www.ccoo.cat\/afiliat\/?_sfm_aff_situation=94\"><img loading=\"lazy\" decoding=\"async\" src=\"https:\/\/ccoo.app\/diputacio-de-barcelona\/wp-content\/blogs.dir\/6\/files\/sites\/186\/2022\/03\/af.png\" alt=\"Af\" class=\"wp-image-49920\" width=\"125\" height=\"38\" \/><\/a><\/figure>\n<\/div>\n<\/div><\/div><\/div>\n<\/div><\/div><\/div>\n\n\n\n<p><\/p>\n\n\n\n<p><\/p>\n","protected":false},"excerpt":{"rendered":"<p>-25 de maig de 2022- Us recordem que dem\u00e0 dijous 26 de maig, a les 11.30h, ens concentrem davant del Ple de la DIBA (Paranimf Escola Industrial) per defensar els &#8230; <\/p>\n<p class=\"read-more-container\"><a title=\"CONCENTRACI\u00d3. DEFENSA ELS TEUS DRETS. 26 MAIG, 11.30H. ESCOLA INDUSTRIAL\" class=\"read-more button\" href=\"https:\/\/ccoo.app\/diputacio-de-barcelona\/concentracio-defensa-els-teus-drets-26-maig-11-30h-escola-industrial\/#more-50392\" aria-label=\"Leer m\u00e1s sobre CONCENTRACI\u00d3. DEFENSA ELS TEUS DRETS. 26 MAIG, 11.30H. ESCOLA INDUSTRIAL\">Continuar llegint<\/a><\/p>\n","protected":false},"author":34224,"featured_media":49897,"comment_status":"closed","ping_status":"closed","sticky":false,"template":"","format":"standard","meta":{"footnotes":""},"categories":[38,14,18,19,31],"tags":[53,85,110,138,212,213],"class_list":["post-50392","post","type-post","status-publish","format-standard","has-post-thumbnail","hentry","category-a-tot-el-personal","category-afiliacio-ccoo-diba","category-ccoo-info","category-comunicats","category-personal-interi-comunicats","tag-accio-sindical","tag-concentracio-2","tag-estabilitzacio","tag-manifestacio-2","tag-salut","tag-salut-laboral","generate-columns","tablet-grid-50","mobile-grid-100","grid-parent","grid-50"],"_links":{"self":[{"href":"https:\/\/ccoo.app\/diputacio-de-barcelona\/wp-json\/wp\/v2\/posts\/50392","targetHints":{"allow":["GET"]}}],"collection":[{"href":"https:\/\/ccoo.app\/diputacio-de-barcelona\/wp-json\/wp\/v2\/posts"}],"about":[{"href":"https:\/\/ccoo.app\/diputacio-de-barcelona\/wp-json\/wp\/v2\/types\/post"}],"author":[{"embeddable":true,"href":"https:\/\/ccoo.app\/diputacio-de-barcelona\/wp-json\/wp\/v2\/users\/34224"}],"replies":[{"embeddable":true,"href":"https:\/\/ccoo.app\/diputacio-de-barcelona\/wp-json\/wp\/v2\/comments?post=50392"}],"version-history":[{"count":4,"href":"https:\/\/ccoo.app\/diputacio-de-barcelona\/wp-json\/wp\/v2\/posts\/50392\/revisions"}],"predecessor-version":[{"id":50585,"href":"https:\/\/ccoo.app\/diputacio-de-barcelona\/wp-json\/wp\/v2\/posts\/50392\/revisions\/50585"}],"wp:featuredmedia":[{"embeddable":true,"href":"https:\/\/ccoo.app\/diputacio-de-barcelona\/wp-json\/wp\/v2\/media\/49897"}],"wp:attachment":[{"href":"https:\/\/ccoo.app\/diputacio-de-barcelona\/wp-json\/wp\/v2\/media?parent=50392"}],"wp:term":[{"taxonomy":"category","embeddable":true,"href":"https:\/\/ccoo.app\/diputacio-de-barcelona\/wp-json\/wp\/v2\/categories?post=50392"},{"taxonomy":"post_tag","embeddable":true,"href":"https:\/\/ccoo.app\/diputacio-de-barcelona\/wp-json\/wp\/v2\/tags?post=50392"}],"curies":[{"name":"wp","href":"https:\/\/api.w.org\/{rel}","templated":true}]}}