{"id":5037,"date":"2020-03-13T17:34:23","date_gmt":"2020-03-13T16:34:23","guid":{"rendered":"https:\/\/diba.ccoo.cat\/?p=5037"},"modified":"2023-02-22T18:56:50","modified_gmt":"2023-02-22T17:56:50","slug":"resolucio-slt-720-2020","status":"publish","type":"post","link":"https:\/\/ccoo.app\/diputacio-de-barcelona\/resolucio-slt-720-2020\/","title":{"rendered":"3\/COVID-19. IMPORTANT: RESOLUCI\u00d3 SLT\/720\/2020 DEL DEPARTAMENT DE SALUT"},"content":{"rendered":"<p class=\"wp-caption-text\"><img loading=\"lazy\" decoding=\"async\" class=\"alignnone wp-image-1853\" src=\"http:\/\/ccoo.app\/diputacio-de-barcelona\/wp-content\/blogs.dir\/6\/files\/sites\/186\/2018\/01\/logoccoov18.jpg\" alt=\"\" width=\"137\" height=\"63\" \/>\u00a0 <a href=\"http:\/\/ccoo.app\/diputacio-de-barcelona\/wp-content\/blogs.dir\/6\/files\/sites\/186\/2020\/03\/resolucio-slt-720-2020-13-de-marc-de-la-generalitat.pdf\"><img loading=\"lazy\" decoding=\"async\" class=\"alignnone  wp-image-5366\" src=\"http:\/\/ccoo.app\/diputacio-de-barcelona\/wp-content\/blogs.dir\/6\/files\/sites\/186\/2020\/04\/documentacio-adjunta-300x296.png\" alt=\"\" width=\"142\" height=\"140\" srcset=\"https:\/\/ccoo.app\/diputacio-de-barcelona\/wp-content\/blogs.dir\/6\/files\/sites\/186\/2020\/04\/documentacio-adjunta-300x296.png 300w, https:\/\/ccoo.app\/diputacio-de-barcelona\/wp-content\/blogs.dir\/6\/files\/sites\/186\/2020\/04\/documentacio-adjunta.png 667w\" sizes=\"auto, (max-width: 142px) 100vw, 142px\" \/><\/a><\/p>\n<p style=\"text-align: center\"><span style=\"font-family: 'arial black', sans-serif;font-size: 20px;color: #0000ff\"><strong>IMPORTANT: RESOLUCI\u00d3 SLT\/720\/2020 DEL DEPARTAMENT DE SALUT\u00a0<\/strong><\/span><\/p>\n<p style=\"text-align: center\"><span style=\"font-family: arial, helvetica, sans-serif;font-size: 12pt;color: #000000\">-13 DE MAR\u00c7 2020-<\/span><\/p>\n<p>&nbsp;<\/p>\n<p style=\"text-align: justify\"><span style=\"font-family: arial, helvetica, sans-serif;color: #000000\">El DEPARTAMENT DE SALUT ha publicat RESOLUCI\u00d3 SLT\/720\/2020, de 13 de mar\u00e7, per la qual s&#8217;adopten noves mesures addicionals per a la prevenci\u00f3 i el control de la infecci\u00f3 pel SARS-CoV-2.<\/span><\/p>\n<p style=\"text-align: justify\"><span style=\"color: #000000\"><strong><span style=\"font-family: arial, helvetica, sans-serif\">Al punt 1m) es diu: <\/span><\/strong><\/span><\/p>\n<p style=\"text-align: justify\"><span style=\"color: #000000\"><em><span style=\"font-family: arial, helvetica, sans-serif\">\u00abLa limitaci\u00f3 de la prestaci\u00f3 dels serveis p\u00fablics a aquells estrictament necessaris per garantir el correcte <\/span><\/em><em><span style=\"font-family: arial, helvetica, sans-serif\">funcionament dels serveis b\u00e0sics o estrat\u00e8gics. A aquests efectes, <strong>es restringeix la mobilitat del personal al <\/strong><\/span><\/em><em><span style=\"font-family: arial, helvetica, sans-serif\"><strong>servei de l&#8217;Administraci\u00f3 de la Generalitat<\/strong> i de les entitats del seu sector p\u00fablic institucional, sens perjudici <\/span><\/em><em><span style=\"font-family: arial, helvetica, sans-serif\">d&#8217;aquella que es consideri indispensable per al manteniment dels serveis publics abans esmentats\u00bb.<\/span><\/em><\/span><\/p>\n<p><strong><span style=\"color: #0000ff\"><a style=\"color: #0000ff\" href=\"http:\/\/ccoo.app\/diputacio-de-barcelona\/wp-content\/blogs.dir\/6\/files\/sites\/186\/2020\/03\/resolucio-slt-720-2020-13-de-marc-de-la-generalitat.pdf\">RESOLUCI\u00d3 SLT 720 2020 13 de mar\u00e7 de la GENERALITAT<\/a><\/span><\/strong><\/p>\n<p style=\"text-align: justify\"><span style=\"font-family: arial, helvetica, sans-serif;color: #000000\"><span class=\"css-901oao css-16my406 r-1qd0xha r-ad9z0x r-bcqeeo r-qvutc0\">Seguint la resoluci\u00f3 del Departament de Treball, la Diputaci\u00f3 de Barcelona s&#8217;ha mostrat favorable d&#8217;aplicar la mateixa mesura per a tot el seu personal.<\/span><\/span><\/p>\n<p style=\"text-align: justify\"><span style=\"font-family: arial, helvetica, sans-serif;color: #000000\">Per tant, es tractaria <strong><u>de no haver d\u2019anar al nostre centre de treball<\/u><\/strong> amb un perm\u00eds retribu\u00eft fins que no haguem superat aquesta greu crisi sanit\u00e0ria.<\/span><\/p>\n<p style=\"text-align: justify\"><span style=\"font-family: arial, helvetica, sans-serif;color: #000000\"><b>Seguim pendents que ens envi\u00efn notificaci\u00f3<\/b>.<\/span><\/p>\n<p>&nbsp;<\/p>\n<p style=\"text-align: justify\"><span style=\"font-family: arial, helvetica, sans-serif;color: #000000\"><span style=\"background-color: #ffff00\"><strong><u>ABSOLUTAMENT IMPORTANT<\/u><\/strong><\/span> que tothom es mantingui <strong><u>pendent de qualsevol nova informaci\u00f3<\/u><\/strong> que ens pugui arribar des de la Diputaci\u00f3 via mailing o intradiba (<strong>cliqueu<\/strong> sobre la imatge).<\/span><\/p>\n<p><a href=\"https:\/\/intradiba.diba.cat\/web\/coronavirus\"><img loading=\"lazy\" decoding=\"async\" class=\"size-full wp-image-5008 aligncenter\" src=\"http:\/\/ccoo.app\/diputacio-de-barcelona\/wp-content\/blogs.dir\/6\/files\/sites\/186\/2020\/03\/coronavirus-intradiba.png\" alt=\"\" width=\"288\" height=\"113\" \/><\/a><\/p>\n<p>&nbsp;<\/p>\n<p style=\"text-align: justify\"><span style=\"font-family: arial, helvetica, sans-serif;color: #000000\"><strong>DAVANT QUALSEVOL DUBTE O INCID\u00c8NCIA<\/strong><\/span><\/p>\n<ul style=\"text-align: justify\">\n<li><span style=\"font-family: arial, helvetica, sans-serif;color: #000000\">Podeu posar-vos en contacte amb l\u2019Oficina de Prevenci\u00f3 de la Diputaci\u00f3 (<a style=\"color: #000000\" href=\"mailto:oprl.vigilanciasalut@diba.cat\">vigilanciasalut@diba.cat<\/a>)<\/span><\/li>\n<li><span style=\"font-family: arial, helvetica, sans-serif;color: #000000\">Podeu posar-vos en contacte amb els i les delegades de prevenci\u00f3 (<a href=\"https:\/\/intradiba.diba.cat\/web\/prevencio-de-riscos-laborals\/delegats-de-prevencio\"><span style=\"font-family: 'arial black', sans-serif;color: #0000ff\">cliqueu aqu\u00ed<\/span><\/a>).<\/span><\/li>\n<\/ul>\n<p>&nbsp;<\/p>\n<p style=\"text-align: center\"><span style=\"text-decoration: underline;color: #000000\"><span style=\"font-size: 20px\"><strong><span style=\"font-family: arial, helvetica, sans-serif\">Cal que tothom es prengui seriosament les mesures individuals recomanades<\/span><\/strong><\/span><\/span><\/p>\n<ul style=\"text-align: justify\">\n<li><span style=\"font-family: arial, helvetica, sans-serif;color: #000000\">Cal tapar-se la boca i el nas amb mocadors d\u2019un sol \u00fas o amb la cara interna del colze en el moment de tossir o esternudar i rentar-se les mans de seguida.<\/span><\/li>\n<li><span style=\"font-family: arial, helvetica, sans-serif;color: #000000\">\u00c9s essencial refor\u00e7ar les mesures habituals d\u2019higiene, rentar-se freq\u00fcentment les mans amb sab\u00f3 especialment despr\u00e9s del contacte directe amb persones.<\/span><\/li>\n<li><span style=\"font-family: arial, helvetica, sans-serif;color: #000000\">Es recomana evitar el contacte estret i mantenir distanciaci\u00f3 social amb persones que mostrin signes d\u2019afecci\u00f3 respirat\u00f2ria, com ara tos o esternuts.<\/span><\/li>\n<\/ul>\n<p style=\"text-align: justify\"><span style=\"font-family: arial, helvetica, sans-serif\"><span style=\"color: #000000\">V\u00eddeo explicatiu sobre com i quan rentar-se les mans<\/span> <strong><span style=\"color: #0000ff\">(<a style=\"color: #0000ff\" href=\"http:\/\/canalsalut.gencat.cat\/ca\/vida-saludable\/habits_dhigiene\/rentarse_les_mans\/\">Cliqueu sobre la seg\u00fcents imatges<\/a>):<\/span><\/strong><\/span><\/p>\n<p><a href=\"http:\/\/canalsalut.gencat.cat\/ca\/vida-saludable\/habits_dhigiene\/rentarse_les_mans\/\"><img loading=\"lazy\" decoding=\"async\" class=\" wp-image-5009 aligncenter\" src=\"http:\/\/ccoo.app\/diputacio-de-barcelona\/wp-content\/blogs.dir\/6\/files\/sites\/186\/2020\/03\/coronavirus-mans-2-300x168.png\" alt=\"\" width=\"250\" height=\"140\" srcset=\"https:\/\/ccoo.app\/diputacio-de-barcelona\/wp-content\/blogs.dir\/6\/files\/sites\/186\/2020\/03\/coronavirus-mans-2-300x168.png 300w, https:\/\/ccoo.app\/diputacio-de-barcelona\/wp-content\/blogs.dir\/6\/files\/sites\/186\/2020\/03\/coronavirus-mans-2.png 746w\" sizes=\"auto, (max-width: 250px) 100vw, 250px\" \/><\/a><\/p>\n<p>&nbsp;<\/p>\n<p><a href=\"http:\/\/ccoo.app\/diputacio-de-barcelona\/wp-content\/blogs.dir\/6\/files\/sites\/186\/2020\/03\/mesures-proteccio-coronavirus.jpg\"><img loading=\"lazy\" decoding=\"async\" class=\" wp-image-5029 aligncenter\" src=\"http:\/\/ccoo.app\/diputacio-de-barcelona\/wp-content\/blogs.dir\/6\/files\/sites\/186\/2020\/03\/mesures-proteccio-coronavirus-212x300.jpg\" alt=\"\" width=\"308\" height=\"436\" srcset=\"https:\/\/ccoo.app\/diputacio-de-barcelona\/wp-content\/blogs.dir\/6\/files\/sites\/186\/2020\/03\/mesures-proteccio-coronavirus-212x300.jpg 212w, https:\/\/ccoo.app\/diputacio-de-barcelona\/wp-content\/blogs.dir\/6\/files\/sites\/186\/2020\/03\/mesures-proteccio-coronavirus-725x1024.jpg 725w, https:\/\/ccoo.app\/diputacio-de-barcelona\/wp-content\/blogs.dir\/6\/files\/sites\/186\/2020\/03\/mesures-proteccio-coronavirus-768x1085.jpg 768w, https:\/\/ccoo.app\/diputacio-de-barcelona\/wp-content\/blogs.dir\/6\/files\/sites\/186\/2020\/03\/mesures-proteccio-coronavirus-1087x1536.jpg 1087w, https:\/\/ccoo.app\/diputacio-de-barcelona\/wp-content\/blogs.dir\/6\/files\/sites\/186\/2020\/03\/mesures-proteccio-coronavirus.jpg 1123w\" sizes=\"auto, (max-width: 308px) 100vw, 308px\" \/><\/a><\/p>\n<p>&nbsp;<\/p>\n<p>&nbsp;<\/p>\n<p style=\"text-align: center\"><span style=\"font-family: 'arial black', sans-serif;color: #000000\"><strong>Atenci\u00f3 SINDICAL CCOO DIBA:<\/strong><\/span><\/p>\n<p>https:\/\/diba.ccoo.cat\/informacio-pel-personal-de-diputacio\/<\/p>\n<p style=\"text-align: center\">\n<p>&nbsp;<\/p>\n<p>&nbsp;<\/p>\n<p><a href=\"https:\/\/diba.ccoo.cat\/ccoo-torna-a-ser-primer-sindicat-a-catalunya\/\"><img loading=\"lazy\" decoding=\"async\" class=\"size-medium wp-image-4877 aligncenter\" src=\"http:\/\/ccoo.app\/diputacio-de-barcelona\/wp-content\/blogs.dir\/6\/files\/sites\/186\/2020\/01\/ccoo-primer-sindicat-catalunya-300x117.jpg\" alt=\"\" width=\"300\" height=\"117\" srcset=\"https:\/\/ccoo.app\/diputacio-de-barcelona\/wp-content\/blogs.dir\/6\/files\/sites\/186\/2020\/01\/ccoo-primer-sindicat-catalunya-300x117.jpg 300w, https:\/\/ccoo.app\/diputacio-de-barcelona\/wp-content\/blogs.dir\/6\/files\/sites\/186\/2020\/01\/ccoo-primer-sindicat-catalunya.jpg 490w\" sizes=\"auto, (max-width: 300px) 100vw, 300px\" \/><\/a><\/p>\n<p><a href=\"https:\/\/www.ccoo.es\/noticia:391405\"><img loading=\"lazy\" decoding=\"async\" class=\"size-medium wp-image-4878 aligncenter\" src=\"http:\/\/ccoo.app\/diputacio-de-barcelona\/wp-content\/blogs.dir\/6\/files\/sites\/186\/2020\/01\/ccoo-primer-sindicat-a-espana-300x91.jpg\" alt=\"\" width=\"300\" height=\"91\" srcset=\"https:\/\/ccoo.app\/diputacio-de-barcelona\/wp-content\/blogs.dir\/6\/files\/sites\/186\/2020\/01\/ccoo-primer-sindicat-a-espana-300x91.jpg 300w, https:\/\/ccoo.app\/diputacio-de-barcelona\/wp-content\/blogs.dir\/6\/files\/sites\/186\/2020\/01\/ccoo-primer-sindicat-a-espana.jpg 477w\" sizes=\"auto, (max-width: 300px) 100vw, 300px\" \/><\/a><\/p>\n<p><a href=\"https:\/\/www.ccoo.cat\/noticia\/224842\/ccoo-lliura-els-seus-comptes-auditats-del-2018-a-la-sindicatura-de-comptes-de-catalunya#.XjRZA-mWycz\"><img loading=\"lazy\" decoding=\"async\" class=\"size-medium wp-image-4879 aligncenter\" src=\"http:\/\/ccoo.app\/diputacio-de-barcelona\/wp-content\/blogs.dir\/6\/files\/sites\/186\/2020\/01\/ccoo-primer-sindicat-sindicatura-300x95.jpg\" alt=\"\" width=\"300\" height=\"95\" srcset=\"https:\/\/ccoo.app\/diputacio-de-barcelona\/wp-content\/blogs.dir\/6\/files\/sites\/186\/2020\/01\/ccoo-primer-sindicat-sindicatura-300x95.jpg 300w, https:\/\/ccoo.app\/diputacio-de-barcelona\/wp-content\/blogs.dir\/6\/files\/sites\/186\/2020\/01\/ccoo-primer-sindicat-sindicatura.jpg 476w\" sizes=\"auto, (max-width: 300px) 100vw, 300px\" \/><\/a><\/p>\n<p>&nbsp;<\/p>\n<p>&nbsp;<\/p>\n<p>&nbsp;<\/p>\n<p>&nbsp;<\/p>\n<p>&nbsp;<\/p>\n<p>&nbsp;<\/p>\n<p>&nbsp;<\/p>\n<p>&nbsp;<\/p>\n<p>&nbsp;<\/p>\n<p>&nbsp;<\/p>\n<p>&nbsp;<\/p>\n<p>&nbsp;<\/p>\n<p>&nbsp;<\/p>\n<p>&nbsp;<\/p>\n<p>&nbsp;<\/p>\n<p>&nbsp;<\/p>\n<p>&nbsp;<\/p>\n<p>&nbsp;    \t<\/p>\n","protected":false},"excerpt":{"rendered":"<p>\u00a0 IMPORTANT: RESOLUCI\u00d3 SLT\/720\/2020 DEL DEPARTAMENT DE SALUT\u00a0 -13 DE MAR\u00c7 2020- &nbsp; El DEPARTAMENT DE SALUT ha publicat RESOLUCI\u00d3 SLT\/720\/2020, de 13 de mar\u00e7, per la qual s&#8217;adopten noves &#8230; <\/p>\n<p class=\"read-more-container\"><a title=\"3\/COVID-19. IMPORTANT: RESOLUCI\u00d3 SLT\/720\/2020 DEL DEPARTAMENT DE SALUT\" class=\"read-more button\" href=\"https:\/\/ccoo.app\/diputacio-de-barcelona\/resolucio-slt-720-2020\/#more-5037\" aria-label=\"Leer m\u00e1s sobre 3\/COVID-19. IMPORTANT: RESOLUCI\u00d3 SLT\/720\/2020 DEL DEPARTAMENT DE SALUT\">Continuar llegint<\/a><\/p>\n","protected":false},"author":4519,"featured_media":2965,"comment_status":"open","ping_status":"open","sticky":false,"template":"","format":"standard","meta":{"footnotes":""},"categories":[38,18,19,23],"tags":[89,197,212],"class_list":["post-5037","post","type-post","status-publish","format-standard","has-post-thumbnail","hentry","category-a-tot-el-personal","category-ccoo-info","category-comunicats","category-informacio-general","tag-coronavirus","tag-proteccio","tag-salut","generate-columns","tablet-grid-50","mobile-grid-100","grid-parent","grid-50"],"_links":{"self":[{"href":"https:\/\/ccoo.app\/diputacio-de-barcelona\/wp-json\/wp\/v2\/posts\/5037","targetHints":{"allow":["GET"]}}],"collection":[{"href":"https:\/\/ccoo.app\/diputacio-de-barcelona\/wp-json\/wp\/v2\/posts"}],"about":[{"href":"https:\/\/ccoo.app\/diputacio-de-barcelona\/wp-json\/wp\/v2\/types\/post"}],"author":[{"embeddable":true,"href":"https:\/\/ccoo.app\/diputacio-de-barcelona\/wp-json\/wp\/v2\/users\/4519"}],"replies":[{"embeddable":true,"href":"https:\/\/ccoo.app\/diputacio-de-barcelona\/wp-json\/wp\/v2\/comments?post=5037"}],"version-history":[{"count":1,"href":"https:\/\/ccoo.app\/diputacio-de-barcelona\/wp-json\/wp\/v2\/posts\/5037\/revisions"}],"predecessor-version":[{"id":51888,"href":"https:\/\/ccoo.app\/diputacio-de-barcelona\/wp-json\/wp\/v2\/posts\/5037\/revisions\/51888"}],"wp:featuredmedia":[{"embeddable":true,"href":"https:\/\/ccoo.app\/diputacio-de-barcelona\/wp-json\/wp\/v2\/media\/2965"}],"wp:attachment":[{"href":"https:\/\/ccoo.app\/diputacio-de-barcelona\/wp-json\/wp\/v2\/media?parent=5037"}],"wp:term":[{"taxonomy":"category","embeddable":true,"href":"https:\/\/ccoo.app\/diputacio-de-barcelona\/wp-json\/wp\/v2\/categories?post=5037"},{"taxonomy":"post_tag","embeddable":true,"href":"https:\/\/ccoo.app\/diputacio-de-barcelona\/wp-json\/wp\/v2\/tags?post=5037"}],"curies":[{"name":"wp","href":"https:\/\/api.w.org\/{rel}","templated":true}]}}