{"id":50110,"date":"2018-11-19T09:58:22","date_gmt":"2018-11-19T08:58:22","guid":{"rendered":"https:\/\/diba.ccoo.cat\/?p=2806"},"modified":"2023-02-22T19:09:14","modified_gmt":"2023-02-22T18:09:14","slug":"sha-dacceptar-la-nova-proposta-millora-social-per-edat","status":"publish","type":"post","link":"https:\/\/ccoo.app\/diputacio-de-barcelona\/sha-dacceptar-la-nova-proposta-millora-social-per-edat\/","title":{"rendered":"IMPAGAMENTS PREMIS PER ANYS DE SERVEI: S&#8217;HA D&#8217;ACCEPTAR LA NOVA PROPOSTA \u00abMILLORA SOCIAL PER EDAT\u00bb ?"},"content":{"rendered":"<p class=\"wp-caption-text\"><img loading=\"lazy\" decoding=\"async\" class=\"alignnone wp-image-1853\" src=\"http:\/\/ccoo.app\/diputacio-de-barcelona\/wp-content\/blogs.dir\/6\/files\/sites\/186\/2018\/01\/logoccoov18.jpg\" alt=\"\" width=\"137\" height=\"63\" \/>\u00a0 \u00a0 \u00a0 \u00a0 \u00a0 \u00a0 \u00a0 \u00a0 \u00a0 \u00a0 \u00a0 \u00a0 \u00a0 \u00a0 \u00a0 \u00a0<a href=\"http:\/\/ccoo.app\/diputacio-de-barcelona\/wp-content\/blogs.dir\/6\/files\/sites\/186\/2018\/11\/comunicat-premis-novembre-2018-1.pdf\"><img loading=\"lazy\" decoding=\"async\" class=\"alignnone wp-image-2113\" src=\"http:\/\/ccoo.app\/diputacio-de-barcelona\/wp-content\/blogs.dir\/6\/files\/sites\/186\/2018\/04\/22-300x172.png\" alt=\"\" width=\"134\" height=\"77\" srcset=\"https:\/\/ccoo.app\/diputacio-de-barcelona\/wp-content\/blogs.dir\/6\/files\/sites\/186\/2018\/04\/22-300x172.png 300w, https:\/\/ccoo.app\/diputacio-de-barcelona\/wp-content\/blogs.dir\/6\/files\/sites\/186\/2018\/04\/22.png 327w\" sizes=\"auto, (max-width: 134px) 100vw, 134px\" \/><\/a><\/p>\n<p class=\"wp-caption-text\" style=\"text-align: left\"><span style=\"font-family: 'arial black', sans-serif;font-size: 18pt;color: #ff0000\">IMPAGAMENTS PREMIS PER ANYS DE SERVEI: S&#8217;HA D&#8217;ACCEPTAR LA NOVA PROPOSTA \u00abMILLORA SOCIAL PER EDAT\u00bb ?<\/span><\/p>\n<p class=\"wp-caption-text\"><span style=\"font-family: 'arial black', sans-serif;color: #0000ff;font-size: 14pt\"><strong>NOVEMBRE 2018<\/strong><\/span><\/p>\n<p><span style=\"font-family: 'arial black', sans-serif;color: #0000ff;font-size: 14pt\">PROPOSTA <span style=\"text-decoration: underline\">DEFINITIVA<\/span> DE \u201cMILLORA SOCIAL PER EDAT\u201d.<\/span><\/p>\n<p><span style=\"font-family: arial, helvetica, sans-serif;color: #000000\">Tal com ja us vam explicar en anteriorment <span style=\"color: #0000ff\"><strong><a href=\"https:\/\/diba.ccoo.cat\/premis-per-anys-de-servei-situacio-actual-de-la-negociacio-octubre-2018\/\">(CLIQUEU PER LLEGIR INFORMACI\u00d3<\/a>)<\/strong><\/span>, l\u2019\u00fanica manera de no perdre la partida pressupostaria d&#8217;1.160.850 \u20ac era negociar dins dels marges dels \u201cFons d\u2019Acci\u00f3 Social\u201d i per tant mantenir-lo dins de l&#8217;apartat \u00abMillores socials\u00bb.<img loading=\"lazy\" decoding=\"async\" class=\"size-medium wp-image-2613 alignright\" src=\"http:\/\/ccoo.app\/diputacio-de-barcelona\/wp-content\/blogs.dir\/6\/files\/sites\/186\/2018\/10\/uuuuuuuuuuuuuuuuuuuuuui-256x300.png\" alt=\"\" width=\"256\" height=\"300\" srcset=\"https:\/\/ccoo.app\/diputacio-de-barcelona\/wp-content\/blogs.dir\/6\/files\/sites\/186\/2018\/10\/uuuuuuuuuuuuuuuuuuuuuui-256x300.png 256w, https:\/\/ccoo.app\/diputacio-de-barcelona\/wp-content\/blogs.dir\/6\/files\/sites\/186\/2018\/10\/uuuuuuuuuuuuuuuuuuuuuui.png 580w\" sizes=\"auto, (max-width: 256px) 100vw, 256px\" \/><\/span><\/p>\n<p><span style=\"font-family: arial, helvetica, sans-serif;color: #000000\">Aix\u00ed la proposta de la Diputaci\u00f3 va ser que la\u00a0<em>Despesa cultural, sanit\u00e0ria, esportiva\u201d<\/em>\u00a0(710.000\u20ac) i la dels \u201c<em>Premis per anys de Servei\u201d (1<\/em><em>.160.850\u20ac)<\/em>\u00a0fossin una \u00fanica partida (com podeu veure en el requadre adjunt &#8211; <a href=\"http:\/\/ccoo.app\/diputacio-de-barcelona\/wp-content\/blogs.dir\/6\/files\/sites\/186\/2018\/10\/millores-3.pdf\"><strong><span style=\"color: #0000ff\">CLIQUEU PER AMPLIAR<\/span><\/strong><\/a>).<\/span><\/p>\n<p><span style=\"font-family: arial, helvetica, sans-serif;color: #000000\">Ara b\u00e9, CCOO va fer una proposta en el sentit que el 1.160.850\u20ac pogu\u00e9s beneficiar el m\u00e0xim possible als afectats\/des dels impagaments. En altres paraules, que el que s\u2019acord\u00e9s s\u2019ajustara al m\u00e0xim al deute envers la gent que ho ha meritat en concepte de premi per anys de serveis.<\/span><\/p>\n<p><span style=\"font-family: arial, helvetica, sans-serif;color: #000000\">Una vegada treballada i negociada la proposta de CCOO, tenim una proposta DEFINITIVA anomenada \u201c<em>Millores socials per edat<\/em>\u201d que consistiria de manera resumida en aix\u00f2:<\/span><\/p>\n<p><a href=\"https:\/\/diba.ccoo.cat\/wp-content\/uploads\/sites\/37\/2018\/10\/COMUNICAT-SITUACI%C3%93-ACTUAL-PREMIS.pdf\"><img loading=\"lazy\" decoding=\"async\" class=\"wp-image-2614 aligncenter\" src=\"http:\/\/ccoo.app\/diputacio-de-barcelona\/wp-content\/blogs.dir\/6\/files\/sites\/186\/2018\/10\/uuuuuuuuuuuuuuuuuul-300x50.png\" alt=\"\" width=\"606\" height=\"101\" srcset=\"https:\/\/ccoo.app\/diputacio-de-barcelona\/wp-content\/blogs.dir\/6\/files\/sites\/186\/2018\/10\/uuuuuuuuuuuuuuuuuul-300x50.png 300w, https:\/\/ccoo.app\/diputacio-de-barcelona\/wp-content\/blogs.dir\/6\/files\/sites\/186\/2018\/10\/uuuuuuuuuuuuuuuuuul.png 624w\" sizes=\"auto, (max-width: 606px) 100vw, 606px\" \/><\/a><\/p>\n<p><span style=\"font-family: arial, helvetica, sans-serif;color: #000000\">A m\u00e9s dels 150 \u20ac que tothom percep per les \u201cMillores Socials\u201d cada any, el personal a partir dels 50 anys podr\u00e0 tenir acc\u00e9s a una partida addicional que podeu veure a la taula anterior (tamb\u00e9 hi tindr\u00e0 dret el personal inter\u00ed).<\/span><\/p>\n<p><span style=\"font-family: arial, helvetica, sans-serif;color: #000000\">Els requisits per cobrar aquestes quanties d\u2019acord amb la nostra edat ser\u00e0 no haver percebut abans el premi que hipot\u00e8ticament es correspondria amb la franja d\u2019edat (fixeu-vos en la \u00abequival\u00e8ncia\u00bb de la taula anterior).<\/span><\/p>\n<p><span style=\"font-family: arial, helvetica, sans-serif;color: #000000\">Posem alguns exemples:<\/span><\/p>\n<ul>\n<li><strong><span style=\"font-family: arial, helvetica, sans-serif;color: #000000\">Tinc 53 anys i ja vaig cobrar la paga dels 25 anys.<\/span><\/strong><\/li>\n<\/ul>\n<p><span style=\"font-family: arial, helvetica, sans-serif;color: #000000\">Tinc dret a partir dels 55 anys al tram 2 i a partir del 60 anys al tram 3.<\/span><\/p>\n<ul>\n<li><strong><span style=\"font-family: arial, helvetica, sans-serif;color: #000000\">Tinc 61 anys i ja vaig cobrar les pagues dels 25 i 30 anys.<\/span><\/strong><\/li>\n<\/ul>\n<p><span style=\"font-family: arial, helvetica, sans-serif;color: #000000\">Tinc dret ja al tram 3 i cobrar-lo fins a la meva jubilaci\u00f3 for\u00e7osa<\/span><\/p>\n<ul>\n<li><strong><span style=\"font-family: arial, helvetica, sans-serif;color: #000000\">Tinc 58 anys i ja vaig cobrar la paga dels 25 anys.<\/span><\/strong><\/li>\n<\/ul>\n<p><span style=\"font-family: arial, helvetica, sans-serif;color: #000000\">Tinc dret ja al tram 2 i a partir del 60 anys al tram 3.<\/span><\/p>\n<p><span style=\"font-family: arial, helvetica, sans-serif;color: #000000\">Recordareu que nom\u00e9s disposem d\u20191.160.850 \u20ac.\u00a0 No incloure aquests requisits suposaria una despesa superior a aquesta partida pressupost\u00e0ria i no faria viable la proposta.<\/span><\/p>\n<p><img loading=\"lazy\" decoding=\"async\" class=\"wp-image-2864 aligncenter\" src=\"http:\/\/ccoo.app\/diputacio-de-barcelona\/wp-content\/blogs.dir\/6\/files\/sites\/186\/2016\/05\/nnnnnnnnnnnnnnnnnnnnnnnnnnnnnnnn-300x186.png\" alt=\"\" width=\"448\" height=\"278\" srcset=\"https:\/\/ccoo.app\/diputacio-de-barcelona\/wp-content\/blogs.dir\/6\/files\/sites\/186\/2016\/05\/nnnnnnnnnnnnnnnnnnnnnnnnnnnnnnnn-300x186.png 300w, https:\/\/ccoo.app\/diputacio-de-barcelona\/wp-content\/blogs.dir\/6\/files\/sites\/186\/2016\/05\/nnnnnnnnnnnnnnnnnnnnnnnnnnnnnnnn-1024x635.png 1024w, https:\/\/ccoo.app\/diputacio-de-barcelona\/wp-content\/blogs.dir\/6\/files\/sites\/186\/2016\/05\/nnnnnnnnnnnnnnnnnnnnnnnnnnnnnnnn-768x477.png 768w, https:\/\/ccoo.app\/diputacio-de-barcelona\/wp-content\/blogs.dir\/6\/files\/sites\/186\/2016\/05\/nnnnnnnnnnnnnnnnnnnnnnnnnnnnnnnn.png 1136w\" sizes=\"auto, (max-width: 448px) 100vw, 448px\" \/><\/p>\n<p><span style=\"font-family: 'arial black', sans-serif;font-size: 14pt;color: #0000ff\">S&#8217;HA D&#8217;ACCEPTAR LA NOVA PROPOSTA \u00abMILLORA SOCIAL PER EDAT\u00bb ?<\/span><\/p>\n<p><span style=\"font-family: arial, helvetica, sans-serif;color: #000000\">Tenim davant nostre dos escenaris:<\/span><\/p>\n<ul style=\"list-style-type: square\">\n<li><span style=\"font-family: arial, helvetica, sans-serif;color: #000000\">Deixar-ho tot a all\u00f2 que dictamini un jutge.<\/span><\/li>\n<\/ul>\n<p><span style=\"font-family: arial, helvetica, sans-serif;color: #000000\">Suposa perdre anualment la partida pressupost\u00e0ria (1.160.850 \u20ac \/ any) tot esperant que arribi una sent\u00e8ncia que tant podria ser favorable com desfavorable.<\/span><\/p>\n<ul style=\"list-style-type: square\">\n<li><span style=\"font-family: arial, helvetica, sans-serif;color: #000000\">Donar el vistiplau a la proposta \u201cMillora social per edat\u201d pendents de com es desenvolupen el procediments judicial en marxa de la gent que ja ho havia meritat.<\/span><\/li>\n<\/ul>\n<p><span style=\"font-family: arial, helvetica, sans-serif;color: #000000\">Tal com ens vam comprometre, CCOO deixar\u00e0 en mans de la seva afiliaci\u00f3 i del personal la decisi\u00f3 d&#8217;acceptar o no aquesta proposta de \u00abMillora per edat\u00bb.<\/span><\/p>\n<p><span style=\"font-family: arial, helvetica, sans-serif\"><span style=\"color: #000000\">Feu-nos arribar la vostra opini\u00f3 a<\/span> <strong><span style=\"color: #0000ff\">ccoo@diba.cat<\/span><\/strong><\/span><\/p>\n<p>&nbsp;<\/p>\n<p><a href=\"https:\/\/diba.ccoo.cat\/guia-ccoo-reclamacio-dels-impagaments-premis\/\"><img loading=\"lazy\" decoding=\"async\" class=\" wp-image-2618 aligncenter\" src=\"http:\/\/ccoo.app\/diputacio-de-barcelona\/wp-content\/blogs.dir\/6\/files\/sites\/186\/2018\/10\/uuuuuuuuuuuuuuuuuuuuo-300x126.png\" alt=\"\" width=\"355\" height=\"149\" srcset=\"https:\/\/ccoo.app\/diputacio-de-barcelona\/wp-content\/blogs.dir\/6\/files\/sites\/186\/2018\/10\/uuuuuuuuuuuuuuuuuuuuo-300x126.png 300w, https:\/\/ccoo.app\/diputacio-de-barcelona\/wp-content\/blogs.dir\/6\/files\/sites\/186\/2018\/10\/uuuuuuuuuuuuuuuuuuuuo.png 496w\" sizes=\"auto, (max-width: 355px) 100vw, 355px\" \/><\/a><\/p>\n<p>&nbsp;<\/p>\n<p><a href=\"https:\/\/transparencia.diba.cat\/acords-de-la-mesa-general-de-negociacio-2015-2019\"><img loading=\"lazy\" decoding=\"async\" class=\" wp-image-2361 aligncenter\" src=\"http:\/\/ccoo.app\/diputacio-de-barcelona\/wp-content\/blogs.dir\/6\/files\/sites\/186\/2018\/06\/sss-300x64.png\" alt=\"\" width=\"384\" height=\"82\" srcset=\"https:\/\/ccoo.app\/diputacio-de-barcelona\/wp-content\/blogs.dir\/6\/files\/sites\/186\/2018\/06\/sss-300x64.png 300w, https:\/\/ccoo.app\/diputacio-de-barcelona\/wp-content\/blogs.dir\/6\/files\/sites\/186\/2018\/06\/sss.png 584w\" sizes=\"auto, (max-width: 384px) 100vw, 384px\" \/><\/a><\/p>\n<p>&nbsp;<\/p>\n<p><a href=\"https:\/\/diba.ccoo.cat\/afiliat-al-sindicat-amb-mes-afiliacio-i-representacio-a-la-diputacio-de-barcelona-2\/\"><img loading=\"lazy\" decoding=\"async\" class=\"alignnone wp-image-2346\" src=\"http:\/\/ccoo.app\/diputacio-de-barcelona\/wp-content\/blogs.dir\/6\/files\/sites\/186\/2016\/05\/asasas-300x142-1-300x142.png\" alt=\"\" width=\"186\" height=\"88\" \/><\/a><\/p>\n<p><span style=\"font-family: arial, helvetica, sans-serif;color: #000000\"><strong>Horari d\u2019atenci\u00f3 CCOO DIBA: <\/strong><\/span><\/p>\n<p><span style=\"font-family: arial, helvetica, sans-serif;color: #000000\"><strong>CARRER MALLORCA, 244, 2on 3a<\/strong><\/span><\/p>\n<p><span style=\"font-family: arial, helvetica, sans-serif;color: #000000\"><strong>DE DILLUNS A DIVENDRES DE 8:30 A 16:30\u00a0\u00a0 <\/strong><span style=\"font-size: 10pt\"><strong>(FORA D\u2019AQUEST HORARI AMB CITA PR\u00c8VIA)<\/strong><\/span><\/span><\/p>\n<p style=\"text-align: center\"><span style=\"font-size: 18pt\"><span style=\"font-family: arial, helvetica, sans-serif;color: #000000\"><strong>\u00a0<\/strong><\/span><span style=\"font-family: arial, helvetica, sans-serif\"><strong><small><span style=\"color: #000000\">Contacta&#8217;ns per tel\u00e8fon 934 022 985 o correu:<\/span> <a href=\"mailto:ccoo@diba.cat\">ccoo@diba.cat<\/a><\/small> <\/strong><\/span><\/span><\/p>\n<p><strong>\u00a0<\/strong><\/p>\n<p><a href=\"https:\/\/twitter.com\/CCOODiba\"><img loading=\"lazy\" decoding=\"async\" class=\"alignleft\" src=\"http:\/\/www.mysocialaccounts.com\/wp-content\/uploads\/2017\/04\/twitter.jpg\" alt=\"Resultado de imagen de twitter\" width=\"44\" height=\"44\" \/><\/a>\u00a0 \u00a0\u00a0<a href=\"http:\/\/diba.ccoo.cat\/\"><img loading=\"lazy\" decoding=\"async\" class=\"\" src=\"https:\/\/encrypted-tbn0.gstatic.com\/images?q=tbn:ANd9GcS98Z75qmWgKpehEkfwdWrInKdK65A-jf2SgkGvuU4oy_fPYt9q\" alt=\"Imagen relacionada\" width=\"52\" height=\"53\" \/><\/a><a href=\"https:\/\/www.facebook.com\/CcooDiputacioDeBarcelona\/\"><img loading=\"lazy\" decoding=\"async\" class=\"alignleft\" src=\"https:\/\/upload.wikimedia.org\/wikipedia\/commons\/thumb\/7\/7c\/Facebook_New_Logo_%282015%29.svg\/2000px-Facebook_New_Logo_%282015%29.svg.png\" alt=\"Resultado de imagen de facebook\" width=\"122\" height=\"46\" \/><\/a><a href=\"https:\/\/www.youtube.com\/channel\/UCFzenkS75udEcs4pB4qoZsg\"><img loading=\"lazy\" decoding=\"async\" class=\"alignleft\" src=\"https:\/\/i.kinja-img.com\/gawker-media\/image\/upload\/s--heVex4FV--\/c_scale,fl_progressive,q_80,w_800\/pol5zfmalpqmpt1jcnbp.png\" alt=\"Resultado de imagen de youtube\" width=\"117\" height=\"50\" \/><\/a><img loading=\"lazy\" decoding=\"async\" class=\"alignleft\" src=\"https:\/\/www.educapeques.com\/wp-content\/uploads\/2016\/04\/descargar-whatsapp.png\" alt=\"Resultado de imagen de whatsapp\" width=\"64\" height=\"50\" \/><\/p>\n<p>&nbsp;<\/p>\n<p>&nbsp;<\/p>\n<p>&nbsp;<\/p>\n<p>&nbsp;<\/p>\n<p>&nbsp;<\/p>\n<p>&nbsp;<\/p>\n<p>&nbsp;<\/p>\n<p>&nbsp;<\/p>\n<p><img loading=\"lazy\" decoding=\"async\" class=\"wp-image-262 alignright\" src=\"http:\/\/ccoo.app\/diputacio-de-barcelona\/wp-content\/blogs.dir\/6\/files\/sites\/186\/2016\/04\/afiliat_ccoo_cat.gif\" alt=\"Tota la informaci\u00f3 de com afiliar-se a CCOO Catalunya i forlmulari d'alta o baxia.\" width=\"90\" height=\"80\" \/><\/p>\n<p>&nbsp;<\/p>\n<p>&nbsp;<\/p>\n<p>&nbsp;<\/p>\n<p>&nbsp;<\/p>\n<p>&nbsp;    \t<\/p>\n","protected":false},"excerpt":{"rendered":"<p>\u00a0 \u00a0 \u00a0 \u00a0 \u00a0 \u00a0 \u00a0 \u00a0 \u00a0 \u00a0 \u00a0 \u00a0 \u00a0 \u00a0 \u00a0 \u00a0 IMPAGAMENTS PREMIS PER ANYS DE SERVEI: S&#8217;HA D&#8217;ACCEPTAR LA NOVA PROPOSTA \u00abMILLORA SOCIAL PER &#8230; <\/p>\n<p class=\"read-more-container\"><a title=\"IMPAGAMENTS PREMIS PER ANYS DE SERVEI: S&#8217;HA D&#8217;ACCEPTAR LA NOVA PROPOSTA \u00abMILLORA SOCIAL PER EDAT\u00bb ?\" class=\"read-more button\" href=\"https:\/\/ccoo.app\/diputacio-de-barcelona\/sha-dacceptar-la-nova-proposta-millora-social-per-edat\/#more-50110\" aria-label=\"Leer m\u00e1s sobre IMPAGAMENTS PREMIS PER ANYS DE SERVEI: S&#8217;HA D&#8217;ACCEPTAR LA NOVA PROPOSTA \u00abMILLORA SOCIAL PER EDAT\u00bb ?\">Continuar llegint<\/a><\/p>\n","protected":false},"author":4519,"featured_media":2864,"comment_status":"open","ping_status":"open","sticky":false,"template":"","format":"standard","meta":{"footnotes":""},"categories":[19,26,27,31,32],"tags":[105,148],"class_list":["post-50110","post","type-post","status-publish","format-standard","has-post-thumbnail","hentry","category-comunicats","category-mgn","category-millores-socials","category-personal-interi-comunicats","category-premis","tag-els-nostres-drets-no-es-suspenen-es-defensen","tag-mesa-general-negociacio","generate-columns","tablet-grid-50","mobile-grid-100","grid-parent","grid-50"],"_links":{"self":[{"href":"https:\/\/ccoo.app\/diputacio-de-barcelona\/wp-json\/wp\/v2\/posts\/50110","targetHints":{"allow":["GET"]}}],"collection":[{"href":"https:\/\/ccoo.app\/diputacio-de-barcelona\/wp-json\/wp\/v2\/posts"}],"about":[{"href":"https:\/\/ccoo.app\/diputacio-de-barcelona\/wp-json\/wp\/v2\/types\/post"}],"author":[{"embeddable":true,"href":"https:\/\/ccoo.app\/diputacio-de-barcelona\/wp-json\/wp\/v2\/users\/4519"}],"replies":[{"embeddable":true,"href":"https:\/\/ccoo.app\/diputacio-de-barcelona\/wp-json\/wp\/v2\/comments?post=50110"}],"version-history":[{"count":1,"href":"https:\/\/ccoo.app\/diputacio-de-barcelona\/wp-json\/wp\/v2\/posts\/50110\/revisions"}],"predecessor-version":[{"id":52106,"href":"https:\/\/ccoo.app\/diputacio-de-barcelona\/wp-json\/wp\/v2\/posts\/50110\/revisions\/52106"}],"wp:featuredmedia":[{"embeddable":true,"href":"https:\/\/ccoo.app\/diputacio-de-barcelona\/wp-json\/wp\/v2\/media\/2864"}],"wp:attachment":[{"href":"https:\/\/ccoo.app\/diputacio-de-barcelona\/wp-json\/wp\/v2\/media?parent=50110"}],"wp:term":[{"taxonomy":"category","embeddable":true,"href":"https:\/\/ccoo.app\/diputacio-de-barcelona\/wp-json\/wp\/v2\/categories?post=50110"},{"taxonomy":"post_tag","embeddable":true,"href":"https:\/\/ccoo.app\/diputacio-de-barcelona\/wp-json\/wp\/v2\/tags?post=50110"}],"curies":[{"name":"wp","href":"https:\/\/api.w.org\/{rel}","templated":true}]}}