{"id":50107,"date":"2018-10-26T19:37:01","date_gmt":"2018-10-26T18:37:01","guid":{"rendered":"https:\/\/diba.ccoo.cat\/?p=2754"},"modified":"2023-02-22T19:09:26","modified_gmt":"2023-02-22T18:09:26","slug":"guia-dactuacio-dispensaris-medics-tot-el-que-has-de-saber","status":"publish","type":"post","link":"https:\/\/ccoo.app\/diputacio-de-barcelona\/guia-dactuacio-dispensaris-medics-tot-el-que-has-de-saber\/","title":{"rendered":"CCOOPREVENCI\u00d3-DIBA:\u00a0GUIA D&#8217;ACTUACI\u00d3\u00a0DISPENSARIS M\u00c8DICS\u00a0TOT EL QUE HAS DE SABER."},"content":{"rendered":"<p class=\"wp-caption-text\"><img loading=\"lazy\" decoding=\"async\" class=\"alignnone wp-image-1853\" src=\"http:\/\/ccoo.app\/diputacio-de-barcelona\/wp-content\/blogs.dir\/6\/files\/sites\/186\/2018\/01\/logoccoov18.jpg\" alt=\"\" width=\"137\" height=\"63\" \/>\u00a0 \u00a0 \u00a0 \u00a0 \u00a0 \u00a0 \u00a0 \u00a0 \u00a0<a href=\"https:\/\/diba.ccoo.cat\/wp-content\/uploads\/sites\/37\/2018\/10\/GUIA-DACTUACI%C3%93-Dispensaris-m%C3%A8dics.pdf\"><img loading=\"lazy\" decoding=\"async\" class=\"alignnone wp-image-2113\" src=\"http:\/\/ccoo.app\/diputacio-de-barcelona\/wp-content\/blogs.dir\/6\/files\/sites\/186\/2018\/04\/22-300x172.png\" alt=\"\" width=\"161\" height=\"92\" srcset=\"https:\/\/ccoo.app\/diputacio-de-barcelona\/wp-content\/blogs.dir\/6\/files\/sites\/186\/2018\/04\/22-300x172.png 300w, https:\/\/ccoo.app\/diputacio-de-barcelona\/wp-content\/blogs.dir\/6\/files\/sites\/186\/2018\/04\/22.png 327w\" sizes=\"auto, (max-width: 161px) 100vw, 161px\" \/><\/a><\/p>\n<p class=\"wp-caption-text\"><span style=\"font-family: 'arial black', sans-serif;font-size: 18pt;color: #ff0000\">CCOOPREVENCI\u00d3-DIBA: <span style=\"color: #0000ff\">GUIA D&#8217;ACTUACI\u00d3\u00a0<\/span><\/span><span style=\"font-family: 'arial black', sans-serif;font-size: 18pt;color: #0000ff\"><strong><u>DISPENSARIS M\u00c8DICS<\/u><\/strong><strong>\u00a0<\/strong><strong>TOT EL QUE HAS DE SABER.<\/strong><\/span><\/p>\n<p class=\"wp-caption-text\"><span style=\"font-family: arial, helvetica, sans-serif;font-size: 14pt;color: #000000\"><img loading=\"lazy\" decoding=\"async\" class=\"wp-image-2549 alignleft\" src=\"http:\/\/ccoo.app\/diputacio-de-barcelona\/wp-content\/blogs.dir\/6\/files\/sites\/186\/2016\/05\/pppppppppppppppp.png\" alt=\"\" width=\"52\" height=\"110\" \/><\/span><\/p>\n<p>&nbsp;<\/p>\n<p><span style=\"font-family: arial, helvetica, sans-serif;color: #000000;font-size: 14pt\">Us proporcionem algunes indicacions importants per a tenir en compte quan com a treballadors i treballadores de la Diputaci\u00f3 de Barcelona anem a un <em>dispensari d\u2019assist\u00e8ncia m\u00e8dica<\/em>.\u00a0\u00a0\u00a0<\/span><\/p>\n<p>&nbsp;<\/p>\n<p><span style=\"font-family: arial, helvetica, sans-serif;color: #0000ff;font-size: 14pt\"><strong>Qu\u00e8 diu la normativa?<\/strong><\/span><\/p>\n<ul>\n<li><span style=\"font-family: arial, helvetica, sans-serif;color: #000000\">La normativa de seguretat i salut en el treball estableix accions adre\u00e7ades a atendre als treballadors\/es que sofrent un dany derivat del treball o una indisposici\u00f3.<\/span><\/li>\n<\/ul>\n<p>&nbsp;<\/p>\n<ul>\n<li><span style=\"font-family: arial, helvetica, sans-serif;color: #000000\">Aquests dispensaris han de disposar del material adequat (RD 486\/1997, annex VI).<\/span><\/li>\n<\/ul>\n<p>&nbsp;<\/p>\n<ul>\n<li><span style=\"font-family: arial, helvetica, sans-serif;color: #000000\">Segons la normativa els danys objecte d\u2019atenci\u00f3 s\u00f3n:<\/span><\/li>\n<\/ul>\n<ol>\n<li><span style=\"font-family: arial, helvetica, sans-serif;color: #000000\">Les situacions d\u2019emerg\u00e8ncia<\/span><\/li>\n<li><span style=\"font-family: arial, helvetica, sans-serif;color: #000000\">Els accidents de treball o qualsevol dany derivat del treball<\/span><\/li>\n<li><span style=\"font-family: arial, helvetica, sans-serif;color: #000000\">Qualsevol alteraci\u00f3 de la salut encara que no tingui relaci\u00f3 directa amb les condicions de treball (art. 37.3, RD 39\/1997). Per la qual cosa haur\u00e0 de proporcionar els primers auxilis i l\u2019atenci\u00f3 d\u2019urg\u00e8ncia als treballadors\/es.<\/span><\/li>\n<li><span style=\"font-family: arial, helvetica, sans-serif;color: #000000\">Les indisposicions sobtades i qualsevol altra alteraci\u00f3 de la salut sobrevinguda en el lloc de treball.<\/span><\/li>\n<\/ol>\n<p><img loading=\"lazy\" decoding=\"async\" class=\" wp-image-2514 aligncenter\" src=\"http:\/\/ccoo.app\/diputacio-de-barcelona\/wp-content\/blogs.dir\/6\/files\/sites\/186\/2018\/08\/eeeeeeeeee-300x285.png\" alt=\"\" width=\"136\" height=\"129\" srcset=\"https:\/\/ccoo.app\/diputacio-de-barcelona\/wp-content\/blogs.dir\/6\/files\/sites\/186\/2018\/08\/eeeeeeeeee-300x285.png 300w, https:\/\/ccoo.app\/diputacio-de-barcelona\/wp-content\/blogs.dir\/6\/files\/sites\/186\/2018\/08\/eeeeeeeeee.png 532w\" sizes=\"auto, (max-width: 136px) 100vw, 136px\" \/><\/p>\n<p><span style=\"font-family: arial, helvetica, sans-serif;color: #0000ff;font-size: 14pt\"><strong>9 indicacions importants si heu d\u2019anar al <em>dispensari<\/em>:<\/strong><\/span><\/p>\n<ol>\n<li><span style=\"font-family: arial, helvetica, sans-serif;color: #000000\"><strong>\u00a0<\/strong><\/span><span style=\"font-family: arial, helvetica, sans-serif;color: #000000\"><strong>Comunicar\/informar al superior immediat<\/strong> que teniu la necessitat de anar al dispensari. En cas de no localitzar al vostre comandament immediat comunicar-ho <strong>a un company\/a<\/strong><\/span><\/li>\n<li><span style=\"font-family: arial, helvetica, sans-serif;color: #000000\"><strong>Teniu dret a rebre l\u2019atenci\u00f3 oportuna i adequada<\/strong> respecte al vostre motiu de consulta<\/span><\/li>\n<li><span style=\"font-family: arial, helvetica, sans-serif;color: #000000\">Heu de <strong>demanar que la visita sigui registrada<\/strong> per tal que figuri dins les estad\u00edstiques de vigil\u00e0ncia de la salut<\/span><\/li>\n<li><strong style=\"color: #000000;font-family: arial, helvetica, sans-serif\">Demanar un justificant<\/strong><span style=\"color: #000000;font-family: arial, helvetica, sans-serif\"> de la visita<\/span><\/li>\n<li>Podeu <strong style=\"color: #000000;font-family: arial, helvetica, sans-serif\">rebre diferents tipus d\u2019assist\u00e8ncia<\/strong><span style=\"color: #000000;font-family: arial, helvetica, sans-serif\">: dia d\u2019indisposici\u00f3, derivaci\u00f3 a la m\u00fatua laboral, tractament \u201cin situ\u201d, etc. Tot all\u00f2 amb l\u2019oportuna informaci\u00f3<\/span><\/li>\n<li><span style=\"font-family: arial, helvetica, sans-serif;color: #000000\"><strong>En cas que l\u2019assist\u00e8ncia rebuda no hagi estat correcta<\/strong> (tracta, manca d\u2019explicaci\u00f3, negar-se a registrar la visita, no donar justificant de la visita, no disposar de material per rebre l\u2019atenci\u00f3, etc&#8230;) <strong>caldr\u00e0 fer una reclamaci\u00f3<\/strong><\/span><\/li>\n<li><span style=\"font-family: arial, helvetica, sans-serif;color: #000000\">Fer una reclamaci\u00f3, si cal fer-la, \u00e9s molt important perqu\u00e8 <strong>ens permet mesurar\/identificar els problemes<\/strong> d\u2019una assist\u00e8ncia que ha de ser de qualitat. Per exemple, es podria demanar rescindir els serveis per les reclamacions que els treballadors\/es facin<\/span><\/li>\n<li><span style=\"font-family: arial, helvetica, sans-serif;color: #000000\"><strong>Com s\u2019ha de fer la reclamaci\u00f3?<\/strong> Doncs comunicar-ho via e-mail a la responsable del servei de vigil\u00e0ncia de la salut de l\u2019Oficina de Prevenci\u00f3 de Riscos Laborals: Pilar Arauco <a style=\"color: #000000\" href=\"mailto:araucoop@diba.cat\">araucoop@diba.cat<\/a> amb c\u00f2pia al delegat\/da de prevenci\u00f3 perqu\u00e8 faci el seguiment i al teu cap m\u00e9s immediat.<\/span><\/li>\n<\/ol>\n<p>&nbsp;<\/p>\n<p><span style=\"font-family: arial, helvetica, sans-serif;color: #000000\">QUALSEVOL dubte al respecte, si us plau, contacteu amb el vostre delegat o delegada de prevenci\u00f3:<\/span><\/p>\n<ul>\n<li><span style=\"color: #000000\">Carlos Arias\u00a0\u00a0<a style=\"color: #000000\" href=\"mailto:ariasal@diba.cat\">ariasal@diba.cat<\/a><\/span><\/li>\n<li><span style=\"color: #000000\">Leonardo Chac\u00f3n\u00a0\u00a0<a style=\"color: #000000\" href=\"mailto:chaconrl@diba.cat\">chaconrl@diba.cat<\/a><\/span><\/li>\n<li><span style=\"color: #000000\">Pedro Montiel\u00a0\u00a0<a style=\"color: #000000\" href=\"mailto:montiellp@diba.cat\">montiellp@diba.cat<\/a><\/span><\/li>\n<li><span style=\"color: #000000\">Xavier Villacampa\u00a0\u00a0<a style=\"color: #000000\" href=\"mailto:villacampaml@diba.cat\">villacampaml@diba.cat<\/a><\/span><\/li>\n<li><span style=\"color: #000000\">Ricard Alcojor\u00a0\u00a0<a style=\"color: #000000\" href=\"mailto:alcojorbr@diba.cat\">alcojorbr@diba.cat<\/a><\/span><\/li>\n<li><span style=\"color: #000000\">L\u00eddia Rodr\u00edguez\u00a0\u00a0<a style=\"color: #000000\" href=\"mailto:rodriguezsld@diba.cat\">rodriguezsld@diba.cat<\/a><\/span><\/li>\n<\/ul>\n<p><strong><span style=\"color: #000000\">\u00a0\u00a0\u00a0\u00a0\u00a0\u00a0\u00a0\u00a0\u00a0\u00a0\u00a0<\/span><a href=\"https:\/\/diba.ccoo.cat\/ccooprevencio-diba-requeriments-de-la-inspeccio-de-treball-a-la-diputacio-de-barcelona\/\"><img loading=\"lazy\" decoding=\"async\" class=\"wp-image-2551 aligncenter\" src=\"http:\/\/ccoo.app\/diputacio-de-barcelona\/wp-content\/blogs.dir\/6\/files\/sites\/186\/2018\/09\/aaaaaaaaaaaaaaaa-300x138.png\" alt=\"\" width=\"435\" height=\"200\" srcset=\"https:\/\/ccoo.app\/diputacio-de-barcelona\/wp-content\/blogs.dir\/6\/files\/sites\/186\/2018\/09\/aaaaaaaaaaaaaaaa-300x138.png 300w, https:\/\/ccoo.app\/diputacio-de-barcelona\/wp-content\/blogs.dir\/6\/files\/sites\/186\/2018\/09\/aaaaaaaaaaaaaaaa.png 580w\" sizes=\"auto, (max-width: 435px) 100vw, 435px\" \/> <\/a><\/strong><\/p>\n<p><img loading=\"lazy\" decoding=\"async\" class=\" wp-image-2552 aligncenter\" src=\"http:\/\/ccoo.app\/diputacio-de-barcelona\/wp-content\/blogs.dir\/6\/files\/sites\/186\/2018\/09\/ssssssssssss-300x58.png\" alt=\"\" width=\"435\" height=\"84\" srcset=\"https:\/\/ccoo.app\/diputacio-de-barcelona\/wp-content\/blogs.dir\/6\/files\/sites\/186\/2018\/09\/ssssssssssss-300x58.png 300w, https:\/\/ccoo.app\/diputacio-de-barcelona\/wp-content\/blogs.dir\/6\/files\/sites\/186\/2018\/09\/ssssssssssss.png 555w\" sizes=\"auto, (max-width: 435px) 100vw, 435px\" \/><\/p>\n<p>&nbsp;<\/p>\n<p><a href=\"https:\/\/diba.ccoo.cat\/afiliat-al-sindicat-amb-mes-afiliacio-i-representacio-a-la-diputacio-de-barcelona\/\"><img loading=\"lazy\" decoding=\"async\" class=\"alignnone size-medium wp-image-2346\" src=\"http:\/\/ccoo.app\/diputacio-de-barcelona\/wp-content\/blogs.dir\/6\/files\/sites\/186\/2016\/05\/asasas-300x142-1-300x142.png\" alt=\"\" width=\"300\" height=\"142\" \/><\/a><\/p>\n<p><span style=\"font-family: arial, helvetica, sans-serif;color: #000000\"><strong>Horari d\u2019atenci\u00f3 CCOO DIBA: <\/strong><\/span><\/p>\n<p><span style=\"font-family: arial, helvetica, sans-serif;color: #000000\"><strong>CARRER MALLORCA, 244, 2on 3a<\/strong><\/span><\/p>\n<p><span style=\"font-family: arial, helvetica, sans-serif;color: #000000\"><strong>DE DILLUNS A DIVENDRES DE 8:30 A 16:30\u00a0\u00a0 <\/strong><span style=\"font-size: 10pt\"><strong>(FORA D\u2019AQUEST HORARI AMB CITA PR\u00c8VIA)<\/strong><\/span><\/span><\/p>\n<p style=\"text-align: center\"><span style=\"font-size: 18pt\"><span style=\"font-family: arial, helvetica, sans-serif;color: #000000\"><strong>\u00a0<\/strong><\/span><span style=\"font-family: arial, helvetica, sans-serif\"><strong><small><span style=\"color: #000000\">Contacta&#8217;ns per tel\u00e8fon 934 022 985 o correu:<\/span> <a href=\"mailto:ccoo@diba.cat\">ccoo@diba.cat<\/a><\/small> <\/strong><\/span><\/span><\/p>\n<p><strong>\u00a0<\/strong><\/p>\n<p><a href=\"https:\/\/twitter.com\/CCOODiba\"><img loading=\"lazy\" decoding=\"async\" class=\"alignleft\" src=\"http:\/\/www.mysocialaccounts.com\/wp-content\/uploads\/2017\/04\/twitter.jpg\" alt=\"Resultado de imagen de twitter\" width=\"44\" height=\"44\" \/><\/a>\u00a0 \u00a0\u00a0<a href=\"http:\/\/diba.ccoo.cat\/\"><img loading=\"lazy\" decoding=\"async\" class=\"\" src=\"https:\/\/encrypted-tbn0.gstatic.com\/images?q=tbn:ANd9GcS98Z75qmWgKpehEkfwdWrInKdK65A-jf2SgkGvuU4oy_fPYt9q\" alt=\"Imagen relacionada\" width=\"52\" height=\"53\" \/><\/a><a href=\"https:\/\/www.facebook.com\/CcooDiputacioDeBarcelona\/\"><img loading=\"lazy\" decoding=\"async\" class=\"alignleft\" src=\"https:\/\/upload.wikimedia.org\/wikipedia\/commons\/thumb\/7\/7c\/Facebook_New_Logo_%282015%29.svg\/2000px-Facebook_New_Logo_%282015%29.svg.png\" alt=\"Resultado de imagen de facebook\" width=\"122\" height=\"46\" \/><\/a><a href=\"https:\/\/www.youtube.com\/channel\/UCFzenkS75udEcs4pB4qoZsg\"><img loading=\"lazy\" decoding=\"async\" class=\"alignleft\" src=\"https:\/\/i.kinja-img.com\/gawker-media\/image\/upload\/s--heVex4FV--\/c_scale,fl_progressive,q_80,w_800\/pol5zfmalpqmpt1jcnbp.png\" alt=\"Resultado de imagen de youtube\" width=\"117\" height=\"50\" \/><\/a><img loading=\"lazy\" decoding=\"async\" class=\"alignleft\" src=\"https:\/\/www.educapeques.com\/wp-content\/uploads\/2016\/04\/descargar-whatsapp.png\" alt=\"Resultado de imagen de whatsapp\" width=\"64\" height=\"50\" \/><\/p>\n<p>&nbsp;<\/p>\n<p>&nbsp;<\/p>\n<p>&nbsp;<\/p>\n<p>&nbsp;<\/p>\n<p>&nbsp;<\/p>\n<p>&nbsp;<\/p>\n<p>&nbsp;<\/p>\n<p>&nbsp;<\/p>\n<p><img loading=\"lazy\" decoding=\"async\" class=\"wp-image-262 alignright\" src=\"http:\/\/ccoo.app\/diputacio-de-barcelona\/wp-content\/blogs.dir\/6\/files\/sites\/186\/2016\/04\/afiliat_ccoo_cat.gif\" alt=\"Tota la informaci\u00f3 de com afiliar-se a CCOO Catalunya i forlmulari d'alta o baxia.\" width=\"90\" height=\"80\" \/><\/p>\n<p>&nbsp;<\/p>\n<p>&nbsp;<\/p>\n<p>&nbsp;<\/p>\n<p>&nbsp;<\/p>\n<p>&nbsp;    \t<\/p>\n","protected":false},"excerpt":{"rendered":"<p>\u00a0 \u00a0 \u00a0 \u00a0 \u00a0 \u00a0 \u00a0 \u00a0 \u00a0 CCOOPREVENCI\u00d3-DIBA: GUIA D&#8217;ACTUACI\u00d3\u00a0DISPENSARIS M\u00c8DICS\u00a0TOT EL QUE HAS DE SABER. &nbsp; Us proporcionem algunes indicacions importants per a tenir en compte quan &#8230; <\/p>\n<p class=\"read-more-container\"><a title=\"CCOOPREVENCI\u00d3-DIBA:\u00a0GUIA D&#8217;ACTUACI\u00d3\u00a0DISPENSARIS M\u00c8DICS\u00a0TOT EL QUE HAS DE SABER.\" class=\"read-more button\" href=\"https:\/\/ccoo.app\/diputacio-de-barcelona\/guia-dactuacio-dispensaris-medics-tot-el-que-has-de-saber\/#more-50107\" aria-label=\"Leer m\u00e1s sobre CCOOPREVENCI\u00d3-DIBA:\u00a0GUIA D&#8217;ACTUACI\u00d3\u00a0DISPENSARIS M\u00c8DICS\u00a0TOT EL QUE HAS DE SABER.\">Continuar llegint<\/a><\/p>\n","protected":false},"author":4519,"featured_media":2549,"comment_status":"open","ping_status":"open","sticky":false,"template":"","format":"standard","meta":{"footnotes":""},"categories":[19,35],"tags":[64,86,124],"class_list":["post-50107","post","type-post","status-publish","format-standard","has-post-thumbnail","hentry","category-comunicats","category-salut-laboral","tag-baixes-laborals","tag-baixes-altes-mediques-embaras-maternitat-flexibilitat-fills-ebep-eleccions-jornada-horari-horaris-laboral-jornada-jornades-laborals-its-incapacitat-temporal-salut-inspeccio-treball","tag-inspeccio-de-treball","generate-columns","tablet-grid-50","mobile-grid-100","grid-parent","grid-50"],"_links":{"self":[{"href":"https:\/\/ccoo.app\/diputacio-de-barcelona\/wp-json\/wp\/v2\/posts\/50107","targetHints":{"allow":["GET"]}}],"collection":[{"href":"https:\/\/ccoo.app\/diputacio-de-barcelona\/wp-json\/wp\/v2\/posts"}],"about":[{"href":"https:\/\/ccoo.app\/diputacio-de-barcelona\/wp-json\/wp\/v2\/types\/post"}],"author":[{"embeddable":true,"href":"https:\/\/ccoo.app\/diputacio-de-barcelona\/wp-json\/wp\/v2\/users\/4519"}],"replies":[{"embeddable":true,"href":"https:\/\/ccoo.app\/diputacio-de-barcelona\/wp-json\/wp\/v2\/comments?post=50107"}],"version-history":[{"count":1,"href":"https:\/\/ccoo.app\/diputacio-de-barcelona\/wp-json\/wp\/v2\/posts\/50107\/revisions"}],"predecessor-version":[{"id":52113,"href":"https:\/\/ccoo.app\/diputacio-de-barcelona\/wp-json\/wp\/v2\/posts\/50107\/revisions\/52113"}],"wp:featuredmedia":[{"embeddable":true,"href":"https:\/\/ccoo.app\/diputacio-de-barcelona\/wp-json\/wp\/v2\/media\/2549"}],"wp:attachment":[{"href":"https:\/\/ccoo.app\/diputacio-de-barcelona\/wp-json\/wp\/v2\/media?parent=50107"}],"wp:term":[{"taxonomy":"category","embeddable":true,"href":"https:\/\/ccoo.app\/diputacio-de-barcelona\/wp-json\/wp\/v2\/categories?post=50107"},{"taxonomy":"post_tag","embeddable":true,"href":"https:\/\/ccoo.app\/diputacio-de-barcelona\/wp-json\/wp\/v2\/tags?post=50107"}],"curies":[{"name":"wp","href":"https:\/\/api.w.org\/{rel}","templated":true}]}}