{"id":50105,"date":"2018-11-06T10:22:47","date_gmt":"2018-11-06T09:22:47","guid":{"rendered":"https:\/\/diba.ccoo.cat\/?p=2745"},"modified":"2023-02-22T19:09:21","modified_gmt":"2023-02-22T18:09:21","slug":"ccoo-ja-va-demanar-la-borsa-dhores-per-conciliacio-al-mes-doctubre","status":"publish","type":"post","link":"https:\/\/ccoo.app\/diputacio-de-barcelona\/ccoo-ja-va-demanar-la-borsa-dhores-per-conciliacio-al-mes-doctubre\/","title":{"rendered":"CCOO JA VA DEMANAR LA BORSA D&#8217;HORES PER CONCILIACI\u00d3 AL MES D&#8217;OCTUBRE"},"content":{"rendered":"<p class=\"wp-caption-text\"><img loading=\"lazy\" decoding=\"async\" class=\"alignnone wp-image-1853\" src=\"http:\/\/ccoo.app\/diputacio-de-barcelona\/wp-content\/blogs.dir\/6\/files\/sites\/186\/2018\/01\/logoccoov18.jpg\" alt=\"\" width=\"137\" height=\"63\" \/>\u00a0 \u00a0<a href=\"https:\/\/diba.ccoo.cat\/altres-temes-tractats-a-la-mesa-general-de-negociacio-octubre-2018-2\/\"><img loading=\"lazy\" decoding=\"async\" class=\" wp-image-2113 alignnone\" src=\"http:\/\/ccoo.app\/diputacio-de-barcelona\/wp-content\/blogs.dir\/6\/files\/sites\/186\/2018\/04\/22-300x172.png\" alt=\"\" width=\"170\" height=\"98\" srcset=\"https:\/\/ccoo.app\/diputacio-de-barcelona\/wp-content\/blogs.dir\/6\/files\/sites\/186\/2018\/04\/22-300x172.png 300w, https:\/\/ccoo.app\/diputacio-de-barcelona\/wp-content\/blogs.dir\/6\/files\/sites\/186\/2018\/04\/22.png 327w\" sizes=\"auto, (max-width: 170px) 100vw, 170px\" \/><\/a><\/p>\n<p><span style=\"font-size: 18pt\"><span style=\"font-family: 'arial black', sans-serif;color: #0000ff\"><b>CCOO JA VA DEMANAR LA BORSA D&#8217;HORES PER CONCILIACI\u00d3 AL MES D&#8217;OCTUBRE.<\/b><\/span><\/span><\/p>\n<p><span style=\"font-size: 12pt;font-family: arial, helvetica, sans-serif;color: #000000\">En el resum de la reuni\u00f3 de Mesa General de Negociaci\u00f3 de principi d&#8217;Octubre, dins del tema de REVISI\u00d3 DE JORNADA ORDIN\u00c0RIA, ja us vam explicar com\u00a0<span style=\"color: #0000ff\"><strong><span style=\"font-family: 'arial black', sans-serif\">CCOO va demanar la creaci\u00f3 de la borsa d&#8217;hores per conciliaci\u00f3<\/span><\/strong><\/span> p<span style=\"font-family: arial, helvetica, sans-serif;color: #000000\">er a la cura i l\u2019atenci\u00f3 de la gent gran, persones amb discapacitat i fills menors. Llavors <span style=\"color: #0000ff\">CCOO<\/span>\u00a0<span style=\"color: #0000ff\"><strong><span style=\"font-family: 'arial black', sans-serif\">va ser l&#8217;\u00fanic sindicat que ho va demanar.<\/span><\/strong><\/span><\/span><\/span><\/p>\n<p><a href=\"https:\/\/diba.ccoo.cat\/altres-temes-tractats-a-la-mesa-general-de-negociacio-octubre-2018-2\/\"><span style=\"font-family: 'arial black', sans-serif;color: #0000ff\"><strong>CLIQUEU PER LLEGIR COMUNICAT D&#8217;OCTUBRE<\/strong><\/span><\/a><\/p>\n<p>&nbsp;<\/p>\n<p><span style=\"font-family: arial, helvetica, sans-serif;color: #000000\">Ja teniem coneixement que en d&#8217;altres ajuntaments ja s&#8217;estava pactant aquesta mesura i ara, l&#8217;Administraci\u00f3 General de l&#8217;Estat tamb\u00e9 ho ha fet. Per\u00f2, aix\u00f2 \u00e9s el que ens permet aplicar-ho a la diputaci\u00f3? NO!<\/span><\/p>\n<p><span style=\"font-family: arial, helvetica, sans-serif;color: #000000\">CCOO ho vam demanar a la Mesa de negociaci\u00f3 a principi d&#8217;octubre per qu\u00e8 <span style=\"color: #0000ff\"><strong>la Llei de pressupostos 2018 \u00e9s la que permet la possibilitat que aix\u00f2 es pugui negociar i aplicar a la Diputaci\u00f3.\u00a0<\/strong><\/span><\/span><\/p>\n<p><img loading=\"lazy\" decoding=\"async\" class=\"wp-image-2785 aligncenter\" src=\"http:\/\/ccoo.app\/diputacio-de-barcelona\/wp-content\/blogs.dir\/6\/files\/sites\/186\/2018\/11\/gggggggggggggggggggggggggggggggg-300x50.png\" alt=\"\" width=\"504\" height=\"84\" \/><\/p>\n<p><span style=\"font-family: arial, helvetica, sans-serif;color: #000000\">Ara ens felicitem que d&#8217;altres sindicats recolzin la nostra petici\u00f3 i aix\u00ed es pugui fer m\u00e9s for\u00e7a per a que s&#8217;implementi.<\/span><\/p>\n<p><a href=\"https:\/\/www.boe.es\/buscar\/act.php?id=BOE-A-2018-9268&amp;p=20180704&amp;tn=1#da-145\"><span style=\"font-family: 'arial black', sans-serif;color: #0000ff\">VEURE BORSA D&#8217;HORES A LA LPGE 2018\u00a0<\/span><\/a><\/p>\n<p>&nbsp;<\/p>\n<p><strong><a href=\"https:\/\/transparencia.diba.cat\/acords-de-la-mesa-general-de-negociacio-2015-2019\"><img loading=\"lazy\" decoding=\"async\" class=\"wp-image-2336 aligncenter\" src=\"http:\/\/ccoo.app\/diputacio-de-barcelona\/wp-content\/blogs.dir\/6\/files\/sites\/186\/2018\/05\/bnbn-300x47.png\" alt=\"\" width=\"568\" height=\"89\" srcset=\"https:\/\/ccoo.app\/diputacio-de-barcelona\/wp-content\/blogs.dir\/6\/files\/sites\/186\/2018\/05\/bnbn-300x47.png 300w, https:\/\/ccoo.app\/diputacio-de-barcelona\/wp-content\/blogs.dir\/6\/files\/sites\/186\/2018\/05\/bnbn.png 676w\" sizes=\"auto, (max-width: 568px) 100vw, 568px\" \/><\/a><\/strong><\/p>\n<p>&nbsp;<\/p>\n<p><a href=\"https:\/\/diba.ccoo.cat\/afiliat-al-sindicat-amb-mes-afiliacio-i-representacio-a-la-diputacio-de-barcelona\/\"><span style=\"font-family: arial, helvetica, sans-serif;color: #000000\"><strong><img loading=\"lazy\" decoding=\"async\" class=\"wp-image-2304 alignleft\" src=\"http:\/\/ccoo.app\/diputacio-de-barcelona\/wp-content\/blogs.dir\/6\/files\/sites\/186\/2018\/05\/asasas-300x142.png\" alt=\"\" width=\"218\" height=\"103\" srcset=\"https:\/\/ccoo.app\/diputacio-de-barcelona\/wp-content\/blogs.dir\/6\/files\/sites\/186\/2018\/05\/asasas-300x142.png 300w, https:\/\/ccoo.app\/diputacio-de-barcelona\/wp-content\/blogs.dir\/6\/files\/sites\/186\/2018\/05\/asasas.png 318w\" sizes=\"auto, (max-width: 218px) 100vw, 218px\" \/><\/strong><\/span><\/a><\/p>\n<p><span style=\"font-family: 'arial black', sans-serif;color: #0000ff\"><strong>Horari d\u2019atenci\u00f3 CCOO DIBA: <\/strong><\/span><\/p>\n<p><span style=\"font-family: 'arial black', sans-serif;color: #0000ff\"><strong>CARRER MALLORCA, 244, 2on 3a<\/strong><\/span><\/p>\n<p><span style=\"font-family: 'arial black', sans-serif;color: #0000ff\"><strong>DE DILLUNS A DIVENDRES DE 8:30 A 16:30\u00a0\u00a0 <\/strong><span style=\"font-size: 10pt\"><strong>(FORA D\u2019AQUEST HORARI AMB CITA PR\u00c8VIA)<\/strong><\/span><\/span><\/p>\n<p style=\"text-align: center\"><span style=\"font-size: 18pt\"><span style=\"font-family: 'arial black', sans-serif;color: #0000ff\"><strong>\u00a0<\/strong><\/span><span style=\"font-family: arial, helvetica, sans-serif\"><strong><small><span style=\"color: #0000ff;font-family: 'arial black', sans-serif\">Contacta&#8217;ns per tel\u00e8fon 934 022 985 o correu:<\/span> <a href=\"mailto:ccoo@diba.cat\">ccoo@diba.cat<\/a><\/small> <\/strong><\/span><\/span><\/p>\n<p><strong>\u00a0<\/strong><\/p>\n<p><a href=\"https:\/\/twitter.com\/CCOODiba\"><img loading=\"lazy\" decoding=\"async\" class=\"alignleft\" src=\"http:\/\/www.mysocialaccounts.com\/wp-content\/uploads\/2017\/04\/twitter.jpg\" alt=\"Resultado de imagen de twitter\" width=\"44\" height=\"44\" \/><\/a>\u00a0 \u00a0\u00a0<a href=\"http:\/\/diba.ccoo.cat\/\"><img loading=\"lazy\" decoding=\"async\" class=\"\" src=\"https:\/\/encrypted-tbn0.gstatic.com\/images?q=tbn:ANd9GcS98Z75qmWgKpehEkfwdWrInKdK65A-jf2SgkGvuU4oy_fPYt9q\" alt=\"Imagen relacionada\" width=\"52\" height=\"53\" \/><\/a><a href=\"https:\/\/www.facebook.com\/CcooDiputacioDeBarcelona\/\"><img loading=\"lazy\" decoding=\"async\" class=\"alignleft\" src=\"https:\/\/upload.wikimedia.org\/wikipedia\/commons\/thumb\/7\/7c\/Facebook_New_Logo_%282015%29.svg\/2000px-Facebook_New_Logo_%282015%29.svg.png\" alt=\"Resultado de imagen de facebook\" width=\"122\" height=\"46\" \/><\/a><a href=\"https:\/\/www.youtube.com\/channel\/UCFzenkS75udEcs4pB4qoZsg\"><img loading=\"lazy\" decoding=\"async\" class=\"alignleft\" src=\"https:\/\/i.kinja-img.com\/gawker-media\/image\/upload\/s--heVex4FV--\/c_scale,fl_progressive,q_80,w_800\/pol5zfmalpqmpt1jcnbp.png\" alt=\"Resultado de imagen de youtube\" width=\"117\" height=\"50\" \/><\/a><img loading=\"lazy\" decoding=\"async\" class=\"alignleft\" src=\"https:\/\/www.educapeques.com\/wp-content\/uploads\/2016\/04\/descargar-whatsapp.png\" alt=\"Resultado de imagen de whatsapp\" width=\"64\" height=\"50\" \/><\/p>\n<p>&nbsp;<\/p>\n<p>&nbsp;<\/p>\n<p>&nbsp;<\/p>\n<p>&nbsp;<\/p>\n<p>&nbsp;<\/p>\n<p>&nbsp;<\/p>\n<p>&nbsp;<\/p>\n<p>&nbsp;<\/p>\n<p><img loading=\"lazy\" decoding=\"async\" class=\"wp-image-262 alignright\" src=\"http:\/\/ccoo.app\/diputacio-de-barcelona\/wp-content\/blogs.dir\/6\/files\/sites\/186\/2016\/04\/afiliat_ccoo_cat.gif\" alt=\"Tota la informaci\u00f3 de com afiliar-se a CCOO Catalunya i forlmulari d'alta o baxia.\" width=\"90\" height=\"80\" \/><\/p>\n<p>&nbsp;<\/p>\n<p>&nbsp;<\/p>\n<p>&nbsp;<\/p>\n<p>&nbsp;<\/p>\n<p>&nbsp;    \t<\/p>\n","protected":false},"excerpt":{"rendered":"<p>\u00a0 \u00a0 CCOO JA VA DEMANAR LA BORSA D&#8217;HORES PER CONCILIACI\u00d3 AL MES D&#8217;OCTUBRE. En el resum de la reuni\u00f3 de Mesa General de Negociaci\u00f3 de principi d&#8217;Octubre, dins del &#8230; <\/p>\n<p class=\"read-more-container\"><a title=\"CCOO JA VA DEMANAR LA BORSA D&#8217;HORES PER CONCILIACI\u00d3 AL MES D&#8217;OCTUBRE\" class=\"read-more button\" href=\"https:\/\/ccoo.app\/diputacio-de-barcelona\/ccoo-ja-va-demanar-la-borsa-dhores-per-conciliacio-al-mes-doctubre\/#more-50105\" aria-label=\"Leer m\u00e1s sobre CCOO JA VA DEMANAR LA BORSA D&#8217;HORES PER CONCILIACI\u00d3 AL MES D&#8217;OCTUBRE\">Continuar llegint<\/a><\/p>\n","protected":false},"author":4519,"featured_media":2808,"comment_status":"open","ping_status":"open","sticky":false,"template":"","format":"standard","meta":{"footnotes":""},"categories":[38,15,19,24,26,27],"tags":[86,148,174,180],"class_list":["post-50105","post","type-post","status-publish","format-standard","has-post-thumbnail","hentry","category-a-tot-el-personal","category-calendari","category-comunicats","category-interins","category-mgn","category-millores-socials","tag-baixes-altes-mediques-embaras-maternitat-flexibilitat-fills-ebep-eleccions-jornada-horari-horaris-laboral-jornada-jornades-laborals-its-incapacitat-temporal-salut-inspeccio-treball","tag-mesa-general-negociacio","tag-permis-de-conciliacio","tag-personal-interi","generate-columns","tablet-grid-50","mobile-grid-100","grid-parent","grid-50"],"_links":{"self":[{"href":"https:\/\/ccoo.app\/diputacio-de-barcelona\/wp-json\/wp\/v2\/posts\/50105","targetHints":{"allow":["GET"]}}],"collection":[{"href":"https:\/\/ccoo.app\/diputacio-de-barcelona\/wp-json\/wp\/v2\/posts"}],"about":[{"href":"https:\/\/ccoo.app\/diputacio-de-barcelona\/wp-json\/wp\/v2\/types\/post"}],"author":[{"embeddable":true,"href":"https:\/\/ccoo.app\/diputacio-de-barcelona\/wp-json\/wp\/v2\/users\/4519"}],"replies":[{"embeddable":true,"href":"https:\/\/ccoo.app\/diputacio-de-barcelona\/wp-json\/wp\/v2\/comments?post=50105"}],"version-history":[{"count":1,"href":"https:\/\/ccoo.app\/diputacio-de-barcelona\/wp-json\/wp\/v2\/posts\/50105\/revisions"}],"predecessor-version":[{"id":52109,"href":"https:\/\/ccoo.app\/diputacio-de-barcelona\/wp-json\/wp\/v2\/posts\/50105\/revisions\/52109"}],"wp:featuredmedia":[{"embeddable":true,"href":"https:\/\/ccoo.app\/diputacio-de-barcelona\/wp-json\/wp\/v2\/media\/2808"}],"wp:attachment":[{"href":"https:\/\/ccoo.app\/diputacio-de-barcelona\/wp-json\/wp\/v2\/media?parent=50105"}],"wp:term":[{"taxonomy":"category","embeddable":true,"href":"https:\/\/ccoo.app\/diputacio-de-barcelona\/wp-json\/wp\/v2\/categories?post=50105"},{"taxonomy":"post_tag","embeddable":true,"href":"https:\/\/ccoo.app\/diputacio-de-barcelona\/wp-json\/wp\/v2\/tags?post=50105"}],"curies":[{"name":"wp","href":"https:\/\/api.w.org\/{rel}","templated":true}]}}