{"id":50104,"date":"2018-10-26T17:04:03","date_gmt":"2018-10-26T16:04:03","guid":{"rendered":"https:\/\/diba.ccoo.cat\/?p=2743"},"modified":"2023-02-22T19:09:27","modified_gmt":"2023-02-22T18:09:27","slug":"25-de-novembre","status":"publish","type":"post","link":"https:\/\/ccoo.app\/diputacio-de-barcelona\/25-de-novembre\/","title":{"rendered":"25N. CCOO PROPOSEM ACTE P\u00daBLIC PER VISIBILITZAR ELS CASOS DE DONES V\u00cdCTIMES DE LA VIOL\u00c8NCIA DE G\u00c8NERE"},"content":{"rendered":"<p class=\"wp-caption-text\"><img loading=\"lazy\" decoding=\"async\" class=\"alignnone wp-image-1853\" src=\"http:\/\/ccoo.app\/diputacio-de-barcelona\/wp-content\/blogs.dir\/6\/files\/sites\/186\/2018\/01\/logoccoov18.jpg\" alt=\"\" width=\"137\" height=\"63\" \/><\/p>\n<p><span style=\"font-family: 'arial black', sans-serif;font-size: 14pt;color: #0000ff\"><strong>25 DE NOVEMBRE,<\/strong> <strong><em>DIA INTERNACIONAL PER L\u2019ELIMINACI\u00d3 DE LES VIOL\u00c8NCIES CAP A LES DONES<\/em>.<\/strong><\/span><\/p>\n<p><span style=\"color: #000000;font-family: arial, helvetica, sans-serif\">Des de la <em>secci\u00f3 sindical de CCOO<\/em> a la <em>Diputaci\u00f3 de Barcelona<\/em> fem una proposta a la corporaci\u00f3 que s\u2019emmarca dins de les accions per a la visibilitzaci\u00f3 de la viol\u00e8ncia de g\u00e8nere.<\/span><\/p>\n<p><span style=\"color: #000000;font-family: arial, helvetica, sans-serif\">D&#8217;acord amb el que contempla el <em>Pla d\u2019Igualtat<\/em> de la Diputaci\u00f3, s&#8217;han de realitzar actuacions per a visibilitzar els casos de viol\u00e8ncia de g\u00e8nere envers les dones aix\u00ed com les v\u00edctimes anomenades \u201ccol\u00b7laterals\u201d com s\u00f3n els familiars i els nens i nenes que pateixen aquesta mateixa viol\u00e8ncia.<\/span><\/p>\n<p><span style=\"text-decoration: underline;font-family: arial, helvetica, sans-serif;color: #000000\"><strong>PUNT 1.7<\/strong><\/span><\/p>\n<ul>\n<li><span style=\"font-family: arial, helvetica, sans-serif;color: #000000\">Establir el circuit institucional de respecte per visibilitzar els casos\u00a0de dones v\u00edctimes de la viol\u00e8ncia de g\u00e8nere.<\/span><\/li>\n<\/ul>\n<p><span style=\"font-family: arial, helvetica, sans-serif;color: #000000\"><strong><u>PUNT 1.8<\/u><\/strong><\/span><\/p>\n<ul>\n<li><span style=\"font-family: arial, helvetica, sans-serif;color: #000000\">Implicar al personal de la Diputaci\u00f3 de Barcelona en els <u>actes o\u00a0<\/u><u>campanyes<\/u> que s\u2019impulsin en el marc del Dia Internacional de les\u00a0dones i en el Dia Internacional per a l&#8217;eliminaci\u00f3 de la viol\u00e8ncia envers les dones.<\/span><\/li>\n<\/ul>\n<p><span style=\"font-family: arial, helvetica, sans-serif;color: #000000\">Per aquest motiu, proposem la realitzaci\u00f3 d\u2019un acte p\u00fablic amb col\u00b7laboraci\u00f3 de la Corporaci\u00f3 i la resta de seccions sindicals amb pres\u00e8ncia a la Mesa de Negociaci\u00f3, juntament amb els treballadors i treballadores, amb motiu del <strong>25 DE NOVEMBRE,<\/strong> <strong><em>DIA INTERNACIONAL PER L\u2019ELIMINACI\u00d3 DE LES VIOL\u00c8NCIES CAP A LES DONES<\/em>.<\/strong><\/span><\/p>\n<p><span style=\"color: #000000;font-family: arial, helvetica, sans-serif\"><strong>Definici\u00f3 de la proposta: <\/strong>Actes presencials a les portes dels centres de treball on es llegiria un manifest denunciant la viol\u00e8ncia de g\u00e8nere i fent menci\u00f3 de totes les v\u00edctimes (dones, nens, nenes i familiars) que des de el 25 de novembre de 2017 fins ara hagin estat assassinades. Finalitzant amb un minut de silenci per totes elles.<\/span><\/p>\n<p>&nbsp;<\/p>\n<p><span style=\"font-family: arial, helvetica, sans-serif;color: #000000\">Hem fet arribar la proposta a la DSRH i a la resta de sindicats presents a la Mesa de Negociaci\u00f3.<\/span><\/p>\n<p>&nbsp;<\/p>\n<p><strong><a href=\"https:\/\/transparencia.diba.cat\/acords-de-la-mesa-general-de-negociacio-2015-2019\"><img loading=\"lazy\" decoding=\"async\" class=\"wp-image-2336 aligncenter\" src=\"http:\/\/ccoo.app\/diputacio-de-barcelona\/wp-content\/blogs.dir\/6\/files\/sites\/186\/2018\/05\/bnbn-300x47.png\" alt=\"\" width=\"568\" height=\"89\" srcset=\"https:\/\/ccoo.app\/diputacio-de-barcelona\/wp-content\/blogs.dir\/6\/files\/sites\/186\/2018\/05\/bnbn-300x47.png 300w, https:\/\/ccoo.app\/diputacio-de-barcelona\/wp-content\/blogs.dir\/6\/files\/sites\/186\/2018\/05\/bnbn.png 676w\" sizes=\"auto, (max-width: 568px) 100vw, 568px\" \/><\/a><\/strong><\/p>\n<p>&nbsp;<\/p>\n<p><a href=\"https:\/\/diba.ccoo.cat\/afiliat-al-sindicat-amb-mes-afiliacio-i-representacio-a-la-diputacio-de-barcelona\/\"><span style=\"font-family: arial, helvetica, sans-serif;color: #000000\"><strong><img loading=\"lazy\" decoding=\"async\" class=\"wp-image-2304 alignleft\" src=\"http:\/\/ccoo.app\/diputacio-de-barcelona\/wp-content\/blogs.dir\/6\/files\/sites\/186\/2018\/05\/asasas-300x142.png\" alt=\"\" width=\"218\" height=\"103\" srcset=\"https:\/\/ccoo.app\/diputacio-de-barcelona\/wp-content\/blogs.dir\/6\/files\/sites\/186\/2018\/05\/asasas-300x142.png 300w, https:\/\/ccoo.app\/diputacio-de-barcelona\/wp-content\/blogs.dir\/6\/files\/sites\/186\/2018\/05\/asasas.png 318w\" sizes=\"auto, (max-width: 218px) 100vw, 218px\" \/><\/strong><\/span><\/a><\/p>\n<p><span style=\"font-family: 'arial black', sans-serif;color: #0000ff\"><strong>Horari d\u2019atenci\u00f3 CCOO DIBA: <\/strong><\/span><\/p>\n<p><span style=\"font-family: 'arial black', sans-serif;color: #0000ff\"><strong>CARRER MALLORCA, 244, 2on 3a<\/strong><\/span><\/p>\n<p><span style=\"font-family: 'arial black', sans-serif;color: #0000ff\"><strong>DE DILLUNS A DIVENDRES DE 8:30 A 16:30\u00a0\u00a0 <\/strong><span style=\"font-size: 10pt\"><strong>(FORA D\u2019AQUEST HORARI AMB CITA PR\u00c8VIA)<\/strong><\/span><\/span><\/p>\n<p style=\"text-align: center\"><span style=\"font-size: 18pt\"><span style=\"font-family: 'arial black', sans-serif;color: #0000ff\"><strong>\u00a0<\/strong><\/span><span style=\"font-family: arial, helvetica, sans-serif\"><strong><small><span style=\"color: #0000ff;font-family: 'arial black', sans-serif\">Contacta&#8217;ns per tel\u00e8fon 934 022 985 o correu:<\/span> <a href=\"mailto:ccoo@diba.cat\">ccoo@diba.cat<\/a><\/small> <\/strong><\/span><\/span><\/p>\n<p><strong>\u00a0<\/strong><\/p>\n<p><a href=\"https:\/\/twitter.com\/CCOODiba\"><img loading=\"lazy\" decoding=\"async\" class=\"alignleft\" src=\"http:\/\/www.mysocialaccounts.com\/wp-content\/uploads\/2017\/04\/twitter.jpg\" alt=\"Resultado de imagen de twitter\" width=\"44\" height=\"44\" \/><\/a>\u00a0 \u00a0\u00a0<a href=\"http:\/\/diba.ccoo.cat\/\"><img loading=\"lazy\" decoding=\"async\" class=\"\" src=\"https:\/\/encrypted-tbn0.gstatic.com\/images?q=tbn:ANd9GcS98Z75qmWgKpehEkfwdWrInKdK65A-jf2SgkGvuU4oy_fPYt9q\" alt=\"Imagen relacionada\" width=\"52\" height=\"53\" \/><\/a><a href=\"https:\/\/www.facebook.com\/CcooDiputacioDeBarcelona\/\"><img loading=\"lazy\" decoding=\"async\" class=\"alignleft\" src=\"https:\/\/upload.wikimedia.org\/wikipedia\/commons\/thumb\/7\/7c\/Facebook_New_Logo_%282015%29.svg\/2000px-Facebook_New_Logo_%282015%29.svg.png\" alt=\"Resultado de imagen de facebook\" width=\"122\" height=\"46\" \/><\/a><a href=\"https:\/\/www.youtube.com\/channel\/UCFzenkS75udEcs4pB4qoZsg\"><img loading=\"lazy\" decoding=\"async\" class=\"alignleft\" src=\"https:\/\/i.kinja-img.com\/gawker-media\/image\/upload\/s--heVex4FV--\/c_scale,fl_progressive,q_80,w_800\/pol5zfmalpqmpt1jcnbp.png\" alt=\"Resultado de imagen de youtube\" width=\"117\" height=\"50\" \/><\/a><img loading=\"lazy\" decoding=\"async\" class=\"alignleft\" src=\"https:\/\/www.educapeques.com\/wp-content\/uploads\/2016\/04\/descargar-whatsapp.png\" alt=\"Resultado de imagen de whatsapp\" width=\"64\" height=\"50\" \/><\/p>\n<p>&nbsp;<\/p>\n<p>&nbsp;<\/p>\n<p>&nbsp;<\/p>\n<p>&nbsp;<\/p>\n<p>&nbsp;<\/p>\n<p>&nbsp;<\/p>\n<p>&nbsp;<\/p>\n<p>&nbsp;<\/p>\n<p><img loading=\"lazy\" decoding=\"async\" class=\"wp-image-262 alignright\" src=\"http:\/\/ccoo.app\/diputacio-de-barcelona\/wp-content\/blogs.dir\/6\/files\/sites\/186\/2016\/04\/afiliat_ccoo_cat.gif\" alt=\"Tota la informaci\u00f3 de com afiliar-se a CCOO Catalunya i forlmulari d'alta o baxia.\" width=\"90\" height=\"80\" \/><\/p>\n<p>&nbsp;<\/p>\n<p>&nbsp;<\/p>\n<p>&nbsp;<\/p>\n<p>&nbsp;<\/p>\n<p>&nbsp;    \t<\/p>\n","protected":false},"excerpt":{"rendered":"<p>25 DE NOVEMBRE, DIA INTERNACIONAL PER L\u2019ELIMINACI\u00d3 DE LES VIOL\u00c8NCIES CAP A LES DONES. Des de la secci\u00f3 sindical de CCOO a la Diputaci\u00f3 de Barcelona fem una proposta a &#8230; <\/p>\n<p class=\"read-more-container\"><a title=\"25N. CCOO PROPOSEM ACTE P\u00daBLIC PER VISIBILITZAR ELS CASOS DE DONES V\u00cdCTIMES DE LA VIOL\u00c8NCIA DE G\u00c8NERE\" class=\"read-more button\" href=\"https:\/\/ccoo.app\/diputacio-de-barcelona\/25-de-novembre\/#more-50104\" aria-label=\"Leer m\u00e1s sobre 25N. CCOO PROPOSEM ACTE P\u00daBLIC PER VISIBILITZAR ELS CASOS DE DONES V\u00cdCTIMES DE LA VIOL\u00c8NCIA DE G\u00c8NERE\">Continuar llegint<\/a><\/p>\n","protected":false},"author":4519,"featured_media":2545,"comment_status":"open","ping_status":"open","sticky":false,"template":"","format":"standard","meta":{"footnotes":""},"categories":[38,15,19,24,26,30],"tags":[86,148,154,157,174,180],"class_list":["post-50104","post","type-post","status-publish","format-standard","has-post-thumbnail","hentry","category-a-tot-el-personal","category-calendari","category-comunicats","category-interins","category-mgn","category-permisos","tag-baixes-altes-mediques-embaras-maternitat-flexibilitat-fills-ebep-eleccions-jornada-horari-horaris-laboral-jornada-jornades-laborals-its-incapacitat-temporal-salut-inspeccio-treball","tag-mesa-general-negociacio","tag-mobilitat-teletreball","tag-mundet","tag-permis-de-conciliacio","tag-personal-interi","generate-columns","tablet-grid-50","mobile-grid-100","grid-parent","grid-50"],"_links":{"self":[{"href":"https:\/\/ccoo.app\/diputacio-de-barcelona\/wp-json\/wp\/v2\/posts\/50104","targetHints":{"allow":["GET"]}}],"collection":[{"href":"https:\/\/ccoo.app\/diputacio-de-barcelona\/wp-json\/wp\/v2\/posts"}],"about":[{"href":"https:\/\/ccoo.app\/diputacio-de-barcelona\/wp-json\/wp\/v2\/types\/post"}],"author":[{"embeddable":true,"href":"https:\/\/ccoo.app\/diputacio-de-barcelona\/wp-json\/wp\/v2\/users\/4519"}],"replies":[{"embeddable":true,"href":"https:\/\/ccoo.app\/diputacio-de-barcelona\/wp-json\/wp\/v2\/comments?post=50104"}],"version-history":[{"count":1,"href":"https:\/\/ccoo.app\/diputacio-de-barcelona\/wp-json\/wp\/v2\/posts\/50104\/revisions"}],"predecessor-version":[{"id":52114,"href":"https:\/\/ccoo.app\/diputacio-de-barcelona\/wp-json\/wp\/v2\/posts\/50104\/revisions\/52114"}],"wp:featuredmedia":[{"embeddable":true,"href":"https:\/\/ccoo.app\/diputacio-de-barcelona\/wp-json\/wp\/v2\/media\/2545"}],"wp:attachment":[{"href":"https:\/\/ccoo.app\/diputacio-de-barcelona\/wp-json\/wp\/v2\/media?parent=50104"}],"wp:term":[{"taxonomy":"category","embeddable":true,"href":"https:\/\/ccoo.app\/diputacio-de-barcelona\/wp-json\/wp\/v2\/categories?post=50104"},{"taxonomy":"post_tag","embeddable":true,"href":"https:\/\/ccoo.app\/diputacio-de-barcelona\/wp-json\/wp\/v2\/tags?post=50104"}],"curies":[{"name":"wp","href":"https:\/\/api.w.org\/{rel}","templated":true}]}}