{"id":50102,"date":"2018-10-26T15:33:26","date_gmt":"2018-10-26T14:33:26","guid":{"rendered":"https:\/\/diba.ccoo.cat\/?p=2725"},"modified":"2023-02-22T19:09:31","modified_gmt":"2023-02-22T18:09:31","slug":"mesures-per-a-una-mobilitat-sostenible-ja","status":"publish","type":"post","link":"https:\/\/ccoo.app\/diputacio-de-barcelona\/mesures-per-a-una-mobilitat-sostenible-ja\/","title":{"rendered":"MESURES PER A UNA MOBILITAT SOSTENIBLE JA!"},"content":{"rendered":"<p class=\"wp-caption-text\"><img loading=\"lazy\" decoding=\"async\" class=\"alignnone wp-image-1853\" src=\"http:\/\/ccoo.app\/diputacio-de-barcelona\/wp-content\/blogs.dir\/6\/files\/sites\/186\/2018\/01\/logoccoov18.jpg\" alt=\"\" width=\"137\" height=\"63\" \/>\u00a0 \u00a0<a href=\"https:\/\/www.youtube.com\/watch?v=KyWx1zLOe_g&amp;list=PLmUHjYzX1jQCrQ9XC0pXCNMRPY_IZKK65\"><img loading=\"lazy\" decoding=\"async\" class=\"alignnone size-medium wp-image-2726\" src=\"http:\/\/ccoo.app\/diputacio-de-barcelona\/wp-content\/blogs.dir\/6\/files\/sites\/186\/2018\/10\/jjjjjjjjjjjjjjjjjjjj-300x47.png\" alt=\"\" width=\"300\" height=\"47\" srcset=\"https:\/\/ccoo.app\/diputacio-de-barcelona\/wp-content\/blogs.dir\/6\/files\/sites\/186\/2018\/10\/jjjjjjjjjjjjjjjjjjjj-300x47.png 300w, https:\/\/ccoo.app\/diputacio-de-barcelona\/wp-content\/blogs.dir\/6\/files\/sites\/186\/2018\/10\/jjjjjjjjjjjjjjjjjjjj.png 541w\" sizes=\"auto, (max-width: 300px) 100vw, 300px\" \/><\/a><\/p>\n<p><span style=\"color: #0000ff;font-size: 14pt\"><span style=\"font-family: 'arial black', sans-serif\"><strong>ME<\/strong><\/span><span style=\"font-family: 'arial black', sans-serif\"><strong>SURES PER A UNA MOBILITAT SOSTENIBLE JA!<\/strong><\/span><\/span><\/p>\n<p><span style=\"font-family: arial, helvetica, sans-serif;color: #000000\">CCOO vam aconseguir una fita mai assolida en cap altra administraci\u00f3: constituci\u00f3 d\u2019una Taula de Mobilitat<strong> <span style=\"text-decoration: underline\">per decret<\/span><\/strong>. <\/span><\/p>\n<p><span style=\"font-family: arial, helvetica, sans-serif;color: #000000\">Aquesta Taula t\u00e9 com un dels seus principals objectius, fruit de la diagnosi que fa poc s\u2019ha realitzat, elaborar un Pla de Despla\u00e7ament d\u2019Empresa (PDE).<a href=\"https:\/\/diba.ccoo.cat\/altres-temes-tractats-a-la-mesa-general-de-negociacio-octubre-2018\/\">\u00a0<\/a><\/span><span style=\"font-family: arial, helvetica, sans-serif;color: #000000\">El PDE ha d\u2019incloure mesures per fer m\u00e9s racional i sostenible la manera com ens movem abans, durant i despr\u00e9s de la nostra jornada de treball.<\/span><\/p>\n<p><span style=\"font-family: arial, helvetica, sans-serif;color: #000000\">L&#8217;any 2016, CCOO va reiterar mitjan\u00e7ant escrit enviar al President de la Taula de Mobilitat, alguns de les mesures que creiem important implantar a la Diputaci\u00f3 (<a href=\"http:\/\/ccoo.app\/diputacio-de-barcelona\/wp-content\/blogs.dir\/6\/files\/sites\/186\/2018\/10\/mobilitat-beneficis-fiscals.pdf\"><span style=\"color: #0000ff\"><strong>cliqueu per llegir escrit 2016<\/strong><\/span><\/a>):<\/span><\/p>\n<ul>\n<li><span style=\"font-family: arial, helvetica, sans-serif;color: #000000\">Beneficis fiscals pel transport p\u00fablic. Incentius<\/span><\/li>\n<li><span style=\"font-family: arial, helvetica, sans-serif;color: #000000\">Valoracions dels llocs de treball que suposen despla\u00e7ament durant la jornada<\/span><\/li>\n<li><span style=\"font-family: arial, helvetica, sans-serif;color: #000000\">Aparcaments segurs per a bicis i vestuaris pels usuaris<\/span><\/li>\n<li><span style=\"font-family: arial, helvetica, sans-serif;color: #000000\">Gesti\u00f3 dels p\u00e0rquings dels centres de treball<\/span><\/li>\n<li><span style=\"font-family: arial, helvetica, sans-serif;color: #000000\">Mesures per afavorir el cotxe compartit<\/span><\/li>\n<li><span style=\"font-family: arial, helvetica, sans-serif;color: #000000\">Minimitzar i optimitzar els despla\u00e7aments<\/span><\/li>\n<li><span style=\"font-family: arial, helvetica, sans-serif;color: #000000\">Teletreball<\/span><\/li>\n<\/ul>\n<p><span style=\"font-family: arial, helvetica, sans-serif;color: #000000\">Recentment, ens han informat que a Diputaci\u00f3 estan estudiant la possibilitat de realitzar una prova pilot de <strong><span style=\"color: #0000ff\">TELETREBALL. <\/span><\/strong><\/span><\/p>\n<p><span style=\"font-family: arial, helvetica, sans-serif;color: #000000\">CCOO hem enviat un nou escrit (<a href=\"https:\/\/diba.ccoo.cat\/wp-content\/uploads\/sites\/37\/2018\/10\/Sra-Lola-Mir%C3%B3-Implantaci%C3%B3-Prova-Pilot-Teletreball.pdf\"><strong><span style=\"color: #0000ff\">cliqueu per llegir escrit 2018<\/span><\/strong><\/a>), deixant clar que hi han moltes administracions p\u00fabliques que ja tenen molt bones experi\u00e8ncies en aquesta mat\u00e8ria. Des de l&#8217;experi\u00e8ncia que t\u00e9 el nostre sindicat al respecte, ens oferim en el que calgui per a que aquesta prova pilot sigui un \u00e8xit.\u00a0<\/span><\/p>\n<p><span style=\"font-family: arial, helvetica, sans-serif;color: #000000\">Ara b\u00e9, tamb\u00e9 insistim que <span style=\"color: #0000ff\"><strong>ja \u00e9s hora de comen\u00e7ar a aplicar a la Diputaci\u00f3 les mesures<\/strong><\/span> que f\u00e8iem refer\u00e8ncia al nostre escrit del 2016.<\/span><\/p>\n<p>&nbsp;<\/p>\n<p><strong><a href=\"https:\/\/transparencia.diba.cat\/acords-de-la-mesa-general-de-negociacio-2015-2019\"><img loading=\"lazy\" decoding=\"async\" class=\"wp-image-2336 aligncenter\" src=\"http:\/\/ccoo.app\/diputacio-de-barcelona\/wp-content\/blogs.dir\/6\/files\/sites\/186\/2018\/05\/bnbn-300x47.png\" alt=\"\" width=\"568\" height=\"89\" srcset=\"https:\/\/ccoo.app\/diputacio-de-barcelona\/wp-content\/blogs.dir\/6\/files\/sites\/186\/2018\/05\/bnbn-300x47.png 300w, https:\/\/ccoo.app\/diputacio-de-barcelona\/wp-content\/blogs.dir\/6\/files\/sites\/186\/2018\/05\/bnbn.png 676w\" sizes=\"auto, (max-width: 568px) 100vw, 568px\" \/><\/a><\/strong><\/p>\n<p>&nbsp;<\/p>\n<p><a href=\"https:\/\/diba.ccoo.cat\/afiliat-al-sindicat-amb-mes-afiliacio-i-representacio-a-la-diputacio-de-barcelona\/\"><span style=\"font-family: arial, helvetica, sans-serif;color: #000000\"><strong><img loading=\"lazy\" decoding=\"async\" class=\"wp-image-2304 alignleft\" src=\"http:\/\/ccoo.app\/diputacio-de-barcelona\/wp-content\/blogs.dir\/6\/files\/sites\/186\/2018\/05\/asasas-300x142.png\" alt=\"\" width=\"218\" height=\"103\" srcset=\"https:\/\/ccoo.app\/diputacio-de-barcelona\/wp-content\/blogs.dir\/6\/files\/sites\/186\/2018\/05\/asasas-300x142.png 300w, https:\/\/ccoo.app\/diputacio-de-barcelona\/wp-content\/blogs.dir\/6\/files\/sites\/186\/2018\/05\/asasas.png 318w\" sizes=\"auto, (max-width: 218px) 100vw, 218px\" \/><\/strong><\/span><\/a><\/p>\n<p><span style=\"font-family: 'arial black', sans-serif;color: #0000ff\"><strong>Horari d\u2019atenci\u00f3 CCOO DIBA: <\/strong><\/span><\/p>\n<p><span style=\"font-family: 'arial black', sans-serif;color: #0000ff\"><strong>CARRER MALLORCA, 244, 2on 3a<\/strong><\/span><\/p>\n<p><span style=\"font-family: 'arial black', sans-serif;color: #0000ff\"><strong>DE DILLUNS A DIVENDRES DE 8:30 A 16:30\u00a0\u00a0 <\/strong><span style=\"font-size: 10pt\"><strong>(FORA D\u2019AQUEST HORARI AMB CITA PR\u00c8VIA)<\/strong><\/span><\/span><\/p>\n<p style=\"text-align: center\"><span style=\"font-size: 18pt\"><span style=\"font-family: 'arial black', sans-serif;color: #0000ff\"><strong>\u00a0<\/strong><\/span><span style=\"font-family: arial, helvetica, sans-serif\"><strong><small><span style=\"color: #0000ff;font-family: 'arial black', sans-serif\">Contacta&#8217;ns per tel\u00e8fon 934 022 985 o correu:<\/span> <a href=\"mailto:ccoo@diba.cat\">ccoo@diba.cat<\/a><\/small> <\/strong><\/span><\/span><\/p>\n<p><strong>\u00a0<\/strong><\/p>\n<p><a href=\"https:\/\/twitter.com\/CCOODiba\"><img loading=\"lazy\" decoding=\"async\" class=\"alignleft\" src=\"http:\/\/www.mysocialaccounts.com\/wp-content\/uploads\/2017\/04\/twitter.jpg\" alt=\"Resultado de imagen de twitter\" width=\"44\" height=\"44\" \/><\/a>\u00a0 \u00a0\u00a0<a href=\"http:\/\/diba.ccoo.cat\/\"><img loading=\"lazy\" decoding=\"async\" class=\"\" src=\"https:\/\/encrypted-tbn0.gstatic.com\/images?q=tbn:ANd9GcS98Z75qmWgKpehEkfwdWrInKdK65A-jf2SgkGvuU4oy_fPYt9q\" alt=\"Imagen relacionada\" width=\"52\" height=\"53\" \/><\/a><a href=\"https:\/\/www.facebook.com\/CcooDiputacioDeBarcelona\/\"><img loading=\"lazy\" decoding=\"async\" class=\"alignleft\" src=\"https:\/\/upload.wikimedia.org\/wikipedia\/commons\/thumb\/7\/7c\/Facebook_New_Logo_%282015%29.svg\/2000px-Facebook_New_Logo_%282015%29.svg.png\" alt=\"Resultado de imagen de facebook\" width=\"122\" height=\"46\" \/><\/a><a href=\"https:\/\/www.youtube.com\/channel\/UCFzenkS75udEcs4pB4qoZsg\"><img loading=\"lazy\" decoding=\"async\" class=\"alignleft\" src=\"https:\/\/i.kinja-img.com\/gawker-media\/image\/upload\/s--heVex4FV--\/c_scale,fl_progressive,q_80,w_800\/pol5zfmalpqmpt1jcnbp.png\" alt=\"Resultado de imagen de youtube\" width=\"117\" height=\"50\" \/><\/a><img loading=\"lazy\" decoding=\"async\" class=\"alignleft\" src=\"https:\/\/www.educapeques.com\/wp-content\/uploads\/2016\/04\/descargar-whatsapp.png\" alt=\"Resultado de imagen de whatsapp\" width=\"64\" height=\"50\" \/><\/p>\n<p>&nbsp;<\/p>\n<p>&nbsp;<\/p>\n<p>&nbsp;<\/p>\n<p>&nbsp;<\/p>\n<p>&nbsp;<\/p>\n<p>&nbsp;<\/p>\n<p>&nbsp;<\/p>\n<p>&nbsp;<\/p>\n<p><img loading=\"lazy\" decoding=\"async\" class=\"wp-image-262 alignright\" src=\"http:\/\/ccoo.app\/diputacio-de-barcelona\/wp-content\/blogs.dir\/6\/files\/sites\/186\/2016\/04\/afiliat_ccoo_cat.gif\" alt=\"Tota la informaci\u00f3 de com afiliar-se a CCOO Catalunya i forlmulari d'alta o baxia.\" width=\"90\" height=\"80\" \/><\/p>\n<p>&nbsp;<\/p>\n<p>&nbsp;<\/p>\n<p>&nbsp;<\/p>\n<p>&nbsp;<\/p>\n<p>&nbsp;    \t<\/p>\n","protected":false},"excerpt":{"rendered":"<p>\u00a0 \u00a0 MESURES PER A UNA MOBILITAT SOSTENIBLE JA! CCOO vam aconseguir una fita mai assolida en cap altra administraci\u00f3: constituci\u00f3 d\u2019una Taula de Mobilitat per decret. Aquesta Taula t\u00e9 &#8230; <\/p>\n<p class=\"read-more-container\"><a title=\"MESURES PER A UNA MOBILITAT SOSTENIBLE JA!\" class=\"read-more button\" href=\"https:\/\/ccoo.app\/diputacio-de-barcelona\/mesures-per-a-una-mobilitat-sostenible-ja\/#more-50102\" aria-label=\"Leer m\u00e1s sobre MESURES PER A UNA MOBILITAT SOSTENIBLE JA!\">Continuar llegint<\/a><\/p>\n","protected":false},"author":4519,"featured_media":2474,"comment_status":"open","ping_status":"open","sticky":false,"template":"","format":"standard","meta":{"footnotes":""},"categories":[38,15,19,24,26,30],"tags":[86,148,154,157,174,180,201],"class_list":["post-50102","post","type-post","status-publish","format-standard","has-post-thumbnail","hentry","category-a-tot-el-personal","category-calendari","category-comunicats","category-interins","category-mgn","category-permisos","tag-baixes-altes-mediques-embaras-maternitat-flexibilitat-fills-ebep-eleccions-jornada-horari-horaris-laboral-jornada-jornades-laborals-its-incapacitat-temporal-salut-inspeccio-treball","tag-mesa-general-negociacio","tag-mobilitat-teletreball","tag-mundet","tag-permis-de-conciliacio","tag-personal-interi","tag-edificis-diputacio-de-barcelona-escola-de-la-dona-espai-f-bonnemaison-industrial-urgell-londres-can-serra-mundet-parcs-naturals-recinte-recintes-maternitat","generate-columns","tablet-grid-50","mobile-grid-100","grid-parent","grid-50"],"_links":{"self":[{"href":"https:\/\/ccoo.app\/diputacio-de-barcelona\/wp-json\/wp\/v2\/posts\/50102","targetHints":{"allow":["GET"]}}],"collection":[{"href":"https:\/\/ccoo.app\/diputacio-de-barcelona\/wp-json\/wp\/v2\/posts"}],"about":[{"href":"https:\/\/ccoo.app\/diputacio-de-barcelona\/wp-json\/wp\/v2\/types\/post"}],"author":[{"embeddable":true,"href":"https:\/\/ccoo.app\/diputacio-de-barcelona\/wp-json\/wp\/v2\/users\/4519"}],"replies":[{"embeddable":true,"href":"https:\/\/ccoo.app\/diputacio-de-barcelona\/wp-json\/wp\/v2\/comments?post=50102"}],"version-history":[{"count":1,"href":"https:\/\/ccoo.app\/diputacio-de-barcelona\/wp-json\/wp\/v2\/posts\/50102\/revisions"}],"predecessor-version":[{"id":52117,"href":"https:\/\/ccoo.app\/diputacio-de-barcelona\/wp-json\/wp\/v2\/posts\/50102\/revisions\/52117"}],"wp:featuredmedia":[{"embeddable":true,"href":"https:\/\/ccoo.app\/diputacio-de-barcelona\/wp-json\/wp\/v2\/media\/2474"}],"wp:attachment":[{"href":"https:\/\/ccoo.app\/diputacio-de-barcelona\/wp-json\/wp\/v2\/media?parent=50102"}],"wp:term":[{"taxonomy":"category","embeddable":true,"href":"https:\/\/ccoo.app\/diputacio-de-barcelona\/wp-json\/wp\/v2\/categories?post=50102"},{"taxonomy":"post_tag","embeddable":true,"href":"https:\/\/ccoo.app\/diputacio-de-barcelona\/wp-json\/wp\/v2\/tags?post=50102"}],"curies":[{"name":"wp","href":"https:\/\/api.w.org\/{rel}","templated":true}]}}