{"id":50100,"date":"2018-10-03T17:02:56","date_gmt":"2018-10-03T16:02:56","guid":{"rendered":"https:\/\/diba.ccoo.cat\/?p=2637"},"modified":"2023-02-22T19:09:53","modified_gmt":"2023-02-22T18:09:53","slug":"mesures-i-millores-en-materia-dit-o-baixa-situacio-actual-de-la-negociacio","status":"publish","type":"post","link":"https:\/\/ccoo.app\/diputacio-de-barcelona\/mesures-i-millores-en-materia-dit-o-baixa-situacio-actual-de-la-negociacio\/","title":{"rendered":"MESURES I MILLORES EN MAT\u00c8RIA D&#8217;IT O BAIXA. SITUACI\u00d3 ACTUAL DE LA NEGOCIACI\u00d3"},"content":{"rendered":"<p class=\"wp-caption-text\"><img loading=\"lazy\" decoding=\"async\" class=\"alignnone wp-image-1853\" src=\"http:\/\/ccoo.app\/diputacio-de-barcelona\/wp-content\/blogs.dir\/6\/files\/sites\/186\/2018\/01\/logoccoov18.jpg\" alt=\"\" width=\"137\" height=\"63\" \/>\u00a0 \u00a0<a href=\"http:\/\/ccoo.app\/diputacio-de-barcelona\/wp-content\/blogs.dir\/6\/files\/sites\/186\/2018\/10\/resum-mesa-general-setembre-2018.pdf\"><img loading=\"lazy\" decoding=\"async\" class=\" wp-image-2113 alignnone\" src=\"http:\/\/ccoo.app\/diputacio-de-barcelona\/wp-content\/blogs.dir\/6\/files\/sites\/186\/2018\/04\/22-300x172.png\" alt=\"\" width=\"170\" height=\"98\" srcset=\"https:\/\/ccoo.app\/diputacio-de-barcelona\/wp-content\/blogs.dir\/6\/files\/sites\/186\/2018\/04\/22-300x172.png 300w, https:\/\/ccoo.app\/diputacio-de-barcelona\/wp-content\/blogs.dir\/6\/files\/sites\/186\/2018\/04\/22.png 327w\" sizes=\"auto, (max-width: 170px) 100vw, 170px\" \/><\/a><\/p>\n<p><span style=\"font-size: 18pt\"><span style=\"font-family: 'arial black', sans-serif;color: #0000ff\"><strong>MESURES I MILLORES EN MAT\u00c8RIA D&#8217;IT O BAIXA<\/strong><\/span><span style=\"font-family: 'arial black', sans-serif;color: #0000ff\">. SITUACI\u00d3 ACTUAL DE LA NEGOCIACI\u00d3<\/span><\/span><\/p>\n<p class=\"wp-caption-text\"><span style=\"font-family: 'arial black', sans-serif;font-size: 12pt;color: #000000\">OCTUBRE 2018\u00a0<\/span><\/p>\n<p><span style=\"font-family: arial, helvetica, sans-serif;color: #000000\">A la reuni\u00f3 de Mesa de Negociaci\u00f3 del passat mes de juliol, <strong>CCOO va proposar<\/strong> que la Diputaci\u00f3 apliqu\u00e9s un complement a les prestacions del seu personal fins arribar al <strong>100% de les retribucions<\/strong> de l\u2019empleat\/ada mentre estigui en situaci\u00f3 d\u2019Incapacitat Temporal o baixa m\u00e8dica, <strong>independentment de la causa d\u2019aquesta<\/strong> i, a m\u00e9s, <strong>fins el termini m\u00e0xim<\/strong> legal.<\/span><\/p>\n<p><a href=\"http:\/\/ccoo.app\/diputacio-de-barcelona\/wp-content\/blogs.dir\/6\/files\/sites\/186\/2018\/10\/resum-mesa-general-setembre-2018.pdf\"><img loading=\"lazy\" decoding=\"async\" class=\"wp-image-2638 aligncenter\" src=\"http:\/\/ccoo.app\/diputacio-de-barcelona\/wp-content\/blogs.dir\/6\/files\/sites\/186\/2018\/10\/zzzzzzzzzzzzzzzzzx-300x36.png\" alt=\"\" width=\"533\" height=\"64\" srcset=\"https:\/\/ccoo.app\/diputacio-de-barcelona\/wp-content\/blogs.dir\/6\/files\/sites\/186\/2018\/10\/zzzzzzzzzzzzzzzzzx-300x36.png 300w, https:\/\/ccoo.app\/diputacio-de-barcelona\/wp-content\/blogs.dir\/6\/files\/sites\/186\/2018\/10\/zzzzzzzzzzzzzzzzzx.png 658w\" sizes=\"auto, (max-width: 533px) 100vw, 533px\" \/><\/a><\/p>\n<p><span style=\"font-family: arial, helvetica, sans-serif;color: #000000\">Recordareu que la Diputaci\u00f3 nom\u00e9s donava l\u2019opci\u00f3 d\u2019arribar al 100% de les retribucions els 6 primers mesos. Ara, la <strong>nova proposta<\/strong> que la <strong>Diputaci\u00f3<\/strong> ens ha informat s\u2019ajusta a la nostra reivindicaci\u00f3: <strong>100% de les retribucions per a totes les baixes (des d\u20191 dia i sense l\u00edmit de temps) d\u2019aplicaci\u00f3 tamb\u00e9 per a casos de malaltia comuna.<\/strong> <\/span><\/p>\n<p><span style=\"font-family: arial, helvetica, sans-serif;color: #000000\">A canvi, la corporaci\u00f3 proposa una nova reformulaci\u00f3 de les Indisposicions.<\/span><\/p>\n<p>&nbsp;<\/p>\n<p><span style=\"font-family: 'arial black', sans-serif;color: #0000ff;font-size: 14pt\"><strong>PROPOSTA DIBA SOBRE <em>INDISPOSICIONS<\/em><\/strong><\/span><\/p>\n<p><span style=\"font-family: arial, helvetica, sans-serif;color: #000000\">Diputaci\u00f3 proposa eliminar les dues Indisposicions\/any sense justificar que ten\u00edem fins ara i limitar la percepci\u00f3 del 100% de les retribucions a 4 <em>Indisposicions<\/em> amb justificant a l\u2019any. A partir de la 5\u00aa es cobraria el 50%.<\/span><\/p>\n<p><span style=\"font-family: arial, helvetica, sans-serif;color: #000000\">Hem de donar resposta a aquesta proposta a la propera reuni\u00f3 de Mesa de Negociaci\u00f3 del dia 11 d\u2019octubre.<\/span><\/p>\n<p>&nbsp;<\/p>\n<p><strong><a href=\"https:\/\/transparencia.diba.cat\/acords-de-la-mesa-general-de-negociacio-2015-2019\"><img loading=\"lazy\" decoding=\"async\" class=\"wp-image-2336 aligncenter\" src=\"http:\/\/ccoo.app\/diputacio-de-barcelona\/wp-content\/blogs.dir\/6\/files\/sites\/186\/2018\/05\/bnbn-300x47.png\" alt=\"\" width=\"568\" height=\"89\" srcset=\"https:\/\/ccoo.app\/diputacio-de-barcelona\/wp-content\/blogs.dir\/6\/files\/sites\/186\/2018\/05\/bnbn-300x47.png 300w, https:\/\/ccoo.app\/diputacio-de-barcelona\/wp-content\/blogs.dir\/6\/files\/sites\/186\/2018\/05\/bnbn.png 676w\" sizes=\"auto, (max-width: 568px) 100vw, 568px\" \/><\/a><\/strong><\/p>\n<p>&nbsp;<\/p>\n<p><a href=\"https:\/\/diba.ccoo.cat\/afiliat-al-sindicat-amb-mes-afiliacio-i-representacio-a-la-diputacio-de-barcelona\/\"><span style=\"font-family: arial, helvetica, sans-serif;color: #000000\"><strong><img loading=\"lazy\" decoding=\"async\" class=\"wp-image-2304 alignleft\" src=\"http:\/\/ccoo.app\/diputacio-de-barcelona\/wp-content\/blogs.dir\/6\/files\/sites\/186\/2018\/05\/asasas-300x142.png\" alt=\"\" width=\"218\" height=\"103\" srcset=\"https:\/\/ccoo.app\/diputacio-de-barcelona\/wp-content\/blogs.dir\/6\/files\/sites\/186\/2018\/05\/asasas-300x142.png 300w, https:\/\/ccoo.app\/diputacio-de-barcelona\/wp-content\/blogs.dir\/6\/files\/sites\/186\/2018\/05\/asasas.png 318w\" sizes=\"auto, (max-width: 218px) 100vw, 218px\" \/><\/strong><\/span><\/a><\/p>\n<p><span style=\"font-family: 'arial black', sans-serif;color: #0000ff\"><strong>Horari d\u2019atenci\u00f3 CCOO DIBA: <\/strong><\/span><\/p>\n<p><span style=\"font-family: 'arial black', sans-serif;color: #0000ff\"><strong>CARRER MALLORCA, 244, 2on 3a<\/strong><\/span><\/p>\n<p><span style=\"font-family: 'arial black', sans-serif;color: #0000ff\"><strong>DE DILLUNS A DIVENDRES DE 8:30 A 16:30\u00a0\u00a0 <\/strong><span style=\"font-size: 10pt\"><strong>(FORA D\u2019AQUEST HORARI AMB CITA PR\u00c8VIA)<\/strong><\/span><\/span><\/p>\n<p style=\"text-align: center\"><span style=\"font-size: 18pt\"><span style=\"font-family: 'arial black', sans-serif;color: #0000ff\"><strong>\u00a0<\/strong><\/span><span style=\"font-family: arial, helvetica, sans-serif\"><strong><small><span style=\"color: #0000ff;font-family: 'arial black', sans-serif\">Contacta&#8217;ns per tel\u00e8fon 934 022 985 o correu:<\/span> <a href=\"mailto:ccoo@diba.cat\">ccoo@diba.cat<\/a><\/small> <\/strong><\/span><\/span><\/p>\n<p><strong>\u00a0<\/strong><\/p>\n<p><a href=\"https:\/\/twitter.com\/CCOODiba\"><img loading=\"lazy\" decoding=\"async\" class=\"alignleft\" src=\"http:\/\/www.mysocialaccounts.com\/wp-content\/uploads\/2017\/04\/twitter.jpg\" alt=\"Resultado de imagen de twitter\" width=\"44\" height=\"44\" \/><\/a>\u00a0 \u00a0\u00a0<a href=\"http:\/\/diba.ccoo.cat\/\"><img loading=\"lazy\" decoding=\"async\" class=\"\" src=\"https:\/\/encrypted-tbn0.gstatic.com\/images?q=tbn:ANd9GcS98Z75qmWgKpehEkfwdWrInKdK65A-jf2SgkGvuU4oy_fPYt9q\" alt=\"Imagen relacionada\" width=\"52\" height=\"53\" \/><\/a><a href=\"https:\/\/www.facebook.com\/CcooDiputacioDeBarcelona\/\"><img loading=\"lazy\" decoding=\"async\" class=\"alignleft\" src=\"https:\/\/upload.wikimedia.org\/wikipedia\/commons\/thumb\/7\/7c\/Facebook_New_Logo_%282015%29.svg\/2000px-Facebook_New_Logo_%282015%29.svg.png\" alt=\"Resultado de imagen de facebook\" width=\"122\" height=\"46\" \/><\/a><a href=\"https:\/\/www.youtube.com\/channel\/UCFzenkS75udEcs4pB4qoZsg\"><img loading=\"lazy\" decoding=\"async\" class=\"alignleft\" src=\"https:\/\/i.kinja-img.com\/gawker-media\/image\/upload\/s--heVex4FV--\/c_scale,fl_progressive,q_80,w_800\/pol5zfmalpqmpt1jcnbp.png\" alt=\"Resultado de imagen de youtube\" width=\"117\" height=\"50\" \/><\/a><img loading=\"lazy\" decoding=\"async\" class=\"alignleft\" src=\"https:\/\/www.educapeques.com\/wp-content\/uploads\/2016\/04\/descargar-whatsapp.png\" alt=\"Resultado de imagen de whatsapp\" width=\"64\" height=\"50\" \/><\/p>\n<p>&nbsp;<\/p>\n<p>&nbsp;<\/p>\n<p>&nbsp;<\/p>\n<p>&nbsp;<\/p>\n<p>&nbsp;<\/p>\n<p>&nbsp;<\/p>\n<p>&nbsp;<\/p>\n<p>&nbsp;<\/p>\n<p><img loading=\"lazy\" decoding=\"async\" class=\"wp-image-262 alignright\" src=\"http:\/\/ccoo.app\/diputacio-de-barcelona\/wp-content\/blogs.dir\/6\/files\/sites\/186\/2016\/04\/afiliat_ccoo_cat.gif\" alt=\"Tota la informaci\u00f3 de com afiliar-se a CCOO Catalunya i forlmulari d'alta o baxia.\" width=\"90\" height=\"80\" \/><\/p>\n<p>&nbsp;<\/p>\n<p>&nbsp;<\/p>\n<p>&nbsp;<\/p>\n<p>&nbsp;<\/p>\n<p>&nbsp;    \t<\/p>\n","protected":false},"excerpt":{"rendered":"<p>\u00a0 \u00a0 MESURES I MILLORES EN MAT\u00c8RIA D&#8217;IT O BAIXA. SITUACI\u00d3 ACTUAL DE LA NEGOCIACI\u00d3 OCTUBRE 2018\u00a0 A la reuni\u00f3 de Mesa de Negociaci\u00f3 del passat mes de juliol, CCOO &#8230; <\/p>\n<p class=\"read-more-container\"><a title=\"MESURES I MILLORES EN MAT\u00c8RIA D&#8217;IT O BAIXA. SITUACI\u00d3 ACTUAL DE LA NEGOCIACI\u00d3\" class=\"read-more button\" href=\"https:\/\/ccoo.app\/diputacio-de-barcelona\/mesures-i-millores-en-materia-dit-o-baixa-situacio-actual-de-la-negociacio\/#more-50100\" aria-label=\"Leer m\u00e1s sobre MESURES I MILLORES EN MAT\u00c8RIA D&#8217;IT O BAIXA. SITUACI\u00d3 ACTUAL DE LA NEGOCIACI\u00d3\">Continuar llegint<\/a><\/p>\n","protected":false},"author":4519,"featured_media":2660,"comment_status":"open","ping_status":"open","sticky":false,"template":"","format":"standard","meta":{"footnotes":""},"categories":[38,19,26,35],"tags":[64,86,124,127,148],"class_list":["post-50100","post","type-post","status-publish","format-standard","has-post-thumbnail","hentry","category-a-tot-el-personal","category-comunicats","category-mgn","category-salut-laboral","tag-baixes-laborals","tag-baixes-altes-mediques-embaras-maternitat-flexibilitat-fills-ebep-eleccions-jornada-horari-horaris-laboral-jornada-jornades-laborals-its-incapacitat-temporal-salut-inspeccio-treball","tag-inspeccio-de-treball","tag-its","tag-mesa-general-negociacio","generate-columns","tablet-grid-50","mobile-grid-100","grid-parent","grid-50"],"_links":{"self":[{"href":"https:\/\/ccoo.app\/diputacio-de-barcelona\/wp-json\/wp\/v2\/posts\/50100","targetHints":{"allow":["GET"]}}],"collection":[{"href":"https:\/\/ccoo.app\/diputacio-de-barcelona\/wp-json\/wp\/v2\/posts"}],"about":[{"href":"https:\/\/ccoo.app\/diputacio-de-barcelona\/wp-json\/wp\/v2\/types\/post"}],"author":[{"embeddable":true,"href":"https:\/\/ccoo.app\/diputacio-de-barcelona\/wp-json\/wp\/v2\/users\/4519"}],"replies":[{"embeddable":true,"href":"https:\/\/ccoo.app\/diputacio-de-barcelona\/wp-json\/wp\/v2\/comments?post=50100"}],"version-history":[{"count":1,"href":"https:\/\/ccoo.app\/diputacio-de-barcelona\/wp-json\/wp\/v2\/posts\/50100\/revisions"}],"predecessor-version":[{"id":52130,"href":"https:\/\/ccoo.app\/diputacio-de-barcelona\/wp-json\/wp\/v2\/posts\/50100\/revisions\/52130"}],"wp:featuredmedia":[{"embeddable":true,"href":"https:\/\/ccoo.app\/diputacio-de-barcelona\/wp-json\/wp\/v2\/media\/2660"}],"wp:attachment":[{"href":"https:\/\/ccoo.app\/diputacio-de-barcelona\/wp-json\/wp\/v2\/media?parent=50100"}],"wp:term":[{"taxonomy":"category","embeddable":true,"href":"https:\/\/ccoo.app\/diputacio-de-barcelona\/wp-json\/wp\/v2\/categories?post=50100"},{"taxonomy":"post_tag","embeddable":true,"href":"https:\/\/ccoo.app\/diputacio-de-barcelona\/wp-json\/wp\/v2\/tags?post=50100"}],"curies":[{"name":"wp","href":"https:\/\/api.w.org\/{rel}","templated":true}]}}