{"id":50096,"date":"2018-06-19T08:31:20","date_gmt":"2018-06-19T07:31:20","guid":{"rendered":"https:\/\/diba.ccoo.cat\/?p=2377"},"modified":"2023-02-22T19:10:34","modified_gmt":"2023-02-22T18:10:34","slug":"convoquem-concentracio-pel-proper-ple-de-la-diputacio-de-barcelona","status":"publish","type":"post","link":"https:\/\/ccoo.app\/diputacio-de-barcelona\/convoquem-concentracio-pel-proper-ple-de-la-diputacio-de-barcelona\/","title":{"rendered":"CONVOQUEM CONCENTRACI\u00d3 PEL PROPER PLE DE LA\u00a0DIPUTACI\u00d3 DE BARCELONA"},"content":{"rendered":"<p class=\"wp-caption-text\"><img loading=\"lazy\" decoding=\"async\" class=\"alignnone wp-image-1853\" src=\"http:\/\/ccoo.app\/diputacio-de-barcelona\/wp-content\/blogs.dir\/6\/files\/sites\/186\/2018\/01\/logoccoov18.jpg\" alt=\"\" width=\"137\" height=\"63\" \/>\u00a0 \u00a0<a href=\"http:\/\/ccoo.app\/diputacio-de-barcelona\/wp-content\/blogs.dir\/6\/files\/sites\/186\/2018\/06\/comunicat-conjunt-cgt-ccoo-juny-2018-1.pdf\"><img loading=\"lazy\" decoding=\"async\" class=\" wp-image-2113 alignnone\" src=\"http:\/\/ccoo.app\/diputacio-de-barcelona\/wp-content\/blogs.dir\/6\/files\/sites\/186\/2018\/04\/22-300x172.png\" alt=\"\" width=\"170\" height=\"98\" srcset=\"https:\/\/ccoo.app\/diputacio-de-barcelona\/wp-content\/blogs.dir\/6\/files\/sites\/186\/2018\/04\/22-300x172.png 300w, https:\/\/ccoo.app\/diputacio-de-barcelona\/wp-content\/blogs.dir\/6\/files\/sites\/186\/2018\/04\/22.png 327w\" sizes=\"auto, (max-width: 170px) 100vw, 170px\" \/><\/a><\/p>\n<p class=\"wp-caption-text\"><span style=\"font-family: 'arial black', sans-serif;font-size: 12pt;color: #000000\">19.06.2018\u00a0<\/span><\/p>\n<p><span style=\"font-family: 'arial black', sans-serif;color: #ff0000;font-size: 14pt\"><strong>CONVOQUEM <u>CONCENTRACI\u00d3 <\/u>PEL PROPER PLE DE LA\u00a0<\/strong><strong>DIPUTACI\u00d3 DE BARCELONA: DIJOUS 28 DE JUNY DE 2018.<\/strong><\/span><\/p>\n<p><span style=\"font-family: 'arial black', sans-serif;font-size: 14pt;color: #000000\">Comunicat conjunt de CCOO i CGT.<\/span><\/p>\n<p><span style=\"font-family: arial, helvetica, sans-serif;color: #000000\">En aquest moment, <strong>L\u2019ACTUAL ESCENARI<\/strong> respecte a una possible soluci\u00f3 al conflicte derivat de l\u2019informe de la Sindicatura de Comptes \u00e9s <strong>ABSOLUTAMENT INCERT<\/strong>, at\u00e8s que cada cop resulta m\u00e9s evident la manca de voluntat de Recursos Humans i de la c\u00fapula pol\u00edtica de la Diputaci\u00f3 d\u2019arribar a acords que siguin assumibles per la representaci\u00f3 sindical i pel conjunt de la plantilla.<\/span><\/p>\n<p><span style=\"font-family: arial, helvetica, sans-serif;color: #000000\">Despr\u00e9s de 10 mesos d\u2019impagaments unilaterals, exigim que la Diputaci\u00f3 mostri d\u2019una vegada <strong>voluntat real <\/strong>de trobar una sortida digna pel seu personal enlloc de posicionar-se en la l\u00f2gica de la consumaci\u00f3 de l\u2019incompliment dels nostres acords i de la via judicial com a \u00fanic cam\u00ed a seguir.<\/span><\/p>\n<p><span style=\"font-family: arial, helvetica, sans-serif;color: #000000\">En aquest sentit, <strong>ENS TOCA A TOTS I TOTES MANTENIR LA PRESSI\u00d3 I MOBILITZACI\u00d3<\/strong> fins a aconseguir els objectius que ens hem marcat. Ja n\u2019hi ha prou de marejar la perdiu i de passar per sobre d\u2019aquesta plantilla<\/span>.<\/p>\n<p><img loading=\"lazy\" decoding=\"async\" class=\"wp-image-2378 aligncenter\" src=\"http:\/\/ccoo.app\/diputacio-de-barcelona\/wp-content\/blogs.dir\/6\/files\/sites\/186\/2018\/06\/cdc-300x56.png\" alt=\"\" width=\"615\" height=\"115\" \/><\/p>\n<p><span style=\"font-family: arial, helvetica, sans-serif;color: #000000\">Apel\u00b7lem, com hem fet des de l&#8217;inici d&#8217;aquest proc\u00e9s, a <strong>la M\u00c0XIMA UNITAT I IMPLICACI\u00d3 DE LA PLANTILLA<\/strong>. No podem permetre, sens m\u00e9s,\u00a0l\u2019incompliment unilateral dels nostres acords. Juntes som fortes, siguem-ne conscients. Juntes podrem superar aquest embat i deixar-li clar a la Diputaci\u00f3 el que aquesta plantilla vol.<\/span><\/p>\n<p>&nbsp;<\/p>\n<p><span style=\"font-family: arial, helvetica, sans-serif;color: #000000;font-size: 14pt\"><strong>Que podem fer cadasc\u00fa de nosaltres per a que aquesta convocat\u00f2ria sigui tot un \u00e8xit?<\/strong><\/span><\/p>\n<ul>\n<li><span style=\"font-family: arial, helvetica, sans-serif;color: #000000\">Marcar-la a les nostres agendes Outlook el dia 28 de juny de 11.30-13:00<\/span><\/li>\n<li><span style=\"font-family: arial, helvetica, sans-serif;color: #000000\">No convocar cap a reuni\u00f3 de treball per aquell dia.<\/span><\/li>\n<li><span style=\"font-family: arial, helvetica, sans-serif;color: #000000\">Agafar hores de perm\u00eds per estar presents (especialment si som d\u2019altres centres de treball).<\/span><\/li>\n<li><span style=\"font-family: arial, helvetica, sans-serif;color: #000000\">Fer c\u00f3rrer la veu entre les nostres companyes i companys als nostres centres de treball, insistint en la import\u00e0ncia de ser molts i moltes davant Can Serra aquell dia.<\/span><\/li>\n<\/ul>\n<p><img loading=\"lazy\" decoding=\"async\" class=\"wp-image-2380 aligncenter\" src=\"http:\/\/ccoo.app\/diputacio-de-barcelona\/wp-content\/blogs.dir\/6\/files\/sites\/186\/2018\/06\/concentracio-26-4-300x212.jpg\" alt=\"\" width=\"439\" height=\"310\" \/><\/p>\n<p>&nbsp;<\/p>\n<p><span style=\"font-family: arial, helvetica, sans-serif;color: #000000\">Les negociacions han d\u2019anar acompanyades d\u2019una intensa i sostinguda pressi\u00f3 de tot el personal. Per tant, <strong>ara \u00e9s l\u2019hora de demostrar la for\u00e7a del personal Diba. Implicar-se, per dignitat personal, professional, i pel reconeixement de mereixem.<\/strong> I perqu\u00e8 tothom tingui clar que no deixem ni deixarem que es trepitgin els nostres drets.<\/span><\/p>\n<p><span style=\"font-family: arial, helvetica, sans-serif;color: #000000\">Avui son els <a href=\"http:\/\/ccoo.app\/diputacio-de-barcelona\/wp-content\/blogs.dir\/6\/files\/sites\/186\/2018\/06\/info-mgnmc-11-juny-2018.pdf\"><strong>PREMIS PER ANYS DE SERVEI<\/strong><\/a> i dem\u00e0, que ser\u00e0? Sabeu el que hi ha a la cua, derivat tamb\u00e9 de l\u2019informe de la Sindicatura: l\u2019assidu\u00eftat, els acords sobre jornada, la carrera professional&#8230; Dem\u00e0 pot ser qualsevol dels drets regulats en el nostre Acord marc i en el nostre Conveni col\u00b7lectiu. Ho permetrem?<\/span><\/p>\n<p><span style=\"font-family: arial, helvetica, sans-serif;color: #000000\">Aprofitem per a adjuntar-vos els <strong>cartells que han fet les nostres Seccions Sindicals per a difondre la convocat\u00f2ria de concentraci\u00f3.<\/strong> Recordeu que teniu m\u00e9s materials per a descarregar i fer c\u00f3rrer en el seg\u00fcent enlla\u00e7:\u00a0<\/span><\/p>\n<p style=\"text-align: center\"><a href=\"http:\/\/bit.ly\/2Goqwgk\">http:\/\/bit.ly\/2Goqwgk<\/a><\/p>\n<p>&nbsp;<\/p>\n<p><img loading=\"lazy\" decoding=\"async\" class=\"wp-image-2381 aligncenter\" src=\"http:\/\/ccoo.app\/diputacio-de-barcelona\/wp-content\/blogs.dir\/6\/files\/sites\/186\/2018\/06\/drets-no-se-suspenen-300x96.png\" alt=\"\" width=\"497\" height=\"159\" srcset=\"https:\/\/ccoo.app\/diputacio-de-barcelona\/wp-content\/blogs.dir\/6\/files\/sites\/186\/2018\/06\/drets-no-se-suspenen-300x96.png 300w, https:\/\/ccoo.app\/diputacio-de-barcelona\/wp-content\/blogs.dir\/6\/files\/sites\/186\/2018\/06\/drets-no-se-suspenen.png 534w\" sizes=\"auto, (max-width: 497px) 100vw, 497px\" \/><\/p>\n<p>&nbsp;<\/p>\n<p><a href=\"https:\/\/transparencia.diba.cat\/acords-de-la-mesa-general-de-negociacio-2015-2019\"><img loading=\"lazy\" decoding=\"async\" class=\"wp-image-2361 aligncenter\" src=\"http:\/\/ccoo.app\/diputacio-de-barcelona\/wp-content\/blogs.dir\/6\/files\/sites\/186\/2018\/06\/sss-300x64.png\" alt=\"\" width=\"445\" height=\"95\" srcset=\"https:\/\/ccoo.app\/diputacio-de-barcelona\/wp-content\/blogs.dir\/6\/files\/sites\/186\/2018\/06\/sss-300x64.png 300w, https:\/\/ccoo.app\/diputacio-de-barcelona\/wp-content\/blogs.dir\/6\/files\/sites\/186\/2018\/06\/sss.png 584w\" sizes=\"auto, (max-width: 445px) 100vw, 445px\" \/><\/a><\/p>\n<p><a href=\"http:\/\/ccoo.app\/diputacio-de-barcelona\/wp-content\/blogs.dir\/6\/files\/sites\/186\/2018\/04\/tot-el-que-has-de-saber-de-la-sindicatura.pdf\"><img loading=\"lazy\" decoding=\"async\" class=\"alignnone wp-image-2117 aligncenter\" src=\"http:\/\/ccoo.app\/diputacio-de-barcelona\/wp-content\/blogs.dir\/6\/files\/sites\/186\/2018\/04\/2222-300x42.png\" alt=\"\" width=\"557\" height=\"78\" srcset=\"https:\/\/ccoo.app\/diputacio-de-barcelona\/wp-content\/blogs.dir\/6\/files\/sites\/186\/2018\/04\/2222-300x42.png 300w, https:\/\/ccoo.app\/diputacio-de-barcelona\/wp-content\/blogs.dir\/6\/files\/sites\/186\/2018\/04\/2222.png 629w\" sizes=\"auto, (max-width: 557px) 100vw, 557px\" \/><\/a><\/p>\n<p><a href=\"https:\/\/diba.ccoo.cat\/wp-content\/uploads\/sites\/37\/2018\/05\/Q%C3%9CESTIONS-IMPORTANTS.-PREMIS-PER-ANYS-DE-SERVEI-pdf.pdf\"><img loading=\"lazy\" decoding=\"async\" class=\"wp-image-2297 aligncenter\" src=\"http:\/\/ccoo.app\/diputacio-de-barcelona\/wp-content\/blogs.dir\/6\/files\/sites\/186\/2018\/05\/bbbbbb-300x96.png\" alt=\"\" width=\"256\" height=\"82\" srcset=\"https:\/\/ccoo.app\/diputacio-de-barcelona\/wp-content\/blogs.dir\/6\/files\/sites\/186\/2018\/05\/bbbbbb-300x96.png 300w, https:\/\/ccoo.app\/diputacio-de-barcelona\/wp-content\/blogs.dir\/6\/files\/sites\/186\/2018\/05\/bbbbbb.png 417w\" sizes=\"auto, (max-width: 256px) 100vw, 256px\" \/><\/a><\/p>\n<p>&nbsp;<\/p>\n<p><span style=\"font-family: arial, helvetica, sans-serif;color: #000000\"><strong>Horari d\u2019atenci\u00f3 CCOO DIBA:<\/strong><\/span><\/p>\n<p><span style=\"font-family: arial, helvetica, sans-serif;color: #000000\"><strong>CARRER MALLORCA, 244, 2on 3a<\/strong><\/span><\/p>\n<p><span style=\"font-family: arial, helvetica, sans-serif;color: #000000\"><strong>DE DILLUNS A DIVENDRES DE 8:30 A 16:30\u00a0\u00a0 <\/strong><span style=\"font-size: 10pt\"><strong>(FORA D\u2019AQUEST HORARI AMB CITA PR\u00c8VIA)<\/strong><\/span><\/span><\/p>\n<p style=\"text-align: center\"><span style=\"font-size: 18pt\"><span style=\"font-family: arial, helvetica, sans-serif;color: #000000\"><strong>\u00a0<\/strong><\/span><span style=\"font-family: arial, helvetica, sans-serif\"><strong><small><span style=\"color: #000000\">Contacta&#8217;ns per tel\u00e8fon 934 022 985 o correu:<\/span> <a href=\"mailto:ccoo@diba.cat\">ccoo@diba.cat<\/a><\/small> <\/strong><\/span><\/span><\/p>\n<p><strong>\u00a0<\/strong><\/p>\n<p><a href=\"https:\/\/twitter.com\/CCOODiba\"><img loading=\"lazy\" decoding=\"async\" class=\"alignleft\" src=\"http:\/\/www.mysocialaccounts.com\/wp-content\/uploads\/2017\/04\/twitter.jpg\" alt=\"Resultado de imagen de twitter\" width=\"44\" height=\"44\" \/><\/a>\u00a0 \u00a0\u00a0<a href=\"http:\/\/diba.ccoo.cat\/\"><img loading=\"lazy\" decoding=\"async\" class=\"\" src=\"https:\/\/encrypted-tbn0.gstatic.com\/images?q=tbn:ANd9GcS98Z75qmWgKpehEkfwdWrInKdK65A-jf2SgkGvuU4oy_fPYt9q\" alt=\"Imagen relacionada\" width=\"52\" height=\"53\" \/><\/a><a href=\"https:\/\/www.facebook.com\/CcooDiputacioDeBarcelona\/\"><img loading=\"lazy\" decoding=\"async\" class=\"alignleft\" src=\"https:\/\/upload.wikimedia.org\/wikipedia\/commons\/thumb\/7\/7c\/Facebook_New_Logo_%282015%29.svg\/2000px-Facebook_New_Logo_%282015%29.svg.png\" alt=\"Resultado de imagen de facebook\" width=\"122\" height=\"46\" \/><\/a><a href=\"https:\/\/www.youtube.com\/channel\/UCFzenkS75udEcs4pB4qoZsg\"><img loading=\"lazy\" decoding=\"async\" class=\"alignleft\" src=\"https:\/\/i.kinja-img.com\/gawker-media\/image\/upload\/s--heVex4FV--\/c_scale,fl_progressive,q_80,w_800\/pol5zfmalpqmpt1jcnbp.png\" alt=\"Resultado de imagen de youtube\" width=\"117\" height=\"50\" \/><\/a><img loading=\"lazy\" decoding=\"async\" class=\"alignleft\" src=\"https:\/\/www.educapeques.com\/wp-content\/uploads\/2016\/04\/descargar-whatsapp.png\" alt=\"Resultado de imagen de whatsapp\" width=\"64\" height=\"50\" \/><\/p>\n<p><img loading=\"lazy\" decoding=\"async\" class=\"wp-image-262 alignleft\" src=\"http:\/\/ccoo.app\/diputacio-de-barcelona\/wp-content\/blogs.dir\/6\/files\/sites\/186\/2016\/04\/afiliat_ccoo_cat.gif\" alt=\"Tota la informaci\u00f3 de com afiliar-se a CCOO Catalunya i forlmulari d'alta o baxia.\" width=\"90\" height=\"80\" \/><\/p>\n<p>&nbsp;<\/p>\n<p>&nbsp;<\/p>\n<p>&nbsp;<\/p>\n<p>&nbsp;<\/p>\n<p>&nbsp;    \t<\/p>\n","protected":false},"excerpt":{"rendered":"<p>\u00a0 \u00a0 19.06.2018\u00a0 CONVOQUEM CONCENTRACI\u00d3 PEL PROPER PLE DE LA\u00a0DIPUTACI\u00d3 DE BARCELONA: DIJOUS 28 DE JUNY DE 2018. Comunicat conjunt de CCOO i CGT. En aquest moment, L\u2019ACTUAL ESCENARI respecte &#8230; <\/p>\n<p class=\"read-more-container\"><a title=\"CONVOQUEM CONCENTRACI\u00d3 PEL PROPER PLE DE LA\u00a0DIPUTACI\u00d3 DE BARCELONA\" class=\"read-more button\" href=\"https:\/\/ccoo.app\/diputacio-de-barcelona\/convoquem-concentracio-pel-proper-ple-de-la-diputacio-de-barcelona\/#more-50096\" aria-label=\"Leer m\u00e1s sobre CONVOQUEM CONCENTRACI\u00d3 PEL PROPER PLE DE LA\u00a0DIPUTACI\u00d3 DE BARCELONA\">Continuar llegint<\/a><\/p>\n","protected":false},"author":4519,"featured_media":2231,"comment_status":"open","ping_status":"open","sticky":false,"template":"","format":"standard","meta":{"footnotes":""},"categories":[19,26,27,32],"tags":[105,148],"class_list":["post-50096","post","type-post","status-publish","format-standard","has-post-thumbnail","hentry","category-comunicats","category-mgn","category-millores-socials","category-premis","tag-els-nostres-drets-no-es-suspenen-es-defensen","tag-mesa-general-negociacio","generate-columns","tablet-grid-50","mobile-grid-100","grid-parent","grid-50"],"_links":{"self":[{"href":"https:\/\/ccoo.app\/diputacio-de-barcelona\/wp-json\/wp\/v2\/posts\/50096","targetHints":{"allow":["GET"]}}],"collection":[{"href":"https:\/\/ccoo.app\/diputacio-de-barcelona\/wp-json\/wp\/v2\/posts"}],"about":[{"href":"https:\/\/ccoo.app\/diputacio-de-barcelona\/wp-json\/wp\/v2\/types\/post"}],"author":[{"embeddable":true,"href":"https:\/\/ccoo.app\/diputacio-de-barcelona\/wp-json\/wp\/v2\/users\/4519"}],"replies":[{"embeddable":true,"href":"https:\/\/ccoo.app\/diputacio-de-barcelona\/wp-json\/wp\/v2\/comments?post=50096"}],"version-history":[{"count":1,"href":"https:\/\/ccoo.app\/diputacio-de-barcelona\/wp-json\/wp\/v2\/posts\/50096\/revisions"}],"predecessor-version":[{"id":52159,"href":"https:\/\/ccoo.app\/diputacio-de-barcelona\/wp-json\/wp\/v2\/posts\/50096\/revisions\/52159"}],"wp:featuredmedia":[{"embeddable":true,"href":"https:\/\/ccoo.app\/diputacio-de-barcelona\/wp-json\/wp\/v2\/media\/2231"}],"wp:attachment":[{"href":"https:\/\/ccoo.app\/diputacio-de-barcelona\/wp-json\/wp\/v2\/media?parent=50096"}],"wp:term":[{"taxonomy":"category","embeddable":true,"href":"https:\/\/ccoo.app\/diputacio-de-barcelona\/wp-json\/wp\/v2\/categories?post=50096"},{"taxonomy":"post_tag","embeddable":true,"href":"https:\/\/ccoo.app\/diputacio-de-barcelona\/wp-json\/wp\/v2\/tags?post=50096"}],"curies":[{"name":"wp","href":"https:\/\/api.w.org\/{rel}","templated":true}]}}