{"id":5007,"date":"2020-03-12T08:22:09","date_gmt":"2020-03-12T07:22:09","guid":{"rendered":"https:\/\/diba.ccoo.cat\/?p=5007"},"modified":"2023-02-22T18:56:54","modified_gmt":"2023-02-22T17:56:54","slug":"actuacions-per-fer-front-al-coronavirus-a-la-diputacio","status":"publish","type":"post","link":"https:\/\/ccoo.app\/diputacio-de-barcelona\/actuacions-per-fer-front-al-coronavirus-a-la-diputacio\/","title":{"rendered":"1\/COVID-19. ACTUACIONS PER FER FRONT AL CORONAVIRUS A LA DIPUTACI\u00d3"},"content":{"rendered":"<p class=\"wp-caption-text\"><img loading=\"lazy\" decoding=\"async\" class=\"alignnone wp-image-1853\" src=\"http:\/\/ccoo.app\/diputacio-de-barcelona\/wp-content\/blogs.dir\/6\/files\/sites\/186\/2018\/01\/logoccoov18.jpg\" alt=\"\" width=\"137\" height=\"63\" \/>\u00a0 <a href=\"http:\/\/ccoo.app\/diputacio-de-barcelona\/wp-content\/blogs.dir\/6\/files\/sites\/186\/2020\/03\/comunicat-coronavirus-sars.pdf\"><img loading=\"lazy\" decoding=\"async\" class=\"alignnone wp-image-5366\" src=\"http:\/\/ccoo.app\/diputacio-de-barcelona\/wp-content\/blogs.dir\/6\/files\/sites\/186\/2020\/04\/documentacio-adjunta-300x296.png\" alt=\"\" width=\"129\" height=\"127\" srcset=\"https:\/\/ccoo.app\/diputacio-de-barcelona\/wp-content\/blogs.dir\/6\/files\/sites\/186\/2020\/04\/documentacio-adjunta-300x296.png 300w, https:\/\/ccoo.app\/diputacio-de-barcelona\/wp-content\/blogs.dir\/6\/files\/sites\/186\/2020\/04\/documentacio-adjunta.png 667w\" sizes=\"auto, (max-width: 129px) 100vw, 129px\" \/><\/a><\/p>\n<p style=\"text-align: center\"><span style=\"font-family: 'arial black', sans-serif;font-size: 20px;color: #0000ff\"><strong>ACTUACIONS ORGANITZATIVES I INDIVIDUALS A LA DIPUTACI\u00d3 PER FER FRONT AL CORONAVIRUS SARS-CoV-2:\u00a0<\/strong><\/span><\/p>\n<p style=\"text-align: center\"><span style=\"font-family: arial, helvetica, sans-serif;font-size: 12pt;color: #000000\">-12 DE MAR\u00c7 2020-<\/span><\/p>\n<p style=\"text-align: justify\"><span style=\"font-family: arial, helvetica, sans-serif;color: #000000\">Per fer front a la crisi sanit\u00e0ria generada pel coronavirus SARS-CoV-2, ja sabreu que fa uns dies <strong>s\u2019ha constitu\u00eft a la Diputaci\u00f3<\/strong> un grup de treball format per representants de la corporaci\u00f3 i un altra integrat per representants de la Diputaci\u00f3 i pels delegats de prevenci\u00f3. CCOO defensem que totes les mesures laborals que s\u2019hagin de prendre en relaci\u00f3 a la prevenci\u00f3 i a l\u2019activitat del personal compti amb la participaci\u00f3 dels sindicats.<\/span><\/p>\n<p style=\"text-align: justify\"><span style=\"font-family: arial, helvetica, sans-serif;color: #000000\">De les reunions mantingudes fins ara (la d\u2019ahir convocada a petici\u00f3 de CCOO i UGT), <strong>la Diputaci\u00f3 reitera que aplicar\u00e0 de manera immediata quantes mesures siguin necess\u00e0ries per a garantir la salut del personal <\/strong>d\u2019acord amb les indicacions de les autoritats competents.<\/span><\/p>\n<p style=\"text-align: justify\"><span style=\"font-family: arial, helvetica, sans-serif;color: #000000\">At\u00e8s el coneixement que tenim sobre el mecanisme de transmissi\u00f3 del coronavirus <strong>ens cal estar ben informats<\/strong>. En conseq\u00fc\u00e8ncia, <strong>US RECOMANEM<\/strong> estar pendents a les instruccions, pautes i recomanacions que trobareu <strong><u>a l\u2019apartat habilitat a intradiba (cliqueu sobre la seg\u00fcent imatge):<\/u><\/strong><\/span><\/p>\n<p><a href=\"https:\/\/intradiba.diba.cat\/web\/coronavirus\"><img loading=\"lazy\" decoding=\"async\" class=\"size-full wp-image-5008 aligncenter\" src=\"http:\/\/ccoo.app\/diputacio-de-barcelona\/wp-content\/blogs.dir\/6\/files\/sites\/186\/2020\/03\/coronavirus-intradiba.png\" alt=\"\" width=\"288\" height=\"113\" \/><\/a><\/p>\n<p style=\"text-align: justify\"><span style=\"font-family: arial, helvetica, sans-serif;color: #000000\">Tamb\u00e9 <strong><u>CCOO Catalunya disposa d\u2019informaci\u00f3<\/u><\/strong> actualitzada:<\/span><\/p>\n<ul style=\"text-align: justify\">\n<li><span style=\"font-family: arial, helvetica, sans-serif;color: #000000\">Indicacions sobre l\u2019evoluci\u00f3 del coronavirus respecte del m\u00f3n del treball (<a href=\"https:\/\/www.ccoo.cat\/noticia\/228586\/indicacions-i-informacions-sobre-levolucio-del-coronavirus-covid-19-respecte-del-mon-del-treball#.XmngWemWycy\"><span style=\"color: #0000ff\"><strong><span style=\"font-family: 'arial black', sans-serif\">cliqueu aqu<\/span>\u00ed<\/strong><\/span><\/a>)<\/span><\/li>\n<li><span style=\"font-family: arial, helvetica, sans-serif;color: #000000\">Preguntes freq\u00fcents sobre el coronavirus (<span style=\"color: #0000ff;font-family: 'arial black', sans-serif\"><a style=\"color: #0000ff\" href=\"https:\/\/www.ccoo.cat\/noticia\/228735\/preguntes-frequents-sobre-el-coronavirus#.XmngdOmWycx\">cliqueu aqu\u00ed<\/a>)<\/span><\/span><\/li>\n<\/ul>\n<p style=\"text-align: justify\"><span style=\"font-family: arial, helvetica, sans-serif;color: #000000\"><strong>\u00a0<\/strong><\/span><\/p>\n<p style=\"text-align: justify\"><span style=\"font-family: arial, helvetica, sans-serif;color: #000000\"><span style=\"font-family: 'arial black', sans-serif;background-color: #ffff00\">MESURES INDIVIDUALS<\/span> <strong>Tot el personal ens hem de <u>prendre seriosament<\/u> les mesures individuals recomanades:<\/strong><\/span><\/p>\n<ul style=\"text-align: justify\">\n<li><span style=\"font-family: arial, helvetica, sans-serif;color: #000000\">Cal tapar-se la boca i el nas amb mocadors d\u2019un sol \u00fas o amb la cara interna del colze en el moment de tossir o esternudar i rentar-se les mans de seguida.<\/span><\/li>\n<li><span style=\"font-family: arial, helvetica, sans-serif;color: #000000\">\u00c9s essencial refor\u00e7ar les mesures habituals d\u2019higiene, rentar-se freq\u00fcentment les mans amb sab\u00f3 especialment despr\u00e9s del contacte directe amb persones.<\/span><\/li>\n<li><span style=\"font-family: arial, helvetica, sans-serif;color: #000000\">Es recomana evitar el contacte estret i mantenir distanciaci\u00f3 social amb persones que mostrin signes d\u2019afecci\u00f3 respirat\u00f2ria, com ara tos o esternuts.<\/span><\/li>\n<\/ul>\n<p><span style=\"font-family: 'arial black', sans-serif;color: #0000ff\"><span style=\"color: #000000;font-family: arial, helvetica, sans-serif\">V\u00eddeo explicatiu sobre com i quan rentar-se les mans (<\/span><a style=\"color: #0000ff\" href=\"http:\/\/canalsalut.gencat.cat\/ca\/vida-saludable\/habits_dhigiene\/rentarse_les_mans\/\">Cliqueu sobre la seg\u00fcent imatge<\/a>):<\/span><\/p>\n<p><a href=\"http:\/\/canalsalut.gencat.cat\/ca\/vida-saludable\/habits_dhigiene\/rentarse_les_mans\/\"><img loading=\"lazy\" decoding=\"async\" class=\" wp-image-5009 aligncenter\" src=\"http:\/\/ccoo.app\/diputacio-de-barcelona\/wp-content\/blogs.dir\/6\/files\/sites\/186\/2020\/03\/coronavirus-mans-2-300x168.png\" alt=\"\" width=\"250\" height=\"140\" srcset=\"https:\/\/ccoo.app\/diputacio-de-barcelona\/wp-content\/blogs.dir\/6\/files\/sites\/186\/2020\/03\/coronavirus-mans-2-300x168.png 300w, https:\/\/ccoo.app\/diputacio-de-barcelona\/wp-content\/blogs.dir\/6\/files\/sites\/186\/2020\/03\/coronavirus-mans-2.png 746w\" sizes=\"auto, (max-width: 250px) 100vw, 250px\" \/><\/a><\/p>\n<p style=\"text-align: justify\"><span style=\"font-family: arial, helvetica, sans-serif;color: #000000\"><strong>\u00a0<\/strong><\/span><\/p>\n<p style=\"text-align: justify\"><span style=\"font-family: 'arial black', sans-serif;color: #000000;background-color: #ffff00\"><strong>MESURES ORGANITZATIVES <\/strong><\/span><\/p>\n<p style=\"text-align: justify\"><span style=\"font-family: arial, helvetica, sans-serif;color: #000000\">Tot i que s\u2019ha implementat mesures de prevenci\u00f3 d\u2019acord amb les indicacions de les autoritats sanit\u00e0ries, CCOO hem demanat es pugui anar m\u00e9s enll\u00e0 especialment amb el <strong><u>personal d\u2019atenci\u00f3 directa<\/u>.<\/strong><\/span><\/p>\n<p style=\"text-align: justify\"><span style=\"font-family: arial, helvetica, sans-serif;color: #000000\">Per exemple, es restringiran les visites dels usuaris de <strong>RESPIR<\/strong>. CCOO vam demanar que a m\u00e9s es limiti el nombre de noves altes i es garanteixi solucions hidroalcoh\u00f2liques per aquest personal assistencial.<\/span><\/p>\n<p style=\"text-align: justify\"><span style=\"font-family: arial, helvetica, sans-serif;color: #000000\">Hem demanat mesures pel <strong>personal de la Xarxa de Biblioteques i de l\u2019ORGT<\/strong>.<\/span><\/p>\n<p style=\"text-align: justify\"><span style=\"font-family: arial, helvetica, sans-serif;color: #000000\">De moment a la XBM, no es faran activitats m\u00e9s enll\u00e0 de la prestaci\u00f3 ordin\u00e0ria del servei. \u00a0<\/span><\/p>\n<p style=\"text-align: justify\"><span style=\"font-family: arial, helvetica, sans-serif;color: #000000\">A l\u2019ORGT, es donaran indicacions per evitar en la mesura del possible aglomeracions a les oficines i hem demanat que, mitjan\u00e7ant cartelleria visible, es recordi la import\u00e0ncia de mantenir la dist\u00e0ncia de seguretat entre la persona usu\u00e0ria i l\u2019empleada.<\/span><\/p>\n<p>&nbsp;<\/p>\n<p style=\"text-align: justify\"><span style=\"font-family: arial, helvetica, sans-serif;color: #000000\"><span style=\"font-family: 'arial black', sans-serif\"><strong>Per a tot el personal<\/strong><\/span> que presta servei a la Diputaci\u00f3, CCOO hem demanat que es tingui en compte el <a href=\"https:\/\/www.ccoo.cat\/pdf_documents\/2020\/Recomanacions_CRL_sobre_SARS-COV-2_9_03_2020.pdf\"><span style=\"font-family: 'arial black', sans-serif;color: #0000ff\">document publicat<\/span><\/a> pel Consell de Relacions Laborals de Catalunya (Generalitat, CCOO; UGT, Foment del Treball i PIMEC). Aquest inclou, entre altres recomanacions i mesures l\u2019\u00fas de les TIC, teletreball, e-treball, treball a dist\u00e0ncia (flexibilitat locativa) i borses hor\u00e0ries per a flexibilitat, entre d\u2019altres.<\/span><\/p>\n<p style=\"text-align: justify\"><span style=\"font-family: arial, helvetica, sans-serif;color: #000000\">Davant noves restriccions, CCOO treballar\u00e0 per trobar solucions que facilitin al nostre personal fer-ne front sense p\u00e8rdues econ\u00f2miques i amb mesures de conciliaci\u00f3 excepcionals.<\/span><\/p>\n<p style=\"text-align: justify\"><span style=\"font-family: arial, helvetica, sans-serif;color: #000000\">En qualsevol cas, <strong>t<span style=\"background-color: #ffff00\">otes les mesures han d\u2019anar dirigides principalment a garantir la salut del personal ajustant la prestaci\u00f3 del servei a aquesta realitat.<\/span><\/strong><\/span><\/p>\n<p>&nbsp;<\/p>\n<p style=\"text-align: justify\"><img loading=\"lazy\" decoding=\"async\" class=\"wp-image-5010 alignleft\" src=\"http:\/\/ccoo.app\/diputacio-de-barcelona\/wp-content\/blogs.dir\/6\/files\/sites\/186\/2020\/03\/coronavirus-candado-231x300.jpg\" alt=\"\" width=\"111\" height=\"144\" srcset=\"https:\/\/ccoo.app\/diputacio-de-barcelona\/wp-content\/blogs.dir\/6\/files\/sites\/186\/2020\/03\/coronavirus-candado-231x300.jpg 231w, https:\/\/ccoo.app\/diputacio-de-barcelona\/wp-content\/blogs.dir\/6\/files\/sites\/186\/2020\/03\/coronavirus-candado.jpg 470w\" sizes=\"auto, (max-width: 111px) 100vw, 111px\" \/><\/p>\n<p style=\"text-align: justify\"><span style=\"font-family: arial, helvetica, sans-serif;color: #000000\"><strong>\u00a0<\/strong><\/span><span style=\"font-family: arial, helvetica, sans-serif;color: #000000\"><strong>TANCAMENT DE COL\u00b7LEGIS<\/strong> Si es dona el cas de manera generalitzada, hem demanat que el personal pugui atendre els seus deures familiars amb un perm\u00eds retribu\u00eft. No obstant aix\u00f2, ja tenim coneixement d\u2019alguns tancaments. Si aquests primers casos t\u2019han afectat, posa\u2019t en contacte amb l\u2019Oficina de Prevenci\u00f3 (aplicable tamb\u00e9 per a gent amb depend\u00e8ncia a c\u00e0rrec).<\/span><\/p>\n<p>&nbsp;<\/p>\n<p>&nbsp;<\/p>\n<p style=\"text-align: justify\"><span style=\"font-family: arial, helvetica, sans-serif;color: #000000\"><strong>DAVANT QUALSEVOL DUBTE O INCID\u00c8NCIA<\/strong><\/span><\/p>\n<ul style=\"text-align: justify\">\n<li><span style=\"font-family: arial, helvetica, sans-serif;color: #000000\">Podeu posar-vos en contacte amb l\u2019Oficina de Prevenci\u00f3 de la Diputaci\u00f3 (<a style=\"color: #000000\" href=\"mailto:oprl.vigilanciasalut@diba.cat\">vigilanciasalut@diba.cat<\/a>)<\/span><\/li>\n<li><span style=\"font-family: arial, helvetica, sans-serif;color: #000000\">Podeu posar-vos en contacte amb els i les delegades de prevenci\u00f3 (<a href=\"https:\/\/intradiba.diba.cat\/web\/prevencio-de-riscos-laborals\/delegats-de-prevencio\"><span style=\"font-family: 'arial black', sans-serif;color: #0000ff\">cliqueu aqu\u00ed<\/span><\/a>).<\/span><\/li>\n<\/ul>\n<p>&nbsp;<\/p>\n<p style=\"text-align: center\"><span style=\"font-family: 'arial black', sans-serif;font-size: 20px;background-color: #ff0000;color: #ffff00\">TOTA LA INFORMACI\u00d3 QUE NECESSITES<\/span><\/p>\n<p style=\"text-align: justify\"><span style=\"font-family: arial, helvetica, sans-serif;color: #000000\">La\u00a0SECCI\u00d3 SINDICAL DE CCOO<strong>\u00a0seguim treballant<\/strong>\u00a0(de manera telem\u00e0tica) per poder\u00a0<strong>donar resposta a tots els dubtes<\/strong>\u00a0que tingueu o\u00a0<strong>solucionar els problemes que es puguin generar.<\/strong><\/span><\/p>\n<p style=\"text-align: center\"><span style=\"font-family: 'arial black', sans-serif;color: #0000ff\"><a style=\"color: #0000ff\" href=\"mailto:ccoo@diba.cat\"><strong>ccoo@diba.cat<\/strong><\/a><\/span><\/p>\n<p style=\"text-align: center\"><span style=\"font-family: 'arial black', sans-serif;color: #0000ff\"><a style=\"color: #0000ff\" href=\"mailto:orgt.ssccoo@diba.cat\">orgt.ssccoo@diba.cat<\/a><\/span><\/p>\n<p style=\"text-align: justify\"><span style=\"font-family: arial, helvetica, sans-serif;color: #000000\">Podeu fer-nos arribar les vostres preguntes o dubtes. O si ho desitgeu, deixeu el vostre n\u00famero de tel\u00e8fon i ens posarem en contacte amb vosaltres.<\/span><\/p>\n<p style=\"text-align: justify\"><span style=\"font-family: arial, helvetica, sans-serif;color: #000000\">Tamb\u00e9 obtindreu informaci\u00f3 dia a dia a les xarxes socials:\u00a0<span style=\"color: #0000ff;font-family: 'arial black', sans-serif\"><a style=\"color: #0000ff\" href=\"https:\/\/twitter.com\/CCOODiba\">Twitter<\/a><\/span>\u00a0i\u00a0<span style=\"font-family: 'arial black', sans-serif;color: #0000ff\"><a style=\"color: #0000ff\" href=\"https:\/\/www.facebook.com\/CcooDiputacioDeBarcelona\/\">Facebook.<\/a><\/span><\/span><\/p>\n<p style=\"text-align: justify\"><span style=\"font-family: arial, helvetica, sans-serif;color: #000000\">Recordeu que actualitzem constantment la nostra p\u00e0gina\u00a0<span style=\"font-family: 'arial black', sans-serif\"><strong><span style=\"color: #0000ff\"><a style=\"color: #0000ff\" href=\"https:\/\/diba.ccoo.cat\/\">web<\/a>.<\/span><\/strong><\/span><\/span><\/p>\n<p>&nbsp;<\/p>\n<p style=\"text-align: center\"><span style=\"font-family: 'comic sans ms', sans-serif;font-size: 24px;background-color: #ffff00;color: #ff0000\"><strong>Tot i que no ens podem tocar, estem junts<\/strong><\/span><\/p>\n<p style=\"text-align: center\"><span style=\"font-family: 'comic sans ms', sans-serif;font-size: 24px;color: #0000ff\"><strong>(<a style=\"color: #0000ff\" href=\"https:\/\/www.youtube.com\/watch?v=rKrw7OFWXoI\">cliqueu aqu\u00ed per veure v\u00eddeo<\/a>)<\/strong><\/span><\/p>\n<p>&nbsp;<\/p>\n<p><a href=\"https:\/\/diba.ccoo.cat\/ccoo-torna-a-ser-primer-sindicat-a-catalunya\/\"><img loading=\"lazy\" decoding=\"async\" class=\"size-medium wp-image-4877 aligncenter\" src=\"http:\/\/ccoo.app\/diputacio-de-barcelona\/wp-content\/blogs.dir\/6\/files\/sites\/186\/2020\/01\/ccoo-primer-sindicat-catalunya-300x117.jpg\" alt=\"\" width=\"300\" height=\"117\" srcset=\"https:\/\/ccoo.app\/diputacio-de-barcelona\/wp-content\/blogs.dir\/6\/files\/sites\/186\/2020\/01\/ccoo-primer-sindicat-catalunya-300x117.jpg 300w, https:\/\/ccoo.app\/diputacio-de-barcelona\/wp-content\/blogs.dir\/6\/files\/sites\/186\/2020\/01\/ccoo-primer-sindicat-catalunya.jpg 490w\" sizes=\"auto, (max-width: 300px) 100vw, 300px\" \/><\/a><\/p>\n<p><a href=\"https:\/\/www.ccoo.es\/noticia:391405\"><img loading=\"lazy\" decoding=\"async\" class=\"size-medium wp-image-4878 aligncenter\" src=\"http:\/\/ccoo.app\/diputacio-de-barcelona\/wp-content\/blogs.dir\/6\/files\/sites\/186\/2020\/01\/ccoo-primer-sindicat-a-espana-300x91.jpg\" alt=\"\" width=\"300\" height=\"91\" srcset=\"https:\/\/ccoo.app\/diputacio-de-barcelona\/wp-content\/blogs.dir\/6\/files\/sites\/186\/2020\/01\/ccoo-primer-sindicat-a-espana-300x91.jpg 300w, https:\/\/ccoo.app\/diputacio-de-barcelona\/wp-content\/blogs.dir\/6\/files\/sites\/186\/2020\/01\/ccoo-primer-sindicat-a-espana.jpg 477w\" sizes=\"auto, (max-width: 300px) 100vw, 300px\" \/><\/a><\/p>\n<p><a href=\"https:\/\/www.ccoo.cat\/noticia\/224842\/ccoo-lliura-els-seus-comptes-auditats-del-2018-a-la-sindicatura-de-comptes-de-catalunya#.XjRZA-mWycz\"><img loading=\"lazy\" decoding=\"async\" class=\"size-medium wp-image-4879 aligncenter\" src=\"http:\/\/ccoo.app\/diputacio-de-barcelona\/wp-content\/blogs.dir\/6\/files\/sites\/186\/2020\/01\/ccoo-primer-sindicat-sindicatura-300x95.jpg\" alt=\"\" width=\"300\" height=\"95\" srcset=\"https:\/\/ccoo.app\/diputacio-de-barcelona\/wp-content\/blogs.dir\/6\/files\/sites\/186\/2020\/01\/ccoo-primer-sindicat-sindicatura-300x95.jpg 300w, https:\/\/ccoo.app\/diputacio-de-barcelona\/wp-content\/blogs.dir\/6\/files\/sites\/186\/2020\/01\/ccoo-primer-sindicat-sindicatura.jpg 476w\" sizes=\"auto, (max-width: 300px) 100vw, 300px\" \/><\/a><\/p>\n<p>&nbsp;<\/p>\n<p>&nbsp;<\/p>\n<p>&nbsp;<\/p>\n<p>&nbsp;<\/p>\n<p>&nbsp;<\/p>\n<p>&nbsp;<\/p>\n<p>&nbsp;<\/p>\n<p>&nbsp;<\/p>\n<p>&nbsp;<\/p>\n<p>&nbsp;<\/p>\n<p>&nbsp;<\/p>\n<p>&nbsp;<\/p>\n<p>&nbsp;<\/p>\n<p>&nbsp;<\/p>\n<p>&nbsp;<\/p>\n<p>&nbsp;<\/p>\n<p>&nbsp;<\/p>\n<p>&nbsp;    \t<\/p>\n","protected":false},"excerpt":{"rendered":"<p>\u00a0 ACTUACIONS ORGANITZATIVES I INDIVIDUALS A LA DIPUTACI\u00d3 PER FER FRONT AL CORONAVIRUS SARS-CoV-2:\u00a0 -12 DE MAR\u00c7 2020- Per fer front a la crisi sanit\u00e0ria generada pel coronavirus SARS-CoV-2, ja &#8230; <\/p>\n<p class=\"read-more-container\"><a title=\"1\/COVID-19. ACTUACIONS PER FER FRONT AL CORONAVIRUS A LA DIPUTACI\u00d3\" class=\"read-more button\" href=\"https:\/\/ccoo.app\/diputacio-de-barcelona\/actuacions-per-fer-front-al-coronavirus-a-la-diputacio\/#more-5007\" aria-label=\"Leer m\u00e1s sobre 1\/COVID-19. ACTUACIONS PER FER FRONT AL CORONAVIRUS A LA DIPUTACI\u00d3\">Continuar llegint<\/a><\/p>\n","protected":false},"author":4519,"featured_media":4985,"comment_status":"open","ping_status":"open","sticky":false,"template":"","format":"standard","meta":{"footnotes":""},"categories":[38,18,19,23,35],"tags":[89,197,212],"class_list":["post-5007","post","type-post","status-publish","format-standard","has-post-thumbnail","hentry","category-a-tot-el-personal","category-ccoo-info","category-comunicats","category-informacio-general","category-salut-laboral","tag-coronavirus","tag-proteccio","tag-salut","generate-columns","tablet-grid-50","mobile-grid-100","grid-parent","grid-50"],"_links":{"self":[{"href":"https:\/\/ccoo.app\/diputacio-de-barcelona\/wp-json\/wp\/v2\/posts\/5007","targetHints":{"allow":["GET"]}}],"collection":[{"href":"https:\/\/ccoo.app\/diputacio-de-barcelona\/wp-json\/wp\/v2\/posts"}],"about":[{"href":"https:\/\/ccoo.app\/diputacio-de-barcelona\/wp-json\/wp\/v2\/types\/post"}],"author":[{"embeddable":true,"href":"https:\/\/ccoo.app\/diputacio-de-barcelona\/wp-json\/wp\/v2\/users\/4519"}],"replies":[{"embeddable":true,"href":"https:\/\/ccoo.app\/diputacio-de-barcelona\/wp-json\/wp\/v2\/comments?post=5007"}],"version-history":[{"count":1,"href":"https:\/\/ccoo.app\/diputacio-de-barcelona\/wp-json\/wp\/v2\/posts\/5007\/revisions"}],"predecessor-version":[{"id":51891,"href":"https:\/\/ccoo.app\/diputacio-de-barcelona\/wp-json\/wp\/v2\/posts\/5007\/revisions\/51891"}],"wp:featuredmedia":[{"embeddable":true,"href":"https:\/\/ccoo.app\/diputacio-de-barcelona\/wp-json\/wp\/v2\/media\/4985"}],"wp:attachment":[{"href":"https:\/\/ccoo.app\/diputacio-de-barcelona\/wp-json\/wp\/v2\/media?parent=5007"}],"wp:term":[{"taxonomy":"category","embeddable":true,"href":"https:\/\/ccoo.app\/diputacio-de-barcelona\/wp-json\/wp\/v2\/categories?post=5007"},{"taxonomy":"post_tag","embeddable":true,"href":"https:\/\/ccoo.app\/diputacio-de-barcelona\/wp-json\/wp\/v2\/tags?post=5007"}],"curies":[{"name":"wp","href":"https:\/\/api.w.org\/{rel}","templated":true}]}}