{"id":50050,"date":"2022-05-20T09:57:33","date_gmt":"2022-05-20T07:57:33","guid":{"rendered":"https:\/\/diba.ccoo.cat\/?p=50050"},"modified":"2023-10-17T14:05:19","modified_gmt":"2023-10-17T12:05:19","slug":"cap-a-la-mobilitzacio-no-et-callis-diba-deu-30-milions-euros-plantilla","status":"publish","type":"post","link":"https:\/\/ccoo.app\/diputacio-de-barcelona\/cap-a-la-mobilitzacio-no-et-callis-diba-deu-30-milions-euros-plantilla\/","title":{"rendered":"CAP A LA MOBILITZACI\u00d3: NO ET CALLIS!"},"content":{"rendered":"\n<p><\/p>\n\n\n<p class=\"wp-caption-text\">\n<\/p><p><img loading=\"lazy\" decoding=\"async\" class=\"aligncenter wp-image-49907 size-medium\" src=\"http:\/\/ccoo.app\/diputacio-de-barcelona\/wp-content\/blogs.dir\/6\/files\/sites\/186\/2022\/03\/logo-diputacio-de-barcelona-300x108.png\" alt=\"Secci\u00f3 sincidicarl de Comissions Obreres a la Diputaci\u00f3 de Barcelona\" width=\"300\" height=\"108\" srcset=\"https:\/\/ccoo.app\/diputacio-de-barcelona\/wp-content\/blogs.dir\/6\/files\/sites\/186\/2022\/03\/logo-diputacio-de-barcelona-300x108.png 300w, https:\/\/ccoo.app\/diputacio-de-barcelona\/wp-content\/blogs.dir\/6\/files\/sites\/186\/2022\/03\/logo-diputacio-de-barcelona.png 742w\" sizes=\"auto, (max-width: 300px) 100vw, 300px\" \/><\/p>\n<p style=\"text-align: center\"><span style=\"color: #000000\">-20 de maig de 2022-<\/span><\/p>\n<p><\/p>\n<h2><span style=\"color: #000000\"><strong>LA DIPUTACI\u00d3 DE BARCELONA DEU M\u00c9S DE 30 MILIONS D&#8217;EUROS A LA PLANTILLA<\/strong><\/span><\/h2>\n<h3><strong>Per la recuperaci\u00f3 dels nostres drets!<\/strong><\/h3>\n<p>Com ja hem vingut informant aquestes darreres setmanes, des de la Secci\u00f3 Sindical de CCOO volem traslladar a tota la plantilla que, tal i com hem explicat a les diferents assemblees i darrers comunicats, la instituci\u00f3 que dirigeix N\u00faria Mar\u00edn no vol complir amb el conjunt de treballadores i treballadors:<\/p>\n<p><strong><u>NO<\/u><\/strong> a l\u2019incentiu per jubilaci\u00f3 anticipada<\/p>\n<p><strong><u>NO<\/u><\/strong> a la indemnitzaci\u00f3 TIC<\/p>\n<p><strong><u>NO<\/u><\/strong> a la carrera professional<\/p>\n<p><strong><u>NO<\/u><\/strong> a la compensaci\u00f3 econ\u00f2mica per teletreballar<\/p>\n<p><strong><u>NO<\/u><\/strong> a l\u2019increment de la quantia econ\u00f2mica dels plusos per nocturnitat i festivitat<\/p>\n<p><strong><u>NO<\/u><\/strong> a la modificaci\u00f3 de l\u2019acord per ajut menjar per simplificar el dret a percebre\u2019l<\/p>\n<p>I en canvi&#8230;<\/p>\n<p><strong><u>S\u00cd<\/u><\/strong> al perllongament de l\u2019edat de treball<\/p>\n<p><strong><u>S\u00cd<\/u><\/strong> al retard en l\u2019execuci\u00f3 de la Promoci\u00f3 Interna<\/p>\n<p><strong><u>S\u00cd<\/u><\/strong> a la retallada d\u2019espais de treball i a anonimitzar les taules de treball<\/p>\n<p><strong><u>S\u00cd<\/u><\/strong> a cada cop m\u00e9s subcontractar empreses privades per a la realitzaci\u00f3 de tasques<\/p>\n<p><strong><u>S\u00cd <\/u><\/strong>a modificacions de la RLLT que afecten a uns pocs privilegiats de la corporaci\u00f3<\/p>\n<p>Des de <strong>CCOO denunciem la unilateralitat<\/strong> amb la qual la corporaci\u00f3 est\u00e0 actuant, deixant-nos poc marge a negociar <strong>i aplicant unes retallades molt sibil\u00b7lines<\/strong>.<\/p>\n<p>Per tot aix\u00f2, des de CCOO fem una <strong>crida general a tota la plantilla per a que assisteixi el proper dijous 26, a les 11.30h<\/strong>, davant de l\u2019entrada del <strong>Paranimf de l\u2019Escola Industrial<\/strong> per mostrar el nostre total rebuig a aquesta manera de fer de la DIBA. <strong>Hem de fer molt de soroll i ser moltes i molts per a que se\u2019ns escolti des del Ple de la Diputaci\u00f3<\/strong>. Tamb\u00e9 fem una crida a la resta de seccions sindicals per a que ens acompanyin tot cercant un consens sindical m\u00e9s que necessari en la situaci\u00f3 en la qual ens trobem.<\/p>\n<p style=\"text-align: center\"><strong><u>CONCENTRACI\u00d3:<\/u><\/strong><\/p>\n<p style=\"text-align: center\"><strong><u>DAVANT DEL PARANIMF ESCOLA INDUSTRIAL<\/u><\/strong><\/p>\n<p style=\"text-align: center\"><strong><u>DIJOUS 26 MAIG, 11.30H<\/u><\/strong><\/p>\n<p><\/p>\n<p><img loading=\"lazy\" decoding=\"async\" class=\" wp-image-50052 aligncenter\" src=\"http:\/\/ccoo.app\/diputacio-de-barcelona\/wp-content\/blogs.dir\/6\/files\/sites\/186\/2022\/05\/cartell-mani-png-212x300.png\" alt=\"\" width=\"278\" height=\"394\" srcset=\"https:\/\/ccoo.app\/diputacio-de-barcelona\/wp-content\/blogs.dir\/6\/files\/sites\/186\/2022\/05\/cartell-mani-png-212x300.png 212w, https:\/\/ccoo.app\/diputacio-de-barcelona\/wp-content\/blogs.dir\/6\/files\/sites\/186\/2022\/05\/cartell-mani-png.png 616w\" sizes=\"auto, (max-width: 278px) 100vw, 278px\" \/><\/p>\n<h2><strong>&nbsp;<\/strong><\/h2>\n<p>&nbsp; &nbsp;&nbsp;&nbsp; <img loading=\"lazy\" decoding=\"async\" class=\"alignnone size-full wp-image-49915\" src=\"http:\/\/ccoo.app\/diputacio-de-barcelona\/wp-content\/blogs.dir\/6\/files\/sites\/186\/2022\/03\/tel.png\" alt=\"\" width=\"129\" height=\"38\">&nbsp; &nbsp; &nbsp; &nbsp;<a href=\"ccoo@diba.cat\"><img loading=\"lazy\" decoding=\"async\" class=\"alignnone size-full wp-image-49916\" src=\"http:\/\/ccoo.app\/diputacio-de-barcelona\/wp-content\/blogs.dir\/6\/files\/sites\/186\/2022\/03\/mail.png\" alt=\"\" width=\"51\" height=\"37\"><\/a>&nbsp; &nbsp; &nbsp; &nbsp; &nbsp; &nbsp; &nbsp; <a href=\"https:\/\/twitter.com\/ccoodiba\"><img loading=\"lazy\" decoding=\"async\" class=\"alignnone size-full wp-image-49917\" src=\"http:\/\/ccoo.app\/diputacio-de-barcelona\/wp-content\/blogs.dir\/6\/files\/sites\/186\/2022\/03\/tw.png\" alt=\"\" width=\"44\" height=\"38\"><\/a>&nbsp; &nbsp; &nbsp; &nbsp; &nbsp; &nbsp; &nbsp;<a href=\"https:\/\/www.instagram.com\/ccoo_diba\/\"><img loading=\"lazy\" decoding=\"async\" class=\"alignnone size-full wp-image-49918\" src=\"http:\/\/ccoo.app\/diputacio-de-barcelona\/wp-content\/blogs.dir\/6\/files\/sites\/186\/2022\/03\/ig.png\" alt=\"\" width=\"45\" height=\"44\"><\/a>&nbsp; &nbsp; &nbsp; &nbsp; &nbsp; &nbsp; &nbsp;<a href=\"http:\/\/diba.ccoo.cat\"><img loading=\"lazy\" decoding=\"async\" class=\"alignnone size-full wp-image-49919\" src=\"http:\/\/ccoo.app\/diputacio-de-barcelona\/wp-content\/blogs.dir\/6\/files\/sites\/186\/2022\/03\/www.png\" alt=\"\" width=\"39\" height=\"40\"><\/a>&nbsp; &nbsp; &nbsp; &nbsp; &nbsp; &nbsp; &nbsp; &nbsp; &nbsp; &nbsp; <a href=\"https:\/\/www.ccoo.cat\/afiliat\/?_sfm_aff_situation=94\"><img loading=\"lazy\" decoding=\"async\" class=\"alignnone size-full wp-image-49920\" src=\"http:\/\/ccoo.app\/diputacio-de-barcelona\/wp-content\/blogs.dir\/6\/files\/sites\/186\/2022\/03\/af.png\" alt=\"\" width=\"125\" height=\"38\"><\/a>&nbsp;&nbsp;&nbsp;&nbsp;&nbsp;&nbsp;&nbsp;&nbsp;&nbsp;&nbsp;&nbsp; &nbsp;&nbsp;&nbsp; &nbsp; &nbsp;&nbsp;&nbsp; &nbsp;&nbsp; &nbsp;&nbsp;&nbsp;&nbsp;&nbsp; &nbsp;&nbsp;&nbsp;&nbsp;&nbsp;&nbsp;&nbsp; &nbsp;<\/p>\n<p><\/p>\n\n\n<p><\/p>\n","protected":false},"excerpt":{"rendered":"<p>-20 de maig de 2022- LA DIPUTACI\u00d3 DE BARCELONA DEU M\u00c9S DE 30 MILIONS D&#8217;EUROS A LA PLANTILLA Per la recuperaci\u00f3 dels nostres drets! Com ja hem vingut informant aquestes &#8230; <\/p>\n<p class=\"read-more-container\"><a title=\"CAP A LA MOBILITZACI\u00d3: NO ET CALLIS!\" class=\"read-more button\" href=\"https:\/\/ccoo.app\/diputacio-de-barcelona\/cap-a-la-mobilitzacio-no-et-callis-diba-deu-30-milions-euros-plantilla\/#more-50050\" aria-label=\"Leer m\u00e1s sobre CAP A LA MOBILITZACI\u00d3: NO ET CALLIS!\">Continuar llegint<\/a><\/p>\n","protected":false},"author":4519,"featured_media":50052,"comment_status":"open","ping_status":"open","sticky":false,"template":"","format":"standard","meta":{"footnotes":""},"categories":[38,14,18,19,25,26,29,31,33,34,36,37],"tags":[53,85,132,138,148,149],"class_list":["post-50050","post","type-post","status-publish","format-standard","has-post-thumbnail","hentry","category-a-tot-el-personal","category-afiliacio-ccoo-diba","category-ccoo-info","category-comunicats","category-jubilacio","category-mgn","category-orgt-2","category-personal-interi-comunicats","category-propostes-sindicals","category-respir","category-app","category-xbm","tag-accio-sindical","tag-concentracio-2","tag-jubilacions","tag-manifestacio-2","tag-mesa-general-negociacio","tag-mgnmc","generate-columns","tablet-grid-50","mobile-grid-100","grid-parent","grid-50"],"_links":{"self":[{"href":"https:\/\/ccoo.app\/diputacio-de-barcelona\/wp-json\/wp\/v2\/posts\/50050","targetHints":{"allow":["GET"]}}],"collection":[{"href":"https:\/\/ccoo.app\/diputacio-de-barcelona\/wp-json\/wp\/v2\/posts"}],"about":[{"href":"https:\/\/ccoo.app\/diputacio-de-barcelona\/wp-json\/wp\/v2\/types\/post"}],"author":[{"embeddable":true,"href":"https:\/\/ccoo.app\/diputacio-de-barcelona\/wp-json\/wp\/v2\/users\/4519"}],"replies":[{"embeddable":true,"href":"https:\/\/ccoo.app\/diputacio-de-barcelona\/wp-json\/wp\/v2\/comments?post=50050"}],"version-history":[{"count":2,"href":"https:\/\/ccoo.app\/diputacio-de-barcelona\/wp-json\/wp\/v2\/posts\/50050\/revisions"}],"predecessor-version":[{"id":51555,"href":"https:\/\/ccoo.app\/diputacio-de-barcelona\/wp-json\/wp\/v2\/posts\/50050\/revisions\/51555"}],"wp:featuredmedia":[{"embeddable":true,"href":"https:\/\/ccoo.app\/diputacio-de-barcelona\/wp-json\/wp\/v2\/media\/50052"}],"wp:attachment":[{"href":"https:\/\/ccoo.app\/diputacio-de-barcelona\/wp-json\/wp\/v2\/media?parent=50050"}],"wp:term":[{"taxonomy":"category","embeddable":true,"href":"https:\/\/ccoo.app\/diputacio-de-barcelona\/wp-json\/wp\/v2\/categories?post=50050"},{"taxonomy":"post_tag","embeddable":true,"href":"https:\/\/ccoo.app\/diputacio-de-barcelona\/wp-json\/wp\/v2\/tags?post=50050"}],"curies":[{"name":"wp","href":"https:\/\/api.w.org\/{rel}","templated":true}]}}