{"id":50045,"date":"2022-04-28T10:10:36","date_gmt":"2022-04-28T08:10:36","guid":{"rendered":"https:\/\/diba.ccoo.cat\/?p=50045"},"modified":"2023-10-17T14:05:28","modified_gmt":"2023-10-17T12:05:28","slug":"1-maig-contenir-preus-apujar-salaris-posar-fi-desigualtats","status":"publish","type":"post","link":"https:\/\/ccoo.app\/diputacio-de-barcelona\/1-maig-contenir-preus-apujar-salaris-posar-fi-desigualtats\/","title":{"rendered":"PRIMER DE MAIG 2022: CONTENIR PREUS, APUJAR SALARIS, POSAR FI A LES DESIGUALTATS"},"content":{"rendered":"\n<p><\/p>\n\n\n<p class=\"wp-caption-text\">\n<\/p><p><img loading=\"lazy\" decoding=\"async\" class=\"aligncenter wp-image-49907 size-medium\" src=\"http:\/\/ccoo.app\/diputacio-de-barcelona\/wp-content\/blogs.dir\/6\/files\/sites\/186\/2022\/03\/logo-diputacio-de-barcelona-300x108.png\" alt=\"Secci\u00f3 sincidicarl de Comissions Obreres a la Diputaci\u00f3 de Barcelona\" width=\"300\" height=\"108\" srcset=\"https:\/\/ccoo.app\/diputacio-de-barcelona\/wp-content\/blogs.dir\/6\/files\/sites\/186\/2022\/03\/logo-diputacio-de-barcelona-300x108.png 300w, https:\/\/ccoo.app\/diputacio-de-barcelona\/wp-content\/blogs.dir\/6\/files\/sites\/186\/2022\/03\/logo-diputacio-de-barcelona.png 742w\" sizes=\"auto, (max-width: 300px) 100vw, 300px\" \/><\/p>\n<p style=\"text-align: center\"><span style=\"color: #000000\">-28 d&#8217;abril de 2022-<\/span><\/p>\n<p><\/p>\n<h2><span style=\"color: #000000\"><strong>PRIMER DE MAIG 2022: CONTENIR PREUS, APUJAR SALARIS, POSAR FI A LES DESIGUALTATS<\/strong><\/span><\/h2>\n<p><span style=\"color: #000000\">CCOO celebrar\u00e0 aquest 1 de Maig,&nbsp;<strong>Dia Internacional dels Treballadors i les Treballadores<\/strong>, amb el lema \u201c<strong>La soluci\u00f3: contenir preus, apujar salaris, posar fi a les desigualtats<\/strong>\u201d.<\/span><\/p>\n<p><span style=\"color: #000000\">S\u2019han organitzat diverses&nbsp;manifestacions&nbsp;que tindran lloc a les principals ciutats de Catalunya. <strong>Vine a la manifestaci\u00f3 de Barcelona amb la Secci\u00f3 Sindical de CCOO a la Diputaci\u00f3 de Barcelona:<\/strong><\/span><\/p>\n<p><span style=\"color: #000000\"><strong>Barcelona, 11.30 h, ronda de Sant Pere\/Passeig de Gr\u00e0cia<\/strong><\/span><\/p>\n<p><span style=\"color: #000000\"><strong><br>Tarragona, 12 h, pla\u00e7a&nbsp;Imperial Tarraco<\/strong><\/span><\/p>\n<p><span style=\"color: #000000\"><strong><br>Girona, 12 h, pla\u00e7a de la Independ\u00e8ncia<\/strong><\/span><\/p>\n<p><span style=\"color: #000000\"><strong><br>Lleida, 12 h, pla\u00e7a del Treball<\/strong><\/span><\/p>\n<p><span style=\"color: #000000\"><strong><br>Terrassa, 11 h, pla\u00e7a de Lluis Companys<\/strong><\/span><\/p>\n<p><span style=\"color: #000000\"><strong>Tortosa, 12 h, pla\u00e7a del Carrilet<\/strong><\/span><\/p>\n<p><span style=\"color: #000000\"><strong><br>Igualada, 11.30 h, passeig de Jacint Verdaguer \/ carrer de Sant Mag\u00ed<\/strong><\/span><\/p>\n<p><\/p>\n<p><img loading=\"lazy\" decoding=\"async\" class=\"wp-image-50046 alignnone\" src=\"http:\/\/ccoo.app\/diputacio-de-barcelona\/wp-content\/blogs.dir\/6\/files\/sites\/186\/2022\/04\/baner-1r-maig-2022-ccoo-catalunya-300x169.jpg\" alt=\"\" width=\"454\" height=\"256\" srcset=\"https:\/\/ccoo.app\/diputacio-de-barcelona\/wp-content\/blogs.dir\/6\/files\/sites\/186\/2022\/04\/baner-1r-maig-2022-ccoo-catalunya-300x169.jpg 300w, https:\/\/ccoo.app\/diputacio-de-barcelona\/wp-content\/blogs.dir\/6\/files\/sites\/186\/2022\/04\/baner-1r-maig-2022-ccoo-catalunya-768x432.jpg 768w, https:\/\/ccoo.app\/diputacio-de-barcelona\/wp-content\/blogs.dir\/6\/files\/sites\/186\/2022\/04\/baner-1r-maig-2022-ccoo-catalunya.jpg 1024w\" sizes=\"auto, (max-width: 454px) 100vw, 454px\" \/><\/p>\n<p>*Per saber-ne m\u00e9s: <a href=\"https:\/\/www.ccoo.cat\/noticies\/manifestacions-de-l1-de-maig-de-2022\/\">https:\/\/www.ccoo.cat\/noticies\/manifestacions-de-l1-de-maig-de-2022\/<\/a><\/p>\n<h2><strong>&nbsp;<\/strong><\/h2>\n<p>&nbsp; &nbsp;&nbsp;&nbsp; <img loading=\"lazy\" decoding=\"async\" class=\"alignnone size-full wp-image-49915\" src=\"http:\/\/ccoo.app\/diputacio-de-barcelona\/wp-content\/blogs.dir\/6\/files\/sites\/186\/2022\/03\/tel.png\" alt=\"\" width=\"129\" height=\"38\">&nbsp; &nbsp; &nbsp; &nbsp;<a href=\"ccoo@diba.cat\"><img loading=\"lazy\" decoding=\"async\" class=\"alignnone size-full wp-image-49916\" src=\"http:\/\/ccoo.app\/diputacio-de-barcelona\/wp-content\/blogs.dir\/6\/files\/sites\/186\/2022\/03\/mail.png\" alt=\"\" width=\"51\" height=\"37\"><\/a>&nbsp; &nbsp; &nbsp; &nbsp; &nbsp; &nbsp; &nbsp; <a href=\"https:\/\/twitter.com\/ccoodiba\"><img loading=\"lazy\" decoding=\"async\" class=\"alignnone size-full wp-image-49917\" src=\"http:\/\/ccoo.app\/diputacio-de-barcelona\/wp-content\/blogs.dir\/6\/files\/sites\/186\/2022\/03\/tw.png\" alt=\"\" width=\"44\" height=\"38\"><\/a>&nbsp; &nbsp; &nbsp; &nbsp; &nbsp; &nbsp; &nbsp;<a href=\"https:\/\/www.instagram.com\/ccoo_diba\/\"><img loading=\"lazy\" decoding=\"async\" class=\"alignnone size-full wp-image-49918\" src=\"http:\/\/ccoo.app\/diputacio-de-barcelona\/wp-content\/blogs.dir\/6\/files\/sites\/186\/2022\/03\/ig.png\" alt=\"\" width=\"45\" height=\"44\"><\/a>&nbsp; &nbsp; &nbsp; &nbsp; &nbsp; &nbsp; &nbsp;<a href=\"http:\/\/diba.ccoo.cat\"><img loading=\"lazy\" decoding=\"async\" class=\"alignnone size-full wp-image-49919\" src=\"http:\/\/ccoo.app\/diputacio-de-barcelona\/wp-content\/blogs.dir\/6\/files\/sites\/186\/2022\/03\/www.png\" alt=\"\" width=\"39\" height=\"40\"><\/a>&nbsp; &nbsp; &nbsp; &nbsp; &nbsp; &nbsp; &nbsp; &nbsp; &nbsp; &nbsp; <a href=\"https:\/\/www.ccoo.cat\/afiliat\/?_sfm_aff_situation=94\"><img loading=\"lazy\" decoding=\"async\" class=\"alignnone size-full wp-image-49920\" src=\"http:\/\/ccoo.app\/diputacio-de-barcelona\/wp-content\/blogs.dir\/6\/files\/sites\/186\/2022\/03\/af.png\" alt=\"\" width=\"125\" height=\"38\"><\/a>&nbsp;&nbsp;&nbsp;&nbsp;&nbsp;&nbsp;&nbsp;&nbsp;&nbsp;&nbsp;&nbsp; &nbsp;&nbsp;&nbsp; &nbsp; &nbsp;&nbsp;&nbsp; &nbsp;&nbsp; &nbsp;&nbsp;&nbsp;&nbsp;&nbsp; &nbsp;&nbsp;&nbsp;&nbsp;&nbsp;&nbsp;&nbsp; &nbsp;<\/p>\n<p><\/p>\n\n\n<p><\/p>\n","protected":false},"excerpt":{"rendered":"<p>-28 d&#8217;abril de 2022- PRIMER DE MAIG 2022: CONTENIR PREUS, APUJAR SALARIS, POSAR FI A LES DESIGUALTATS CCOO celebrar\u00e0 aquest 1 de Maig,&nbsp;Dia Internacional dels Treballadors i les Treballadores, amb &#8230; <\/p>\n<p class=\"read-more-container\"><a title=\"PRIMER DE MAIG 2022: CONTENIR PREUS, APUJAR SALARIS, POSAR FI A LES DESIGUALTATS\" class=\"read-more button\" href=\"https:\/\/ccoo.app\/diputacio-de-barcelona\/1-maig-contenir-preus-apujar-salaris-posar-fi-desigualtats\/#more-50045\" aria-label=\"Leer m\u00e1s sobre PRIMER DE MAIG 2022: CONTENIR PREUS, APUJAR SALARIS, POSAR FI A LES DESIGUALTATS\">Continuar llegint<\/a><\/p>\n","protected":false},"author":4519,"featured_media":50046,"comment_status":"open","ping_status":"open","sticky":false,"template":"","format":"standard","meta":{"footnotes":""},"categories":[38,14,18,19,23,29,31,33,34,36,37],"tags":[53,97,138,192,228],"class_list":["post-50045","post","type-post","status-publish","format-standard","has-post-thumbnail","hentry","category-a-tot-el-personal","category-afiliacio-ccoo-diba","category-ccoo-info","category-comunicats","category-informacio-general","category-orgt-2","category-personal-interi-comunicats","category-propostes-sindicals","category-respir","category-app","category-xbm","tag-accio-sindical","tag-dia-internacional-treballadores-i-treballadors","tag-manifestacio-2","tag-primer-de-maig","tag-treball","generate-columns","tablet-grid-50","mobile-grid-100","grid-parent","grid-50"],"_links":{"self":[{"href":"https:\/\/ccoo.app\/diputacio-de-barcelona\/wp-json\/wp\/v2\/posts\/50045","targetHints":{"allow":["GET"]}}],"collection":[{"href":"https:\/\/ccoo.app\/diputacio-de-barcelona\/wp-json\/wp\/v2\/posts"}],"about":[{"href":"https:\/\/ccoo.app\/diputacio-de-barcelona\/wp-json\/wp\/v2\/types\/post"}],"author":[{"embeddable":true,"href":"https:\/\/ccoo.app\/diputacio-de-barcelona\/wp-json\/wp\/v2\/users\/4519"}],"replies":[{"embeddable":true,"href":"https:\/\/ccoo.app\/diputacio-de-barcelona\/wp-json\/wp\/v2\/comments?post=50045"}],"version-history":[{"count":1,"href":"https:\/\/ccoo.app\/diputacio-de-barcelona\/wp-json\/wp\/v2\/posts\/50045\/revisions"}],"predecessor-version":[{"id":50121,"href":"https:\/\/ccoo.app\/diputacio-de-barcelona\/wp-json\/wp\/v2\/posts\/50045\/revisions\/50121"}],"wp:featuredmedia":[{"embeddable":true,"href":"https:\/\/ccoo.app\/diputacio-de-barcelona\/wp-json\/wp\/v2\/media\/50046"}],"wp:attachment":[{"href":"https:\/\/ccoo.app\/diputacio-de-barcelona\/wp-json\/wp\/v2\/media?parent=50045"}],"wp:term":[{"taxonomy":"category","embeddable":true,"href":"https:\/\/ccoo.app\/diputacio-de-barcelona\/wp-json\/wp\/v2\/categories?post=50045"},{"taxonomy":"post_tag","embeddable":true,"href":"https:\/\/ccoo.app\/diputacio-de-barcelona\/wp-json\/wp\/v2\/tags?post=50045"}],"curies":[{"name":"wp","href":"https:\/\/api.w.org\/{rel}","templated":true}]}}