{"id":50041,"date":"2022-04-28T09:59:09","date_gmt":"2022-04-28T07:59:09","guid":{"rendered":"https:\/\/diba.ccoo.cat\/informacions-sindicals-5-abril-2022-copy\/"},"modified":"2023-10-17T14:05:32","modified_gmt":"2023-10-17T12:05:32","slug":"28-dabril-dia-internacional-seguretat-salut-treball","status":"publish","type":"post","link":"https:\/\/ccoo.app\/diputacio-de-barcelona\/28-dabril-dia-internacional-seguretat-salut-treball\/","title":{"rendered":"28 D&#8217;ABRIL. DIA INTERNACIONAL DE LA SEGURETAT I LA SALUT EN EL TREBALL"},"content":{"rendered":"\n<p><\/p>\n\n\n<p class=\"wp-caption-text\">\u00a0<\/p>\n<p><img loading=\"lazy\" decoding=\"async\" class=\"aligncenter wp-image-49907 size-medium\" src=\"http:\/\/ccoo.app\/diputacio-de-barcelona\/wp-content\/blogs.dir\/6\/files\/sites\/186\/2022\/03\/logo-diputacio-de-barcelona-300x108.png\" alt=\"Secci\u00f3 sincidicarl de Comissions Obreres a la Diputaci\u00f3 de Barcelona\" width=\"300\" height=\"108\" srcset=\"https:\/\/ccoo.app\/diputacio-de-barcelona\/wp-content\/blogs.dir\/6\/files\/sites\/186\/2022\/03\/logo-diputacio-de-barcelona-300x108.png 300w, https:\/\/ccoo.app\/diputacio-de-barcelona\/wp-content\/blogs.dir\/6\/files\/sites\/186\/2022\/03\/logo-diputacio-de-barcelona.png 742w\" sizes=\"auto, (max-width: 300px) 100vw, 300px\" \/><\/p>\n<p style=\"text-align: center;\"><span style=\"color: #000000;\">-28 d&#8217;abril de 2022-<\/span><\/p>\n<p>\u00a0<\/p>\n<h2><span style=\"color: #000000;\"><strong>28 D&#8217;ABRIL. DIA INTERNACIONAL DE LA SEGURETAT I LA SALUT EN EL TREBALL<\/strong><\/span><\/h2>\n<p>Pateixes estr\u00e9s? Dolor muscular? Treballes sense prevenci\u00f3 a t\u00f2xics, soroll, dolor, calor, fred? Deixa\u2019t assessorar i resol els teus dubtes! Contacta amb els teus delegats o delegades de prevenci\u00f3: <a href=\"mailto:ccoo.delegatsp@diba.cat\">ccoo.delegatsp@diba.cat<\/a><\/p>\n<p><img loading=\"lazy\" decoding=\"async\" class=\" wp-image-50043 aligncenter\" src=\"http:\/\/ccoo.app\/diputacio-de-barcelona\/wp-content\/blogs.dir\/6\/files\/sites\/186\/2022\/04\/28-abril-2022-300x169.jpg\" alt=\"\" width=\"411\" height=\"232\" srcset=\"https:\/\/ccoo.app\/diputacio-de-barcelona\/wp-content\/blogs.dir\/6\/files\/sites\/186\/2022\/04\/28-abril-2022-300x169.jpg 300w, https:\/\/ccoo.app\/diputacio-de-barcelona\/wp-content\/blogs.dir\/6\/files\/sites\/186\/2022\/04\/28-abril-2022-768x432.jpg 768w, https:\/\/ccoo.app\/diputacio-de-barcelona\/wp-content\/blogs.dir\/6\/files\/sites\/186\/2022\/04\/28-abril-2022.jpg 1024w\" sizes=\"auto, (max-width: 411px) 100vw, 411px\" \/><\/p>\n<p>CCOO som essencials per garantir #M\u00e9sPrevenci\u00f3<\/p>\n<p>*Per saber-ne m\u00e9s: https:\/\/www.ccoo.cat\/noticies\/28-dabril-de-2022-dia-internacional-de-la-salut-i-la-seguretat-en-el-treball<\/p>\n<h2><strong>\u00a0<\/strong><\/h2>\n<p>\u00a0 \u00a0\u00a0\u00a0 <img loading=\"lazy\" decoding=\"async\" class=\"alignnone size-full wp-image-49915\" src=\"http:\/\/ccoo.app\/diputacio-de-barcelona\/wp-content\/blogs.dir\/6\/files\/sites\/186\/2022\/03\/tel.png\" alt=\"\" width=\"129\" height=\"38\" \/>\u00a0 \u00a0 \u00a0 <a href=\"ccoo@diba.cat\"><img loading=\"lazy\" decoding=\"async\" class=\"alignnone size-full wp-image-49916\" src=\"http:\/\/ccoo.app\/diputacio-de-barcelona\/wp-content\/blogs.dir\/6\/files\/sites\/186\/2022\/03\/mail.png\" alt=\"\" width=\"51\" height=\"37\" \/><\/a>\u00a0 \u00a0 \u00a0 <a href=\"https:\/\/twitter.com\/ccoodiba\"><img loading=\"lazy\" decoding=\"async\" class=\"alignnone size-full wp-image-49917\" src=\"http:\/\/ccoo.app\/diputacio-de-barcelona\/wp-content\/blogs.dir\/6\/files\/sites\/186\/2022\/03\/tw.png\" alt=\"\" width=\"44\" height=\"38\" \/><\/a>\u00a0 \u00a0 \u00a0 \u00a0 <a href=\"https:\/\/www.instagram.com\/ccoo_diba\/\"><img loading=\"lazy\" decoding=\"async\" class=\"alignnone size-full wp-image-49918\" src=\"http:\/\/ccoo.app\/diputacio-de-barcelona\/wp-content\/blogs.dir\/6\/files\/sites\/186\/2022\/03\/ig.png\" alt=\"\" width=\"45\" height=\"44\" \/><\/a>\u00a0 \u00a0 \u00a0 \u00a0 \u00a0<a href=\"http:\/\/diba.ccoo.cat\"><img loading=\"lazy\" decoding=\"async\" class=\"alignnone size-full wp-image-49919\" src=\"http:\/\/ccoo.app\/diputacio-de-barcelona\/wp-content\/blogs.dir\/6\/files\/sites\/186\/2022\/03\/www.png\" alt=\"\" width=\"39\" height=\"40\" \/><\/a>\u00a0 \u00a0 \u00a0 \u00a0 \u00a0<a href=\"https:\/\/www.ccoo.cat\/afiliat\/?_sfm_aff_situation=94\"><img loading=\"lazy\" decoding=\"async\" class=\"alignnone size-full wp-image-49920\" src=\"http:\/\/ccoo.app\/diputacio-de-barcelona\/wp-content\/blogs.dir\/6\/files\/sites\/186\/2022\/03\/af.png\" alt=\"\" width=\"125\" height=\"38\" \/><\/a>\u00a0\u00a0\u00a0\u00a0\u00a0\u00a0\u00a0\u00a0\u00a0\u00a0\u00a0 \u00a0\u00a0\u00a0 \u00a0 \u00a0\u00a0\u00a0 \u00a0\u00a0 \u00a0\u00a0\u00a0\u00a0\u00a0 \u00a0\u00a0\u00a0\u00a0\u00a0\u00a0\u00a0 \u00a0<\/p>\n<p>\u00a0<\/p>\n\n\n<p><\/p>\n","protected":false},"excerpt":{"rendered":"<p>\u00a0 -28 d&#8217;abril de 2022- \u00a0 28 D&#8217;ABRIL. DIA INTERNACIONAL DE LA SEGURETAT I LA SALUT EN EL TREBALL Pateixes estr\u00e9s? Dolor muscular? Treballes sense prevenci\u00f3 a t\u00f2xics, soroll, dolor, &#8230; <\/p>\n<p class=\"read-more-container\"><a title=\"28 D&#8217;ABRIL. DIA INTERNACIONAL DE LA SEGURETAT I LA SALUT EN EL TREBALL\" class=\"read-more button\" href=\"https:\/\/ccoo.app\/diputacio-de-barcelona\/28-dabril-dia-internacional-seguretat-salut-treball\/#more-50041\" aria-label=\"Leer m\u00e1s sobre 28 D&#8217;ABRIL. DIA INTERNACIONAL DE LA SEGURETAT I LA SALUT EN EL TREBALL\">Continuar llegint<\/a><\/p>\n","protected":false},"author":4519,"featured_media":50043,"comment_status":"open","ping_status":"open","sticky":false,"template":"","format":"standard","meta":{"footnotes":""},"categories":[38,14,18,19,23,29,31,33,34,35,36,37],"tags":[53,79,189,212,213],"class_list":["post-50041","post","type-post","status-publish","format-standard","has-post-thumbnail","hentry","category-a-tot-el-personal","category-afiliacio-ccoo-diba","category-ccoo-info","category-comunicats","category-informacio-general","category-orgt-2","category-personal-interi-comunicats","category-propostes-sindicals","category-respir","category-salut-laboral","category-app","category-xbm","tag-accio-sindical","tag-centre-de-treball","tag-prevencio","tag-salut","tag-salut-laboral","generate-columns","tablet-grid-50","mobile-grid-100","grid-parent","grid-50"],"_links":{"self":[{"href":"https:\/\/ccoo.app\/diputacio-de-barcelona\/wp-json\/wp\/v2\/posts\/50041","targetHints":{"allow":["GET"]}}],"collection":[{"href":"https:\/\/ccoo.app\/diputacio-de-barcelona\/wp-json\/wp\/v2\/posts"}],"about":[{"href":"https:\/\/ccoo.app\/diputacio-de-barcelona\/wp-json\/wp\/v2\/types\/post"}],"author":[{"embeddable":true,"href":"https:\/\/ccoo.app\/diputacio-de-barcelona\/wp-json\/wp\/v2\/users\/4519"}],"replies":[{"embeddable":true,"href":"https:\/\/ccoo.app\/diputacio-de-barcelona\/wp-json\/wp\/v2\/comments?post=50041"}],"version-history":[{"count":1,"href":"https:\/\/ccoo.app\/diputacio-de-barcelona\/wp-json\/wp\/v2\/posts\/50041\/revisions"}],"predecessor-version":[{"id":50119,"href":"https:\/\/ccoo.app\/diputacio-de-barcelona\/wp-json\/wp\/v2\/posts\/50041\/revisions\/50119"}],"wp:featuredmedia":[{"embeddable":true,"href":"https:\/\/ccoo.app\/diputacio-de-barcelona\/wp-json\/wp\/v2\/media\/50043"}],"wp:attachment":[{"href":"https:\/\/ccoo.app\/diputacio-de-barcelona\/wp-json\/wp\/v2\/media?parent=50041"}],"wp:term":[{"taxonomy":"category","embeddable":true,"href":"https:\/\/ccoo.app\/diputacio-de-barcelona\/wp-json\/wp\/v2\/categories?post=50041"},{"taxonomy":"post_tag","embeddable":true,"href":"https:\/\/ccoo.app\/diputacio-de-barcelona\/wp-json\/wp\/v2\/tags?post=50041"}],"curies":[{"name":"wp","href":"https:\/\/api.w.org\/{rel}","templated":true}]}}