{"id":49990,"date":"2022-04-05T08:30:00","date_gmt":"2022-04-05T07:30:00","guid":{"rendered":"https:\/\/diba.ccoo.cat\/assemblees-visites-centres-treball-copy\/"},"modified":"2023-10-17T14:05:37","modified_gmt":"2023-10-17T12:05:37","slug":"informacions-sindicals-5-abril-2022","status":"publish","type":"post","link":"https:\/\/ccoo.app\/diputacio-de-barcelona\/informacions-sindicals-5-abril-2022\/","title":{"rendered":"INFORMACIONS SINDICALS -5 abril 2022-"},"content":{"rendered":"\n<p><\/p>\n\n\n<p class=\"wp-caption-text\">\n<\/p><p><img loading=\"lazy\" decoding=\"async\" class=\"aligncenter wp-image-49907 size-medium\" src=\"http:\/\/ccoo.app\/diputacio-de-barcelona\/wp-content\/blogs.dir\/6\/files\/sites\/186\/2022\/03\/logo-diputacio-de-barcelona-300x108.png\" alt=\"Secci\u00f3 sincidicarl de Comissions Obreres a la Diputaci\u00f3 de Barcelona\" width=\"300\" height=\"108\" srcset=\"https:\/\/ccoo.app\/diputacio-de-barcelona\/wp-content\/blogs.dir\/6\/files\/sites\/186\/2022\/03\/logo-diputacio-de-barcelona-300x108.png 300w, https:\/\/ccoo.app\/diputacio-de-barcelona\/wp-content\/blogs.dir\/6\/files\/sites\/186\/2022\/03\/logo-diputacio-de-barcelona.png 742w\" sizes=\"auto, (max-width: 300px) 100vw, 300px\" \/><\/p>\n<p style=\"text-align: center\"><span style=\"color: #000000\">-5 d&#8217;abril de 2022-<\/span><\/p>\n<p><\/p>\n<h2><span style=\"color: #000000\"><strong>TELETREBALL I REORDENACI\u00d3 D&#8217;ESPAIS<\/strong><\/span><\/h2>\n<p><span style=\"color: #000000\">La setmana passada vam mantenir una reuni\u00f3 informativa amb la corporaci\u00f3 respecte a com s\u2019est\u00e0 avan\u00e7ant en la implementaci\u00f3 del teletreball.<\/span><\/p>\n<p><span style=\"color: #000000\">Des de CCOO veiem amb molta preocupaci\u00f3 <strong><u>la manca de di\u00e0leg social que ha mostrat la Direcci\u00f3 de Recursos Humans<\/u><\/strong> a l\u2019hora d\u2019interpretar certs aspectes de la jornada de treball referits al reglament de teletreball que, recordem, encara no \u00e9s vigent i que ens trobem immersos en el per\u00edode transitori.<\/span><br><span style=\"color: #000000\">Una de les interpretacions que la corporaci\u00f3 ha tirat endavant de manera unilateral ha estat la obligatorietat de realitzar la totalitat d\u2019hores de la jornada els dies presencials.<\/span><\/p>\n<p><span style=\"color: #000000\">M\u00e9s enll\u00e0 de les nostres pr\u00f2pies valoracions sobre aquest fet, el que denunciem \u00e9s la manca d\u2019informaci\u00f3 i de di\u00e0leg social de la corporaci\u00f3 vers la part social. I \u00e9s que <strong><u>des de CCOO entenem el teletreball com una modificaci\u00f3 de la prestaci\u00f3 dels serveis, de manera volunt\u00e0ria i que en cap cas \u00e9s una mesura de conciliaci\u00f3<\/u><\/strong>. A m\u00e9s a m\u00e9s, veiem amb preocupaci\u00f3 que cada cop m\u00e9s <strong><u>ens dirigim a una individualitzaci\u00f3 del treball<\/u><\/strong> i del propi empleat o empleada, <strong><u>deixant aix\u00ed la porta oberta a una futura desregularitzaci\u00f3 dels drets laborals.<\/u><\/strong><\/span><\/p>\n<p><span style=\"color: #000000\">A m\u00e9s a m\u00e9s, en dita reuni\u00f3, des de la Subdirecci\u00f3 d\u2019Edificaci\u00f3 se\u2019ns va comunicar que ja s\u2019han iniciat els estudis per a una reordenaci\u00f3 dels edificis deixant enrere la concepci\u00f3 que tenim ara mateix de com han de ser els espais de treball. Entre d\u2019altres coses, <strong><u>la corporaci\u00f3 proposa reduir el n\u00famero de taules als centres de treball <\/u><\/strong>(entre un 25% i un 35% menys de taules) i, per tant,<strong><u> deixaran de ser nominatives<\/u><\/strong>. \u00c9s a dir, el dia que tinguem la jornada presencial haurem de c\u00f3rrer per agafar un lloc de feina. <strong><u>CCOO va mostrar el seu total rebuig a aquesta reforma<\/u><\/strong>. Entenem que aquesta \u00e9s la primera pedra per al desmantellament dels serveis p\u00fablics i de les relacions laborals tal i com les entenem a dia d\u2019avui. \u00c9s un pas m\u00e9s cap a la desnaturalitzaci\u00f3 de la plantilla i passar, encara m\u00e9s, a ser un n\u00famero dins d\u2019aquesta corporaci\u00f3.<\/span><\/p>\n<p><\/p>\n<h2><span style=\"color: #000000\"><strong>CCOO AVISEM: NO A LES RETALLADES<\/strong><\/span><\/h2>\n<p><span style=\"color: #000000\">Tal i com us vam informar als darrers comunicats estem immersos en una nova etapa de retallades. Unes retallades molt sibil\u00b7lines tal i com us estem avan\u00e7ant a les diferents assemblees: la suspensi\u00f3 de l\u2019acord per jubilaci\u00f3 anticipada, la no implantaci\u00f3 de la carrera professional o l\u2019incompliment de l\u2019acord per indemnitzacions TIC, entre d\u2019altres. <strong><u>Des de CCOO hem calculat quants milions d\u2019\u20ac s\u2019ha estalviat la corporaci\u00f3<\/u><\/strong> amb la no aplicaci\u00f3 dels acords signats en Mesa de Negociaci\u00f3 i <strong><u>ascendeix a m\u00e9s de 30 milions d\u2019euros<\/u><\/strong>. Diners que la corporaci\u00f3 s\u2019ha quedat en el seu romanent i <strong><u>que ens deu al conjunt de la plantilla de la corporaci\u00f3<\/u><\/strong>. I des de CCOO volem revertir aquesta situaci\u00f3 i per tant<strong><u>, reclamem p\u00fablicament que se\u2019ns retorni el que \u00e9s nostre<\/u><\/strong>. Amb els diners dels treballadors i treballadores no s\u2019hi juga!<\/span><\/p>\n<p><span style=\"color: #000000\">A m\u00e9s a m\u00e9s, hem de veure amb sorpresa com es pret\u00e9n <strong><u>privatitzar el servei de call center de l\u2019ORGT<\/u><\/strong>, amb una quantitat d\u20191 mili\u00f3 d\u2019euros. Aix\u00f2 suposa una devaluaci\u00f3 de la qualitat del servei p\u00fablic com tamb\u00e9 de les condicions de treball que tindran els treballadors i les treballadores de l\u2019empresa adjudicat\u00e0ria, com molt b\u00e9 hem vist a d\u2019altres serveis externalitzats, que nom\u00e9s busquen el benefici de l\u2019empresa i no pas la efectiva prestaci\u00f3 del servei amb garanties. Sembla, per\u00f2, que per l\u2019actual Junta de Govern la prioritat passa per aprimar l\u2019administraci\u00f3 p\u00fablica. Us mantindrem informats i informades&#8230;<\/span><\/p>\n<p><\/p>\n<h2><strong>ASSEMBLEES, VISITES A CENTRES DE TREBALL&#8230;<\/strong><\/h2>\n<p><span style=\"color: #000000\">Vols saber quins centres de treball hem visitat durant aquestes darreres setmanes? Vols que anem a visitar el teu?<\/span> <a href=\"https:\/\/diba.ccoo.cat\/assemblees-visites-centres-treball\/\">Mira el que hem fet i posa\u2019t en contacte amb nosaltres!<\/a><\/p>\n<h2><strong>&nbsp;<\/strong><\/h2>\n<p>&nbsp; &nbsp;&nbsp;&nbsp; <img loading=\"lazy\" decoding=\"async\" class=\"alignnone size-full wp-image-49915\" src=\"http:\/\/ccoo.app\/diputacio-de-barcelona\/wp-content\/blogs.dir\/6\/files\/sites\/186\/2022\/03\/tel.png\" alt=\"\" width=\"129\" height=\"38\">&nbsp; &nbsp; &nbsp; <a href=\"ccoo@diba.cat\"><img loading=\"lazy\" decoding=\"async\" class=\"alignnone size-full wp-image-49916\" src=\"http:\/\/ccoo.app\/diputacio-de-barcelona\/wp-content\/blogs.dir\/6\/files\/sites\/186\/2022\/03\/mail.png\" alt=\"\" width=\"51\" height=\"37\"><\/a>&nbsp; &nbsp; &nbsp; <a href=\"https:\/\/twitter.com\/ccoodiba\"><img loading=\"lazy\" decoding=\"async\" class=\"alignnone size-full wp-image-49917\" src=\"http:\/\/ccoo.app\/diputacio-de-barcelona\/wp-content\/blogs.dir\/6\/files\/sites\/186\/2022\/03\/tw.png\" alt=\"\" width=\"44\" height=\"38\"><\/a>&nbsp; &nbsp; &nbsp; &nbsp; <a href=\"https:\/\/www.instagram.com\/ccoo_diba\/\"><img loading=\"lazy\" decoding=\"async\" class=\"alignnone size-full wp-image-49918\" src=\"http:\/\/ccoo.app\/diputacio-de-barcelona\/wp-content\/blogs.dir\/6\/files\/sites\/186\/2022\/03\/ig.png\" alt=\"\" width=\"45\" height=\"44\"><\/a>&nbsp; &nbsp; &nbsp; &nbsp; &nbsp;<a href=\"http:\/\/diba.ccoo.cat\"><img loading=\"lazy\" decoding=\"async\" class=\"alignnone size-full wp-image-49919\" src=\"http:\/\/ccoo.app\/diputacio-de-barcelona\/wp-content\/blogs.dir\/6\/files\/sites\/186\/2022\/03\/www.png\" alt=\"\" width=\"39\" height=\"40\"><\/a>&nbsp; &nbsp; &nbsp; &nbsp; &nbsp;<a href=\"https:\/\/www.ccoo.cat\/afiliat\/?_sfm_aff_situation=94\"><img loading=\"lazy\" decoding=\"async\" class=\"alignnone size-full wp-image-49920\" src=\"http:\/\/ccoo.app\/diputacio-de-barcelona\/wp-content\/blogs.dir\/6\/files\/sites\/186\/2022\/03\/af.png\" alt=\"\" width=\"125\" height=\"38\"><\/a>&nbsp;&nbsp;&nbsp;&nbsp;&nbsp;&nbsp;&nbsp;&nbsp;&nbsp;&nbsp;&nbsp; &nbsp;&nbsp;&nbsp; &nbsp; &nbsp;&nbsp;&nbsp; &nbsp;&nbsp; &nbsp;&nbsp;&nbsp;&nbsp;&nbsp; &nbsp;&nbsp;&nbsp;&nbsp;&nbsp;&nbsp;&nbsp; &nbsp;<\/p>\n<p><\/p>\n\n\n<p><\/p>\n","protected":false},"excerpt":{"rendered":"<p>-5 d&#8217;abril de 2022- TELETREBALL I REORDENACI\u00d3 D&#8217;ESPAIS La setmana passada vam mantenir una reuni\u00f3 informativa amb la corporaci\u00f3 respecte a com s\u2019est\u00e0 avan\u00e7ant en la implementaci\u00f3 del teletreball. Des &#8230; <\/p>\n<p class=\"read-more-container\"><a title=\"INFORMACIONS SINDICALS -5 abril 2022-\" class=\"read-more button\" href=\"https:\/\/ccoo.app\/diputacio-de-barcelona\/informacions-sindicals-5-abril-2022\/#more-49990\" aria-label=\"Leer m\u00e1s sobre INFORMACIONS SINDICALS -5 abril 2022-\">Continuar llegint<\/a><\/p>\n","protected":false},"author":4519,"featured_media":50123,"comment_status":"open","ping_status":"open","sticky":false,"template":"","format":"standard","meta":{"footnotes":""},"categories":[38,14,18,19,29,31,34,36,37],"tags":[53,63,79,109,193,206,221],"class_list":["post-49990","post","type-post","status-publish","format-standard","has-post-thumbnail","hentry","category-a-tot-el-personal","category-afiliacio-ccoo-diba","category-ccoo-info","category-comunicats","category-orgt-2","category-personal-interi-comunicats","category-respir","category-app","category-xbm","tag-accio-sindical","tag-assemblees","tag-centre-de-treball","tag-espais","tag-privatitzacions","tag-retallades","tag-teletreball","generate-columns","tablet-grid-50","mobile-grid-100","grid-parent","grid-50"],"_links":{"self":[{"href":"https:\/\/ccoo.app\/diputacio-de-barcelona\/wp-json\/wp\/v2\/posts\/49990","targetHints":{"allow":["GET"]}}],"collection":[{"href":"https:\/\/ccoo.app\/diputacio-de-barcelona\/wp-json\/wp\/v2\/posts"}],"about":[{"href":"https:\/\/ccoo.app\/diputacio-de-barcelona\/wp-json\/wp\/v2\/types\/post"}],"author":[{"embeddable":true,"href":"https:\/\/ccoo.app\/diputacio-de-barcelona\/wp-json\/wp\/v2\/users\/4519"}],"replies":[{"embeddable":true,"href":"https:\/\/ccoo.app\/diputacio-de-barcelona\/wp-json\/wp\/v2\/comments?post=49990"}],"version-history":[{"count":1,"href":"https:\/\/ccoo.app\/diputacio-de-barcelona\/wp-json\/wp\/v2\/posts\/49990\/revisions"}],"predecessor-version":[{"id":50124,"href":"https:\/\/ccoo.app\/diputacio-de-barcelona\/wp-json\/wp\/v2\/posts\/49990\/revisions\/50124"}],"wp:featuredmedia":[{"embeddable":true,"href":"https:\/\/ccoo.app\/diputacio-de-barcelona\/wp-json\/wp\/v2\/media\/50123"}],"wp:attachment":[{"href":"https:\/\/ccoo.app\/diputacio-de-barcelona\/wp-json\/wp\/v2\/media?parent=49990"}],"wp:term":[{"taxonomy":"category","embeddable":true,"href":"https:\/\/ccoo.app\/diputacio-de-barcelona\/wp-json\/wp\/v2\/categories?post=49990"},{"taxonomy":"post_tag","embeddable":true,"href":"https:\/\/ccoo.app\/diputacio-de-barcelona\/wp-json\/wp\/v2\/tags?post=49990"}],"curies":[{"name":"wp","href":"https:\/\/api.w.org\/{rel}","templated":true}]}}