{"id":49971,"date":"2022-04-04T08:30:00","date_gmt":"2022-04-04T07:30:00","guid":{"rendered":"https:\/\/diba.ccoo.cat\/frenem-els-preus-evitem-la-pobresa-copy\/"},"modified":"2023-10-17T16:28:34","modified_gmt":"2023-10-17T14:28:34","slug":"assemblees-visites-centres-treball","status":"publish","type":"post","link":"https:\/\/ccoo.app\/diputacio-de-barcelona\/assemblees-visites-centres-treball\/","title":{"rendered":"ASSEMBLEES, VISITES A CENTRES DE TREBALL&#8230; -4 abril 2022-"},"content":{"rendered":"\n<p><\/p>\n\n\n<p class=\"wp-caption-text\">\n<\/p><p><img loading=\"lazy\" decoding=\"async\" class=\"aligncenter wp-image-49907 size-medium\" src=\"http:\/\/ccoo.app\/diputacio-de-barcelona\/wp-content\/blogs.dir\/6\/files\/sites\/186\/2022\/03\/logo-diputacio-de-barcelona-300x108.png\" alt=\"Secci\u00f3 sincidicarl de Comissions Obreres a la Diputaci\u00f3 de Barcelona\" width=\"300\" height=\"108\" srcset=\"https:\/\/ccoo.app\/diputacio-de-barcelona\/wp-content\/blogs.dir\/6\/files\/sites\/186\/2022\/03\/logo-diputacio-de-barcelona-300x108.png 300w, https:\/\/ccoo.app\/diputacio-de-barcelona\/wp-content\/blogs.dir\/6\/files\/sites\/186\/2022\/03\/logo-diputacio-de-barcelona.png 742w\" sizes=\"auto, (max-width: 300px) 100vw, 300px\" \/><\/p>\n<p style=\"text-align: center\"><span style=\"color: #000000\">-4 d&#8217;abril de 2022-<\/span><\/p>\n<p><\/p>\n<h2><strong>Durant aquests darreres mesos, des de CCOO visitem els diferents centres de treball i us convoquem a les assemblees programades!<br><\/strong><\/h2>\n<p>Durant aquests darreres mesos, l&#8217;acci\u00f3 sindical no ha parat a CCOO. Per aix\u00f2, no hem parat de visitar els diferents centres de treball.<\/p>\n<p>-El 18 de febrer vam visitar les instal\u00b7lacions de la PDL per comprovar com s&#8217;estava duent a terme el canvi d&#8217;ubicaci\u00f3 del personal de la Unitat de gesti\u00f3 d&#8217;espais.<\/p>\n<p>-Els dies 23 i 24 de febrer vam estar presents als ex\u00e0mens de les borses de treball de T\u00e8cnic Auxiliar a la Depend\u00e8ncia i d&#8217;Operaris de Serveis al Museu Mar\u00edtim de Barcelona, per comprovar les mesures de seguretat davant la covid-19 davant l&#8217;allau de persones aspirants que s&#8217;hi presentaven.<\/p>\n<p><img loading=\"lazy\" decoding=\"async\" class=\"alignnone size-medium wp-image-49973\" src=\"http:\/\/ccoo.app\/diputacio-de-barcelona\/wp-content\/blogs.dir\/6\/files\/sites\/186\/2022\/04\/foto-exam-225x300.jpg\" alt=\"\" width=\"225\" height=\"300\" srcset=\"https:\/\/ccoo.app\/diputacio-de-barcelona\/wp-content\/blogs.dir\/6\/files\/sites\/186\/2022\/04\/foto-exam-225x300.jpg 225w, https:\/\/ccoo.app\/diputacio-de-barcelona\/wp-content\/blogs.dir\/6\/files\/sites\/186\/2022\/04\/foto-exam-768x1024.jpg 768w, https:\/\/ccoo.app\/diputacio-de-barcelona\/wp-content\/blogs.dir\/6\/files\/sites\/186\/2022\/04\/foto-exam-1152x1536.jpg 1152w, https:\/\/ccoo.app\/diputacio-de-barcelona\/wp-content\/blogs.dir\/6\/files\/sites\/186\/2022\/04\/foto-exam.jpg 1536w\" sizes=\"auto, (max-width: 225px) 100vw, 225px\" \/><img loading=\"lazy\" decoding=\"async\" class=\"alignnone size-medium wp-image-49974\" src=\"http:\/\/ccoo.app\/diputacio-de-barcelona\/wp-content\/blogs.dir\/6\/files\/sites\/186\/2022\/04\/foto-exam2-225x300.jpg\" alt=\"\" width=\"225\" height=\"300\" srcset=\"https:\/\/ccoo.app\/diputacio-de-barcelona\/wp-content\/blogs.dir\/6\/files\/sites\/186\/2022\/04\/foto-exam2-225x300.jpg 225w, https:\/\/ccoo.app\/diputacio-de-barcelona\/wp-content\/blogs.dir\/6\/files\/sites\/186\/2022\/04\/foto-exam2-768x1024.jpg 768w, https:\/\/ccoo.app\/diputacio-de-barcelona\/wp-content\/blogs.dir\/6\/files\/sites\/186\/2022\/04\/foto-exam2-1152x1536.jpg 1152w, https:\/\/ccoo.app\/diputacio-de-barcelona\/wp-content\/blogs.dir\/6\/files\/sites\/186\/2022\/04\/foto-exam2.jpg 1536w\" sizes=\"auto, (max-width: 225px) 100vw, 225px\" \/><\/p>\n<p>-El divendres 25 de febrer vam visitar el personal que es troba treballant al Parc M\u00f2bil aix\u00ed com les instal\u00b7lacions del mateix.<\/p>\n<p><img loading=\"lazy\" decoding=\"async\" class=\"alignnone size-medium wp-image-49975\" src=\"http:\/\/ccoo.app\/diputacio-de-barcelona\/wp-content\/blogs.dir\/6\/files\/sites\/186\/2022\/04\/parcmobil-300x225.jpg\" alt=\"\" width=\"300\" height=\"225\" srcset=\"https:\/\/ccoo.app\/diputacio-de-barcelona\/wp-content\/blogs.dir\/6\/files\/sites\/186\/2022\/04\/parcmobil-300x225.jpg 300w, https:\/\/ccoo.app\/diputacio-de-barcelona\/wp-content\/blogs.dir\/6\/files\/sites\/186\/2022\/04\/parcmobil-1024x768.jpg 1024w, https:\/\/ccoo.app\/diputacio-de-barcelona\/wp-content\/blogs.dir\/6\/files\/sites\/186\/2022\/04\/parcmobil-768x576.jpg 768w, https:\/\/ccoo.app\/diputacio-de-barcelona\/wp-content\/blogs.dir\/6\/files\/sites\/186\/2022\/04\/parcmobil-1536x1152.jpg 1536w, https:\/\/ccoo.app\/diputacio-de-barcelona\/wp-content\/blogs.dir\/6\/files\/sites\/186\/2022\/04\/parcmobil.jpg 1600w\" sizes=\"auto, (max-width: 300px) 100vw, 300px\" \/><img loading=\"lazy\" decoding=\"async\" class=\"alignnone size-medium wp-image-49976\" src=\"http:\/\/ccoo.app\/diputacio-de-barcelona\/wp-content\/blogs.dir\/6\/files\/sites\/186\/2022\/04\/parcmobil2-300x225.jpg\" alt=\"\" width=\"300\" height=\"225\" srcset=\"https:\/\/ccoo.app\/diputacio-de-barcelona\/wp-content\/blogs.dir\/6\/files\/sites\/186\/2022\/04\/parcmobil2-300x225.jpg 300w, https:\/\/ccoo.app\/diputacio-de-barcelona\/wp-content\/blogs.dir\/6\/files\/sites\/186\/2022\/04\/parcmobil2-1024x768.jpg 1024w, https:\/\/ccoo.app\/diputacio-de-barcelona\/wp-content\/blogs.dir\/6\/files\/sites\/186\/2022\/04\/parcmobil2-768x576.jpg 768w, https:\/\/ccoo.app\/diputacio-de-barcelona\/wp-content\/blogs.dir\/6\/files\/sites\/186\/2022\/04\/parcmobil2-1536x1152.jpg 1536w, https:\/\/ccoo.app\/diputacio-de-barcelona\/wp-content\/blogs.dir\/6\/files\/sites\/186\/2022\/04\/parcmobil2.jpg 1600w\" sizes=\"auto, (max-width: 300px) 100vw, 300px\" \/><\/p>\n<p>-El dijous 3 de mar\u00e7 vam visitar les oficines de l&#8217;ORGT de Badalona i Sant Adri\u00e0 de Bes\u00f2s. Companyes i companys que venen desenvolupant les seves tasques de manera presencial.<\/p>\n<p><img loading=\"lazy\" decoding=\"async\" class=\"alignnone size-medium wp-image-49977\" src=\"http:\/\/ccoo.app\/diputacio-de-barcelona\/wp-content\/blogs.dir\/6\/files\/sites\/186\/2022\/04\/orgtbdn-stadria2-300x225.jpg\" alt=\"\" width=\"300\" height=\"225\" srcset=\"https:\/\/ccoo.app\/diputacio-de-barcelona\/wp-content\/blogs.dir\/6\/files\/sites\/186\/2022\/04\/orgtbdn-stadria2-300x225.jpg 300w, https:\/\/ccoo.app\/diputacio-de-barcelona\/wp-content\/blogs.dir\/6\/files\/sites\/186\/2022\/04\/orgtbdn-stadria2-1024x768.jpg 1024w, https:\/\/ccoo.app\/diputacio-de-barcelona\/wp-content\/blogs.dir\/6\/files\/sites\/186\/2022\/04\/orgtbdn-stadria2-768x576.jpg 768w, https:\/\/ccoo.app\/diputacio-de-barcelona\/wp-content\/blogs.dir\/6\/files\/sites\/186\/2022\/04\/orgtbdn-stadria2-1536x1152.jpg 1536w, https:\/\/ccoo.app\/diputacio-de-barcelona\/wp-content\/blogs.dir\/6\/files\/sites\/186\/2022\/04\/orgtbdn-stadria2.jpg 2000w\" sizes=\"auto, (max-width: 300px) 100vw, 300px\" \/><img loading=\"lazy\" decoding=\"async\" class=\"alignnone size-medium wp-image-49978\" src=\"http:\/\/ccoo.app\/diputacio-de-barcelona\/wp-content\/blogs.dir\/6\/files\/sites\/186\/2022\/04\/orgtbdn-stadria-300x225.jpg\" alt=\"\" width=\"300\" height=\"225\"><\/p>\n<p>-El divendres 4 de mar\u00e7 vam realitzar una assemblea presencial per al personal que treballa al Parc Natural del Montseny. Vam tenir l&#8217;oportunitat de resoldre dubtes respecte a l&#8217;estabilitzaci\u00f3 del personal inter\u00ed aix\u00ed com dels acords signats i que es troben pendent d&#8217;executar per part de la Diputaci\u00f3 de Barcelona.<\/p>\n<p>-El passat 8 de mar\u00e7, Dia Internacional de les dones treballadores, la secci\u00f3 sindical va visitar diferents centres de treball reivindicant el paper de la dona. Vam visitar l&#8217;Escola Industrial, Maternitat, RESPIR i, finalment, vam acudir a la manifestaci\u00f3 convocada per CCOO per continuar lluitant per la igualtat de les dones, tant en el m\u00f3n laboral com en la societat.<\/p>\n<p><img loading=\"lazy\" decoding=\"async\" class=\"alignnone size-medium wp-image-49981\" src=\"http:\/\/ccoo.app\/diputacio-de-barcelona\/wp-content\/blogs.dir\/6\/files\/sites\/186\/2022\/04\/8m-300x200.jpeg\" alt=\"\" width=\"300\" height=\"200\" srcset=\"https:\/\/ccoo.app\/diputacio-de-barcelona\/wp-content\/blogs.dir\/6\/files\/sites\/186\/2022\/04\/8m-300x200.jpeg 300w, https:\/\/ccoo.app\/diputacio-de-barcelona\/wp-content\/blogs.dir\/6\/files\/sites\/186\/2022\/04\/8m-1024x682.jpeg 1024w, https:\/\/ccoo.app\/diputacio-de-barcelona\/wp-content\/blogs.dir\/6\/files\/sites\/186\/2022\/04\/8m-768x512.jpeg 768w, https:\/\/ccoo.app\/diputacio-de-barcelona\/wp-content\/blogs.dir\/6\/files\/sites\/186\/2022\/04\/8m-1536x1023.jpeg 1536w, https:\/\/ccoo.app\/diputacio-de-barcelona\/wp-content\/blogs.dir\/6\/files\/sites\/186\/2022\/04\/8m.jpeg 1600w\" sizes=\"auto, (max-width: 300px) 100vw, 300px\" \/><img loading=\"lazy\" decoding=\"async\" class=\"alignnone size-medium wp-image-49982\" src=\"http:\/\/ccoo.app\/diputacio-de-barcelona\/wp-content\/blogs.dir\/6\/files\/sites\/186\/2022\/04\/8m2-225x300.jpeg\" alt=\"\" width=\"225\" height=\"300\" srcset=\"https:\/\/ccoo.app\/diputacio-de-barcelona\/wp-content\/blogs.dir\/6\/files\/sites\/186\/2022\/04\/8m2-225x300.jpeg 225w, https:\/\/ccoo.app\/diputacio-de-barcelona\/wp-content\/blogs.dir\/6\/files\/sites\/186\/2022\/04\/8m2-768x1024.jpeg 768w, https:\/\/ccoo.app\/diputacio-de-barcelona\/wp-content\/blogs.dir\/6\/files\/sites\/186\/2022\/04\/8m2-1152x1536.jpeg 1152w, https:\/\/ccoo.app\/diputacio-de-barcelona\/wp-content\/blogs.dir\/6\/files\/sites\/186\/2022\/04\/8m2.jpeg 1536w\" sizes=\"auto, (max-width: 225px) 100vw, 225px\" \/><img loading=\"lazy\" decoding=\"async\" class=\"alignnone size-medium wp-image-49983\" src=\"http:\/\/ccoo.app\/diputacio-de-barcelona\/wp-content\/blogs.dir\/6\/files\/sites\/186\/2022\/04\/8m3-225x300.jpeg\" alt=\"\" width=\"225\" height=\"300\" srcset=\"https:\/\/ccoo.app\/diputacio-de-barcelona\/wp-content\/blogs.dir\/6\/files\/sites\/186\/2022\/04\/8m3-225x300.jpeg 225w, https:\/\/ccoo.app\/diputacio-de-barcelona\/wp-content\/blogs.dir\/6\/files\/sites\/186\/2022\/04\/8m3-768x1024.jpeg 768w, https:\/\/ccoo.app\/diputacio-de-barcelona\/wp-content\/blogs.dir\/6\/files\/sites\/186\/2022\/04\/8m3-1152x1536.jpeg 1152w, https:\/\/ccoo.app\/diputacio-de-barcelona\/wp-content\/blogs.dir\/6\/files\/sites\/186\/2022\/04\/8m3.jpeg 1536w\" sizes=\"auto, (max-width: 225px) 100vw, 225px\" \/><\/p>\n<p>-L&#8217;11 de mar\u00e7 ens vam posar en ruta i vam visitar els i les companyes de l&#8217;ORGT de l&#8217;oficina de Gelida, Sant Joan Desp\u00ed i el CIT de Barcelona<\/p>\n<p><img loading=\"lazy\" decoding=\"async\" class=\"alignnone size-medium wp-image-49984\" src=\"http:\/\/ccoo.app\/diputacio-de-barcelona\/wp-content\/blogs.dir\/6\/files\/sites\/186\/2022\/04\/orgt-300x225.jpeg\" alt=\"\" width=\"300\" height=\"225\" srcset=\"https:\/\/ccoo.app\/diputacio-de-barcelona\/wp-content\/blogs.dir\/6\/files\/sites\/186\/2022\/04\/orgt-300x225.jpeg 300w, https:\/\/ccoo.app\/diputacio-de-barcelona\/wp-content\/blogs.dir\/6\/files\/sites\/186\/2022\/04\/orgt-1024x768.jpeg 1024w, https:\/\/ccoo.app\/diputacio-de-barcelona\/wp-content\/blogs.dir\/6\/files\/sites\/186\/2022\/04\/orgt-768x576.jpeg 768w, https:\/\/ccoo.app\/diputacio-de-barcelona\/wp-content\/blogs.dir\/6\/files\/sites\/186\/2022\/04\/orgt-1536x1152.jpeg 1536w, https:\/\/ccoo.app\/diputacio-de-barcelona\/wp-content\/blogs.dir\/6\/files\/sites\/186\/2022\/04\/orgt.jpeg 2000w\" sizes=\"auto, (max-width: 300px) 100vw, 300px\" \/><\/p>\n<p>-El passat 17 de mar\u00e7 vam visitar la nova obertura de l&#8217;oficina de l&#8217;ORGT a Barber\u00e0 del Vall\u00e8s. En aquesta visita vam poder identificar les possibles defici\u00e8ncies que podia tenir aquest nou espai abans de ser obert al p\u00fablic.<\/p>\n<p>-Hem iniciat ja les nostres rondes d&#8217;assemblees pels diferents recintes. Assemblees presencials en les quals expliquem com es dur\u00e0 a terme l&#8217;estabilitzaci\u00f3 del personal inter\u00ed mitjan\u00e7ant la llei 20\/2021 aix\u00ed com expliquem a la plantilla en quin estat de la negociaci\u00f3 ens trobem, amb la suspensi\u00f3 o no execuci\u00f3 de diferents acords signats en Mesa de Negociaci\u00f3. Esperem trobar-vos en les seg\u00fcents!<\/p>\n<p><img loading=\"lazy\" decoding=\"async\" class=\"alignnone size-medium wp-image-49985\" src=\"http:\/\/ccoo.app\/diputacio-de-barcelona\/wp-content\/blogs.dir\/6\/files\/sites\/186\/2022\/04\/assemblea1-300x225.jpeg\" alt=\"\" width=\"300\" height=\"225\" srcset=\"https:\/\/ccoo.app\/diputacio-de-barcelona\/wp-content\/blogs.dir\/6\/files\/sites\/186\/2022\/04\/assemblea1-300x225.jpeg 300w, https:\/\/ccoo.app\/diputacio-de-barcelona\/wp-content\/blogs.dir\/6\/files\/sites\/186\/2022\/04\/assemblea1-1024x768.jpeg 1024w, https:\/\/ccoo.app\/diputacio-de-barcelona\/wp-content\/blogs.dir\/6\/files\/sites\/186\/2022\/04\/assemblea1-768x576.jpeg 768w, https:\/\/ccoo.app\/diputacio-de-barcelona\/wp-content\/blogs.dir\/6\/files\/sites\/186\/2022\/04\/assemblea1.jpeg 1288w\" sizes=\"auto, (max-width: 300px) 100vw, 300px\" \/><img loading=\"lazy\" decoding=\"async\" class=\"alignnone size-medium wp-image-49986\" src=\"http:\/\/ccoo.app\/diputacio-de-barcelona\/wp-content\/blogs.dir\/6\/files\/sites\/186\/2022\/04\/assemblea2-300x225.jpeg\" alt=\"\" width=\"300\" height=\"225\" srcset=\"https:\/\/ccoo.app\/diputacio-de-barcelona\/wp-content\/blogs.dir\/6\/files\/sites\/186\/2022\/04\/assemblea2-300x225.jpeg 300w, https:\/\/ccoo.app\/diputacio-de-barcelona\/wp-content\/blogs.dir\/6\/files\/sites\/186\/2022\/04\/assemblea2-1024x768.jpeg 1024w, https:\/\/ccoo.app\/diputacio-de-barcelona\/wp-content\/blogs.dir\/6\/files\/sites\/186\/2022\/04\/assemblea2-768x576.jpeg 768w, https:\/\/ccoo.app\/diputacio-de-barcelona\/wp-content\/blogs.dir\/6\/files\/sites\/186\/2022\/04\/assemblea2-1536x1152.jpeg 1536w, https:\/\/ccoo.app\/diputacio-de-barcelona\/wp-content\/blogs.dir\/6\/files\/sites\/186\/2022\/04\/assemblea2.jpeg 1600w\" sizes=\"auto, (max-width: 300px) 100vw, 300px\" \/><img loading=\"lazy\" decoding=\"async\" class=\"alignnone size-medium wp-image-49987\" src=\"http:\/\/ccoo.app\/diputacio-de-barcelona\/wp-content\/blogs.dir\/6\/files\/sites\/186\/2022\/04\/assemblea3-300x225.jpeg\" alt=\"\" width=\"300\" height=\"225\" srcset=\"https:\/\/ccoo.app\/diputacio-de-barcelona\/wp-content\/blogs.dir\/6\/files\/sites\/186\/2022\/04\/assemblea3-300x225.jpeg 300w, https:\/\/ccoo.app\/diputacio-de-barcelona\/wp-content\/blogs.dir\/6\/files\/sites\/186\/2022\/04\/assemblea3-1024x768.jpeg 1024w, https:\/\/ccoo.app\/diputacio-de-barcelona\/wp-content\/blogs.dir\/6\/files\/sites\/186\/2022\/04\/assemblea3-768x576.jpeg 768w, https:\/\/ccoo.app\/diputacio-de-barcelona\/wp-content\/blogs.dir\/6\/files\/sites\/186\/2022\/04\/assemblea3-1536x1152.jpeg 1536w, https:\/\/ccoo.app\/diputacio-de-barcelona\/wp-content\/blogs.dir\/6\/files\/sites\/186\/2022\/04\/assemblea3.jpeg 1600w\" sizes=\"auto, (max-width: 300px) 100vw, 300px\" \/><\/p>\n<p><\/p>\n<p>&nbsp; &nbsp;&nbsp;&nbsp; <img loading=\"lazy\" decoding=\"async\" class=\"alignnone size-full wp-image-49915\" src=\"http:\/\/ccoo.app\/diputacio-de-barcelona\/wp-content\/blogs.dir\/6\/files\/sites\/186\/2022\/03\/tel.png\" alt=\"\" width=\"129\" height=\"38\">&nbsp; &nbsp; &nbsp; <a href=\"ccoo@diba.cat\"><img loading=\"lazy\" decoding=\"async\" class=\"alignnone size-full wp-image-49916\" src=\"http:\/\/ccoo.app\/diputacio-de-barcelona\/wp-content\/blogs.dir\/6\/files\/sites\/186\/2022\/03\/mail.png\" alt=\"\" width=\"51\" height=\"37\"><\/a>&nbsp; &nbsp; &nbsp; <a href=\"https:\/\/twitter.com\/ccoodiba\"><img loading=\"lazy\" decoding=\"async\" class=\"alignnone size-full wp-image-49917\" src=\"http:\/\/ccoo.app\/diputacio-de-barcelona\/wp-content\/blogs.dir\/6\/files\/sites\/186\/2022\/03\/tw.png\" alt=\"\" width=\"44\" height=\"38\"><\/a>&nbsp; &nbsp; &nbsp; &nbsp; <a href=\"https:\/\/www.instagram.com\/ccoo_diba\/\"><img loading=\"lazy\" decoding=\"async\" class=\"alignnone size-full wp-image-49918\" src=\"http:\/\/ccoo.app\/diputacio-de-barcelona\/wp-content\/blogs.dir\/6\/files\/sites\/186\/2022\/03\/ig.png\" alt=\"\" width=\"45\" height=\"44\"><\/a>&nbsp; &nbsp; &nbsp; &nbsp; &nbsp;<a href=\"http:\/\/diba.ccoo.cat\"><img loading=\"lazy\" decoding=\"async\" class=\"alignnone size-full wp-image-49919\" src=\"http:\/\/ccoo.app\/diputacio-de-barcelona\/wp-content\/blogs.dir\/6\/files\/sites\/186\/2022\/03\/www.png\" alt=\"\" width=\"39\" height=\"40\"><\/a>&nbsp; &nbsp; &nbsp; &nbsp; &nbsp;<a href=\"https:\/\/www.ccoo.cat\/afiliat\/?_sfm_aff_situation=94\"><img loading=\"lazy\" decoding=\"async\" class=\"alignnone size-full wp-image-49920\" src=\"http:\/\/ccoo.app\/diputacio-de-barcelona\/wp-content\/blogs.dir\/6\/files\/sites\/186\/2022\/03\/af.png\" alt=\"\" width=\"125\" height=\"38\"><\/a>&nbsp;&nbsp;&nbsp;&nbsp;&nbsp;&nbsp;&nbsp;&nbsp;&nbsp;&nbsp;&nbsp; &nbsp;&nbsp;&nbsp; &nbsp; &nbsp;&nbsp;&nbsp; &nbsp;&nbsp; &nbsp;&nbsp;&nbsp;&nbsp;&nbsp; &nbsp;&nbsp;&nbsp;&nbsp;&nbsp;&nbsp;&nbsp; &nbsp;<\/p>\n<p><\/p>\n\n\n<p><\/p>\n","protected":false},"excerpt":{"rendered":"<p>-4 d&#8217;abril de 2022- Durant aquests darreres mesos, des de CCOO visitem els diferents centres de treball i us convoquem a les assemblees programades! Durant aquests darreres mesos, l&#8217;acci\u00f3 sindical &#8230; <\/p>\n<p class=\"read-more-container\"><a title=\"ASSEMBLEES, VISITES A CENTRES DE TREBALL&#8230; -4 abril 2022-\" class=\"read-more button\" href=\"https:\/\/ccoo.app\/diputacio-de-barcelona\/assemblees-visites-centres-treball\/#more-49971\" aria-label=\"Leer m\u00e1s sobre ASSEMBLEES, VISITES A CENTRES DE TREBALL&#8230; -4 abril 2022-\">Continuar llegint<\/a><\/p>\n","protected":false},"author":4519,"featured_media":49987,"comment_status":"open","ping_status":"open","sticky":false,"template":"","format":"standard","meta":{"footnotes":""},"categories":[38,14,18,19,29,31,34,37],"tags":[53,61,63,79,238],"class_list":["post-49971","post","type-post","status-publish","format-standard","has-post-thumbnail","hentry","category-a-tot-el-personal","category-afiliacio-ccoo-diba","category-ccoo-info","category-comunicats","category-orgt-2","category-personal-interi-comunicats","category-respir","category-xbm","tag-accio-sindical","tag-assemblea","tag-assemblees","tag-centre-de-treball","tag-visita","generate-columns","tablet-grid-50","mobile-grid-100","grid-parent","grid-50"],"_links":{"self":[{"href":"https:\/\/ccoo.app\/diputacio-de-barcelona\/wp-json\/wp\/v2\/posts\/49971","targetHints":{"allow":["GET"]}}],"collection":[{"href":"https:\/\/ccoo.app\/diputacio-de-barcelona\/wp-json\/wp\/v2\/posts"}],"about":[{"href":"https:\/\/ccoo.app\/diputacio-de-barcelona\/wp-json\/wp\/v2\/types\/post"}],"author":[{"embeddable":true,"href":"https:\/\/ccoo.app\/diputacio-de-barcelona\/wp-json\/wp\/v2\/users\/4519"}],"replies":[{"embeddable":true,"href":"https:\/\/ccoo.app\/diputacio-de-barcelona\/wp-json\/wp\/v2\/comments?post=49971"}],"version-history":[{"count":2,"href":"https:\/\/ccoo.app\/diputacio-de-barcelona\/wp-json\/wp\/v2\/posts\/49971\/revisions"}],"predecessor-version":[{"id":51557,"href":"https:\/\/ccoo.app\/diputacio-de-barcelona\/wp-json\/wp\/v2\/posts\/49971\/revisions\/51557"}],"wp:featuredmedia":[{"embeddable":true,"href":"https:\/\/ccoo.app\/diputacio-de-barcelona\/wp-json\/wp\/v2\/media\/49987"}],"wp:attachment":[{"href":"https:\/\/ccoo.app\/diputacio-de-barcelona\/wp-json\/wp\/v2\/media?parent=49971"}],"wp:term":[{"taxonomy":"category","embeddable":true,"href":"https:\/\/ccoo.app\/diputacio-de-barcelona\/wp-json\/wp\/v2\/categories?post=49971"},{"taxonomy":"post_tag","embeddable":true,"href":"https:\/\/ccoo.app\/diputacio-de-barcelona\/wp-json\/wp\/v2\/tags?post=49971"}],"curies":[{"name":"wp","href":"https:\/\/api.w.org\/{rel}","templated":true}]}}