{"id":49962,"date":"2022-03-11T12:07:00","date_gmt":"2022-03-11T11:07:00","guid":{"rendered":"https:\/\/diba.ccoo.cat\/comunicat-orgt-2-marc-2022-copy\/"},"modified":"2023-10-17T16:28:50","modified_gmt":"2023-10-17T14:28:50","slug":"ccoo-aconsegueix-eliminar-dades-personals-mostradors-orgt","status":"publish","type":"post","link":"https:\/\/ccoo.app\/diputacio-de-barcelona\/ccoo-aconsegueix-eliminar-dades-personals-mostradors-orgt\/","title":{"rendered":"CCOO-ORGT ACONSEGUEIX ELIMINAR LES VOSTRES DADES PERSONALS DELS MOSTRADORS -11 mar\u00e7 2022-"},"content":{"rendered":"\n<p><\/p>\n\n\n<p>\u00a0<\/p>\n<p class=\"wp-caption-text\"><img loading=\"lazy\" decoding=\"async\" class=\"size-medium wp-image-49907 aligncenter\" src=\"http:\/\/ccoo.app\/diputacio-de-barcelona\/wp-content\/blogs.dir\/6\/files\/sites\/186\/2022\/03\/logo-diputacio-de-barcelona-300x108.png\" alt=\"\" width=\"300\" height=\"108\" srcset=\"https:\/\/ccoo.app\/diputacio-de-barcelona\/wp-content\/blogs.dir\/6\/files\/sites\/186\/2022\/03\/logo-diputacio-de-barcelona-300x108.png 300w, https:\/\/ccoo.app\/diputacio-de-barcelona\/wp-content\/blogs.dir\/6\/files\/sites\/186\/2022\/03\/logo-diputacio-de-barcelona.png 742w\" sizes=\"auto, (max-width: 300px) 100vw, 300px\" \/><\/p>\n<p style=\"text-align: center\"><span style=\"color: #000000\">-11 de mar\u00e7 de 2022-<\/span><\/p>\n<p><strong><u>Identificaci\u00f3 de funcionaris i funcion\u00e0ries mitjan\u00e7ant n\u00famero d&#8217;empleat o empleada<\/u><\/strong><\/p>\n<p>Arrel dels incidents ocorreguts a les oficines de l&#8217;ORGT, especialment durant la pand\u00e8mia, i tenint el compte el dret que tenen les persones treballadores de preservar la seva intimitat, des de CCOO hem tornat a demanar la necessitat d\u2019eliminar les vostres dades personals dels metraquilats identificatius d\u2019empleat i canviar-los per un n\u00famero de personal, igual que succeeix a d\u2019altres administracions.<\/p>\n<p>En la reuni\u00f3 que vam mantenir el passat divendres 4 de mar\u00e7, la corporaci\u00f3 ens va informar que finalment s&#8217;ha redactat i aprovat un decret en aquest sentit i nom\u00e9s manca la seva publicaci\u00f3 en el BOPB per tal que sigui vigent.<\/p>\n<p>Per tant, tot el personal de l&#8217;ORGT que fa recaptaci\u00f3 i\/o inspecci\u00f3 i fa funcions que impliquen tractar amb les i els contribuents, <u>s&#8217;acreditaran amb numero d&#8217;empleat i no pel seu nom<\/u>, com es venia fent fins ara. Des de CCOO valorem molt positivament que, finalment, la corporaci\u00f3 hagi pres aquesta decisi\u00f3 ja que ha estat una reivindicaci\u00f3 hist\u00f2rica que conjuga els drets dels contribuents amb els vostres.<\/p>\n<p>A cadascun se&#8217;ls proporcionar\u00e0 una targeta d&#8217;empleat i empleada amb la seva nova acreditaci\u00f3, la qual per l&#8217;anvers constar\u00e0 el nom i cognoms de l&#8217;empleat p\u00fablic i per la part revers constar\u00e0 <strong>el numero d&#8217;empleat.<\/strong><\/p>\n<p><u>Important: Aquesta targeta no substituir\u00e0 en cap cas la que tenim de AOC, on disposem de la signatura electr\u00f2nica i que ens serveix a la vegada per fitxar<\/u>.<\/p>\n<p>L\u2019objectiu \u00e9s que tingueu la m\u00e0xima privacitat i seguretat.<\/p>\n<p>Per aquell personal que, per les seves funcions no els hi correspongui aquesta nova targeta, tamb\u00e9 tindran el seu n\u00famero d&#8217;empleat com la resta de la plantilla de la Diba, que els servir\u00e0 per a gestions internes de la pr\u00f2pia administraci\u00f3 (presentar sol\u00b7licituds, peticions, etc&#8230;)<\/p>\n<p>\u00a0<\/p>\n<p>\u00a0 \u00a0\u00a0\u00a0\u00a0<img loading=\"lazy\" decoding=\"async\" class=\"alignnone size-full wp-image-49915\" src=\"http:\/\/ccoo.app\/diputacio-de-barcelona\/wp-content\/blogs.dir\/6\/files\/sites\/186\/2022\/03\/tel.png\" alt=\"\" width=\"129\" height=\"38\" \/>\u00a0 \u00a0 \u00a0 \u00a0 \u00a0 \u00a0<a href=\"https:\/\/diba.ccoo.cat\/assemblees-generals-marc-abril-maig-2022\/ccoo@diba.cat\"><img loading=\"lazy\" decoding=\"async\" class=\"alignnone size-full wp-image-49916\" src=\"http:\/\/ccoo.app\/diputacio-de-barcelona\/wp-content\/blogs.dir\/6\/files\/sites\/186\/2022\/03\/mail.png\" alt=\"\" width=\"51\" height=\"37\" \/><\/a>\u00a0 \u00a0 \u00a0 \u00a0 \u00a0 <a href=\"https:\/\/twitter.com\/ccoodiba\"><img loading=\"lazy\" decoding=\"async\" class=\"alignnone size-full wp-image-49917\" src=\"http:\/\/ccoo.app\/diputacio-de-barcelona\/wp-content\/blogs.dir\/6\/files\/sites\/186\/2022\/03\/tw.png\" alt=\"\" width=\"44\" height=\"38\" \/><\/a>\u00a0 \u00a0 \u00a0 \u00a0 \u00a0 \u00a0 \u00a0 <a href=\"https:\/\/www.instagram.com\/ccoo_diba\/\"><img loading=\"lazy\" decoding=\"async\" class=\"alignnone size-full wp-image-49918\" src=\"http:\/\/ccoo.app\/diputacio-de-barcelona\/wp-content\/blogs.dir\/6\/files\/sites\/186\/2022\/03\/ig.png\" alt=\"\" width=\"45\" height=\"44\" \/><\/a>\u00a0 \u00a0 \u00a0 \u00a0 \u00a0 \u00a0 \u00a0 \u00a0 <a href=\"https:\/\/diba.ccoo.cat\/\"><img loading=\"lazy\" decoding=\"async\" class=\"alignnone size-full wp-image-49919\" src=\"http:\/\/ccoo.app\/diputacio-de-barcelona\/wp-content\/blogs.dir\/6\/files\/sites\/186\/2022\/03\/www.png\" alt=\"\" width=\"39\" height=\"40\" \/><\/a>\u00a0 \u00a0 \u00a0 \u00a0 \u00a0 \u00a0 \u00a0 \u00a0<a href=\"https:\/\/www.ccoo.cat\/afiliat\/?_sfm_aff_situation=94\"><img loading=\"lazy\" decoding=\"async\" class=\"alignnone size-full wp-image-49920\" src=\"http:\/\/ccoo.app\/diputacio-de-barcelona\/wp-content\/blogs.dir\/6\/files\/sites\/186\/2022\/03\/af.png\" alt=\"\" width=\"125\" height=\"38\" \/><\/a>\u00a0\u00a0\u00a0\u00a0<\/p>    \t","protected":false},"excerpt":{"rendered":"<p>\u00a0 -11 de mar\u00e7 de 2022- Identificaci\u00f3 de funcionaris i funcion\u00e0ries mitjan\u00e7ant n\u00famero d&#8217;empleat o empleada Arrel dels incidents ocorreguts a les oficines de l&#8217;ORGT, especialment durant la pand\u00e8mia, i &#8230; <\/p>\n<p class=\"read-more-container\"><a title=\"CCOO-ORGT ACONSEGUEIX ELIMINAR LES VOSTRES DADES PERSONALS DELS MOSTRADORS -11 mar\u00e7 2022-\" class=\"read-more button\" href=\"https:\/\/ccoo.app\/diputacio-de-barcelona\/ccoo-aconsegueix-eliminar-dades-personals-mostradors-orgt\/#more-49962\" aria-label=\"Leer m\u00e1s sobre CCOO-ORGT ACONSEGUEIX ELIMINAR LES VOSTRES DADES PERSONALS DELS MOSTRADORS -11 mar\u00e7 2022-\">Continuar llegint<\/a><\/p>\n","protected":false},"author":4519,"featured_media":49839,"comment_status":"open","ping_status":"open","sticky":false,"template":"","format":"standard","meta":{"footnotes":""},"categories":[14,18,19,29],"tags":[95,156,167,214],"class_list":["post-49962","post","type-post","status-publish","format-standard","has-post-thumbnail","hentry","category-afiliacio-ccoo-diba","category-ccoo-info","category-comunicats","category-orgt-2","tag-dades-personals","tag-mostradors","tag-orgt","tag-seguretat","generate-columns","tablet-grid-50","mobile-grid-100","grid-parent","grid-50"],"_links":{"self":[{"href":"https:\/\/ccoo.app\/diputacio-de-barcelona\/wp-json\/wp\/v2\/posts\/49962","targetHints":{"allow":["GET"]}}],"collection":[{"href":"https:\/\/ccoo.app\/diputacio-de-barcelona\/wp-json\/wp\/v2\/posts"}],"about":[{"href":"https:\/\/ccoo.app\/diputacio-de-barcelona\/wp-json\/wp\/v2\/types\/post"}],"author":[{"embeddable":true,"href":"https:\/\/ccoo.app\/diputacio-de-barcelona\/wp-json\/wp\/v2\/users\/4519"}],"replies":[{"embeddable":true,"href":"https:\/\/ccoo.app\/diputacio-de-barcelona\/wp-json\/wp\/v2\/comments?post=49962"}],"version-history":[{"count":1,"href":"https:\/\/ccoo.app\/diputacio-de-barcelona\/wp-json\/wp\/v2\/posts\/49962\/revisions"}],"predecessor-version":[{"id":50726,"href":"https:\/\/ccoo.app\/diputacio-de-barcelona\/wp-json\/wp\/v2\/posts\/49962\/revisions\/50726"}],"wp:featuredmedia":[{"embeddable":true,"href":"https:\/\/ccoo.app\/diputacio-de-barcelona\/wp-json\/wp\/v2\/media\/49839"}],"wp:attachment":[{"href":"https:\/\/ccoo.app\/diputacio-de-barcelona\/wp-json\/wp\/v2\/media?parent=49962"}],"wp:term":[{"taxonomy":"category","embeddable":true,"href":"https:\/\/ccoo.app\/diputacio-de-barcelona\/wp-json\/wp\/v2\/categories?post=49962"},{"taxonomy":"post_tag","embeddable":true,"href":"https:\/\/ccoo.app\/diputacio-de-barcelona\/wp-json\/wp\/v2\/tags?post=49962"}],"curies":[{"name":"wp","href":"https:\/\/api.w.org\/{rel}","templated":true}]}}