{"id":49958,"date":"2022-03-04T12:03:00","date_gmt":"2022-03-04T11:03:00","guid":{"rendered":"https:\/\/diba.ccoo.cat\/comunicat-mesa-general-negocacio-4-marc-2022-copy\/"},"modified":"2023-10-17T16:28:51","modified_gmt":"2023-10-17T14:28:51","slug":"8m-dia-internacional-de-les-dones-2022","status":"publish","type":"post","link":"https:\/\/ccoo.app\/diputacio-de-barcelona\/8m-dia-internacional-de-les-dones-2022\/","title":{"rendered":"8M DIA INTERNACIONAL DE LES DONES"},"content":{"rendered":"\n<p><\/p>\n\n\n<p><\/p>\n<p class=\"wp-caption-text\"><img loading=\"lazy\" decoding=\"async\" class=\"size-medium wp-image-49907 aligncenter\" src=\"http:\/\/ccoo.app\/diputacio-de-barcelona\/wp-content\/blogs.dir\/6\/files\/sites\/186\/2022\/03\/logo-diputacio-de-barcelona-300x108.png\" alt=\"\" width=\"300\" height=\"108\" srcset=\"https:\/\/ccoo.app\/diputacio-de-barcelona\/wp-content\/blogs.dir\/6\/files\/sites\/186\/2022\/03\/logo-diputacio-de-barcelona-300x108.png 300w, https:\/\/ccoo.app\/diputacio-de-barcelona\/wp-content\/blogs.dir\/6\/files\/sites\/186\/2022\/03\/logo-diputacio-de-barcelona.png 742w\" sizes=\"auto, (max-width: 300px) 100vw, 300px\" \/><\/p>\n<p><\/p>\n<p><img loading=\"lazy\" decoding=\"async\" class=\"size-medium wp-image-49960 aligncenter\" src=\"http:\/\/ccoo.app\/diputacio-de-barcelona\/wp-content\/blogs.dir\/6\/files\/sites\/186\/2022\/03\/8m-300x169.png\" alt=\"\" width=\"300\" height=\"169\" srcset=\"https:\/\/ccoo.app\/diputacio-de-barcelona\/wp-content\/blogs.dir\/6\/files\/sites\/186\/2022\/03\/8m-300x169.png 300w, https:\/\/ccoo.app\/diputacio-de-barcelona\/wp-content\/blogs.dir\/6\/files\/sites\/186\/2022\/03\/8m.png 512w\" sizes=\"auto, (max-width: 300px) 100vw, 300px\" \/><\/p>\n<p style=\"text-align: center\"><span style=\"color: #000000\">-4 de mar\u00e7 de 2022-<\/span><\/p>\n<h3 style=\"text-align: center\">DE LES PARAULES, ALS FETS: TENIM UN PLA<\/h3>\n<p>Arribem a un nou Dia Internacional de la Dona Treballadora. El 8 de Mar\u00e7, el dia m\u00e9s commemoratiu del moviment feminista. Amb moltes coses per celebrar i amb bastants temes per corregir encara. Hem negociat una nova reforma laboral, la primera que no retalla drets a les persones treballadores, i tamb\u00e9 una important pujada del salari m\u00ednim fins als mil euros. Aquestes s\u00f3n dues mesures amb un fort impacte positiu en els col\u00b7lectius que pateixen m\u00e9s precarietat laboral, com s\u00f3n les dones.<br>Els plans d\u2019igualtat, com a mesura indispensable de correcci\u00f3 de bretxa als centres de treball, seran al centre d\u2019aquest 8 de Mar\u00e7 a CCOO. Compartirem experi\u00e8ncies sindicals que visibilitzaran la tasca ingent que est\u00e0 fent el sindicat. Per\u00f2 tamb\u00e9 tindrem actes culturals i compartirem juntes aquesta jornada.<\/p>\n<h4>Apunteu-vos els actes a l\u2019agenda!<\/h4>\n<p>Aqu\u00ed teniu el link de la calendaritzaci\u00f3 pel 8M amb totes els actes que hem preparat per a que aquest dia sigui un dia de celebraci\u00f3, lluita, diversi\u00f3 i defensa dels drets d&#8217;igualtat per a nosaltres i pel futur dels nostres fills i filles.<\/p>\n<p><blockquote class=\"wp-embedded-content\" data-secret=\"Q1hjKStkfW\"><a href=\"https:\/\/www.ccoo.cat\/fsc\/noticies\/8-de-marc-del-2022-dia-internacional-de-la-dona-treballadora\/\">8 de Mar\u00e7 del 2022, Dia Internacional de la Dona Treballadora<\/a><\/blockquote><iframe loading=\"lazy\" class=\"wp-embedded-content\" sandbox=\"allow-scripts\" security=\"restricted\" style=\"position: absolute; clip: rect(1px, 1px, 1px, 1px);\" title=\"\u00ab8 de Mar\u00e7 del 2022, Dia Internacional de la Dona Treballadora\u00bb \u2014 Serveis a la Ciutadania\" src=\"https:\/\/www.ccoo.cat\/fsc\/noticies\/8-de-marc-del-2022-dia-internacional-de-la-dona-treballadora\/embed\/#?secret=qsU6tzv12x#?secret=Q1hjKStkfW\" data-secret=\"Q1hjKStkfW\" width=\"600\" height=\"338\" frameborder=\"0\" marginwidth=\"0\" marginheight=\"0\" scrolling=\"no\"><\/iframe><\/p>\n<p><\/p>\n<p>&nbsp; &nbsp;&nbsp;&nbsp;&nbsp;<img loading=\"lazy\" decoding=\"async\" class=\"alignnone size-full wp-image-49915\" src=\"http:\/\/ccoo.app\/diputacio-de-barcelona\/wp-content\/blogs.dir\/6\/files\/sites\/186\/2022\/03\/tel.png\" alt=\"\" width=\"129\" height=\"38\">&nbsp; &nbsp; &nbsp; &nbsp; &nbsp; &nbsp;<a href=\"https:\/\/diba.ccoo.cat\/assemblees-generals-marc-abril-maig-2022\/ccoo@diba.cat\"><img loading=\"lazy\" decoding=\"async\" class=\"alignnone size-full wp-image-49916\" src=\"http:\/\/ccoo.app\/diputacio-de-barcelona\/wp-content\/blogs.dir\/6\/files\/sites\/186\/2022\/03\/mail.png\" alt=\"\" width=\"51\" height=\"37\"><\/a>&nbsp; &nbsp; &nbsp; &nbsp; &nbsp; <a href=\"https:\/\/twitter.com\/ccoodiba\"><img loading=\"lazy\" decoding=\"async\" class=\"alignnone size-full wp-image-49917\" src=\"http:\/\/ccoo.app\/diputacio-de-barcelona\/wp-content\/blogs.dir\/6\/files\/sites\/186\/2022\/03\/tw.png\" alt=\"\" width=\"44\" height=\"38\"><\/a>&nbsp; &nbsp; &nbsp; &nbsp; &nbsp; &nbsp; &nbsp; <a href=\"https:\/\/www.instagram.com\/ccoo_diba\/\"><img loading=\"lazy\" decoding=\"async\" class=\"alignnone size-full wp-image-49918\" src=\"http:\/\/ccoo.app\/diputacio-de-barcelona\/wp-content\/blogs.dir\/6\/files\/sites\/186\/2022\/03\/ig.png\" alt=\"\" width=\"45\" height=\"44\"><\/a>&nbsp; &nbsp; &nbsp; &nbsp; &nbsp; &nbsp; &nbsp; &nbsp; <a href=\"https:\/\/diba.ccoo.cat\/\"><img loading=\"lazy\" decoding=\"async\" class=\"alignnone size-full wp-image-49919\" src=\"http:\/\/ccoo.app\/diputacio-de-barcelona\/wp-content\/blogs.dir\/6\/files\/sites\/186\/2022\/03\/www.png\" alt=\"\" width=\"39\" height=\"40\"><\/a>&nbsp; &nbsp; &nbsp; &nbsp; &nbsp; &nbsp; &nbsp; &nbsp;<a href=\"https:\/\/www.ccoo.cat\/afiliat\/?_sfm_aff_situation=94\"><img loading=\"lazy\" decoding=\"async\" class=\"alignnone size-full wp-image-49920\" src=\"http:\/\/ccoo.app\/diputacio-de-barcelona\/wp-content\/blogs.dir\/6\/files\/sites\/186\/2022\/03\/af.png\" alt=\"\" width=\"125\" height=\"38\"><\/a>&nbsp;&nbsp;&nbsp;&nbsp;<\/p>","protected":false},"excerpt":{"rendered":"<p>-4 de mar\u00e7 de 2022- DE LES PARAULES, ALS FETS: TENIM UN PLA Arribem a un nou Dia Internacional de la Dona Treballadora. El 8 de Mar\u00e7, el dia m\u00e9s &#8230; <\/p>\n<p class=\"read-more-container\"><a title=\"8M DIA INTERNACIONAL DE LES DONES\" class=\"read-more button\" href=\"https:\/\/ccoo.app\/diputacio-de-barcelona\/8m-dia-internacional-de-les-dones-2022\/#more-49958\" aria-label=\"Leer m\u00e1s sobre 8M DIA INTERNACIONAL DE LES DONES\">Continuar llegint<\/a><\/p>\n","protected":false},"author":4519,"featured_media":49960,"comment_status":"open","ping_status":"open","sticky":false,"template":"","format":"standard","meta":{"footnotes":""},"categories":[38,14,18,19,22,23,29,31,34,37],"tags":[113,119,182],"class_list":["post-49958","post","type-post","status-publish","format-standard","has-post-thumbnail","hentry","category-a-tot-el-personal","category-afiliacio-ccoo-diba","category-ccoo-info","category-comunicats","category-igualtat","category-informacio-general","category-orgt-2","category-personal-interi-comunicats","category-respir","category-xbm","tag-feminisme","tag-igualtat","tag-pla-digualtat","generate-columns","tablet-grid-50","mobile-grid-100","grid-parent","grid-50"],"_links":{"self":[{"href":"https:\/\/ccoo.app\/diputacio-de-barcelona\/wp-json\/wp\/v2\/posts\/49958","targetHints":{"allow":["GET"]}}],"collection":[{"href":"https:\/\/ccoo.app\/diputacio-de-barcelona\/wp-json\/wp\/v2\/posts"}],"about":[{"href":"https:\/\/ccoo.app\/diputacio-de-barcelona\/wp-json\/wp\/v2\/types\/post"}],"author":[{"embeddable":true,"href":"https:\/\/ccoo.app\/diputacio-de-barcelona\/wp-json\/wp\/v2\/users\/4519"}],"replies":[{"embeddable":true,"href":"https:\/\/ccoo.app\/diputacio-de-barcelona\/wp-json\/wp\/v2\/comments?post=49958"}],"version-history":[{"count":2,"href":"https:\/\/ccoo.app\/diputacio-de-barcelona\/wp-json\/wp\/v2\/posts\/49958\/revisions"}],"predecessor-version":[{"id":51560,"href":"https:\/\/ccoo.app\/diputacio-de-barcelona\/wp-json\/wp\/v2\/posts\/49958\/revisions\/51560"}],"wp:featuredmedia":[{"embeddable":true,"href":"https:\/\/ccoo.app\/diputacio-de-barcelona\/wp-json\/wp\/v2\/media\/49960"}],"wp:attachment":[{"href":"https:\/\/ccoo.app\/diputacio-de-barcelona\/wp-json\/wp\/v2\/media?parent=49958"}],"wp:term":[{"taxonomy":"category","embeddable":true,"href":"https:\/\/ccoo.app\/diputacio-de-barcelona\/wp-json\/wp\/v2\/categories?post=49958"},{"taxonomy":"post_tag","embeddable":true,"href":"https:\/\/ccoo.app\/diputacio-de-barcelona\/wp-json\/wp\/v2\/tags?post=49958"}],"curies":[{"name":"wp","href":"https:\/\/api.w.org\/{rel}","templated":true}]}}