{"id":49955,"date":"2022-03-04T11:58:00","date_gmt":"2022-03-04T10:58:00","guid":{"rendered":"https:\/\/diba.ccoo.cat\/comunicat-orgt-2-marc-2022-copy\/"},"modified":"2023-10-17T16:28:55","modified_gmt":"2023-10-17T14:28:55","slug":"comunicat-mesa-general-negocacio-4-marc-2022","status":"publish","type":"post","link":"https:\/\/ccoo.app\/diputacio-de-barcelona\/comunicat-mesa-general-negocacio-4-marc-2022\/","title":{"rendered":"COMUNICAT MESA GENERAL NEGOCIACI\u00d3 -4 mar\u00e7 2022-"},"content":{"rendered":"\n<p><\/p>\n\n\n<p><\/p>\n<p class=\"wp-caption-text\"><img loading=\"lazy\" decoding=\"async\" class=\"size-medium wp-image-49907 aligncenter\" src=\"http:\/\/ccoo.app\/diputacio-de-barcelona\/wp-content\/blogs.dir\/6\/files\/sites\/186\/2022\/03\/logo-diputacio-de-barcelona-300x108.png\" alt=\"\" width=\"300\" height=\"108\" srcset=\"https:\/\/ccoo.app\/diputacio-de-barcelona\/wp-content\/blogs.dir\/6\/files\/sites\/186\/2022\/03\/logo-diputacio-de-barcelona-300x108.png 300w, https:\/\/ccoo.app\/diputacio-de-barcelona\/wp-content\/blogs.dir\/6\/files\/sites\/186\/2022\/03\/logo-diputacio-de-barcelona.png 742w\" sizes=\"auto, (max-width: 300px) 100vw, 300px\" \/><\/p>\n<p style=\"text-align: center\"><span style=\"color: #000000\">-4 de mar\u00e7 de 2022-<\/span><\/p>\n<h3 style=\"text-align: center\">DARRERES INFORMACIONS SINDICALS<\/h3>\n<p><span style=\"color: #000000\">El passat dijous 3 de mar\u00e7 vam assistir a la darrera Mesa de Negociaci\u00f3 de mat\u00e8ries comunes amb la Diputaci\u00f3 de Barcelona i us volem informar del resultat de les mateixes:<\/span><\/p>\n<h4><span style=\"color: #000000\">Incentius per jubilaci\u00f3 anticipada<\/span><\/h4>\n<p><span style=\"color: #000000\">Tot i que la rumorologia sobre la possible suspensi\u00f3 dels incentius per jubilaci\u00f3 anticipada era cada cop m\u00e9s i m\u00e9s creixent, des de la Secci\u00f3 Sindical de CCOO vam iniciar converses amb la Direcci\u00f3 dels Recursos Humans fa uns dies per tal de saber de primera m\u00e0 qu\u00e8 estava passant i avui hem tingut la confirmaci\u00f3 en la reuni\u00f3 de Mesa: la Diputaci\u00f3 de Barcelona, de manera unilateral, ha susp\u00e8s els pagaments per jubilaci\u00f3 anticipada a aquells companys i companyes que l\u2019havien demanat a partir de l\u20191 de gener de 2022. Des de CCOO hem fet pal\u00e8s el nostre total i absolut rebuig a aquesta decisi\u00f3 que afecta a la totalitat de la plantilla de la Diputaci\u00f3 de Barcelona. No acceptem que la corporaci\u00f3 faci i desfaci de manera unilateral all\u00f2 que hem signat i que entenem que continua sent v\u00e0lid. I molt menys d\u2019un dia per l\u2019altre! Per aix\u00f2, des de CCOO, ja hem comen\u00e7at a estudiar amb el nostre Gabinet Jur\u00eddic la impugnaci\u00f3, via judicial, d\u2019aquest incompliment d\u2019acord. A m\u00e9s a m\u00e9s, si sou de les persones afectades o que us vol\u00edeu acollir en breu a aquest acord, podeu posar-vos en contacte amb nosaltres per rebre tot l\u2019assessorament que necessiteu.<\/span><\/p>\n<p><span style=\"color: #000000\">Per\u00f2 no ens quedarem de bra\u00e7os creuats esperant una resoluci\u00f3 jur\u00eddica: des de CCOO volem passar a l\u2019acci\u00f3 des de ja! I els gestos no els esperem nom\u00e9s en les reunions de Mesa de Negociaci\u00f3 perqu\u00e8 aix\u00f2 t\u00e9 una r\u00e0pida soluci\u00f3: que sigui la Presidenta de la Diputaci\u00f3 de Barcelona, la senyora N\u00faria Mar\u00edn, qui exerceixi el poder executiu que li atorga el seu c\u00e0rrec i no paralitzi els expedients de pagament ja que els propis serveis jur\u00eddics de la corporaci\u00f3 donen validesa als nostres acords signats. Ens tornen a retallar els nostres drets com a funcionaris d\u2019aquesta corporaci\u00f3. Perqu\u00e8 s\u00ed: s\u00f3n retallades i \u00e9s un nou atac i una falta de respecte a la plantilla d\u2019aquesta casa que com sempre, i especialment durant la pand\u00e8mia, ha demostrat sobradament la seva professionalitat i aguanta l\u2019efectiva prestaci\u00f3 dels serveis p\u00fablics i de qualitat de la Diputaci\u00f3.<\/span><\/p>\n<h4><span style=\"color: #000000\">Indemnitzaci\u00f3 TIC, modificaci\u00f3 ajut menjar, carrera professional&#8230;<\/span><\/h4>\n<p><span style=\"color: #000000\">A la mateixa reuni\u00f3 de Mesa de Negociaci\u00f3 hem tornat a exigir el compliment d\u2019all\u00f2 que vam pactar en anteriors reunions. Si recordeu, CCOO vam denunciar l\u2019incompliment del pagament de la indemnitzaci\u00f3 de les TIC i ja estem a l\u2019espera de la vista judicial. Ara b\u00e9, des de CCOO continuarem treballant ja sigui per aquesta via o per altres vies alternatives per tal que es compleixen els acords signats. Per aix\u00f2 vam empla\u00e7ar a la corporaci\u00f3 a negociar una prestaci\u00f3 econ\u00f2mica, a banda d\u2019aquesta indemnitzaci\u00f3 TIC, per despeses d\u2019aigua, llum, internet i gas per als empleats i empleades que teletreballen. Per\u00f2, tamb\u00e9, tenim pendent la modificaci\u00f3 de l\u2019ajut menjar per tal de cobrar aquest ajut independentment de com es faci la jornada: tota presencial, tota en remot o mixta. Doncs b\u00e9, aquesta modificaci\u00f3 va ser acordada a l\u2019octubre de 2021 i encara esperem que la corporaci\u00f3 tiri endavant aquesta modificaci\u00f3. I de nou, estem estudiant les possibles accions legals per mirar de donar sortida a aquesta modificaci\u00f3.<\/span><\/p>\n<p><span style=\"color: #000000\">Com tamb\u00e9 ens passa amb la carrera professional: despr\u00e9s d\u2019haver renegociat una nova carrera professional, encara restem pendents que s\u2019apliqui aquesta modificaci\u00f3. I \u00e9s que des de CCOO anirem a la via judicial sempre que calgui cercant la viabilitat dels acords que signem amb la Diputaci\u00f3 per\u00f2 sembla que la Diputaci\u00f3 de Barcelona se senti m\u00e9s c\u00f2mode negociant davant d\u2019un jutge que no pas amb la part social en Mesa de Negociaci\u00f3. Com podeu comprovar, \u00e9s la Diputaci\u00f3 de Barcelona qui t\u00e9 bloquejada la negociaci\u00f3 col\u00b7lectiva i qui impedeix que els nostres acords tirin endavant. I des de CCOO hem dit prou i passem a l\u2019ofensiva! Estigueu atents i atentes a les properes informacions&#8230;<\/span><\/p>\n<p><\/p>\n<p>&nbsp; &nbsp;&nbsp;&nbsp;&nbsp;<img loading=\"lazy\" decoding=\"async\" class=\"alignnone size-full wp-image-49915\" src=\"http:\/\/ccoo.app\/diputacio-de-barcelona\/wp-content\/blogs.dir\/6\/files\/sites\/186\/2022\/03\/tel.png\" alt=\"\" width=\"129\" height=\"38\">&nbsp; &nbsp; &nbsp; &nbsp; &nbsp; &nbsp;<a href=\"https:\/\/diba.ccoo.cat\/assemblees-generals-marc-abril-maig-2022\/ccoo@diba.cat\"><img loading=\"lazy\" decoding=\"async\" class=\"alignnone size-full wp-image-49916\" src=\"http:\/\/ccoo.app\/diputacio-de-barcelona\/wp-content\/blogs.dir\/6\/files\/sites\/186\/2022\/03\/mail.png\" alt=\"\" width=\"51\" height=\"37\"><\/a>&nbsp; &nbsp; &nbsp; &nbsp; &nbsp; <a href=\"https:\/\/twitter.com\/ccoodiba\"><img loading=\"lazy\" decoding=\"async\" class=\"alignnone size-full wp-image-49917\" src=\"http:\/\/ccoo.app\/diputacio-de-barcelona\/wp-content\/blogs.dir\/6\/files\/sites\/186\/2022\/03\/tw.png\" alt=\"\" width=\"44\" height=\"38\"><\/a>&nbsp; &nbsp; &nbsp; &nbsp; &nbsp; &nbsp; &nbsp; <a href=\"https:\/\/www.instagram.com\/ccoo_diba\/\"><img loading=\"lazy\" decoding=\"async\" class=\"alignnone size-full wp-image-49918\" src=\"http:\/\/ccoo.app\/diputacio-de-barcelona\/wp-content\/blogs.dir\/6\/files\/sites\/186\/2022\/03\/ig.png\" alt=\"\" width=\"45\" height=\"44\"><\/a>&nbsp; &nbsp; &nbsp; &nbsp; &nbsp; &nbsp; &nbsp; &nbsp; <a href=\"https:\/\/diba.ccoo.cat\/\"><img loading=\"lazy\" decoding=\"async\" class=\"alignnone size-full wp-image-49919\" src=\"http:\/\/ccoo.app\/diputacio-de-barcelona\/wp-content\/blogs.dir\/6\/files\/sites\/186\/2022\/03\/www.png\" alt=\"\" width=\"39\" height=\"40\"><\/a>&nbsp; &nbsp; &nbsp; &nbsp; &nbsp; &nbsp; &nbsp; &nbsp;<a href=\"https:\/\/www.ccoo.cat\/afiliat\/?_sfm_aff_situation=94\"><img loading=\"lazy\" decoding=\"async\" class=\"alignnone size-full wp-image-49920\" src=\"http:\/\/ccoo.app\/diputacio-de-barcelona\/wp-content\/blogs.dir\/6\/files\/sites\/186\/2022\/03\/af.png\" alt=\"\" width=\"125\" height=\"38\"><\/a>&nbsp;&nbsp;&nbsp;&nbsp;<\/p>","protected":false},"excerpt":{"rendered":"<p>-4 de mar\u00e7 de 2022- DARRERES INFORMACIONS SINDICALS El passat dijous 3 de mar\u00e7 vam assistir a la darrera Mesa de Negociaci\u00f3 de mat\u00e8ries comunes amb la Diputaci\u00f3 de Barcelona &#8230; <\/p>\n<p class=\"read-more-container\"><a title=\"COMUNICAT MESA GENERAL NEGOCIACI\u00d3 -4 mar\u00e7 2022-\" class=\"read-more button\" href=\"https:\/\/ccoo.app\/diputacio-de-barcelona\/comunicat-mesa-general-negocacio-4-marc-2022\/#more-49955\" aria-label=\"Leer m\u00e1s sobre COMUNICAT MESA GENERAL NEGOCIACI\u00d3 -4 mar\u00e7 2022-\">Continuar llegint<\/a><\/p>\n","protected":false},"author":4519,"featured_media":50130,"comment_status":"open","ping_status":"open","sticky":false,"template":"","format":"standard","meta":{"footnotes":""},"categories":[38,14,18,19,23,26,29,31,34,37],"tags":[86,131,148,152,180],"class_list":["post-49955","post","type-post","status-publish","format-standard","has-post-thumbnail","hentry","category-a-tot-el-personal","category-afiliacio-ccoo-diba","category-ccoo-info","category-comunicats","category-informacio-general","category-mgn","category-orgt-2","category-personal-interi-comunicats","category-respir","category-xbm","tag-baixes-altes-mediques-embaras-maternitat-flexibilitat-fills-ebep-eleccions-jornada-horari-horaris-laboral-jornada-jornades-laborals-its-incapacitat-temporal-salut-inspeccio-treball","tag-jubilacio","tag-mesa-general-negociacio","tag-millores-socials","tag-personal-interi","generate-columns","tablet-grid-50","mobile-grid-100","grid-parent","grid-50"],"_links":{"self":[{"href":"https:\/\/ccoo.app\/diputacio-de-barcelona\/wp-json\/wp\/v2\/posts\/49955","targetHints":{"allow":["GET"]}}],"collection":[{"href":"https:\/\/ccoo.app\/diputacio-de-barcelona\/wp-json\/wp\/v2\/posts"}],"about":[{"href":"https:\/\/ccoo.app\/diputacio-de-barcelona\/wp-json\/wp\/v2\/types\/post"}],"author":[{"embeddable":true,"href":"https:\/\/ccoo.app\/diputacio-de-barcelona\/wp-json\/wp\/v2\/users\/4519"}],"replies":[{"embeddable":true,"href":"https:\/\/ccoo.app\/diputacio-de-barcelona\/wp-json\/wp\/v2\/comments?post=49955"}],"version-history":[{"count":1,"href":"https:\/\/ccoo.app\/diputacio-de-barcelona\/wp-json\/wp\/v2\/posts\/49955\/revisions"}],"predecessor-version":[{"id":50131,"href":"https:\/\/ccoo.app\/diputacio-de-barcelona\/wp-json\/wp\/v2\/posts\/49955\/revisions\/50131"}],"wp:featuredmedia":[{"embeddable":true,"href":"https:\/\/ccoo.app\/diputacio-de-barcelona\/wp-json\/wp\/v2\/media\/50130"}],"wp:attachment":[{"href":"https:\/\/ccoo.app\/diputacio-de-barcelona\/wp-json\/wp\/v2\/media?parent=49955"}],"wp:term":[{"taxonomy":"category","embeddable":true,"href":"https:\/\/ccoo.app\/diputacio-de-barcelona\/wp-json\/wp\/v2\/categories?post=49955"},{"taxonomy":"post_tag","embeddable":true,"href":"https:\/\/ccoo.app\/diputacio-de-barcelona\/wp-json\/wp\/v2\/tags?post=49955"}],"curies":[{"name":"wp","href":"https:\/\/api.w.org\/{rel}","templated":true}]}}