{"id":49952,"date":"2022-03-02T11:55:00","date_gmt":"2022-03-02T10:55:00","guid":{"rendered":"https:\/\/diba.ccoo.cat\/ccoo-convida-membre-tribunal-copy\/"},"modified":"2023-10-17T16:28:59","modified_gmt":"2023-10-17T14:28:59","slug":"comunicat-orgt-2-marc-2022","status":"publish","type":"post","link":"https:\/\/ccoo.app\/diputacio-de-barcelona\/comunicat-orgt-2-marc-2022\/","title":{"rendered":"COMUNICAT ORGT -2 mar\u00e7 2022-"},"content":{"rendered":"\n<p><\/p>\n\n\n<p>\u00a0<\/p>\n<p class=\"wp-caption-text\"><img loading=\"lazy\" decoding=\"async\" class=\"size-medium wp-image-49907 aligncenter\" src=\"http:\/\/ccoo.app\/diputacio-de-barcelona\/wp-content\/blogs.dir\/6\/files\/sites\/186\/2022\/03\/logo-diputacio-de-barcelona-300x108.png\" alt=\"\" width=\"300\" height=\"108\" srcset=\"https:\/\/ccoo.app\/diputacio-de-barcelona\/wp-content\/blogs.dir\/6\/files\/sites\/186\/2022\/03\/logo-diputacio-de-barcelona-300x108.png 300w, https:\/\/ccoo.app\/diputacio-de-barcelona\/wp-content\/blogs.dir\/6\/files\/sites\/186\/2022\/03\/logo-diputacio-de-barcelona.png 742w\" sizes=\"auto, (max-width: 300px) 100vw, 300px\" \/><\/p>\n<p style=\"text-align: center\"><span style=\"color: #000000\">-2 de mar\u00e7 de 2022-<\/span><\/p>\n<h3>XEC GOURMET<\/h3>\n<p>Arrel de les consultes que ens heu traslladat referent a la manca de pagament dels xecs gourmet generats per la prestaci\u00f3 de servei de forma presencial a les oficines, informar-vos que est\u00e0 previst que la Direcci\u00f3 de RRHH de l&#8217;ORGT faci l&#8217;abonament en el mes d&#8217;abril amb efectes retroactius de l&#8217;1 de novembre del 2021, que \u00e9s la data en la qu\u00e8 es acordar, en seu de Mesa de Negociaci\u00f3, que es reactivaria el pagament per aquest concepte.<br \/><br \/>Per tant, des de CCOO us recomanem que reviseu el vostre portal de l&#8217;empleat i, que el personal que heu treballat de forma presencial a l&#8217;oficina i despr\u00e9s l&#8217;ampliaci\u00f3 l&#8217;heu fet o b\u00e9 a la oficina o b\u00e9 en remot, tingueu els marcatges formalitzats correctament.<br \/><br \/>En qualsevol cas, si arriba l&#8217;abonament en el mes d&#8217;abril i trobeu que no se us ha abonat l&#8217;import correcte, (recordeu que son 11 \u20ac per tarda), envieu un correu a:<br \/><br \/>orgt.rrhh.control-inc@diba.cat<\/p>\n<p>\u00a0<\/p>\n<h3>NOVES INCORPORACIONS<\/h3>\n<p>Est\u00e0 previst que en els pr\u00f2xims mesos s&#8217;incorporin 84 persones a les oficines i centres de treball de l&#8217;ORGT. La DSRH ens informa que d&#8217;aquestes 84, ja s&#8217;han incorporat 3 persones en el mes de febrer. El 16 de mar\u00e7 s&#8217;incorporaran 48 persones m\u00e9s i la resta d&#8217;incorporacions es realitzaran, 5 al mes d&#8217;abril i les 28 restants al mes de maig.<br \/>Des de CCOO entenem que aquestes 84 incorporacions ajudin a reduir les c\u00e0rregues de feina extraordin\u00e0ries que esteu patint durant els \u00faltims anys.<\/p>\n<p>\u00a0<\/p>\n<h4>CCOO ESTEM AL TEU COSTAT!<\/h4>\n<p>\u00a0<\/p>\n<p>\u00a0 \u00a0\u00a0\u00a0\u00a0<img loading=\"lazy\" decoding=\"async\" class=\"alignnone size-full wp-image-49915\" src=\"http:\/\/ccoo.app\/diputacio-de-barcelona\/wp-content\/blogs.dir\/6\/files\/sites\/186\/2022\/03\/tel.png\" alt=\"\" width=\"129\" height=\"38\" \/>\u00a0 \u00a0 \u00a0 \u00a0 \u00a0 \u00a0<a href=\"https:\/\/diba.ccoo.cat\/assemblees-generals-marc-abril-maig-2022\/ccoo@diba.cat\"><img loading=\"lazy\" decoding=\"async\" class=\"alignnone size-full wp-image-49916\" src=\"http:\/\/ccoo.app\/diputacio-de-barcelona\/wp-content\/blogs.dir\/6\/files\/sites\/186\/2022\/03\/mail.png\" alt=\"\" width=\"51\" height=\"37\" \/><\/a>\u00a0 \u00a0 \u00a0 \u00a0 \u00a0 <a href=\"https:\/\/twitter.com\/ccoodiba\"><img loading=\"lazy\" decoding=\"async\" class=\"alignnone size-full wp-image-49917\" src=\"http:\/\/ccoo.app\/diputacio-de-barcelona\/wp-content\/blogs.dir\/6\/files\/sites\/186\/2022\/03\/tw.png\" alt=\"\" width=\"44\" height=\"38\" \/><\/a>\u00a0 \u00a0 \u00a0 \u00a0 \u00a0 \u00a0 \u00a0 <a href=\"https:\/\/www.instagram.com\/ccoo_diba\/\"><img loading=\"lazy\" decoding=\"async\" class=\"alignnone size-full wp-image-49918\" src=\"http:\/\/ccoo.app\/diputacio-de-barcelona\/wp-content\/blogs.dir\/6\/files\/sites\/186\/2022\/03\/ig.png\" alt=\"\" width=\"45\" height=\"44\" \/><\/a>\u00a0 \u00a0 \u00a0 \u00a0 \u00a0 \u00a0 \u00a0 \u00a0 <a href=\"https:\/\/diba.ccoo.cat\/\"><img loading=\"lazy\" decoding=\"async\" class=\"alignnone size-full wp-image-49919\" src=\"http:\/\/ccoo.app\/diputacio-de-barcelona\/wp-content\/blogs.dir\/6\/files\/sites\/186\/2022\/03\/www.png\" alt=\"\" width=\"39\" height=\"40\" \/><\/a>\u00a0 \u00a0 \u00a0 \u00a0 \u00a0 \u00a0 \u00a0 \u00a0<a href=\"https:\/\/www.ccoo.cat\/afiliat\/?_sfm_aff_situation=94\"><img loading=\"lazy\" decoding=\"async\" class=\"alignnone size-full wp-image-49920\" src=\"http:\/\/ccoo.app\/diputacio-de-barcelona\/wp-content\/blogs.dir\/6\/files\/sites\/186\/2022\/03\/af.png\" alt=\"\" width=\"125\" height=\"38\" \/><\/a>\u00a0\u00a0\u00a0\u00a0<\/p>    \t","protected":false},"excerpt":{"rendered":"<p>\u00a0 -2 de mar\u00e7 de 2022- XEC GOURMET Arrel de les consultes que ens heu traslladat referent a la manca de pagament dels xecs gourmet generats per la prestaci\u00f3 de &#8230; <\/p>\n<p class=\"read-more-container\"><a title=\"COMUNICAT ORGT -2 mar\u00e7 2022-\" class=\"read-more button\" href=\"https:\/\/ccoo.app\/diputacio-de-barcelona\/comunicat-orgt-2-marc-2022\/#more-49952\" aria-label=\"Leer m\u00e1s sobre COMUNICAT ORGT -2 mar\u00e7 2022-\">Continuar llegint<\/a><\/p>\n","protected":false},"author":4519,"featured_media":49839,"comment_status":"open","ping_status":"open","sticky":false,"template":"","format":"standard","meta":{"footnotes":""},"categories":[14,18,19,27,29],"tags":[60,167],"class_list":["post-49952","post","type-post","status-publish","format-standard","has-post-thumbnail","hentry","category-afiliacio-ccoo-diba","category-ccoo-info","category-comunicats","category-millores-socials","category-orgt-2","tag-ajut-menjar","tag-orgt","generate-columns","tablet-grid-50","mobile-grid-100","grid-parent","grid-50"],"_links":{"self":[{"href":"https:\/\/ccoo.app\/diputacio-de-barcelona\/wp-json\/wp\/v2\/posts\/49952","targetHints":{"allow":["GET"]}}],"collection":[{"href":"https:\/\/ccoo.app\/diputacio-de-barcelona\/wp-json\/wp\/v2\/posts"}],"about":[{"href":"https:\/\/ccoo.app\/diputacio-de-barcelona\/wp-json\/wp\/v2\/types\/post"}],"author":[{"embeddable":true,"href":"https:\/\/ccoo.app\/diputacio-de-barcelona\/wp-json\/wp\/v2\/users\/4519"}],"replies":[{"embeddable":true,"href":"https:\/\/ccoo.app\/diputacio-de-barcelona\/wp-json\/wp\/v2\/comments?post=49952"}],"version-history":[{"count":1,"href":"https:\/\/ccoo.app\/diputacio-de-barcelona\/wp-json\/wp\/v2\/posts\/49952\/revisions"}],"predecessor-version":[{"id":50729,"href":"https:\/\/ccoo.app\/diputacio-de-barcelona\/wp-json\/wp\/v2\/posts\/49952\/revisions\/50729"}],"wp:featuredmedia":[{"embeddable":true,"href":"https:\/\/ccoo.app\/diputacio-de-barcelona\/wp-json\/wp\/v2\/media\/49839"}],"wp:attachment":[{"href":"https:\/\/ccoo.app\/diputacio-de-barcelona\/wp-json\/wp\/v2\/media?parent=49952"}],"wp:term":[{"taxonomy":"category","embeddable":true,"href":"https:\/\/ccoo.app\/diputacio-de-barcelona\/wp-json\/wp\/v2\/categories?post=49952"},{"taxonomy":"post_tag","embeddable":true,"href":"https:\/\/ccoo.app\/diputacio-de-barcelona\/wp-json\/wp\/v2\/tags?post=49952"}],"curies":[{"name":"wp","href":"https:\/\/api.w.org\/{rel}","templated":true}]}}