{"id":49949,"date":"2022-02-10T11:51:00","date_gmt":"2022-02-10T10:51:00","guid":{"rendered":"https:\/\/diba.ccoo.cat\/assemblea-afiliacio-2-febrer-2022-copy\/"},"modified":"2023-10-17T16:29:01","modified_gmt":"2023-10-17T14:29:01","slug":"ccoo-convida-membre-tribunal","status":"publish","type":"post","link":"https:\/\/ccoo.app\/diputacio-de-barcelona\/ccoo-convida-membre-tribunal\/","title":{"rendered":"CCOO ET CONVIDA A PARTICIPAR COM A MEMBRE D&#8217;UN TRIBUNAL -10 febrer 2022-"},"content":{"rendered":"\n<p><\/p>\n\n\n<p><\/p>\n<p class=\"wp-caption-text\"><img loading=\"lazy\" decoding=\"async\" class=\"size-medium wp-image-49907 aligncenter\" src=\"http:\/\/ccoo.app\/diputacio-de-barcelona\/wp-content\/blogs.dir\/6\/files\/sites\/186\/2022\/03\/logo-diputacio-de-barcelona-300x108.png\" alt=\"\" width=\"300\" height=\"108\" srcset=\"https:\/\/ccoo.app\/diputacio-de-barcelona\/wp-content\/blogs.dir\/6\/files\/sites\/186\/2022\/03\/logo-diputacio-de-barcelona-300x108.png 300w, https:\/\/ccoo.app\/diputacio-de-barcelona\/wp-content\/blogs.dir\/6\/files\/sites\/186\/2022\/03\/logo-diputacio-de-barcelona.png 742w\" sizes=\"auto, (max-width: 300px) 100vw, 300px\" \/><\/p>\n<p style=\"text-align: center\"><span style=\"color: #000000\">-10 de febrer de 2022-<\/span><\/p>\n<p>Segons l\u2019article 60 de l\u2019EBEP, els \u00f2rgans de selecci\u00f3 son \u00f2rgans col\u00b7legiats i la seva composici\u00f3 s\u2019ha d\u2019ajustar al dos principis: imparcialitat i professionalitat.<\/p>\n<p>El principi d\u2019imparcialitat implica, entre altres coses, que la participaci\u00f3 a un \u00f2rgan de selecci\u00f3 ser\u00e0 sempre a t\u00edtol individual, i no es podr\u00e0 exercir en representaci\u00f3 o per compte de ning\u00fa.<\/p>\n<p>El principi de professionalitat est\u00e0 relacionat amb el fet que aquest \u00f2rgan estigui format per membres amb la qualificaci\u00f3 t\u00e8cnica necess\u00e0ria per valorar els m\u00e8rits i les capacitats dels aspirants. Posseir igual o superior nivell de titulaci\u00f3 que l\u2019exigit per a l\u2019ingr\u00e9s al cos o escala de qu\u00e8 es tracti i tenir coneixements sobre el contingut del lloc de treball a proveir.<\/p>\n<p>Com sabeu, a la Diputaci\u00f3, dels cinc membres d\u2019un \u00f2rgan de selecci\u00f3 (tribunal), la Junta de Personal, pot proposar una persona que actuar\u00e0 sempre a t\u00edtol individual sense exercir-ne la representaci\u00f3.<br>Amb l\u2019objectiu de crear una borsa de persones que vulguin ser membres dels tribunals de selecci\u00f3.<\/p>\n<p>Envia\u2019ns les seg\u00fcents dades:<br>&#8211; Nom i cognoms<br>&#8211; Titulaci\u00f3 Acad\u00e8mica<br>&#8211; Tel\u00e8fon de contacte laboral i\/o personal<br>&#8211; Categoria ocupada<br>&#8211; Departament d\u2019adscripci\u00f3 i recinte de treball<br>&#8211; \u00c0mbits preferents de participaci\u00f3 als tribunals<br>&#8211; Ser funcionari de carrera de la pla\u00e7a que s\u2019ocupa<\/p>\n<p>CCOO convidem a tothom que ho desitgi, a que es posi en contacte amb nosaltres \uf0e0 ccoo@diba.cat<br>D\u2019aquesta manera, CCOO seguim afavorint la participaci\u00f3 i ens reafirmem en la nostra voluntat de treballar per donar m\u00e9s garanties d\u2019imparcialitat, d\u2019idone\u00eftat i professionalitat.<br>Tots els candidats i les candidates rebran la formaci\u00f3 pertinent per exercir la seva responsabilitat aix\u00ed com el temps indispensable per a la realitzaci\u00f3 de les tasques com a membre dels tribunals als quals sigui assignat.<\/p>\n<p>Horari d\u2019atenci\u00f3 CCOO DIBA:<br>CARRER MALLORCA, 244, 2on 3a<br>DE DILLUNS A DIVENDRES DE 9:00 A 14:00 HORES<br>Tel\u00e8fon: 667 90 69 64 \/ 934 022 985 Ext 22985<br>ccoo@diba.cat<\/p>\n<p><\/p>\n<p>&nbsp; &nbsp;&nbsp;&nbsp;&nbsp;<img loading=\"lazy\" decoding=\"async\" class=\"alignnone size-full wp-image-49915\" src=\"http:\/\/ccoo.app\/diputacio-de-barcelona\/wp-content\/blogs.dir\/6\/files\/sites\/186\/2022\/03\/tel.png\" alt=\"\" width=\"129\" height=\"38\">&nbsp; &nbsp; &nbsp; &nbsp; &nbsp; &nbsp;<a href=\"https:\/\/diba.ccoo.cat\/assemblees-generals-marc-abril-maig-2022\/ccoo@diba.cat\"><img loading=\"lazy\" decoding=\"async\" class=\"alignnone size-full wp-image-49916\" src=\"http:\/\/ccoo.app\/diputacio-de-barcelona\/wp-content\/blogs.dir\/6\/files\/sites\/186\/2022\/03\/mail.png\" alt=\"\" width=\"51\" height=\"37\"><\/a>&nbsp; &nbsp; &nbsp; &nbsp; &nbsp; <a href=\"https:\/\/twitter.com\/ccoodiba\"><img loading=\"lazy\" decoding=\"async\" class=\"alignnone size-full wp-image-49917\" src=\"http:\/\/ccoo.app\/diputacio-de-barcelona\/wp-content\/blogs.dir\/6\/files\/sites\/186\/2022\/03\/tw.png\" alt=\"\" width=\"44\" height=\"38\"><\/a>&nbsp; &nbsp; &nbsp; &nbsp; &nbsp; &nbsp; &nbsp; <a href=\"https:\/\/www.instagram.com\/ccoo_diba\/\"><img loading=\"lazy\" decoding=\"async\" class=\"alignnone size-full wp-image-49918\" src=\"http:\/\/ccoo.app\/diputacio-de-barcelona\/wp-content\/blogs.dir\/6\/files\/sites\/186\/2022\/03\/ig.png\" alt=\"\" width=\"45\" height=\"44\"><\/a>&nbsp; &nbsp; &nbsp; &nbsp; &nbsp; &nbsp; &nbsp; &nbsp; <a href=\"https:\/\/diba.ccoo.cat\/\"><img loading=\"lazy\" decoding=\"async\" class=\"alignnone size-full wp-image-49919\" src=\"http:\/\/ccoo.app\/diputacio-de-barcelona\/wp-content\/blogs.dir\/6\/files\/sites\/186\/2022\/03\/www.png\" alt=\"\" width=\"39\" height=\"40\"><\/a>&nbsp; &nbsp; &nbsp; &nbsp; &nbsp; &nbsp; &nbsp; &nbsp;<a href=\"https:\/\/www.ccoo.cat\/afiliat\/?_sfm_aff_situation=94\"><img loading=\"lazy\" decoding=\"async\" class=\"alignnone size-full wp-image-49920\" src=\"http:\/\/ccoo.app\/diputacio-de-barcelona\/wp-content\/blogs.dir\/6\/files\/sites\/186\/2022\/03\/af.png\" alt=\"\" width=\"125\" height=\"38\"><\/a>&nbsp;&nbsp;&nbsp;&nbsp;<\/p>","protected":false},"excerpt":{"rendered":"<p>-10 de febrer de 2022- Segons l\u2019article 60 de l\u2019EBEP, els \u00f2rgans de selecci\u00f3 son \u00f2rgans col\u00b7legiats i la seva composici\u00f3 s\u2019ha d\u2019ajustar al dos principis: imparcialitat i professionalitat. El &#8230; <\/p>\n<p class=\"read-more-container\"><a title=\"CCOO ET CONVIDA A PARTICIPAR COM A MEMBRE D&#8217;UN TRIBUNAL -10 febrer 2022-\" class=\"read-more button\" href=\"https:\/\/ccoo.app\/diputacio-de-barcelona\/ccoo-convida-membre-tribunal\/#more-49949\" aria-label=\"Leer m\u00e1s sobre CCOO ET CONVIDA A PARTICIPAR COM A MEMBRE D&#8217;UN TRIBUNAL -10 febrer 2022-\">Continuar llegint<\/a><\/p>\n","protected":false},"author":4519,"featured_media":0,"comment_status":"open","ping_status":"open","sticky":false,"template":"","format":"standard","meta":{"footnotes":""},"categories":[38,14,18,19,23,29,31,34,37],"tags":[200,216,230],"class_list":["post-49949","post","type-post","status-publish","format-standard","hentry","category-a-tot-el-personal","category-afiliacio-ccoo-diba","category-ccoo-info","category-comunicats","category-informacio-general","category-orgt-2","category-personal-interi-comunicats","category-respir","category-xbm","tag-provisio-2","tag-seleccio-2","tag-tribunal","generate-columns","tablet-grid-50","mobile-grid-100","grid-parent","grid-50"],"_links":{"self":[{"href":"https:\/\/ccoo.app\/diputacio-de-barcelona\/wp-json\/wp\/v2\/posts\/49949","targetHints":{"allow":["GET"]}}],"collection":[{"href":"https:\/\/ccoo.app\/diputacio-de-barcelona\/wp-json\/wp\/v2\/posts"}],"about":[{"href":"https:\/\/ccoo.app\/diputacio-de-barcelona\/wp-json\/wp\/v2\/types\/post"}],"author":[{"embeddable":true,"href":"https:\/\/ccoo.app\/diputacio-de-barcelona\/wp-json\/wp\/v2\/users\/4519"}],"replies":[{"embeddable":true,"href":"https:\/\/ccoo.app\/diputacio-de-barcelona\/wp-json\/wp\/v2\/comments?post=49949"}],"version-history":[{"count":3,"href":"https:\/\/ccoo.app\/diputacio-de-barcelona\/wp-json\/wp\/v2\/posts\/49949\/revisions"}],"predecessor-version":[{"id":51563,"href":"https:\/\/ccoo.app\/diputacio-de-barcelona\/wp-json\/wp\/v2\/posts\/49949\/revisions\/51563"}],"wp:attachment":[{"href":"https:\/\/ccoo.app\/diputacio-de-barcelona\/wp-json\/wp\/v2\/media?parent=49949"}],"wp:term":[{"taxonomy":"category","embeddable":true,"href":"https:\/\/ccoo.app\/diputacio-de-barcelona\/wp-json\/wp\/v2\/categories?post=49949"},{"taxonomy":"post_tag","embeddable":true,"href":"https:\/\/ccoo.app\/diputacio-de-barcelona\/wp-json\/wp\/v2\/tags?post=49949"}],"curies":[{"name":"wp","href":"https:\/\/api.w.org\/{rel}","templated":true}]}}