{"id":49946,"date":"2022-02-02T11:39:00","date_gmt":"2022-02-02T10:39:00","guid":{"rendered":"https:\/\/diba.ccoo.cat\/reunio-orgt-1-desembre-2021-copy-copy\/"},"modified":"2023-10-17T16:29:04","modified_gmt":"2023-10-17T14:29:04","slug":"assemblea-afiliacio-2-febrer-2022","status":"publish","type":"post","link":"https:\/\/ccoo.app\/diputacio-de-barcelona\/assemblea-afiliacio-2-febrer-2022\/","title":{"rendered":"ASSEMBLEA AFILIATS I AFILIADES DE CCOO A LA DIPUTACI\u00d3 DE BARCELONA -2 febrer 2022-"},"content":{"rendered":"\n<p><\/p>\n\n\n<p>\u00a0<\/p>\n<p class=\"wp-caption-text\"><img loading=\"lazy\" decoding=\"async\" class=\"size-medium wp-image-49907 aligncenter\" src=\"http:\/\/ccoo.app\/diputacio-de-barcelona\/wp-content\/blogs.dir\/6\/files\/sites\/186\/2022\/03\/logo-diputacio-de-barcelona-300x108.png\" alt=\"\" width=\"300\" height=\"108\" srcset=\"https:\/\/ccoo.app\/diputacio-de-barcelona\/wp-content\/blogs.dir\/6\/files\/sites\/186\/2022\/03\/logo-diputacio-de-barcelona-300x108.png 300w, https:\/\/ccoo.app\/diputacio-de-barcelona\/wp-content\/blogs.dir\/6\/files\/sites\/186\/2022\/03\/logo-diputacio-de-barcelona.png 742w\" sizes=\"auto, (max-width: 300px) 100vw, 300px\" \/><\/p>\n<p style=\"text-align: center\"><span style=\"color: #000000\">-2 de febrer de 2022-<\/span><\/p>\n<p>\u00a0<\/p>\n<h3>Ordre del dia de l\u2019assemblea:<br \/>* Estabilitzaci\u00f3 del personal inter\u00ed. Qu\u00e8 haig de saber sobre el proc\u00e9s d\u2019estabilitzaci\u00f3?<br \/>* Precs i preguntes<br \/><br \/><span style=\"color: #0000ff\">DATA: 7 de febrer de 2022<\/span><br \/><span style=\"color: #0000ff\">HORARI: 12h a 14.30h<\/span><br \/><br \/>ASSEMBLEA EN FORMAT TELEM\u00c0TIC*<br \/>*Properament us passarem l\u2019enlla\u00e7 telem\u00e0tic<br \/><br \/><span style=\"color: #ff0000\">RECORDA \u00c9S UNA ASSEMBLEA AUTORITZADA S\u2019HA DE JUSTIFICAR AMB EL CODI 0562 O GESTI\u00d3 PER RA\u00d3 DEL SERVEI<\/span><\/h3>\n<p>\u00a0<\/p>\n<p>\u00a0<\/p>\n<p>\u00a0 \u00a0\u00a0\u00a0\u00a0<img loading=\"lazy\" decoding=\"async\" class=\"alignnone size-full wp-image-49915\" src=\"http:\/\/ccoo.app\/diputacio-de-barcelona\/wp-content\/blogs.dir\/6\/files\/sites\/186\/2022\/03\/tel.png\" alt=\"\" width=\"129\" height=\"38\" \/>\u00a0 \u00a0 \u00a0 \u00a0 \u00a0 \u00a0<a href=\"https:\/\/diba.ccoo.cat\/assemblees-generals-marc-abril-maig-2022\/ccoo@diba.cat\"><img loading=\"lazy\" decoding=\"async\" class=\"alignnone size-full wp-image-49916\" src=\"http:\/\/ccoo.app\/diputacio-de-barcelona\/wp-content\/blogs.dir\/6\/files\/sites\/186\/2022\/03\/mail.png\" alt=\"\" width=\"51\" height=\"37\" \/><\/a>\u00a0 \u00a0 \u00a0 \u00a0 \u00a0 <a href=\"https:\/\/twitter.com\/ccoodiba\"><img loading=\"lazy\" decoding=\"async\" class=\"alignnone size-full wp-image-49917\" src=\"http:\/\/ccoo.app\/diputacio-de-barcelona\/wp-content\/blogs.dir\/6\/files\/sites\/186\/2022\/03\/tw.png\" alt=\"\" width=\"44\" height=\"38\" \/><\/a>\u00a0 \u00a0 \u00a0 \u00a0 \u00a0 \u00a0 \u00a0 <a href=\"https:\/\/www.instagram.com\/ccoo_diba\/\"><img loading=\"lazy\" decoding=\"async\" class=\"alignnone size-full wp-image-49918\" src=\"http:\/\/ccoo.app\/diputacio-de-barcelona\/wp-content\/blogs.dir\/6\/files\/sites\/186\/2022\/03\/ig.png\" alt=\"\" width=\"45\" height=\"44\" \/><\/a>\u00a0 \u00a0 \u00a0 \u00a0 \u00a0 \u00a0 \u00a0 \u00a0 <a href=\"https:\/\/diba.ccoo.cat\/\"><img loading=\"lazy\" decoding=\"async\" class=\"alignnone size-full wp-image-49919\" src=\"http:\/\/ccoo.app\/diputacio-de-barcelona\/wp-content\/blogs.dir\/6\/files\/sites\/186\/2022\/03\/www.png\" alt=\"\" width=\"39\" height=\"40\" \/><\/a>\u00a0 \u00a0 \u00a0 \u00a0 \u00a0 \u00a0 \u00a0 \u00a0<a href=\"https:\/\/www.ccoo.cat\/afiliat\/?_sfm_aff_situation=94\"><img loading=\"lazy\" decoding=\"async\" class=\"alignnone size-full wp-image-49920\" src=\"http:\/\/ccoo.app\/diputacio-de-barcelona\/wp-content\/blogs.dir\/6\/files\/sites\/186\/2022\/03\/af.png\" alt=\"\" width=\"125\" height=\"38\" \/><\/a>\u00a0\u00a0\u00a0\u00a0<\/p>    \t","protected":false},"excerpt":{"rendered":"<p>\u00a0 -2 de febrer de 2022- \u00a0 Ordre del dia de l\u2019assemblea:* Estabilitzaci\u00f3 del personal inter\u00ed. Qu\u00e8 haig de saber sobre el proc\u00e9s d\u2019estabilitzaci\u00f3?* Precs i preguntes DATA: 7 de &#8230; <\/p>\n<p class=\"read-more-container\"><a title=\"ASSEMBLEA AFILIATS I AFILIADES DE CCOO A LA DIPUTACI\u00d3 DE BARCELONA -2 febrer 2022-\" class=\"read-more button\" href=\"https:\/\/ccoo.app\/diputacio-de-barcelona\/assemblea-afiliacio-2-febrer-2022\/#more-49946\" aria-label=\"Leer m\u00e1s sobre ASSEMBLEA AFILIATS I AFILIADES DE CCOO A LA DIPUTACI\u00d3 DE BARCELONA -2 febrer 2022-\">Continuar llegint<\/a><\/p>\n","protected":false},"author":4519,"featured_media":0,"comment_status":"open","ping_status":"open","sticky":false,"template":"","format":"standard","meta":{"footnotes":""},"categories":[38,14,18,19],"tags":[61,77,88,125,163,180],"class_list":["post-49946","post","type-post","status-publish","format-standard","hentry","category-a-tot-el-personal","category-afiliacio-ccoo-diba","category-ccoo-info","category-comunicats","tag-assemblea","tag-ccoo","tag-contractes","tag-interins","tag-nomenaments","tag-personal-interi","generate-columns","tablet-grid-50","mobile-grid-100","grid-parent","grid-50"],"_links":{"self":[{"href":"https:\/\/ccoo.app\/diputacio-de-barcelona\/wp-json\/wp\/v2\/posts\/49946","targetHints":{"allow":["GET"]}}],"collection":[{"href":"https:\/\/ccoo.app\/diputacio-de-barcelona\/wp-json\/wp\/v2\/posts"}],"about":[{"href":"https:\/\/ccoo.app\/diputacio-de-barcelona\/wp-json\/wp\/v2\/types\/post"}],"author":[{"embeddable":true,"href":"https:\/\/ccoo.app\/diputacio-de-barcelona\/wp-json\/wp\/v2\/users\/4519"}],"replies":[{"embeddable":true,"href":"https:\/\/ccoo.app\/diputacio-de-barcelona\/wp-json\/wp\/v2\/comments?post=49946"}],"version-history":[{"count":1,"href":"https:\/\/ccoo.app\/diputacio-de-barcelona\/wp-json\/wp\/v2\/posts\/49946\/revisions"}],"predecessor-version":[{"id":50731,"href":"https:\/\/ccoo.app\/diputacio-de-barcelona\/wp-json\/wp\/v2\/posts\/49946\/revisions\/50731"}],"wp:attachment":[{"href":"https:\/\/ccoo.app\/diputacio-de-barcelona\/wp-json\/wp\/v2\/media?parent=49946"}],"wp:term":[{"taxonomy":"category","embeddable":true,"href":"https:\/\/ccoo.app\/diputacio-de-barcelona\/wp-json\/wp\/v2\/categories?post=49946"},{"taxonomy":"post_tag","embeddable":true,"href":"https:\/\/ccoo.app\/diputacio-de-barcelona\/wp-json\/wp\/v2\/tags?post=49946"}],"curies":[{"name":"wp","href":"https:\/\/api.w.org\/{rel}","templated":true}]}}