{"id":49913,"date":"2022-03-17T13:10:19","date_gmt":"2022-03-17T12:10:19","guid":{"rendered":"https:\/\/diba.ccoo.cat\/mesures-prevencio-augment-casos-covid-22-desembre-2021-copy\/"},"modified":"2023-10-17T16:28:43","modified_gmt":"2023-10-17T14:28:43","slug":"assemblees-generals-marc-abril-maig-2022","status":"publish","type":"post","link":"https:\/\/ccoo.app\/diputacio-de-barcelona\/assemblees-generals-marc-abril-maig-2022\/","title":{"rendered":"ASSEMBLEES GENERALS MAR\u00c7-ABRIL-MAIG 2022"},"content":{"rendered":"\n<p><\/p>\n\n\n<p class=\"wp-caption-text\">\n<\/p><p><img loading=\"lazy\" decoding=\"async\" class=\"aligncenter wp-image-49907 size-medium\" src=\"http:\/\/ccoo.app\/diputacio-de-barcelona\/wp-content\/blogs.dir\/6\/files\/sites\/186\/2022\/03\/logo-diputacio-de-barcelona-300x108.png\" alt=\"Secci\u00f3 sincidicarl de Comissions Obreres a la Diputaci\u00f3 de Barcelona\" width=\"300\" height=\"108\" srcset=\"https:\/\/ccoo.app\/diputacio-de-barcelona\/wp-content\/blogs.dir\/6\/files\/sites\/186\/2022\/03\/logo-diputacio-de-barcelona-300x108.png 300w, https:\/\/ccoo.app\/diputacio-de-barcelona\/wp-content\/blogs.dir\/6\/files\/sites\/186\/2022\/03\/logo-diputacio-de-barcelona.png 742w\" sizes=\"auto, (max-width: 300px) 100vw, 300px\" \/><\/p>\n<p style=\"text-align: center\"><span style=\"color: #000000\">-17 de mar\u00e7 de 2022-<\/span><\/p>\n<p><span style=\"color: #000000\"><strong><u>ASSEMBLEES GENERALS <\/u><\/strong><\/span><\/p>\n<p><span style=\"color: #000000\">Adre\u00e7ades <strong>a tota la plantilla de la Diputaci\u00f3 de Barcelona<\/strong> en els diferents centres de treball. Per raons de la COVID-19, nom\u00e9s restar\u00e0 autoritzada l\u2019assist\u00e8ncia dels treballadors i treballadores adscrits a cada centre de treball. Es realitzaran dos torns per centre de treball:<\/span><\/p>\n<table>\n<tbody>\n<tr>\n<td colspan=\"3\" width=\"576\">\n<p><span style=\"color: #000000\">&nbsp;&nbsp;&nbsp;&nbsp;&nbsp; <strong>ORDRE DEL DIA:&nbsp;&nbsp;&nbsp;&nbsp;&nbsp;&nbsp;&nbsp;&nbsp;&nbsp; <\/strong><\/span><\/p>\n<p><span style=\"color: #000000\">\u00b7&nbsp;&nbsp;&nbsp;&nbsp;&nbsp;&nbsp;&nbsp;&nbsp; <strong>ESTABILITZACI\u00d3 PERSONAL INTER\u00cd<\/strong><\/span><\/p>\n<p><span style=\"color: #000000\">\u00b7&nbsp;&nbsp;&nbsp;&nbsp;&nbsp;&nbsp;&nbsp;&nbsp; <strong>ACORDS MESA GENERAL DE NEGOCIACI\u00d3<\/strong><\/span><\/p>\n<p><span style=\"color: #000000\">\u00b7&nbsp;&nbsp;&nbsp;&nbsp;&nbsp;&nbsp;&nbsp;&nbsp; <strong>PRECS I PREGUNTES<\/strong><\/span><\/p>\n<\/td>\n<\/tr>\n<tr>\n<td width=\"222\">\n<p><span style=\"color: #000000\"><strong>DIMECRES 23 DE MAR\u00c7<\/strong><\/span><\/p>\n<\/td>\n<td width=\"192\">\n<p><span style=\"color: #000000\"><strong>&nbsp;<\/strong><\/span><\/p>\n<p><span style=\"color: #000000\"><strong>ESCOLA INDUSTRIAL LONDRES<\/strong><\/span><\/p>\n<p><span style=\"color: #000000\"><strong>(Edifici 25, sala S7)<\/strong><\/span><\/p>\n<p><span style=\"color: #000000\"><strong>&nbsp;<\/strong><\/span><\/p>\n<\/td>\n<td width=\"163\">\n<p><span style=\"color: #000000\"><strong>&nbsp;<\/strong><\/span><\/p>\n<p><span style=\"color: #000000\"><strong><br>10:00 \u2013 12:00<\/strong><\/span><\/p>\n<\/td>\n<\/tr>\n<tr>\n<td width=\"222\">\n<p><span style=\"color: #000000\"><strong>&nbsp;<\/strong><\/span><\/p>\n<p><span style=\"color: #000000\"><strong>DIJOUS 24 DE MAR\u00c7<\/strong><\/span><\/p>\n<\/td>\n<td width=\"192\">\n<p><span style=\"color: #000000\"><strong>&nbsp;<\/strong><\/span><\/p>\n<p><span style=\"color: #000000\"><strong>ESCOLA INDUSTRIAL LONDRES<\/strong><\/span><\/p>\n<p><span style=\"color: #000000\"><strong>(Edifici 25, sala S7)<\/strong><\/span><\/p>\n<p><span style=\"color: #000000\"><strong>&nbsp;<\/strong><\/span><\/p>\n<\/td>\n<td width=\"163\">\n<p><span style=\"color: #000000\"><strong>&nbsp;<\/strong><\/span><\/p>\n<p><span style=\"color: #000000\"><strong><br>12:00 \u2013 14:00<\/strong><\/span><\/p>\n<\/td>\n<\/tr>\n<tr>\n<td width=\"222\">\n<p><span style=\"color: #000000\"><strong>&nbsp;<\/strong><\/span><\/p>\n<p><span style=\"color: #000000\"><strong>&nbsp;<\/strong><\/span><\/p>\n<p><span style=\"color: #000000\"><strong>DIMECRES 30 DE MAR\u00c7<\/strong><\/span><\/p>\n<p><span style=\"color: #000000\"><strong>&nbsp;<\/strong><\/span><\/p>\n<\/td>\n<td width=\"192\">\n<p><span style=\"color: #000000\"><strong>RECINTE MUNDET<\/strong><\/span><\/p>\n<p><span style=\"color: #000000\"><strong>(Edifici Migjorn, sala d\u2019actes)<\/strong><\/span><\/p>\n<\/td>\n<td width=\"163\">\n<p><span style=\"color: #000000\"><strong>12:00 \u2013 14:00<br>15:00 \u2013 17:00<\/strong><\/span><\/p>\n<\/td>\n<\/tr>\n<tr>\n<td width=\"222\">\n<p><span style=\"color: #000000\"><strong>&nbsp;<\/strong><\/span><\/p>\n<p><span style=\"color: #000000\"><strong>DILLUNS 4 D\u2019ABRIL<\/strong><\/span><\/p>\n<p><span style=\"color: #000000\"><strong>&nbsp;<\/strong><\/span><\/p>\n<\/td>\n<td width=\"192\">\n<p><span style=\"color: #000000\"><strong>RECINTE MATERNITAT<\/strong><\/span><\/p>\n<p><span style=\"color: #000000\"><strong>(Pavell\u00f3 Garb\u00ed, sala d\u2019actes)<\/strong><\/span><\/p>\n<\/td>\n<td width=\"163\">\n<p><span style=\"color: #000000\"><strong>&nbsp;<\/strong><\/span><\/p>\n<p><span style=\"color: #000000\"><strong>10:00 \u2013 12:00<\/strong><\/span><\/p>\n<\/td>\n<\/tr>\n<tr>\n<td width=\"222\">\n<p><span style=\"color: #000000\"><strong>&nbsp;<\/strong><\/span><\/p>\n<p><span style=\"color: #000000\"><strong>DIMARTS 5 D\u2019ABRIL<\/strong><\/span><\/p>\n<p><span style=\"color: #000000\"><strong>&nbsp;<\/strong><\/span><\/p>\n<\/td>\n<td width=\"192\">\n<p><span style=\"color: #000000\"><strong>RECINTE MATERNITAT<\/strong><\/span><\/p>\n<p><span style=\"color: #000000\"><strong>(Pavell\u00f3 Garb\u00ed, sala d\u2019actes)<\/strong><\/span><\/p>\n<\/td>\n<td width=\"163\">\n<p><span style=\"color: #000000\"><strong>&nbsp;<\/strong><\/span><\/p>\n<p><span style=\"color: #000000\"><strong>12:00 \u2013 14:00<\/strong><\/span><\/p>\n<\/td>\n<\/tr>\n<tr>\n<td width=\"222\">\n<p><span style=\"color: #000000\"><strong>&nbsp;<\/strong><\/span><\/p>\n<p><span style=\"color: #000000\"><strong>DILLUNS 25 D\u2019ABRIL<\/strong><\/span><\/p>\n<p><span style=\"color: #000000\"><strong>&nbsp;<\/strong><\/span><\/p>\n<\/td>\n<td width=\"192\">\n<p><span style=\"color: #000000\"><strong>CAN SERRA MINERVA-C\u00d2RSEGA<br>(Sala annexa Plens)<\/strong><\/span><\/p>\n<\/td>\n<td width=\"163\">\n<p><span style=\"color: #000000\"><strong>&nbsp;<\/strong><\/span><\/p>\n<p><span style=\"color: #000000\"><strong>10:00 \u2013 12:00<\/strong><\/span><\/p>\n<\/td>\n<\/tr>\n<tr>\n<td width=\"222\">\n<p><span style=\"color: #000000\"><strong>&nbsp;<\/strong><\/span><\/p>\n<p><span style=\"color: #000000\"><strong>DIMARTS 26 D\u2019ABRIL<\/strong><\/span><\/p>\n<p><span style=\"color: #000000\"><strong>&nbsp;<\/strong><\/span><\/p>\n<\/td>\n<td width=\"192\">\n<p><span style=\"color: #000000\"><strong>CAN SERRA MINERVA-C\u00d2RSEGA<br>(Sala annexa Plens)<\/strong><\/span><\/p>\n<\/td>\n<td width=\"163\">\n<p><span style=\"color: #000000\"><strong>&nbsp;<\/strong><\/span><\/p>\n<p><span style=\"color: #000000\"><strong>12:00 \u2013 14:00<\/strong><\/span><\/p>\n<\/td>\n<\/tr>\n<tr>\n<td width=\"222\">\n<p><span style=\"color: #000000\"><strong>&nbsp;<\/strong><\/span><\/p>\n<p><span style=\"color: #000000\"><strong>DILLUNS 2 DE MAIG<br>(TELEM\u00c0TICA)<\/strong><\/span><\/p>\n<p><span style=\"color: #000000\"><strong>&nbsp;<\/strong><\/span><\/p>\n<\/td>\n<td width=\"192\">\n<p><span style=\"color: #000000\"><strong>PROV\u00cdNCIA BARCELONA<\/strong><\/span><\/p>\n<p><span style=\"color: #000000\"><strong>(Oficines ORGT, XBM, VIES LOCALS, PARCS NATURALS, PDL, Parc M\u00f2bil) <\/strong><\/span><\/p>\n<\/td>\n<td width=\"163\">\n<p><span style=\"color: #000000\"><strong>10:00 \u2013 12:00<\/strong><\/span><\/p>\n<\/td>\n<\/tr>\n<tr>\n<td width=\"222\">\n<p><span style=\"color: #000000\"><strong>&nbsp;<\/strong><\/span><\/p>\n<p><span style=\"color: #000000\"><strong>DIMARTS 3 DE MAIG<br>(TELEM\u00c0TICA)<\/strong><\/span><\/p>\n<p><span style=\"color: #000000\"><strong>&nbsp;<\/strong><\/span><\/p>\n<p><\/p>\n<\/td>\n<td width=\"192\">\n<p><span style=\"color: #000000\"><strong>PROV\u00cdNCIA BARCELONA<\/strong><\/span><\/p>\n<p><span style=\"color: #000000\"><strong>(Oficines ORGT, XBM, VIES LOCALS, PARCS NATURALS, PDL, Parc M\u00f2bil) <\/strong><\/span><\/p>\n<\/td>\n<td width=\"163\">\n<p><span style=\"color: #000000\"><strong>12:00 \u2013 14:00<\/strong><\/span><\/p>\n<\/td>\n<\/tr>\n<\/tbody>\n<\/table>\n<p><span style=\"color: #000000\">&nbsp; &nbsp;&nbsp;&nbsp; &nbsp;&nbsp;&nbsp;&nbsp;&nbsp;&nbsp;&nbsp;&nbsp;&nbsp;&nbsp;&nbsp; &nbsp;&nbsp;&nbsp; &nbsp; &nbsp;&nbsp;&nbsp; &nbsp;&nbsp; &nbsp;&nbsp;&nbsp;&nbsp;&nbsp; &nbsp;&nbsp;&nbsp;&nbsp;&nbsp;&nbsp;&nbsp; &nbsp;&nbsp;<\/span><\/p>\n<p><\/p>\n<p>&nbsp; &nbsp;&nbsp;&nbsp; <img loading=\"lazy\" decoding=\"async\" class=\"alignnone size-full wp-image-49915\" src=\"http:\/\/ccoo.app\/diputacio-de-barcelona\/wp-content\/blogs.dir\/6\/files\/sites\/186\/2022\/03\/tel.png\" alt=\"\" width=\"129\" height=\"38\">&nbsp; &nbsp; &nbsp; <a href=\"ccoo@diba.cat\"><img loading=\"lazy\" decoding=\"async\" class=\"alignnone size-full wp-image-49916\" src=\"http:\/\/ccoo.app\/diputacio-de-barcelona\/wp-content\/blogs.dir\/6\/files\/sites\/186\/2022\/03\/mail.png\" alt=\"\" width=\"51\" height=\"37\"><\/a>&nbsp; &nbsp; &nbsp; <a href=\"https:\/\/twitter.com\/ccoodiba\"><img loading=\"lazy\" decoding=\"async\" class=\"alignnone size-full wp-image-49917\" src=\"http:\/\/ccoo.app\/diputacio-de-barcelona\/wp-content\/blogs.dir\/6\/files\/sites\/186\/2022\/03\/tw.png\" alt=\"\" width=\"44\" height=\"38\"><\/a>&nbsp; &nbsp; &nbsp; &nbsp; <a href=\"https:\/\/www.instagram.com\/ccoo_diba\/\"><img loading=\"lazy\" decoding=\"async\" class=\"alignnone size-full wp-image-49918\" src=\"http:\/\/ccoo.app\/diputacio-de-barcelona\/wp-content\/blogs.dir\/6\/files\/sites\/186\/2022\/03\/ig.png\" alt=\"\" width=\"45\" height=\"44\"><\/a>&nbsp; &nbsp; &nbsp; &nbsp; &nbsp;<a href=\"http:\/\/diba.ccoo.cat\"><img loading=\"lazy\" decoding=\"async\" class=\"alignnone size-full wp-image-49919\" src=\"http:\/\/ccoo.app\/diputacio-de-barcelona\/wp-content\/blogs.dir\/6\/files\/sites\/186\/2022\/03\/www.png\" alt=\"\" width=\"39\" height=\"40\"><\/a>&nbsp; &nbsp; &nbsp; &nbsp; &nbsp;<a href=\"https:\/\/www.ccoo.cat\/afiliat\/?_sfm_aff_situation=94\"><img loading=\"lazy\" decoding=\"async\" class=\"alignnone size-full wp-image-49920\" src=\"http:\/\/ccoo.app\/diputacio-de-barcelona\/wp-content\/blogs.dir\/6\/files\/sites\/186\/2022\/03\/af.png\" alt=\"\" width=\"125\" height=\"38\"><\/a>&nbsp;&nbsp;&nbsp;&nbsp;&nbsp;&nbsp;&nbsp;&nbsp;&nbsp;&nbsp;&nbsp; &nbsp;&nbsp;&nbsp; &nbsp; &nbsp;&nbsp;&nbsp; &nbsp;&nbsp; &nbsp;&nbsp;&nbsp;&nbsp;&nbsp; &nbsp;&nbsp;&nbsp;&nbsp;&nbsp;&nbsp;&nbsp; &nbsp;<\/p>\n<p><\/p>\n\n\n<p><\/p>\n","protected":false},"excerpt":{"rendered":"<p>-17 de mar\u00e7 de 2022- ASSEMBLEES GENERALS Adre\u00e7ades a tota la plantilla de la Diputaci\u00f3 de Barcelona en els diferents centres de treball. Per raons de la COVID-19, nom\u00e9s restar\u00e0 &#8230; <\/p>\n<p class=\"read-more-container\"><a title=\"ASSEMBLEES GENERALS MAR\u00c7-ABRIL-MAIG 2022\" class=\"read-more button\" href=\"https:\/\/ccoo.app\/diputacio-de-barcelona\/assemblees-generals-marc-abril-maig-2022\/#more-49913\" aria-label=\"Leer m\u00e1s sobre ASSEMBLEES GENERALS MAR\u00c7-ABRIL-MAIG 2022\">Continuar llegint<\/a><\/p>\n","protected":false},"author":4519,"featured_media":49985,"comment_status":"open","ping_status":"open","sticky":false,"template":"","format":"standard","meta":{"footnotes":""},"categories":[38,14,39,18,19,23,24,25,26,29,31,34,36,37],"tags":[62,86,105,148,169,180,221],"class_list":["post-49913","post","type-post","status-publish","format-standard","has-post-thumbnail","hentry","category-a-tot-el-personal","category-afiliacio-ccoo-diba","category-agenda-app","category-ccoo-info","category-comunicats","category-informacio-general","category-interins","category-jubilacio","category-mgn","category-orgt-2","category-personal-interi-comunicats","category-respir","category-app","category-xbm","tag-assemblea-general","tag-baixes-altes-mediques-embaras-maternitat-flexibilitat-fills-ebep-eleccions-jornada-horari-horaris-laboral-jornada-jornades-laborals-its-incapacitat-temporal-salut-inspeccio-treball","tag-els-nostres-drets-no-es-suspenen-es-defensen","tag-mesa-general-negociacio","tag-pamo","tag-personal-interi","tag-teletreball","generate-columns","tablet-grid-50","mobile-grid-100","grid-parent","grid-50"],"_links":{"self":[{"href":"https:\/\/ccoo.app\/diputacio-de-barcelona\/wp-json\/wp\/v2\/posts\/49913","targetHints":{"allow":["GET"]}}],"collection":[{"href":"https:\/\/ccoo.app\/diputacio-de-barcelona\/wp-json\/wp\/v2\/posts"}],"about":[{"href":"https:\/\/ccoo.app\/diputacio-de-barcelona\/wp-json\/wp\/v2\/types\/post"}],"author":[{"embeddable":true,"href":"https:\/\/ccoo.app\/diputacio-de-barcelona\/wp-json\/wp\/v2\/users\/4519"}],"replies":[{"embeddable":true,"href":"https:\/\/ccoo.app\/diputacio-de-barcelona\/wp-json\/wp\/v2\/comments?post=49913"}],"version-history":[{"count":2,"href":"https:\/\/ccoo.app\/diputacio-de-barcelona\/wp-json\/wp\/v2\/posts\/49913\/revisions"}],"predecessor-version":[{"id":51559,"href":"https:\/\/ccoo.app\/diputacio-de-barcelona\/wp-json\/wp\/v2\/posts\/49913\/revisions\/51559"}],"wp:featuredmedia":[{"embeddable":true,"href":"https:\/\/ccoo.app\/diputacio-de-barcelona\/wp-json\/wp\/v2\/media\/49985"}],"wp:attachment":[{"href":"https:\/\/ccoo.app\/diputacio-de-barcelona\/wp-json\/wp\/v2\/media?parent=49913"}],"wp:term":[{"taxonomy":"category","embeddable":true,"href":"https:\/\/ccoo.app\/diputacio-de-barcelona\/wp-json\/wp\/v2\/categories?post=49913"},{"taxonomy":"post_tag","embeddable":true,"href":"https:\/\/ccoo.app\/diputacio-de-barcelona\/wp-json\/wp\/v2\/tags?post=49913"}],"curies":[{"name":"wp","href":"https:\/\/api.w.org\/{rel}","templated":true}]}}