{"id":49899,"date":"2021-12-15T23:11:00","date_gmt":"2021-12-15T22:11:00","guid":{"rendered":"https:\/\/diba.ccoo.cat\/ccoo-catalunya-manifestacions-12-desembre-copy\/"},"modified":"2023-10-17T16:29:19","modified_gmt":"2023-10-17T14:29:19","slug":"estabilitzacio-personal-interi-oferta-publica","status":"publish","type":"post","link":"https:\/\/ccoo.app\/diputacio-de-barcelona\/estabilitzacio-personal-interi-oferta-publica\/","title":{"rendered":"ESTABILITZACI\u00d3 PERSONAL INTER\u00cd I OFERTA P\u00daBLICA -15 desembre 2021-"},"content":{"rendered":"\n<p><\/p>\n\n\n<p>\u00a0<\/p>\n<p class=\"wp-caption-text\"><a href=\"https:\/\/diba.ccoo.cat\/\"><img loading=\"lazy\" decoding=\"async\" class=\"wp-image-1853 aligncenter\" src=\"http:\/\/ccoo.app\/diputacio-de-barcelona\/wp-content\/blogs.dir\/6\/files\/sites\/186\/2018\/01\/logoccoov18.jpg\" alt=\"\" width=\"240\" height=\"110\" \/><\/a><\/p>\n<p style=\"text-align: center\"><span style=\"color: #000000\">-15 de desembre de 2021-<\/span><\/p>\n<p>\u00a0<\/p>\n<h3><span style=\"color: #000000\">Consideracions respecte a l&#8217;estabilitzaci\u00f3 del personal inter\u00ed i oferta p\u00fablica<\/span><\/h3>\n<p><span style=\"color: #000000\">Ens hem reunit amb la DIBA en seu de la <em>Comissi\u00f3 T\u00e8cnica per a l\u2019Estabilitzaci\u00f3 del Personal Inter\u00ed de la Diputaci\u00f3 de Barcelona<\/em> i fixar els criteris que aquests han de tenir. <strong>Des de CCOO hem exigit que<\/strong>, davant la m\u00e9s que probable aprovaci\u00f3 del projecte de llei al Senat, <strong>la DIBA havia d\u2019anar a m\u00e0xims en tot all\u00f2 que la llei permeti:<\/strong> \u00e9s el moment de restablir el greuge que han patit els i les companyes interines durant tot aquest temps que no han pogut consolidar la seva condici\u00f3 de funcionari de carrera.<\/span><br \/><span style=\"color: #000000\">En molts comunicats anteriors, des de CCOO hem repetit moltes vegades que una situaci\u00f3 extraordin\u00e0ria havia de tenir solucions extraordin\u00e0ries. Aix\u00f2 s\u00ed, sempre amb les m\u00e0ximes garanties jur\u00eddiques. Per tant, ara toca treballar amb propostes espec\u00edfiques que garanteixin la continu\u00eftat del nostra personal.<\/span><br \/><span style=\"color: #000000\">Per tot aix\u00f2, la DIBA ha comen\u00e7at a identificar, segons el projecte de llei en debat, les places susceptibles de trobar-se en situaci\u00f3 d\u2019ab\u00fas i hores d\u2019ara serien:<\/span><br \/><span style=\"color: #000000\">-&gt;1.031 places que optarien al concurs de m\u00e8rits. <strong>El nostre posicionament ha estat ben clar: entenem que els m\u00e8rits s\u00f3n mat\u00e8ria de negociaci\u00f3 i per tant volem negociar-los<\/strong> per tal de garantir que el nostre personal consolidi la seva condici\u00f3 de funcionaris de carrera, tot valorant amb major puntuaci\u00f3 els m\u00e8rits generats amb el treball a la Diputaci\u00f3 i cursos realitzats amb la pr\u00f2pia corporaci\u00f3.<\/span><br \/><span style=\"color: #000000\">-&gt;243 places que optarien per concurs-oposici\u00f3 extraordinari en el qual, des de CCOO, defensem anar a m\u00e0xims on permet la llei i, per tant, que <strong>els exercicis en fase d\u2019oposici\u00f3 no siguin eliminatoris<\/strong>. A m\u00e9s a m\u00e9s, recordeu que <strong>per aquests casos<\/strong> <strong>la fase concurs pot arribar al 40%<\/strong> i queda susp\u00e8s el RD 896\/1991 referent <strong>al nombre obligatori de temaris. A m\u00e9s, com ja hem defensat moltes vegades, exigirem a la corporaci\u00f3 que els processos selectius siguin d\u2019un nivell raonable i facilitadors<\/strong> en el sentit que les proves tinguin relaci\u00f3 amb all\u00f2 concret que realitzem durant el dia a dia.<\/span><\/p>\n<h4><span style=\"color: #000000\"><em><strong>Altres consideracions a tenir en compte:<\/strong><\/em><\/span><\/h4>\n<p><span style=\"color: #000000\">-&gt;Les 54 places que manquen per executar del PAMO 2017 de consolidaci\u00f3 de l\u2019ocupaci\u00f3 temporal <strong>es deixaran caure i es recuperaran amb els processos d\u2019estabilitzaci\u00f3<\/strong> que abans hem comentat, segons pertoqui tal i com vam demanar a la darrera Mesa de Negociaci\u00f3. Entenem que els nous processos s\u00f3n molt m\u00e9s afavoridors per a tots i totes vosaltres.<\/span><br \/><span style=\"color: #000000\">-&gt;Per evitar que aquesta situaci\u00f3 de temporalitat tant alta a la DIBA es torni a repetir,<\/span><br \/><span style=\"color: #000000\">\u00e9s del tot necessari que es comencin a tirar endavant els processos selectius d\u2019oferta<\/span><br \/><span style=\"color: #000000\">p\u00fablica que pertoqui tal i com estableix el TREBEP. Per aix\u00f2, per aquest PAMO 2021<\/span><br \/><span style=\"color: #000000\">s\u2019inclouran un total de 102 places. <strong>Des de CCOO valorem positivament que es<\/strong><\/span><br \/><span style=\"color: #000000\"><strong>comenci a publicar oferta p\u00fablica per tal de reduir la taxa de temporalitat<\/strong> i tornar a<\/span><br \/><span style=\"color: #000000\">escenaris com els que coneix\u00edem abans del RD 20\/2012 que retallava els nostres drets,<\/span><br \/><span style=\"color: #000000\">entre ells l\u2019opci\u00f3 a consolidar.<\/span><br \/><span style=\"color: #000000\">-&gt;Tamb\u00e9 <strong>hem demanat una calendaritzaci\u00f3 per a la Promoci\u00f3 Interna del personal<\/strong><\/span><br \/><span style=\"color: #000000\"><strong>funcionari de carrera<\/strong> tal i com vam demanar a l\u2019anterior Mesa de Negociaci\u00f3, donant<\/span><br \/><span style=\"color: #000000\">prioritat al col\u00b7lectiu de T\u00e8cnic Auxiliar a la Depend\u00e8ncia i al col\u00b7lectiu de treballadors i<\/span><br \/><span style=\"color: #000000\">treballadores de l\u2019ORGT, que porten temps esperant els seus processos. Volem que es<\/span><br \/><span style=\"color: #000000\">comenci a partir del gener de 2022 amb la presentaci\u00f3 de les inst\u00e0ncies. Aquest tamb\u00e9<\/span><br \/><span style=\"color: #000000\">\u00e9s un tema primordial per a CCOO. Us mantindrem informats i informades.<\/span><br \/><span style=\"color: #000000\">-&gt;Hem demanat a la DIBA que per a les <strong>places reservades per al torn de discapacitats<\/strong><\/span><br \/><span style=\"color: #000000\"><strong>ha de ser valenta<\/strong> i ha de liderar processos de selecci\u00f3 a on les proves a realitzar<\/span><br \/><span style=\"color: #000000\">estiguin adaptades a les necessitats concretes i espec\u00edfiques que puguin aportar els i<\/span><br \/><span style=\"color: #000000\">les aspirants. <strong>\u00c9s especialment important canviar radicalment el model d\u2019acc\u00e9s per a<\/strong><\/span><br \/><span style=\"color: #000000\"><strong>les persones amb discapacitat intel\u00b7lectual<\/strong>. CCOO tenim propostes concretes al<\/span><br \/><span style=\"color: #000000\">respecte fruit d\u2019experi\u00e8ncies molt positives d\u2019altres administracions. Cal garantir per<\/span><br \/><span style=\"color: #000000\">aquestes persones l\u2019opci\u00f3 a tenir un futur laboral amb drets i igualtat de condicions.<\/span><br \/><span style=\"color: #000000\">Des de CCOO hem treballat intensament, tant des de la via judicial com des de la<\/span><br \/><span style=\"color: #000000\">negociaci\u00f3 col\u00b7lectiva, cercant solucions al problema de l\u2019ab\u00fas de la temporalitat amb<\/span><br \/><span style=\"color: #000000\">l\u2019objectiu d\u2019arribar a acords i\/o modificacions legislatives que evitin abocar al personal<\/span><br \/><span style=\"color: #000000\">a costosos i interminables litigis als tribunals i siguin d\u2019aplicaci\u00f3 per a tot el personal<\/span><br \/><span style=\"color: #000000\">inter\u00ed, independentment de si es poden pagar o no un advocat.<\/span><br \/><span style=\"color: #000000\">Pensem que ara toca treballar amb determinaci\u00f3 fent \u00fas de les eines que la nova llei<\/span><br \/><span style=\"color: #000000\">posa al nostre abast. L\u2019objectiu ha de ser un: acabar amb la vergonyosa taxa de<\/span><br \/><span style=\"color: #000000\">temporalitat actual i que el personal inter\u00ed consolidi la seva pla\u00e7a. Com sempre hem<\/span><br \/><span style=\"color: #000000\">fet, CCOO seguir\u00e0 treballant amb fermesa, honestedat i rigor.<\/span><\/p>\n<p>\u00a0<\/p>\n<p>\u00a0<\/p>\n<p><img loading=\"lazy\" decoding=\"async\" class=\"wp-image-5912 aligncenter\" src=\"http:\/\/ccoo.app\/diputacio-de-barcelona\/wp-content\/blogs.dir\/6\/files\/sites\/186\/2020\/05\/nota-2-300x86.png\" alt=\"\" width=\"98\" height=\"28\" srcset=\"https:\/\/ccoo.app\/diputacio-de-barcelona\/wp-content\/blogs.dir\/6\/files\/sites\/186\/2020\/05\/nota-2-300x86.png 300w, https:\/\/ccoo.app\/diputacio-de-barcelona\/wp-content\/blogs.dir\/6\/files\/sites\/186\/2020\/05\/nota-2.png 337w\" sizes=\"auto, (max-width: 98px) 100vw, 98px\" \/><\/p>\n<p style=\"text-align: center\"><img loading=\"lazy\" decoding=\"async\" class=\"wp-image-5184 aligncenter\" src=\"http:\/\/ccoo.app\/diputacio-de-barcelona\/wp-content\/blogs.dir\/6\/files\/sites\/186\/2020\/03\/i-de-info-300x300.jpg\" alt=\"\" width=\"72\" height=\"72\" srcset=\"https:\/\/ccoo.app\/diputacio-de-barcelona\/wp-content\/blogs.dir\/6\/files\/sites\/186\/2020\/03\/i-de-info-300x300.jpg 300w, https:\/\/ccoo.app\/diputacio-de-barcelona\/wp-content\/blogs.dir\/6\/files\/sites\/186\/2020\/03\/i-de-info-150x150.jpg 150w, https:\/\/ccoo.app\/diputacio-de-barcelona\/wp-content\/blogs.dir\/6\/files\/sites\/186\/2020\/03\/i-de-info.jpg 626w\" sizes=\"auto, (max-width: 72px) 100vw, 72px\" \/><span style=\"font-family: 'arial black', sans-serif;font-size: 20px;color: #ffff00;background-color: #ff0000\">TOTA LA INFORMACI\u00d3 SINDICAL QUE NECESSITES<\/span><\/p>\n<p><img loading=\"lazy\" decoding=\"async\" class=\"wp-image-5913 aligncenter\" src=\"http:\/\/ccoo.app\/diputacio-de-barcelona\/wp-content\/blogs.dir\/6\/files\/sites\/186\/2020\/05\/telefono-300x300.jpg\" alt=\"\" width=\"59\" height=\"59\" srcset=\"https:\/\/ccoo.app\/diputacio-de-barcelona\/wp-content\/blogs.dir\/6\/files\/sites\/186\/2020\/05\/telefono-300x300.jpg 300w, https:\/\/ccoo.app\/diputacio-de-barcelona\/wp-content\/blogs.dir\/6\/files\/sites\/186\/2020\/05\/telefono-150x150.jpg 150w, https:\/\/ccoo.app\/diputacio-de-barcelona\/wp-content\/blogs.dir\/6\/files\/sites\/186\/2020\/05\/telefono.jpg 600w\" sizes=\"auto, (max-width: 59px) 100vw, 59px\" \/><\/p>\n<p style=\"text-align: center\"><span style=\"font-family: 'arial black', sans-serif;color: #000000\">DE DILLUNS A DIVENDRES<\/span><\/p>\n<p style=\"text-align: center\"><span style=\"font-family: 'arial black', sans-serif;color: #000000;background-color: #ffff00\">DE 10:00 A 14:30 i DE 17:00 A 19:00\u00a0<\/span><\/p>\n<p style=\"text-align: center\"><span style=\"font-family: 'arial black', sans-serif;color: #ff0000\">93.402.29.85 \u2013 22985 \u2013 667 90 69 64<\/span><\/p>\n<p><img loading=\"lazy\" decoding=\"async\" class=\"wp-image-5553 aligncenter\" src=\"http:\/\/ccoo.app\/diputacio-de-barcelona\/wp-content\/blogs.dir\/6\/files\/sites\/186\/2020\/04\/mail-foto-300x200.jpg\" alt=\"\" width=\"59\" height=\"39\" srcset=\"https:\/\/ccoo.app\/diputacio-de-barcelona\/wp-content\/blogs.dir\/6\/files\/sites\/186\/2020\/04\/mail-foto-300x200.jpg 300w, https:\/\/ccoo.app\/diputacio-de-barcelona\/wp-content\/blogs.dir\/6\/files\/sites\/186\/2020\/04\/mail-foto-1024x683.jpg 1024w, https:\/\/ccoo.app\/diputacio-de-barcelona\/wp-content\/blogs.dir\/6\/files\/sites\/186\/2020\/04\/mail-foto-768x512.jpg 768w, https:\/\/ccoo.app\/diputacio-de-barcelona\/wp-content\/blogs.dir\/6\/files\/sites\/186\/2020\/04\/mail-foto.jpg 1200w\" sizes=\"auto, (max-width: 59px) 100vw, 59px\" \/><\/p>\n<p style=\"text-align: center\"><span style=\"font-family: arial, helvetica, sans-serif;color: #000000\">La\u00a0SECCI\u00d3 SINDICAL DE CCOO donem resposta a tots els teus dubtes o t&#8217;ajudem solucionar els problemes que puguis tenir.<strong> T&#8217;ajudem a defensar els teus drets!<\/strong><\/span><\/p>\n<p style=\"text-align: center\"><span style=\"font-family: 'arial black', sans-serif;color: #0000ff\"><a style=\"color: #0000ff\" href=\"mailto:ccoo@diba.cat\"><strong>ccoo@diba.cat<\/strong><\/a><\/span><\/p>\n<p style=\"text-align: center\"><span style=\"font-family: 'arial black', sans-serif;color: #0000ff\"><a style=\"color: #0000ff\" href=\"mailto:orgt.ssccoo@diba.cat\">orgt.ssccoo@diba.cat<\/a><\/span><\/p>\n<p><img loading=\"lazy\" decoding=\"async\" class=\"wp-image-5554 aligncenter\" src=\"http:\/\/ccoo.app\/diputacio-de-barcelona\/wp-content\/blogs.dir\/6\/files\/sites\/186\/2020\/04\/mail-foto-enviar-300x212.jpg\" alt=\"\" width=\"67\" height=\"47\" srcset=\"https:\/\/ccoo.app\/diputacio-de-barcelona\/wp-content\/blogs.dir\/6\/files\/sites\/186\/2020\/04\/mail-foto-enviar-300x212.jpg 300w, https:\/\/ccoo.app\/diputacio-de-barcelona\/wp-content\/blogs.dir\/6\/files\/sites\/186\/2020\/04\/mail-foto-enviar-1024x724.jpg 1024w, https:\/\/ccoo.app\/diputacio-de-barcelona\/wp-content\/blogs.dir\/6\/files\/sites\/186\/2020\/04\/mail-foto-enviar-768x543.jpg 768w, https:\/\/ccoo.app\/diputacio-de-barcelona\/wp-content\/blogs.dir\/6\/files\/sites\/186\/2020\/04\/mail-foto-enviar.jpg 1200w\" sizes=\"auto, (max-width: 67px) 100vw, 67px\" \/><\/p>\n<p style=\"text-align: center\"><span style=\"font-family: arial, helvetica, sans-serif;color: #000000\">Encara no t&#8217;has descarregat la nostra <a href=\"http:\/\/www.ccoo.cat\/carnet\/index.aspx?qr=1#descarrega\"><span style=\"font-family: 'arial black', sans-serif;color: #0000ff\">APP<\/span><\/a> CCOO-Diba d&#8217;informaci\u00f3 sindical?<\/span><\/p>\n<p style=\"text-align: center\"><span style=\"font-family: arial, helvetica, sans-serif;color: #000000\">Fes clic <a href=\"http:\/\/www.ccoo.cat\/carnet\/index.aspx?qr=1#descarrega\"><span style=\"font-family: 'arial black', sans-serif;color: #0000ff\">aqu\u00ed<\/span><\/a> per tenir la informaci\u00f3 abans que ning\u00fa!<\/span><\/p>\n<p><img loading=\"lazy\" decoding=\"async\" class=\"wp-image-5915 aligncenter\" src=\"http:\/\/ccoo.app\/diputacio-de-barcelona\/wp-content\/blogs.dir\/6\/files\/sites\/186\/2020\/05\/xarxes-socials-300x169.png\" alt=\"\" width=\"227\" height=\"128\" srcset=\"https:\/\/ccoo.app\/diputacio-de-barcelona\/wp-content\/blogs.dir\/6\/files\/sites\/186\/2020\/05\/xarxes-socials-300x169.png 300w, https:\/\/ccoo.app\/diputacio-de-barcelona\/wp-content\/blogs.dir\/6\/files\/sites\/186\/2020\/05\/xarxes-socials-1024x576.png 1024w, https:\/\/ccoo.app\/diputacio-de-barcelona\/wp-content\/blogs.dir\/6\/files\/sites\/186\/2020\/05\/xarxes-socials-768x432.png 768w, https:\/\/ccoo.app\/diputacio-de-barcelona\/wp-content\/blogs.dir\/6\/files\/sites\/186\/2020\/05\/xarxes-socials.png 1200w\" sizes=\"auto, (max-width: 227px) 100vw, 227px\" \/><\/p>\n<p style=\"text-align: center\"><span style=\"font-family: arial, helvetica, sans-serif;color: #000000\">Tamb\u00e9 trobar\u00e0s CCOO-Diba a les xarxes socials. Clica sobre la icona de la teva xarxa favorita:<\/span><\/p>\n<p><a href=\"https:\/\/twitter.com\/CCOODiba\"><img loading=\"lazy\" decoding=\"async\" class=\" wp-image-5728 aligncenter\" src=\"http:\/\/ccoo.app\/diputacio-de-barcelona\/wp-content\/blogs.dir\/6\/files\/sites\/186\/2020\/04\/twitter-300x300.png\" alt=\"\" width=\"89\" height=\"89\" srcset=\"https:\/\/ccoo.app\/diputacio-de-barcelona\/wp-content\/blogs.dir\/6\/files\/sites\/186\/2020\/04\/twitter-300x300.png 300w, https:\/\/ccoo.app\/diputacio-de-barcelona\/wp-content\/blogs.dir\/6\/files\/sites\/186\/2020\/04\/twitter-150x150.png 150w, https:\/\/ccoo.app\/diputacio-de-barcelona\/wp-content\/blogs.dir\/6\/files\/sites\/186\/2020\/04\/twitter.png 512w\" sizes=\"auto, (max-width: 89px) 100vw, 89px\" \/><\/a><\/p>\n<p><a href=\"https:\/\/www.instagram.com\/ccoo_diba\/?hl=es\"><img loading=\"lazy\" decoding=\"async\" class=\"wp-image-5730 aligncenter\" src=\"http:\/\/ccoo.app\/diputacio-de-barcelona\/wp-content\/blogs.dir\/6\/files\/sites\/186\/2020\/04\/instragram-300x300.png\" alt=\"\" width=\"91\" height=\"91\" srcset=\"https:\/\/ccoo.app\/diputacio-de-barcelona\/wp-content\/blogs.dir\/6\/files\/sites\/186\/2020\/04\/instragram-300x300.png 300w, https:\/\/ccoo.app\/diputacio-de-barcelona\/wp-content\/blogs.dir\/6\/files\/sites\/186\/2020\/04\/instragram-150x150.png 150w, https:\/\/ccoo.app\/diputacio-de-barcelona\/wp-content\/blogs.dir\/6\/files\/sites\/186\/2020\/04\/instragram.png 512w\" sizes=\"auto, (max-width: 91px) 100vw, 91px\" \/><\/a><\/p>\n<p><a href=\"https:\/\/www.facebook.com\/CcooDiputacioDeBarcelona\/\"><img loading=\"lazy\" decoding=\"async\" class=\"wp-image-5729 aligncenter\" src=\"http:\/\/ccoo.app\/diputacio-de-barcelona\/wp-content\/blogs.dir\/6\/files\/sites\/186\/2020\/04\/facebook-300x300.png\" alt=\"\" width=\"90\" height=\"90\" srcset=\"https:\/\/ccoo.app\/diputacio-de-barcelona\/wp-content\/blogs.dir\/6\/files\/sites\/186\/2020\/04\/facebook-300x300.png 300w, https:\/\/ccoo.app\/diputacio-de-barcelona\/wp-content\/blogs.dir\/6\/files\/sites\/186\/2020\/04\/facebook-150x150.png 150w, https:\/\/ccoo.app\/diputacio-de-barcelona\/wp-content\/blogs.dir\/6\/files\/sites\/186\/2020\/04\/facebook.png 325w\" sizes=\"auto, (max-width: 90px) 100vw, 90px\" \/><\/a><a href=\"https:\/\/www.youtube.com\/channel\/UCFzenkS75udEcs4pB4qoZsg\"><img loading=\"lazy\" decoding=\"async\" class=\" wp-image-5916 aligncenter\" src=\"http:\/\/ccoo.app\/diputacio-de-barcelona\/wp-content\/blogs.dir\/6\/files\/sites\/186\/2020\/05\/youtube-300x115.jpg\" alt=\"\" width=\"122\" height=\"47\" srcset=\"https:\/\/ccoo.app\/diputacio-de-barcelona\/wp-content\/blogs.dir\/6\/files\/sites\/186\/2020\/05\/youtube-300x115.jpg 300w, https:\/\/ccoo.app\/diputacio-de-barcelona\/wp-content\/blogs.dir\/6\/files\/sites\/186\/2020\/05\/youtube-1024x391.jpg 1024w, https:\/\/ccoo.app\/diputacio-de-barcelona\/wp-content\/blogs.dir\/6\/files\/sites\/186\/2020\/05\/youtube-768x293.jpg 768w, https:\/\/ccoo.app\/diputacio-de-barcelona\/wp-content\/blogs.dir\/6\/files\/sites\/186\/2020\/05\/youtube.jpg 1200w\" sizes=\"auto, (max-width: 122px) 100vw, 122px\" \/><\/a><\/p>\n<p><iframe loading=\"lazy\" title=\"Hauran de comptar amb nosaltres. Salut, treball i just\u00edcia social || 1r de maig del 2020.\" width=\"1200\" height=\"675\" src=\"https:\/\/www.youtube.com\/embed\/uS104R3aSJs?feature=oembed\" frameborder=\"0\" allow=\"accelerometer; autoplay; clipboard-write; encrypted-media; gyroscope; picture-in-picture\" allowfullscreen><\/iframe><\/p>\n<p><a href=\"https:\/\/diba.ccoo.cat\/plantilla-1-6-2\/\"><img loading=\"lazy\" decoding=\"async\" class=\"size-medium wp-image-6853 aligncenter\" src=\"http:\/\/ccoo.app\/diputacio-de-barcelona\/wp-content\/blogs.dir\/6\/files\/sites\/186\/2020\/10\/ccoo-primer-sindicat-cliqueu-300x110.png\" alt=\"\" width=\"300\" height=\"110\" srcset=\"https:\/\/ccoo.app\/diputacio-de-barcelona\/wp-content\/blogs.dir\/6\/files\/sites\/186\/2020\/10\/ccoo-primer-sindicat-cliqueu-300x110.png 300w, https:\/\/ccoo.app\/diputacio-de-barcelona\/wp-content\/blogs.dir\/6\/files\/sites\/186\/2020\/10\/ccoo-primer-sindicat-cliqueu.png 448w\" sizes=\"auto, (max-width: 300px) 100vw, 300px\" \/><\/a><\/p>\n<p><a href=\"https:\/\/diba.ccoo.cat\/mesa-general-de-negociacio-de-materies-comunes-de-la-diba\/\"><img loading=\"lazy\" decoding=\"async\" class=\"size-medium wp-image-7171 aligncenter\" src=\"http:\/\/ccoo.app\/diputacio-de-barcelona\/wp-content\/blogs.dir\/6\/files\/sites\/186\/2020\/11\/mgnmc-imatges-300x101.png\" alt=\"\" width=\"300\" height=\"101\" srcset=\"https:\/\/ccoo.app\/diputacio-de-barcelona\/wp-content\/blogs.dir\/6\/files\/sites\/186\/2020\/11\/mgnmc-imatges-300x101.png 300w, https:\/\/ccoo.app\/diputacio-de-barcelona\/wp-content\/blogs.dir\/6\/files\/sites\/186\/2020\/11\/mgnmc-imatges.png 324w\" sizes=\"auto, (max-width: 300px) 100vw, 300px\" \/><\/a><a href=\"https:\/\/www.ccoo.cat\/aspnet\/motius_afiliarte.aspx\"><img loading=\"lazy\" decoding=\"async\" class=\"size-medium wp-image-6841 aligncenter\" src=\"http:\/\/ccoo.app\/diputacio-de-barcelona\/wp-content\/blogs.dir\/6\/files\/sites\/186\/2020\/10\/afiliat-ccoo-300x199.png\" alt=\"\" width=\"300\" height=\"199\" srcset=\"https:\/\/ccoo.app\/diputacio-de-barcelona\/wp-content\/blogs.dir\/6\/files\/sites\/186\/2020\/10\/afiliat-ccoo-300x199.png 300w, https:\/\/ccoo.app\/diputacio-de-barcelona\/wp-content\/blogs.dir\/6\/files\/sites\/186\/2020\/10\/afiliat-ccoo.png 573w\" sizes=\"auto, (max-width: 300px) 100vw, 300px\" \/><\/a><\/p>\n<p><a href=\"https:\/\/www.ccoo.cat\/aspnet\/qui_som.aspx\"><img loading=\"lazy\" decoding=\"async\" class=\" wp-image-7174 aligncenter\" src=\"http:\/\/ccoo.app\/diputacio-de-barcelona\/wp-content\/blogs.dir\/6\/files\/sites\/186\/2020\/11\/ccoo-diversa-300x77.png\" alt=\"\" width=\"327\" height=\"84\" srcset=\"https:\/\/ccoo.app\/diputacio-de-barcelona\/wp-content\/blogs.dir\/6\/files\/sites\/186\/2020\/11\/ccoo-diversa-300x77.png 300w, https:\/\/ccoo.app\/diputacio-de-barcelona\/wp-content\/blogs.dir\/6\/files\/sites\/186\/2020\/11\/ccoo-diversa.png 422w\" sizes=\"auto, (max-width: 327px) 100vw, 327px\" \/><\/a><\/p>\n\n\n<p><\/p>\n    \t","protected":false},"excerpt":{"rendered":"<p>\u00a0 -15 de desembre de 2021- \u00a0 Consideracions respecte a l&#8217;estabilitzaci\u00f3 del personal inter\u00ed i oferta p\u00fablica Ens hem reunit amb la DIBA en seu de la Comissi\u00f3 T\u00e8cnica per &#8230; <\/p>\n<p class=\"read-more-container\"><a title=\"ESTABILITZACI\u00d3 PERSONAL INTER\u00cd I OFERTA P\u00daBLICA -15 desembre 2021-\" class=\"read-more button\" href=\"https:\/\/ccoo.app\/diputacio-de-barcelona\/estabilitzacio-personal-interi-oferta-publica\/#more-49899\" aria-label=\"Leer m\u00e1s sobre ESTABILITZACI\u00d3 PERSONAL INTER\u00cd I OFERTA P\u00daBLICA -15 desembre 2021-\">Continuar llegint<\/a><\/p>\n","protected":false},"author":4519,"featured_media":7073,"comment_status":"open","ping_status":"open","sticky":false,"template":"","format":"standard","meta":{"footnotes":""},"categories":[38,14,18,19,24,26,31],"tags":[110,125,165,180],"class_list":["post-49899","post","type-post","status-publish","format-standard","has-post-thumbnail","hentry","category-a-tot-el-personal","category-afiliacio-ccoo-diba","category-ccoo-info","category-comunicats","category-interins","category-mgn","category-personal-interi-comunicats","tag-estabilitzacio","tag-interins","tag-oferta-publica-ocupacio","tag-personal-interi","generate-columns","tablet-grid-50","mobile-grid-100","grid-parent","grid-50"],"_links":{"self":[{"href":"https:\/\/ccoo.app\/diputacio-de-barcelona\/wp-json\/wp\/v2\/posts\/49899","targetHints":{"allow":["GET"]}}],"collection":[{"href":"https:\/\/ccoo.app\/diputacio-de-barcelona\/wp-json\/wp\/v2\/posts"}],"about":[{"href":"https:\/\/ccoo.app\/diputacio-de-barcelona\/wp-json\/wp\/v2\/types\/post"}],"author":[{"embeddable":true,"href":"https:\/\/ccoo.app\/diputacio-de-barcelona\/wp-json\/wp\/v2\/users\/4519"}],"replies":[{"embeddable":true,"href":"https:\/\/ccoo.app\/diputacio-de-barcelona\/wp-json\/wp\/v2\/comments?post=49899"}],"version-history":[{"count":1,"href":"https:\/\/ccoo.app\/diputacio-de-barcelona\/wp-json\/wp\/v2\/posts\/49899\/revisions"}],"predecessor-version":[{"id":50737,"href":"https:\/\/ccoo.app\/diputacio-de-barcelona\/wp-json\/wp\/v2\/posts\/49899\/revisions\/50737"}],"wp:featuredmedia":[{"embeddable":true,"href":"https:\/\/ccoo.app\/diputacio-de-barcelona\/wp-json\/wp\/v2\/media\/7073"}],"wp:attachment":[{"href":"https:\/\/ccoo.app\/diputacio-de-barcelona\/wp-json\/wp\/v2\/media?parent=49899"}],"wp:term":[{"taxonomy":"category","embeddable":true,"href":"https:\/\/ccoo.app\/diputacio-de-barcelona\/wp-json\/wp\/v2\/categories?post=49899"},{"taxonomy":"post_tag","embeddable":true,"href":"https:\/\/ccoo.app\/diputacio-de-barcelona\/wp-json\/wp\/v2\/tags?post=49899"}],"curies":[{"name":"wp","href":"https:\/\/api.w.org\/{rel}","templated":true}]}}