{"id":49892,"date":"2021-12-02T21:18:00","date_gmt":"2021-12-02T20:18:00","guid":{"rendered":"https:\/\/diba.ccoo.cat\/calendari-2022-pamo-indemnitzacio-tic-copy\/"},"modified":"2023-10-17T16:29:25","modified_gmt":"2023-10-17T14:29:25","slug":"reunio-orgt-1-desembre-2021","status":"publish","type":"post","link":"https:\/\/ccoo.app\/diputacio-de-barcelona\/reunio-orgt-1-desembre-2021\/","title":{"rendered":"COMUNICAT REUNI\u00d3 ORGT -1 DESEMBRE-2021-"},"content":{"rendered":"\n<p><\/p>\n\n\n<p>\u00a0<\/p>\n<p class=\"wp-caption-text\"><a href=\"https:\/\/diba.ccoo.cat\/\"><img loading=\"lazy\" decoding=\"async\" class=\"wp-image-1853 aligncenter\" src=\"http:\/\/ccoo.app\/diputacio-de-barcelona\/wp-content\/blogs.dir\/6\/files\/sites\/186\/2018\/01\/logoccoov18.jpg\" alt=\"\" width=\"240\" height=\"110\" \/><\/a><\/p>\n<p style=\"text-align: center\"><span style=\"color: #000000\">-2 de desembre de 2021-<\/span><\/p>\n<p>Com ja us vam informar en el darrer comunicat, ahir 1 de desembre vam mantenir una reuni\u00f3 amb la ger\u00e8ncia de l&#8217;ORGT i amb la Direcci\u00f3 de RH de la DIBA per tal d&#8217;aclarir i fer arribar les demandes que ens heu comentat aquests darrers dies. Us detallem el contingut de la reuni\u00f3:<\/p>\n<p>\u00a0<\/p>\n<h3><span style=\"color: #000000\">PLANTILLA ORGT 2022<\/span><\/h3>\n<p>Per aquest 2022, hi haur\u00e0 un increment de la plantilla en 47 efectius. Aquestes places estaran destinades a cobrir les vacants de les oficines, cobrir les noves delegacions aix\u00ed com aquelles jubilacions del personal laboral, passant a ser funcionaris de ple dret. Des de la nostra secci\u00f3 sindical vam recordar el procediment legalment establert que s\u2019ha de seguir per cobrir aquestes ampliacions de plantilla.<br \/>A m\u00e9s a m\u00e9s, <strong>des de CCOO valorem positivament aquesta ampliaci\u00f3 de plantilla<\/strong> ja que entenem que aquesta ampliaci\u00f3 repercutir\u00e0 en la reducci\u00f3 de la c\u00e0rrega de feina i \u00e9s, tanmateix, una garantia de la continu\u00eftat de la prestaci\u00f3 dels serveis p\u00fablics.<\/p>\n<p>\u00a0<\/p>\n<h3><span style=\"color: #000000\">GESTI\u00d3 DE LA BORSA D&#8217;AGENT TRIBUTARI I RECLASSIFICACI\u00d3 DE C2 A C1<\/span><\/h3>\n<p><span style=\"color: #000000\">La resoluci\u00f3 de la convocat\u00f2ria d\u2019agent tributari (S-12\/19) ja \u00e9s definitiva i per tant, seguint l\u2019acord de reclassificaci\u00f3 de C2 a C1 que vam signar, <strong>dita reclassificaci\u00f3 ser\u00e0 vigent en el moment que entri el pressupost de 2022<\/strong>, \u00e9s a dir, a partir del gener.<\/span><br \/><span style=\"color: #000000\">Per tant,<strong> tot el personal<\/strong> que est\u00e0 ocupant un lloc de treball d&#8217;Agent tributari en la categoria d&#8217;auxiliar de gesti\u00f3 tribut\u00e0ria-C2,<strong> passaran a ser reclassificat a Administratius de Gesti\u00f3 tribut\u00e0ria-C1, independentment que ocupi pla\u00e7a vacant o per substituci\u00f3.<\/strong><\/span><br \/><span style=\"color: #000000\"><strong>Des de CCOO vam defensar que les places que passin de C2 a C1 mitjan\u00e7ant aquesta reclassificaci\u00f3 no tinguin cap afectaci\u00f3 davant la possibilitat que s\u2019obre amb els processos extraordinaris d\u2019estabilitzaci\u00f3<\/strong> i dels quals tindrem not\u00edcies ben aviat. \u00c9s a dir, entenem que l\u2019antiguitat de les places pressupostades \u00e9s la mateixa que tenien de C2. La corporaci\u00f3 ens va confirmar que seria aix\u00ed. Valorem molt positivament aquesta afirmaci\u00f3 i posem en valor l\u2019acord de reclassificaci\u00f3 que vam signar.<\/span><\/p>\n<p>\u00a0<\/p>\n<h3><span style=\"color: #000000\">NOVES INCORPORACIONS-BORSA AGENT TRIBUTARI<\/span><\/h3>\n<p><span style=\"color: #000000\">Com sabeu, durant aquest estiu es va contractar a un total de 21 companys i companyes que van ser cridats de la borsa d\u2019agent tributari mitjan\u00e7ant la valoraci\u00f3 de m\u00e8rits pr\u00e8via a la realitzaci\u00f3 de la prova de selecci\u00f3. Aquests nomenaments finalitzen durant els mesos de desembre i gener.<\/span><br \/><span style=\"color: #000000\">Un cop finalitzin els seus nomenaments, tornaran a la borsa d\u2019agent tributari respectant l\u2019ordre de prelaci\u00f3 en conson\u00e0ncia amb el Reglament de borses vigent a la DIBA. <strong>Des de CCOO volem agrair la feina realitzada per totes elles i ells<\/strong>, entenent que han ajudat molt a treure feina de les oficines en una situaci\u00f3 molt complicada per l\u2019aprenentatge com ha estat durant aquest<\/span><br \/><span style=\"color: #000000\">per\u00edode de la pand\u00e8mia. No patiu per\u00f2, <strong>des de la corporaci\u00f3 ens han garantit que, a partir del mes de febrer, tornaran al sistema de crides de la borsa<\/strong> per cobrir les vacants disponibles. Tamb\u00e9 volem posar en valor l\u2019esfor\u00e7 de les oficines per adaptar-vos a aquestes incorporacions i l\u2019ensenyament que els hi heu proporcionat.<\/span><\/p>\n<p>\u00a0<\/p>\n<h3><span style=\"color: #000000\">CONVOCAT\u00d2RIES DE PROVISI\u00d3<\/span><\/h3>\n<p><span style=\"color: #000000\">Tal i com us v\u00e0rem anunciar, han estat publicades 18 convocat\u00f2ries de places a provisi\u00f3. La resta de places aniran sortint de manera esglaonada.<\/span><br \/><span style=\"color: #000000\">Tenint en compte que hi ha m\u00e9s d&#8217;una seixantena de places a aprovisionar, <strong>hem exigit garanties a la DSRH de la Diba, que es respecti all\u00f2 acordat en els Acords d&#8217;integraci\u00f3 pel que al personal dels serveis generalistes.<\/strong><\/span><br \/><span style=\"color: #000000\">No nom\u00e9s aniran sortir places a provisi\u00f3 de llocs base, sin\u00f3 que s&#8217;aniran publicant aquelles que corresponen a llocs de comandament (caps oficina, caps servei, caps secci\u00f3 i direccions), comen\u00e7ant per aquelles que les comissions de servei ja s&#8217;estiguin esgotant.<\/span><\/p>\n<p>\u00a0<\/p>\n<h3><span style=\"color: #000000\">TELETREBALL<\/span><\/h3>\n<p>Tot i que ara estem en una fase transit\u00f2ria fins que entri en vigor el reglament de teletreball, <strong>hem exigit a la corporaci\u00f3 que d&#8217;haver-hi incorporacions presencials d&#8217;un o diversos dies, que aquestes siguin motivades per les necessitats del servei quan aix\u00ed ho requereixin, prioritzant al m\u00e0xim el treball en remot<\/strong>, assimilant la mateixa situaci\u00f3 que es troben els companys de la DIBA. Per tant, si us trobeu en alguna situaci\u00f3 d&#8217;irregularitat en aquest sentit, no dubteu en posar-vos en contacte amb nosaltres.<br \/>D\u2019altra banda, hem demanat la classificaci\u00f3 que ha fet la corporaci\u00f3 de la totalitat dels llocs de treball de l\u2019ORGT en aplicaci\u00f3 del reglament de teletreball. <strong>Des de CCOO seguim treballant i defensant que, independentment de si us trobeu treballant a serveis centrals o a les oficines perif\u00e8riques, entenem que la possibilitat de teletreballar ha d\u2019existir per a tothom<\/strong> i que aix\u00f2 es pot assolir tenint una bona organitzaci\u00f3. Us informarem tant bon punt rebem aquesta documentaci\u00f3.<\/p>\n<p>\u00a0<\/p>\n<p>\u00a0<\/p>\n<p><img loading=\"lazy\" decoding=\"async\" class=\"wp-image-5912 aligncenter\" src=\"http:\/\/ccoo.app\/diputacio-de-barcelona\/wp-content\/blogs.dir\/6\/files\/sites\/186\/2020\/05\/nota-2-300x86.png\" alt=\"\" width=\"98\" height=\"28\" srcset=\"https:\/\/ccoo.app\/diputacio-de-barcelona\/wp-content\/blogs.dir\/6\/files\/sites\/186\/2020\/05\/nota-2-300x86.png 300w, https:\/\/ccoo.app\/diputacio-de-barcelona\/wp-content\/blogs.dir\/6\/files\/sites\/186\/2020\/05\/nota-2.png 337w\" sizes=\"auto, (max-width: 98px) 100vw, 98px\" \/><\/p>\n<p style=\"text-align: center\"><img loading=\"lazy\" decoding=\"async\" class=\"wp-image-5184 aligncenter\" src=\"http:\/\/ccoo.app\/diputacio-de-barcelona\/wp-content\/blogs.dir\/6\/files\/sites\/186\/2020\/03\/i-de-info-300x300.jpg\" alt=\"\" width=\"72\" height=\"72\" srcset=\"https:\/\/ccoo.app\/diputacio-de-barcelona\/wp-content\/blogs.dir\/6\/files\/sites\/186\/2020\/03\/i-de-info-300x300.jpg 300w, https:\/\/ccoo.app\/diputacio-de-barcelona\/wp-content\/blogs.dir\/6\/files\/sites\/186\/2020\/03\/i-de-info-150x150.jpg 150w, https:\/\/ccoo.app\/diputacio-de-barcelona\/wp-content\/blogs.dir\/6\/files\/sites\/186\/2020\/03\/i-de-info.jpg 626w\" sizes=\"auto, (max-width: 72px) 100vw, 72px\" \/><span style=\"font-family: 'arial black', sans-serif;font-size: 20px;color: #ffff00;background-color: #ff0000\">TOTA LA INFORMACI\u00d3 SINDICAL QUE NECESSITES<\/span><\/p>\n<p><img loading=\"lazy\" decoding=\"async\" class=\"wp-image-5913 aligncenter\" src=\"http:\/\/ccoo.app\/diputacio-de-barcelona\/wp-content\/blogs.dir\/6\/files\/sites\/186\/2020\/05\/telefono-300x300.jpg\" alt=\"\" width=\"59\" height=\"59\" srcset=\"https:\/\/ccoo.app\/diputacio-de-barcelona\/wp-content\/blogs.dir\/6\/files\/sites\/186\/2020\/05\/telefono-300x300.jpg 300w, https:\/\/ccoo.app\/diputacio-de-barcelona\/wp-content\/blogs.dir\/6\/files\/sites\/186\/2020\/05\/telefono-150x150.jpg 150w, https:\/\/ccoo.app\/diputacio-de-barcelona\/wp-content\/blogs.dir\/6\/files\/sites\/186\/2020\/05\/telefono.jpg 600w\" sizes=\"auto, (max-width: 59px) 100vw, 59px\" \/><\/p>\n<p style=\"text-align: center\"><span style=\"font-family: 'arial black', sans-serif;color: #000000\">DE DILLUNS A DIVENDRES<\/span><\/p>\n<p style=\"text-align: center\"><span style=\"font-family: 'arial black', sans-serif;color: #000000;background-color: #ffff00\">DE 10:00 A 14:30 i DE 17:00 A 19:00\u00a0<\/span><\/p>\n<p style=\"text-align: center\"><span style=\"font-family: 'arial black', sans-serif;color: #ff0000\">93.402.29.85 \u2013 22985 \u2013 667 90 69 64<\/span><\/p>\n<p><img loading=\"lazy\" decoding=\"async\" class=\"wp-image-5553 aligncenter\" src=\"http:\/\/ccoo.app\/diputacio-de-barcelona\/wp-content\/blogs.dir\/6\/files\/sites\/186\/2020\/04\/mail-foto-300x200.jpg\" alt=\"\" width=\"59\" height=\"39\" srcset=\"https:\/\/ccoo.app\/diputacio-de-barcelona\/wp-content\/blogs.dir\/6\/files\/sites\/186\/2020\/04\/mail-foto-300x200.jpg 300w, https:\/\/ccoo.app\/diputacio-de-barcelona\/wp-content\/blogs.dir\/6\/files\/sites\/186\/2020\/04\/mail-foto-1024x683.jpg 1024w, https:\/\/ccoo.app\/diputacio-de-barcelona\/wp-content\/blogs.dir\/6\/files\/sites\/186\/2020\/04\/mail-foto-768x512.jpg 768w, https:\/\/ccoo.app\/diputacio-de-barcelona\/wp-content\/blogs.dir\/6\/files\/sites\/186\/2020\/04\/mail-foto.jpg 1200w\" sizes=\"auto, (max-width: 59px) 100vw, 59px\" \/><\/p>\n<p style=\"text-align: center\"><span style=\"font-family: arial, helvetica, sans-serif;color: #000000\">La\u00a0SECCI\u00d3 SINDICAL DE CCOO donem resposta a tots els teus dubtes o t&#8217;ajudem solucionar els problemes que puguis tenir.<strong> T&#8217;ajudem a defensar els teus drets!<\/strong><\/span><\/p>\n<p style=\"text-align: center\"><span style=\"font-family: 'arial black', sans-serif;color: #0000ff\"><a style=\"color: #0000ff\" href=\"mailto:ccoo@diba.cat\"><strong>ccoo@diba.cat<\/strong><\/a><\/span><\/p>\n<p style=\"text-align: center\"><span style=\"font-family: 'arial black', sans-serif;color: #0000ff\"><a style=\"color: #0000ff\" href=\"mailto:orgt.ssccoo@diba.cat\">orgt.ssccoo@diba.cat<\/a><\/span><\/p>\n<p><img loading=\"lazy\" decoding=\"async\" class=\"wp-image-5554 aligncenter\" src=\"http:\/\/ccoo.app\/diputacio-de-barcelona\/wp-content\/blogs.dir\/6\/files\/sites\/186\/2020\/04\/mail-foto-enviar-300x212.jpg\" alt=\"\" width=\"67\" height=\"47\" srcset=\"https:\/\/ccoo.app\/diputacio-de-barcelona\/wp-content\/blogs.dir\/6\/files\/sites\/186\/2020\/04\/mail-foto-enviar-300x212.jpg 300w, https:\/\/ccoo.app\/diputacio-de-barcelona\/wp-content\/blogs.dir\/6\/files\/sites\/186\/2020\/04\/mail-foto-enviar-1024x724.jpg 1024w, https:\/\/ccoo.app\/diputacio-de-barcelona\/wp-content\/blogs.dir\/6\/files\/sites\/186\/2020\/04\/mail-foto-enviar-768x543.jpg 768w, https:\/\/ccoo.app\/diputacio-de-barcelona\/wp-content\/blogs.dir\/6\/files\/sites\/186\/2020\/04\/mail-foto-enviar.jpg 1200w\" sizes=\"auto, (max-width: 67px) 100vw, 67px\" \/><\/p>\n<p style=\"text-align: center\"><span style=\"font-family: arial, helvetica, sans-serif;color: #000000\">Encara no t&#8217;has descarregat la nostra <a href=\"http:\/\/www.ccoo.cat\/carnet\/index.aspx?qr=1#descarrega\"><span style=\"font-family: 'arial black', sans-serif;color: #0000ff\">APP<\/span><\/a> CCOO-Diba d&#8217;informaci\u00f3 sindical?<\/span><\/p>\n<p style=\"text-align: center\"><span style=\"font-family: arial, helvetica, sans-serif;color: #000000\">Fes clic <a href=\"http:\/\/www.ccoo.cat\/carnet\/index.aspx?qr=1#descarrega\"><span style=\"font-family: 'arial black', sans-serif;color: #0000ff\">aqu\u00ed<\/span><\/a> per tenir la informaci\u00f3 abans que ning\u00fa!<\/span><\/p>\n<p><img loading=\"lazy\" decoding=\"async\" class=\"wp-image-5915 aligncenter\" src=\"http:\/\/ccoo.app\/diputacio-de-barcelona\/wp-content\/blogs.dir\/6\/files\/sites\/186\/2020\/05\/xarxes-socials-300x169.png\" alt=\"\" width=\"227\" height=\"128\" srcset=\"https:\/\/ccoo.app\/diputacio-de-barcelona\/wp-content\/blogs.dir\/6\/files\/sites\/186\/2020\/05\/xarxes-socials-300x169.png 300w, https:\/\/ccoo.app\/diputacio-de-barcelona\/wp-content\/blogs.dir\/6\/files\/sites\/186\/2020\/05\/xarxes-socials-1024x576.png 1024w, https:\/\/ccoo.app\/diputacio-de-barcelona\/wp-content\/blogs.dir\/6\/files\/sites\/186\/2020\/05\/xarxes-socials-768x432.png 768w, https:\/\/ccoo.app\/diputacio-de-barcelona\/wp-content\/blogs.dir\/6\/files\/sites\/186\/2020\/05\/xarxes-socials.png 1200w\" sizes=\"auto, (max-width: 227px) 100vw, 227px\" \/><\/p>\n<p style=\"text-align: center\"><span style=\"font-family: arial, helvetica, sans-serif;color: #000000\">Tamb\u00e9 trobar\u00e0s CCOO-Diba a les xarxes socials. Clica sobre la icona de la teva xarxa favorita:<\/span><\/p>\n<p><a href=\"https:\/\/twitter.com\/CCOODiba\"><img loading=\"lazy\" decoding=\"async\" class=\" wp-image-5728 aligncenter\" src=\"http:\/\/ccoo.app\/diputacio-de-barcelona\/wp-content\/blogs.dir\/6\/files\/sites\/186\/2020\/04\/twitter-300x300.png\" alt=\"\" width=\"89\" height=\"89\" srcset=\"https:\/\/ccoo.app\/diputacio-de-barcelona\/wp-content\/blogs.dir\/6\/files\/sites\/186\/2020\/04\/twitter-300x300.png 300w, https:\/\/ccoo.app\/diputacio-de-barcelona\/wp-content\/blogs.dir\/6\/files\/sites\/186\/2020\/04\/twitter-150x150.png 150w, https:\/\/ccoo.app\/diputacio-de-barcelona\/wp-content\/blogs.dir\/6\/files\/sites\/186\/2020\/04\/twitter.png 512w\" sizes=\"auto, (max-width: 89px) 100vw, 89px\" \/><\/a><\/p>\n<p><a href=\"https:\/\/www.instagram.com\/ccoo_diba\/?hl=es\"><img loading=\"lazy\" decoding=\"async\" class=\"wp-image-5730 aligncenter\" src=\"http:\/\/ccoo.app\/diputacio-de-barcelona\/wp-content\/blogs.dir\/6\/files\/sites\/186\/2020\/04\/instragram-300x300.png\" alt=\"\" width=\"91\" height=\"91\" srcset=\"https:\/\/ccoo.app\/diputacio-de-barcelona\/wp-content\/blogs.dir\/6\/files\/sites\/186\/2020\/04\/instragram-300x300.png 300w, https:\/\/ccoo.app\/diputacio-de-barcelona\/wp-content\/blogs.dir\/6\/files\/sites\/186\/2020\/04\/instragram-150x150.png 150w, https:\/\/ccoo.app\/diputacio-de-barcelona\/wp-content\/blogs.dir\/6\/files\/sites\/186\/2020\/04\/instragram.png 512w\" sizes=\"auto, (max-width: 91px) 100vw, 91px\" \/><\/a><\/p>\n<p><a href=\"https:\/\/www.facebook.com\/CcooDiputacioDeBarcelona\/\"><img loading=\"lazy\" decoding=\"async\" class=\"wp-image-5729 aligncenter\" src=\"http:\/\/ccoo.app\/diputacio-de-barcelona\/wp-content\/blogs.dir\/6\/files\/sites\/186\/2020\/04\/facebook-300x300.png\" alt=\"\" width=\"90\" height=\"90\" srcset=\"https:\/\/ccoo.app\/diputacio-de-barcelona\/wp-content\/blogs.dir\/6\/files\/sites\/186\/2020\/04\/facebook-300x300.png 300w, https:\/\/ccoo.app\/diputacio-de-barcelona\/wp-content\/blogs.dir\/6\/files\/sites\/186\/2020\/04\/facebook-150x150.png 150w, https:\/\/ccoo.app\/diputacio-de-barcelona\/wp-content\/blogs.dir\/6\/files\/sites\/186\/2020\/04\/facebook.png 325w\" sizes=\"auto, (max-width: 90px) 100vw, 90px\" \/><\/a><a href=\"https:\/\/www.youtube.com\/channel\/UCFzenkS75udEcs4pB4qoZsg\"><img loading=\"lazy\" decoding=\"async\" class=\" wp-image-5916 aligncenter\" src=\"http:\/\/ccoo.app\/diputacio-de-barcelona\/wp-content\/blogs.dir\/6\/files\/sites\/186\/2020\/05\/youtube-300x115.jpg\" alt=\"\" width=\"122\" height=\"47\" srcset=\"https:\/\/ccoo.app\/diputacio-de-barcelona\/wp-content\/blogs.dir\/6\/files\/sites\/186\/2020\/05\/youtube-300x115.jpg 300w, https:\/\/ccoo.app\/diputacio-de-barcelona\/wp-content\/blogs.dir\/6\/files\/sites\/186\/2020\/05\/youtube-1024x391.jpg 1024w, https:\/\/ccoo.app\/diputacio-de-barcelona\/wp-content\/blogs.dir\/6\/files\/sites\/186\/2020\/05\/youtube-768x293.jpg 768w, https:\/\/ccoo.app\/diputacio-de-barcelona\/wp-content\/blogs.dir\/6\/files\/sites\/186\/2020\/05\/youtube.jpg 1200w\" sizes=\"auto, (max-width: 122px) 100vw, 122px\" \/><\/a><\/p>\n<p><iframe loading=\"lazy\" title=\"Hauran de comptar amb nosaltres. Salut, treball i just\u00edcia social || 1r de maig del 2020.\" width=\"1200\" height=\"675\" src=\"https:\/\/www.youtube.com\/embed\/uS104R3aSJs?feature=oembed\" frameborder=\"0\" allow=\"accelerometer; autoplay; clipboard-write; encrypted-media; gyroscope; picture-in-picture\" allowfullscreen><\/iframe><\/p>\n<p><a href=\"https:\/\/diba.ccoo.cat\/plantilla-1-6-2\/\"><img loading=\"lazy\" decoding=\"async\" class=\"size-medium wp-image-6853 aligncenter\" src=\"http:\/\/ccoo.app\/diputacio-de-barcelona\/wp-content\/blogs.dir\/6\/files\/sites\/186\/2020\/10\/ccoo-primer-sindicat-cliqueu-300x110.png\" alt=\"\" width=\"300\" height=\"110\" srcset=\"https:\/\/ccoo.app\/diputacio-de-barcelona\/wp-content\/blogs.dir\/6\/files\/sites\/186\/2020\/10\/ccoo-primer-sindicat-cliqueu-300x110.png 300w, https:\/\/ccoo.app\/diputacio-de-barcelona\/wp-content\/blogs.dir\/6\/files\/sites\/186\/2020\/10\/ccoo-primer-sindicat-cliqueu.png 448w\" sizes=\"auto, (max-width: 300px) 100vw, 300px\" \/><\/a><\/p>\n<p><a href=\"https:\/\/diba.ccoo.cat\/mesa-general-de-negociacio-de-materies-comunes-de-la-diba\/\"><img loading=\"lazy\" decoding=\"async\" class=\"size-medium wp-image-7171 aligncenter\" src=\"http:\/\/ccoo.app\/diputacio-de-barcelona\/wp-content\/blogs.dir\/6\/files\/sites\/186\/2020\/11\/mgnmc-imatges-300x101.png\" alt=\"\" width=\"300\" height=\"101\" srcset=\"https:\/\/ccoo.app\/diputacio-de-barcelona\/wp-content\/blogs.dir\/6\/files\/sites\/186\/2020\/11\/mgnmc-imatges-300x101.png 300w, https:\/\/ccoo.app\/diputacio-de-barcelona\/wp-content\/blogs.dir\/6\/files\/sites\/186\/2020\/11\/mgnmc-imatges.png 324w\" sizes=\"auto, (max-width: 300px) 100vw, 300px\" \/><\/a><a href=\"https:\/\/www.ccoo.cat\/aspnet\/motius_afiliarte.aspx\"><img loading=\"lazy\" decoding=\"async\" class=\"size-medium wp-image-6841 aligncenter\" src=\"http:\/\/ccoo.app\/diputacio-de-barcelona\/wp-content\/blogs.dir\/6\/files\/sites\/186\/2020\/10\/afiliat-ccoo-300x199.png\" alt=\"\" width=\"300\" height=\"199\" srcset=\"https:\/\/ccoo.app\/diputacio-de-barcelona\/wp-content\/blogs.dir\/6\/files\/sites\/186\/2020\/10\/afiliat-ccoo-300x199.png 300w, https:\/\/ccoo.app\/diputacio-de-barcelona\/wp-content\/blogs.dir\/6\/files\/sites\/186\/2020\/10\/afiliat-ccoo.png 573w\" sizes=\"auto, (max-width: 300px) 100vw, 300px\" \/><\/a><\/p>\n<p><a href=\"https:\/\/www.ccoo.cat\/aspnet\/qui_som.aspx\"><img loading=\"lazy\" decoding=\"async\" class=\" wp-image-7174 aligncenter\" src=\"http:\/\/ccoo.app\/diputacio-de-barcelona\/wp-content\/blogs.dir\/6\/files\/sites\/186\/2020\/11\/ccoo-diversa-300x77.png\" alt=\"\" width=\"327\" height=\"84\" srcset=\"https:\/\/ccoo.app\/diputacio-de-barcelona\/wp-content\/blogs.dir\/6\/files\/sites\/186\/2020\/11\/ccoo-diversa-300x77.png 300w, https:\/\/ccoo.app\/diputacio-de-barcelona\/wp-content\/blogs.dir\/6\/files\/sites\/186\/2020\/11\/ccoo-diversa.png 422w\" sizes=\"auto, (max-width: 327px) 100vw, 327px\" \/><\/a><\/p>\n\n\n<p><\/p>\n    \t","protected":false},"excerpt":{"rendered":"<p>\u00a0 -2 de desembre de 2021- Com ja us vam informar en el darrer comunicat, ahir 1 de desembre vam mantenir una reuni\u00f3 amb la ger\u00e8ncia de l&#8217;ORGT i amb &#8230; <\/p>\n<p class=\"read-more-container\"><a title=\"COMUNICAT REUNI\u00d3 ORGT -1 DESEMBRE-2021-\" class=\"read-more button\" href=\"https:\/\/ccoo.app\/diputacio-de-barcelona\/reunio-orgt-1-desembre-2021\/#more-49892\" aria-label=\"Leer m\u00e1s sobre COMUNICAT REUNI\u00d3 ORGT -1 DESEMBRE-2021-\">Continuar llegint<\/a><\/p>\n","protected":false},"author":4519,"featured_media":49839,"comment_status":"open","ping_status":"open","sticky":false,"template":"","format":"standard","meta":{"footnotes":""},"categories":[19,29],"tags":[58,67,68,167,200,221],"class_list":["post-49892","post","type-post","status-publish","format-standard","has-post-thumbnail","hentry","category-comunicats","category-orgt-2","tag-agent-tributari","tag-borses","tag-borses-de-treball","tag-orgt","tag-provisio-2","tag-teletreball","generate-columns","tablet-grid-50","mobile-grid-100","grid-parent","grid-50"],"_links":{"self":[{"href":"https:\/\/ccoo.app\/diputacio-de-barcelona\/wp-json\/wp\/v2\/posts\/49892","targetHints":{"allow":["GET"]}}],"collection":[{"href":"https:\/\/ccoo.app\/diputacio-de-barcelona\/wp-json\/wp\/v2\/posts"}],"about":[{"href":"https:\/\/ccoo.app\/diputacio-de-barcelona\/wp-json\/wp\/v2\/types\/post"}],"author":[{"embeddable":true,"href":"https:\/\/ccoo.app\/diputacio-de-barcelona\/wp-json\/wp\/v2\/users\/4519"}],"replies":[{"embeddable":true,"href":"https:\/\/ccoo.app\/diputacio-de-barcelona\/wp-json\/wp\/v2\/comments?post=49892"}],"version-history":[{"count":1,"href":"https:\/\/ccoo.app\/diputacio-de-barcelona\/wp-json\/wp\/v2\/posts\/49892\/revisions"}],"predecessor-version":[{"id":50740,"href":"https:\/\/ccoo.app\/diputacio-de-barcelona\/wp-json\/wp\/v2\/posts\/49892\/revisions\/50740"}],"wp:featuredmedia":[{"embeddable":true,"href":"https:\/\/ccoo.app\/diputacio-de-barcelona\/wp-json\/wp\/v2\/media\/49839"}],"wp:attachment":[{"href":"https:\/\/ccoo.app\/diputacio-de-barcelona\/wp-json\/wp\/v2\/media?parent=49892"}],"wp:term":[{"taxonomy":"category","embeddable":true,"href":"https:\/\/ccoo.app\/diputacio-de-barcelona\/wp-json\/wp\/v2\/categories?post=49892"},{"taxonomy":"post_tag","embeddable":true,"href":"https:\/\/ccoo.app\/diputacio-de-barcelona\/wp-json\/wp\/v2\/tags?post=49892"}],"curies":[{"name":"wp","href":"https:\/\/api.w.org\/{rel}","templated":true}]}}