{"id":49888,"date":"2021-11-26T20:55:00","date_gmt":"2021-11-26T19:55:00","guid":{"rendered":"https:\/\/diba.ccoo.cat\/comunicat-ajut-menjar-personal-interi-27-octubre-2021-copy\/"},"modified":"2023-10-17T16:29:26","modified_gmt":"2023-10-17T14:29:26","slug":"calendari-2022-pamo-indemnitzacio-tic","status":"publish","type":"post","link":"https:\/\/ccoo.app\/diputacio-de-barcelona\/calendari-2022-pamo-indemnitzacio-tic\/","title":{"rendered":"CCOO INFO: CALENDARI 2022-PAMO-INDEMNITZACI\u00d3 TIC -26 novembre 2021-"},"content":{"rendered":"\n<p><\/p>\n\n\n<p><\/p>\n<p class=\"wp-caption-text\"><a href=\"https:\/\/diba.ccoo.cat\/\"><img loading=\"lazy\" decoding=\"async\" class=\"wp-image-1853 aligncenter\" src=\"http:\/\/ccoo.app\/diputacio-de-barcelona\/wp-content\/blogs.dir\/6\/files\/sites\/186\/2018\/01\/logoccoov18.jpg\" alt=\"\" width=\"240\" height=\"110\"><\/a><\/p>\n<p style=\"text-align: center\"><span style=\"color: #000000\">-26 de novembre de 2021-<\/span><\/p>\n<p><\/p>\n<h3><span style=\"color: #000000\">INDEMNITZACI\u00d3 TIC<\/span><\/h3>\n<p><span style=\"color: #000000\">A la darrera Mesa General de Negociaci\u00f3 hem tornat a insistir sobre la necessitat de fer efectiu el pagament per indemnitzaci\u00f3 de les TIC. La resposta per part de la corporaci\u00f3 ha estat que <strong>s\u2019ha trobat un possible encaix per poder fer efectiva aquesta indemnitzaci\u00f3.<\/strong> Des de CCOO hem sigut molt insistents per fer complir aquest acord i hem utilitzat totes les nostres eines per tal de pressionar a la DIBA,<strong> presentant una demanda al contenci\u00f3s-administratiu per incompliment de l\u2019acord<\/strong>. Tot i que valorem molt positivament el posicionament de la corporaci\u00f3 i la seva intenci\u00f3 de tirar-ho endavant, des de CCOO mantindrem la nostra exig\u00e8ncia del pagament fins que aquesta indemnitzaci\u00f3 no es faci efectiva per a tots i totes vosaltres.<\/span><br><span style=\"color: #000000\">A m\u00e9s a m\u00e9s, <strong>hem demanat la reactivaci\u00f3 de les negociacions per tal de buscar una compensaci\u00f3 econ\u00f2mica per quan s\u2019instauri definitivament el teletreball<\/strong>. Aquesta cl\u00e0usula, que queda reflectida a l\u2019acord definitiu de teletreball, va ser una demanda liderada per CCOO perqu\u00e8 entenem que, tot i la voluntarietat del teletreball, hi ha d\u2019haver una compensaci\u00f3 econ\u00f2mica per tot all\u00f2 que s\u2019estalvia la corporaci\u00f3 pels dies que ens quedem treballant a casa i no fem \u00fas de les instal\u00b7lacions corporatives i que assumeix el\/la treballador\/a a casa seva. Us mantindrem informats i informades.<\/span><\/p>\n<p><\/p>\n<h3><span style=\"color: #000000\">PAMO-PROCESSOS DE CONSOLIDACI\u00d3 DEL PERSONAL INTER\u00cd<\/span><\/h3>\n<p><span style=\"color: #000000\">Arran de les informacions que han anat sortint a la premsa sobre les possibles modificacions del Reial Decret 14\/2021 per a l\u2019estabilitat del personal inter\u00ed, <strong>CCOO hem defensat, com hem vingut fent a totes les reunions a on s\u2019ha tractat aquest tema, que la DIBA havia d\u2019anar a m\u00e0xims en tot all\u00f2 que la llei permeti.<\/strong> Un cop tinguem clars i definits els criteris que s&#8217;establiran en els diferents processos selectius, treballarem conjuntament amb la corporaci\u00f3 i la resta de la representaci\u00f3 sindical, per identificar el m\u00e0xim nombre de places que puguin ser incloses, tant en els processos de concurs de m\u00e8rits com els d&#8217;estabilitzaci\u00f3.<\/span><br><span style=\"color: #000000\">Des de CCOO creiem que ens trobem en la bona direcci\u00f3 per acabar amb la temporalitat que ha patit tot el personal inter\u00ed des que va comen\u00e7ar la crisi econ\u00f2mica fruit d\u00b4unes nefastes pol\u00edtiques dels legisladors que en el seu moment conformaven el govern.<\/span><br><span style=\"color: #000000\">A m\u00e9s a m\u00e9s hem demanat a la corporaci\u00f3 que<strong> les places de consolidaci\u00f3 publicades al PAMO de 2017 i que haurien de convocar-se abans de finalitzar aquest any, deixar-les decaure<\/strong> per incloure-les en el PAMO 2021: <strong>des de CCOO entenem que les condicions que es poden donar al PAMO 2021 son molt m\u00e9s avantatjoses.<\/strong> Seguirem informant.<\/span><\/p>\n<p><\/p>\n<h3><span style=\"color: #000000\">PROMOCI\u00d3 INTERNA<\/span><\/h3>\n<p><span style=\"color: #000000\"><strong>Hem insistit a la corporaci\u00f3 la necessitat de reactivar la promoci\u00f3 professional de tot el personal funcionari de carrera la DIBA<\/strong>, aplicant els PAMO\u2019s publicats els darrers anys amb l\u2019oferta de promoci\u00f3 interna que resta pendent de convocar. La corporaci\u00f3 ens presentar\u00e0 una calendaritzaci\u00f3 les properes setmanes i us n\u2019informarem. Hem reiterat, per\u00f2, que <strong>aquesta execuci\u00f3 havia de comen\u00e7ar amb la m\u00e0xima prioritat per les 61 places de T\u00e8cnic Auxiliar a la Depend\u00e8ncia<\/strong>, publicades al PAMO 2018, <strong>aix\u00ed com les 28 places de la ORGT<\/strong>, publicades al PAMO 2019 i fruit dels acords d\u2019integraci\u00f3 que vam signar CCOO.<\/span><\/p>\n<p><\/p>\n<h3><span style=\"color: #000000\">CALENDARI LABORAL<\/span><\/h3>\n<p><span style=\"color: #000000\">A la darrera Mesa de Negociaci\u00f3 vam aprovar el calendari laboral per al 2022. <strong>Per aquest any 2022 gaudirem de 2 dies de dispensa.<\/strong><\/span><\/p>\n<p><\/p>\n<h3><span style=\"color: #000000\">VALORACI\u00d3 LLOCS DE TREBALL<\/span><\/h3>\n<p><span style=\"color: #000000\"><strong>Hem demanat la creaci\u00f3 d\u2019una comissi\u00f3 de valoraci\u00f3 de llocs de treball base<\/strong> per tal de comen\u00e7ar a treballar amb la corporaci\u00f3 una actualitzaci\u00f3 i revaloritzaci\u00f3 dels llocs de treball de tota la plantilla de la corporaci\u00f3; tot comen\u00e7ant pels nivells m\u00e9s baixos, per les Agrupacions Professionals, continuant pels col\u00b7lectius de C2, C1 i acabant pels col\u00b7lectius d\u2019A2 i A1.<\/span><\/p>\n<p><\/p>\n<h3><span style=\"color: #000000\">BORSES DE TREBALL<\/span><\/h3>\n<p><span style=\"color: #000000\">Des de CCOO hem tornat a demanar a la corporaci\u00f3 la instauraci\u00f3, quant abans millor, <strong>d\u2019un aplicatiu per a les diferents borses de treball,<\/strong> tal i com hem recollit de les vostres demandes, <strong>per tal que tots els treballadors i treballadores que conformen aquestes borses puguin saber en tot moment quin lloc ocupen<\/strong>, aix\u00ed com per garantir la m\u00e0xima transpar\u00e8ncia i bona execuci\u00f3 en el compliment del nostre acord de borses de treball. A m\u00e9s entenem, que aquest aplicatiu afavoreix i facilita la feina de la pr\u00f2pia gesti\u00f3 de RH.<\/span><\/p>\n<p><\/p>\n<p><img loading=\"lazy\" decoding=\"async\" class=\"wp-image-5912 aligncenter\" src=\"http:\/\/ccoo.app\/diputacio-de-barcelona\/wp-content\/blogs.dir\/6\/files\/sites\/186\/2020\/05\/nota-2-300x86.png\" alt=\"\" width=\"98\" height=\"28\" srcset=\"https:\/\/ccoo.app\/diputacio-de-barcelona\/wp-content\/blogs.dir\/6\/files\/sites\/186\/2020\/05\/nota-2-300x86.png 300w, https:\/\/ccoo.app\/diputacio-de-barcelona\/wp-content\/blogs.dir\/6\/files\/sites\/186\/2020\/05\/nota-2.png 337w\" sizes=\"auto, (max-width: 98px) 100vw, 98px\" \/><\/p>\n<p style=\"text-align: center\"><img loading=\"lazy\" decoding=\"async\" class=\"wp-image-5184 aligncenter\" src=\"http:\/\/ccoo.app\/diputacio-de-barcelona\/wp-content\/blogs.dir\/6\/files\/sites\/186\/2020\/03\/i-de-info-300x300.jpg\" alt=\"\" width=\"72\" height=\"72\" srcset=\"https:\/\/ccoo.app\/diputacio-de-barcelona\/wp-content\/blogs.dir\/6\/files\/sites\/186\/2020\/03\/i-de-info-300x300.jpg 300w, https:\/\/ccoo.app\/diputacio-de-barcelona\/wp-content\/blogs.dir\/6\/files\/sites\/186\/2020\/03\/i-de-info-150x150.jpg 150w, https:\/\/ccoo.app\/diputacio-de-barcelona\/wp-content\/blogs.dir\/6\/files\/sites\/186\/2020\/03\/i-de-info.jpg 626w\" sizes=\"auto, (max-width: 72px) 100vw, 72px\" \/><span style=\"font-family: 'arial black', sans-serif;font-size: 20px;color: #ffff00;background-color: #ff0000\">TOTA LA INFORMACI\u00d3 SINDICAL QUE NECESSITES<\/span><\/p>\n<p><img loading=\"lazy\" decoding=\"async\" class=\"wp-image-5913 aligncenter\" src=\"http:\/\/ccoo.app\/diputacio-de-barcelona\/wp-content\/blogs.dir\/6\/files\/sites\/186\/2020\/05\/telefono-300x300.jpg\" alt=\"\" width=\"59\" height=\"59\" srcset=\"https:\/\/ccoo.app\/diputacio-de-barcelona\/wp-content\/blogs.dir\/6\/files\/sites\/186\/2020\/05\/telefono-300x300.jpg 300w, https:\/\/ccoo.app\/diputacio-de-barcelona\/wp-content\/blogs.dir\/6\/files\/sites\/186\/2020\/05\/telefono-150x150.jpg 150w, https:\/\/ccoo.app\/diputacio-de-barcelona\/wp-content\/blogs.dir\/6\/files\/sites\/186\/2020\/05\/telefono.jpg 600w\" sizes=\"auto, (max-width: 59px) 100vw, 59px\" \/><\/p>\n<p style=\"text-align: center\"><span style=\"font-family: 'arial black', sans-serif;color: #000000\">DE DILLUNS A DIVENDRES<\/span><\/p>\n<p style=\"text-align: center\"><span style=\"font-family: 'arial black', sans-serif;color: #000000;background-color: #ffff00\">DE 10:00 A 14:30 i DE 17:00 A 19:00&nbsp;<\/span><\/p>\n<p style=\"text-align: center\"><span style=\"font-family: 'arial black', sans-serif;color: #ff0000\">93.402.29.85 \u2013 22985 \u2013 667 90 69 64<\/span><\/p>\n<p><img loading=\"lazy\" decoding=\"async\" class=\"wp-image-5553 aligncenter\" src=\"http:\/\/ccoo.app\/diputacio-de-barcelona\/wp-content\/blogs.dir\/6\/files\/sites\/186\/2020\/04\/mail-foto-300x200.jpg\" alt=\"\" width=\"59\" height=\"39\" srcset=\"https:\/\/ccoo.app\/diputacio-de-barcelona\/wp-content\/blogs.dir\/6\/files\/sites\/186\/2020\/04\/mail-foto-300x200.jpg 300w, https:\/\/ccoo.app\/diputacio-de-barcelona\/wp-content\/blogs.dir\/6\/files\/sites\/186\/2020\/04\/mail-foto-1024x683.jpg 1024w, https:\/\/ccoo.app\/diputacio-de-barcelona\/wp-content\/blogs.dir\/6\/files\/sites\/186\/2020\/04\/mail-foto-768x512.jpg 768w, https:\/\/ccoo.app\/diputacio-de-barcelona\/wp-content\/blogs.dir\/6\/files\/sites\/186\/2020\/04\/mail-foto.jpg 1200w\" sizes=\"auto, (max-width: 59px) 100vw, 59px\" \/><\/p>\n<p style=\"text-align: center\"><span style=\"font-family: arial, helvetica, sans-serif;color: #000000\">La&nbsp;SECCI\u00d3 SINDICAL DE CCOO donem resposta a tots els teus dubtes o t&#8217;ajudem solucionar els problemes que puguis tenir.<strong> T&#8217;ajudem a defensar els teus drets!<\/strong><\/span><\/p>\n<p style=\"text-align: center\"><span style=\"font-family: 'arial black', sans-serif;color: #0000ff\"><a style=\"color: #0000ff\" href=\"mailto:ccoo@diba.cat\"><strong>ccoo@diba.cat<\/strong><\/a><\/span><\/p>\n<p style=\"text-align: center\"><span style=\"font-family: 'arial black', sans-serif;color: #0000ff\"><a style=\"color: #0000ff\" href=\"mailto:orgt.ssccoo@diba.cat\">orgt.ssccoo@diba.cat<\/a><\/span><\/p>\n<p><img loading=\"lazy\" decoding=\"async\" class=\"wp-image-5554 aligncenter\" src=\"http:\/\/ccoo.app\/diputacio-de-barcelona\/wp-content\/blogs.dir\/6\/files\/sites\/186\/2020\/04\/mail-foto-enviar-300x212.jpg\" alt=\"\" width=\"67\" height=\"47\" srcset=\"https:\/\/ccoo.app\/diputacio-de-barcelona\/wp-content\/blogs.dir\/6\/files\/sites\/186\/2020\/04\/mail-foto-enviar-300x212.jpg 300w, https:\/\/ccoo.app\/diputacio-de-barcelona\/wp-content\/blogs.dir\/6\/files\/sites\/186\/2020\/04\/mail-foto-enviar-1024x724.jpg 1024w, https:\/\/ccoo.app\/diputacio-de-barcelona\/wp-content\/blogs.dir\/6\/files\/sites\/186\/2020\/04\/mail-foto-enviar-768x543.jpg 768w, https:\/\/ccoo.app\/diputacio-de-barcelona\/wp-content\/blogs.dir\/6\/files\/sites\/186\/2020\/04\/mail-foto-enviar.jpg 1200w\" sizes=\"auto, (max-width: 67px) 100vw, 67px\" \/><\/p>\n<p style=\"text-align: center\"><span style=\"font-family: arial, helvetica, sans-serif;color: #000000\">Encara no t&#8217;has descarregat la nostra <a href=\"http:\/\/www.ccoo.cat\/carnet\/index.aspx?qr=1#descarrega\"><span style=\"font-family: 'arial black', sans-serif;color: #0000ff\">APP<\/span><\/a> CCOO-Diba d&#8217;informaci\u00f3 sindical?<\/span><\/p>\n<p style=\"text-align: center\"><span style=\"font-family: arial, helvetica, sans-serif;color: #000000\">Fes clic <a href=\"http:\/\/www.ccoo.cat\/carnet\/index.aspx?qr=1#descarrega\"><span style=\"font-family: 'arial black', sans-serif;color: #0000ff\">aqu\u00ed<\/span><\/a> per tenir la informaci\u00f3 abans que ning\u00fa!<\/span><\/p>\n<p><img loading=\"lazy\" decoding=\"async\" class=\"wp-image-5915 aligncenter\" src=\"http:\/\/ccoo.app\/diputacio-de-barcelona\/wp-content\/blogs.dir\/6\/files\/sites\/186\/2020\/05\/xarxes-socials-300x169.png\" alt=\"\" width=\"227\" height=\"128\" srcset=\"https:\/\/ccoo.app\/diputacio-de-barcelona\/wp-content\/blogs.dir\/6\/files\/sites\/186\/2020\/05\/xarxes-socials-300x169.png 300w, https:\/\/ccoo.app\/diputacio-de-barcelona\/wp-content\/blogs.dir\/6\/files\/sites\/186\/2020\/05\/xarxes-socials-1024x576.png 1024w, https:\/\/ccoo.app\/diputacio-de-barcelona\/wp-content\/blogs.dir\/6\/files\/sites\/186\/2020\/05\/xarxes-socials-768x432.png 768w, https:\/\/ccoo.app\/diputacio-de-barcelona\/wp-content\/blogs.dir\/6\/files\/sites\/186\/2020\/05\/xarxes-socials.png 1200w\" sizes=\"auto, (max-width: 227px) 100vw, 227px\" \/><\/p>\n<p style=\"text-align: center\"><span style=\"font-family: arial, helvetica, sans-serif;color: #000000\">Tamb\u00e9 trobar\u00e0s CCOO-Diba a les xarxes socials. Clica sobre la icona de la teva xarxa favorita:<\/span><\/p>\n<p><a href=\"https:\/\/twitter.com\/CCOODiba\"><img loading=\"lazy\" decoding=\"async\" class=\" wp-image-5728 aligncenter\" src=\"http:\/\/ccoo.app\/diputacio-de-barcelona\/wp-content\/blogs.dir\/6\/files\/sites\/186\/2020\/04\/twitter-300x300.png\" alt=\"\" width=\"89\" height=\"89\" srcset=\"https:\/\/ccoo.app\/diputacio-de-barcelona\/wp-content\/blogs.dir\/6\/files\/sites\/186\/2020\/04\/twitter-300x300.png 300w, https:\/\/ccoo.app\/diputacio-de-barcelona\/wp-content\/blogs.dir\/6\/files\/sites\/186\/2020\/04\/twitter-150x150.png 150w, https:\/\/ccoo.app\/diputacio-de-barcelona\/wp-content\/blogs.dir\/6\/files\/sites\/186\/2020\/04\/twitter.png 512w\" sizes=\"auto, (max-width: 89px) 100vw, 89px\" \/><\/a><\/p>\n<p><a href=\"https:\/\/www.instagram.com\/ccoo_diba\/?hl=es\"><img loading=\"lazy\" decoding=\"async\" class=\"wp-image-5730 aligncenter\" src=\"http:\/\/ccoo.app\/diputacio-de-barcelona\/wp-content\/blogs.dir\/6\/files\/sites\/186\/2020\/04\/instragram-300x300.png\" alt=\"\" width=\"91\" height=\"91\" srcset=\"https:\/\/ccoo.app\/diputacio-de-barcelona\/wp-content\/blogs.dir\/6\/files\/sites\/186\/2020\/04\/instragram-300x300.png 300w, https:\/\/ccoo.app\/diputacio-de-barcelona\/wp-content\/blogs.dir\/6\/files\/sites\/186\/2020\/04\/instragram-150x150.png 150w, https:\/\/ccoo.app\/diputacio-de-barcelona\/wp-content\/blogs.dir\/6\/files\/sites\/186\/2020\/04\/instragram.png 512w\" sizes=\"auto, (max-width: 91px) 100vw, 91px\" \/><\/a><\/p>\n<p><a href=\"https:\/\/www.facebook.com\/CcooDiputacioDeBarcelona\/\"><img loading=\"lazy\" decoding=\"async\" class=\"wp-image-5729 aligncenter\" src=\"http:\/\/ccoo.app\/diputacio-de-barcelona\/wp-content\/blogs.dir\/6\/files\/sites\/186\/2020\/04\/facebook-300x300.png\" alt=\"\" width=\"90\" height=\"90\" srcset=\"https:\/\/ccoo.app\/diputacio-de-barcelona\/wp-content\/blogs.dir\/6\/files\/sites\/186\/2020\/04\/facebook-300x300.png 300w, https:\/\/ccoo.app\/diputacio-de-barcelona\/wp-content\/blogs.dir\/6\/files\/sites\/186\/2020\/04\/facebook-150x150.png 150w, https:\/\/ccoo.app\/diputacio-de-barcelona\/wp-content\/blogs.dir\/6\/files\/sites\/186\/2020\/04\/facebook.png 325w\" sizes=\"auto, (max-width: 90px) 100vw, 90px\" \/><\/a><a href=\"https:\/\/www.youtube.com\/channel\/UCFzenkS75udEcs4pB4qoZsg\"><img loading=\"lazy\" decoding=\"async\" class=\" wp-image-5916 aligncenter\" src=\"http:\/\/ccoo.app\/diputacio-de-barcelona\/wp-content\/blogs.dir\/6\/files\/sites\/186\/2020\/05\/youtube-300x115.jpg\" alt=\"\" width=\"122\" height=\"47\" srcset=\"https:\/\/ccoo.app\/diputacio-de-barcelona\/wp-content\/blogs.dir\/6\/files\/sites\/186\/2020\/05\/youtube-300x115.jpg 300w, https:\/\/ccoo.app\/diputacio-de-barcelona\/wp-content\/blogs.dir\/6\/files\/sites\/186\/2020\/05\/youtube-1024x391.jpg 1024w, https:\/\/ccoo.app\/diputacio-de-barcelona\/wp-content\/blogs.dir\/6\/files\/sites\/186\/2020\/05\/youtube-768x293.jpg 768w, https:\/\/ccoo.app\/diputacio-de-barcelona\/wp-content\/blogs.dir\/6\/files\/sites\/186\/2020\/05\/youtube.jpg 1200w\" sizes=\"auto, (max-width: 122px) 100vw, 122px\" \/><\/a><\/p>\n<p><iframe loading=\"lazy\" title=\"Hauran de comptar amb nosaltres. Salut, treball i just\u00edcia social || 1r de maig del 2020.\" width=\"1200\" height=\"675\" src=\"https:\/\/www.youtube.com\/embed\/uS104R3aSJs?feature=oembed\" frameborder=\"0\" allow=\"accelerometer; autoplay; clipboard-write; encrypted-media; gyroscope; picture-in-picture\" allowfullscreen><\/iframe><\/p>\n<p><a href=\"https:\/\/diba.ccoo.cat\/plantilla-1-6-2\/\"><img loading=\"lazy\" decoding=\"async\" class=\"size-medium wp-image-6853 aligncenter\" src=\"http:\/\/ccoo.app\/diputacio-de-barcelona\/wp-content\/blogs.dir\/6\/files\/sites\/186\/2020\/10\/ccoo-primer-sindicat-cliqueu-300x110.png\" alt=\"\" width=\"300\" height=\"110\" srcset=\"https:\/\/ccoo.app\/diputacio-de-barcelona\/wp-content\/blogs.dir\/6\/files\/sites\/186\/2020\/10\/ccoo-primer-sindicat-cliqueu-300x110.png 300w, https:\/\/ccoo.app\/diputacio-de-barcelona\/wp-content\/blogs.dir\/6\/files\/sites\/186\/2020\/10\/ccoo-primer-sindicat-cliqueu.png 448w\" sizes=\"auto, (max-width: 300px) 100vw, 300px\" \/><\/a><\/p>\n<p><a href=\"https:\/\/diba.ccoo.cat\/mesa-general-de-negociacio-de-materies-comunes-de-la-diba\/\"><img loading=\"lazy\" decoding=\"async\" class=\"size-medium wp-image-7171 aligncenter\" src=\"http:\/\/ccoo.app\/diputacio-de-barcelona\/wp-content\/blogs.dir\/6\/files\/sites\/186\/2020\/11\/mgnmc-imatges-300x101.png\" alt=\"\" width=\"300\" height=\"101\" srcset=\"https:\/\/ccoo.app\/diputacio-de-barcelona\/wp-content\/blogs.dir\/6\/files\/sites\/186\/2020\/11\/mgnmc-imatges-300x101.png 300w, https:\/\/ccoo.app\/diputacio-de-barcelona\/wp-content\/blogs.dir\/6\/files\/sites\/186\/2020\/11\/mgnmc-imatges.png 324w\" sizes=\"auto, (max-width: 300px) 100vw, 300px\" \/><\/a><a href=\"https:\/\/www.ccoo.cat\/aspnet\/motius_afiliarte.aspx\"><img loading=\"lazy\" decoding=\"async\" class=\"size-medium wp-image-6841 aligncenter\" src=\"http:\/\/ccoo.app\/diputacio-de-barcelona\/wp-content\/blogs.dir\/6\/files\/sites\/186\/2020\/10\/afiliat-ccoo-300x199.png\" alt=\"\" width=\"300\" height=\"199\" srcset=\"https:\/\/ccoo.app\/diputacio-de-barcelona\/wp-content\/blogs.dir\/6\/files\/sites\/186\/2020\/10\/afiliat-ccoo-300x199.png 300w, https:\/\/ccoo.app\/diputacio-de-barcelona\/wp-content\/blogs.dir\/6\/files\/sites\/186\/2020\/10\/afiliat-ccoo.png 573w\" sizes=\"auto, (max-width: 300px) 100vw, 300px\" \/><\/a><\/p>\n<p><a href=\"https:\/\/www.ccoo.cat\/aspnet\/qui_som.aspx\"><img loading=\"lazy\" decoding=\"async\" class=\" wp-image-7174 aligncenter\" src=\"http:\/\/ccoo.app\/diputacio-de-barcelona\/wp-content\/blogs.dir\/6\/files\/sites\/186\/2020\/11\/ccoo-diversa-300x77.png\" alt=\"\" width=\"327\" height=\"84\" srcset=\"https:\/\/ccoo.app\/diputacio-de-barcelona\/wp-content\/blogs.dir\/6\/files\/sites\/186\/2020\/11\/ccoo-diversa-300x77.png 300w, https:\/\/ccoo.app\/diputacio-de-barcelona\/wp-content\/blogs.dir\/6\/files\/sites\/186\/2020\/11\/ccoo-diversa.png 422w\" sizes=\"auto, (max-width: 327px) 100vw, 327px\" \/><\/a><\/p>\n\n\n<p><\/p>\n","protected":false},"excerpt":{"rendered":"<p>-26 de novembre de 2021- INDEMNITZACI\u00d3 TIC A la darrera Mesa General de Negociaci\u00f3 hem tornat a insistir sobre la necessitat de fer efectiu el pagament per indemnitzaci\u00f3 de les &#8230; <\/p>\n<p class=\"read-more-container\"><a title=\"CCOO INFO: CALENDARI 2022-PAMO-INDEMNITZACI\u00d3 TIC -26 novembre 2021-\" class=\"read-more button\" href=\"https:\/\/ccoo.app\/diputacio-de-barcelona\/calendari-2022-pamo-indemnitzacio-tic\/#more-49888\" aria-label=\"Leer m\u00e1s sobre CCOO INFO: CALENDARI 2022-PAMO-INDEMNITZACI\u00d3 TIC -26 novembre 2021-\">Continuar llegint<\/a><\/p>\n","protected":false},"author":4519,"featured_media":6049,"comment_status":"open","ping_status":"open","sticky":false,"template":"","format":"standard","meta":{"footnotes":""},"categories":[38,15,19,24,26,29,31,34,37],"tags":[67,70,123,148,169,196,224,235],"class_list":["post-49888","post","type-post","status-publish","format-standard","has-post-thumbnail","hentry","category-a-tot-el-personal","category-calendari","category-comunicats","category-interins","category-mgn","category-orgt-2","category-personal-interi-comunicats","category-respir","category-xbm","tag-borses","tag-calendari","tag-indemnitzacio-tic","tag-mesa-general-negociacio","tag-pamo","tag-promocio-interna","tag-tic","tag-valoracio-llocs-treball","generate-columns","tablet-grid-50","mobile-grid-100","grid-parent","grid-50"],"_links":{"self":[{"href":"https:\/\/ccoo.app\/diputacio-de-barcelona\/wp-json\/wp\/v2\/posts\/49888","targetHints":{"allow":["GET"]}}],"collection":[{"href":"https:\/\/ccoo.app\/diputacio-de-barcelona\/wp-json\/wp\/v2\/posts"}],"about":[{"href":"https:\/\/ccoo.app\/diputacio-de-barcelona\/wp-json\/wp\/v2\/types\/post"}],"author":[{"embeddable":true,"href":"https:\/\/ccoo.app\/diputacio-de-barcelona\/wp-json\/wp\/v2\/users\/4519"}],"replies":[{"embeddable":true,"href":"https:\/\/ccoo.app\/diputacio-de-barcelona\/wp-json\/wp\/v2\/comments?post=49888"}],"version-history":[{"count":2,"href":"https:\/\/ccoo.app\/diputacio-de-barcelona\/wp-json\/wp\/v2\/posts\/49888\/revisions"}],"predecessor-version":[{"id":51564,"href":"https:\/\/ccoo.app\/diputacio-de-barcelona\/wp-json\/wp\/v2\/posts\/49888\/revisions\/51564"}],"wp:featuredmedia":[{"embeddable":true,"href":"https:\/\/ccoo.app\/diputacio-de-barcelona\/wp-json\/wp\/v2\/media\/6049"}],"wp:attachment":[{"href":"https:\/\/ccoo.app\/diputacio-de-barcelona\/wp-json\/wp\/v2\/media?parent=49888"}],"wp:term":[{"taxonomy":"category","embeddable":true,"href":"https:\/\/ccoo.app\/diputacio-de-barcelona\/wp-json\/wp\/v2\/categories?post=49888"},{"taxonomy":"post_tag","embeddable":true,"href":"https:\/\/ccoo.app\/diputacio-de-barcelona\/wp-json\/wp\/v2\/tags?post=49888"}],"curies":[{"name":"wp","href":"https:\/\/api.w.org\/{rel}","templated":true}]}}