{"id":49819,"date":"2021-06-03T19:22:08","date_gmt":"2021-06-03T18:22:08","guid":{"rendered":"https:\/\/diba.ccoo.cat\/?p=49819"},"modified":"2023-10-17T16:29:59","modified_gmt":"2023-10-17T14:29:59","slug":"que_passa_amb-la-despesa_telletreball","status":"publish","type":"post","link":"https:\/\/ccoo.app\/diputacio-de-barcelona\/que_passa_amb-la-despesa_telletreball\/","title":{"rendered":"QU\u00c8 PASSA AMB LA INDEMNITZACI\u00d3 PER DESPESES DE TREBALL EN REMOT ?"},"content":{"rendered":"<p><a href=\"https:\/\/diba.ccoo.cat\/\"><img loading=\"lazy\" decoding=\"async\" class=\"wp-image-5909 aligncenter\" src=\"http:\/\/ccoo.app\/diputacio-de-barcelona\/wp-content\/blogs.dir\/6\/files\/sites\/186\/2020\/05\/nota-1-300x86.png\" alt=\"\" width=\"92\" height=\"27\" srcset=\"https:\/\/ccoo.app\/diputacio-de-barcelona\/wp-content\/blogs.dir\/6\/files\/sites\/186\/2020\/05\/nota-1-300x86.png 300w, https:\/\/ccoo.app\/diputacio-de-barcelona\/wp-content\/blogs.dir\/6\/files\/sites\/186\/2020\/05\/nota-1.png 339w\" sizes=\"auto, (max-width: 92px) 100vw, 92px\" \/><\/a><\/p>\n<p class=\"wp-caption-text\"><a href=\"https:\/\/diba.ccoo.cat\/\"><img loading=\"lazy\" decoding=\"async\" class=\"wp-image-1853 aligncenter\" src=\"http:\/\/ccoo.app\/diputacio-de-barcelona\/wp-content\/blogs.dir\/6\/files\/sites\/186\/2018\/01\/logoccoov18.jpg\" alt=\"\" width=\"240\" height=\"110\" \/><\/a><\/p>\n<p><a href=\"http:\/\/ccoo.app\/diputacio-de-barcelona\/wp-content\/blogs.dir\/6\/files\/sites\/186\/2020\/12\/comunicat-3_12_2020-1.pdf\"><img loading=\"lazy\" decoding=\"async\" class=\"wp-image-5910 aligncenter\" src=\"http:\/\/ccoo.app\/diputacio-de-barcelona\/wp-content\/blogs.dir\/6\/files\/sites\/186\/2020\/05\/nota-3-300x83.png\" alt=\"\" width=\"90\" height=\"25\" srcset=\"https:\/\/ccoo.app\/diputacio-de-barcelona\/wp-content\/blogs.dir\/6\/files\/sites\/186\/2020\/05\/nota-3-300x83.png 300w, https:\/\/ccoo.app\/diputacio-de-barcelona\/wp-content\/blogs.dir\/6\/files\/sites\/186\/2020\/05\/nota-3.png 337w\" sizes=\"auto, (max-width: 90px) 100vw, 90px\" \/><\/a><\/p>\n<p style=\"text-align: center\"><span style=\"font-family: 'arial black', sans-serif;color: #0000ff;font-size: 24px\">QU\u00c8 PASSA AMB LA <strong>INDEMNITZACI\u00d3 PER DESPESES DE TREBALL EN REMOT<\/strong><\/span><\/p>\n<p style=\"text-align: center\"><strong><span style=\"color: #000000\">CCOO-DIBA NO ENS QUEDAREM DE BRA\u00c7OS CREUATS<\/span><\/strong><\/p>\n<p style=\"text-align: center\"><span style=\"font-family: arial, helvetica, sans-serif;font-size: 14px;color: #000000\">-3 de juny de 2021-<\/span><\/p>\n<p>Com ja us vam informar, vam demanar els informes justificatius a la DIBA sobre el perqu\u00e8 no s\u2019estava fent efectiva la indemnitzaci\u00f3 per despeses de treball en remot subscrit en seu de Mesa General de Negociaci\u00f3 de mat\u00e8ries comunes el passat 1 de desembre de 2020.<\/p>\n<p>Aquests informes, aix\u00ed com la no efectiva indemnitzaci\u00f3, els <strong><u>hem posat en coneixement del nostre Gabinet Jur\u00eddic per a que estudi\u00ef les accions oportunes. <\/u><\/strong><\/p>\n<p><strong><u>Tenim un acord signat i els acords s\u2019han de complir!<\/u><\/strong><\/p>\n<h3 style=\"text-align: center\"><img loading=\"lazy\" decoding=\"async\" class=\"alignnone  wp-image-7178\" src=\"http:\/\/ccoo.app\/diputacio-de-barcelona\/wp-content\/blogs.dir\/6\/files\/sites\/186\/2020\/11\/aixi-no-300x286.png\" alt=\"\" width=\"214\" height=\"204\" srcset=\"https:\/\/ccoo.app\/diputacio-de-barcelona\/wp-content\/blogs.dir\/6\/files\/sites\/186\/2020\/11\/aixi-no-300x286.png 300w, https:\/\/ccoo.app\/diputacio-de-barcelona\/wp-content\/blogs.dir\/6\/files\/sites\/186\/2020\/11\/aixi-no-1024x975.png 1024w, https:\/\/ccoo.app\/diputacio-de-barcelona\/wp-content\/blogs.dir\/6\/files\/sites\/186\/2020\/11\/aixi-no-768x731.png 768w, https:\/\/ccoo.app\/diputacio-de-barcelona\/wp-content\/blogs.dir\/6\/files\/sites\/186\/2020\/11\/aixi-no.png 1108w\" sizes=\"auto, (max-width: 214px) 100vw, 214px\" \/><\/h3>\n<p><span style=\"color: #000000\">Us recordem que l\u2019acord SIGNAT contempla la percepci\u00f3 d\u2019una indemnitzaci\u00f3, d\u2019un import de 41,40\u20ac mensuals, per a compensar les despeses ocasionades al personal que hagi prestat servei efectiu en la modalitat de treball a dist\u00e0ncia.<\/span><\/p>\n<p>\u00a0<\/p>\n<p style=\"text-align: center\"><img loading=\"lazy\" decoding=\"async\" class=\"wp-image-5184 aligncenter\" src=\"http:\/\/ccoo.app\/diputacio-de-barcelona\/wp-content\/blogs.dir\/6\/files\/sites\/186\/2020\/03\/i-de-info-300x300.jpg\" alt=\"\" width=\"72\" height=\"72\" srcset=\"https:\/\/ccoo.app\/diputacio-de-barcelona\/wp-content\/blogs.dir\/6\/files\/sites\/186\/2020\/03\/i-de-info-300x300.jpg 300w, https:\/\/ccoo.app\/diputacio-de-barcelona\/wp-content\/blogs.dir\/6\/files\/sites\/186\/2020\/03\/i-de-info-150x150.jpg 150w, https:\/\/ccoo.app\/diputacio-de-barcelona\/wp-content\/blogs.dir\/6\/files\/sites\/186\/2020\/03\/i-de-info.jpg 626w\" sizes=\"auto, (max-width: 72px) 100vw, 72px\" \/><span style=\"font-family: 'arial black', sans-serif;font-size: 20px;color: #ffff00;background-color: #ff0000\">TOTA LA INFORMACI\u00d3 SINDICAL QUE NECESSITES<\/span><\/p>\n<p><img loading=\"lazy\" decoding=\"async\" class=\"wp-image-5913 aligncenter\" src=\"http:\/\/ccoo.app\/diputacio-de-barcelona\/wp-content\/blogs.dir\/6\/files\/sites\/186\/2020\/05\/telefono-300x300.jpg\" alt=\"\" width=\"59\" height=\"59\" srcset=\"https:\/\/ccoo.app\/diputacio-de-barcelona\/wp-content\/blogs.dir\/6\/files\/sites\/186\/2020\/05\/telefono-300x300.jpg 300w, https:\/\/ccoo.app\/diputacio-de-barcelona\/wp-content\/blogs.dir\/6\/files\/sites\/186\/2020\/05\/telefono-150x150.jpg 150w, https:\/\/ccoo.app\/diputacio-de-barcelona\/wp-content\/blogs.dir\/6\/files\/sites\/186\/2020\/05\/telefono.jpg 600w\" sizes=\"auto, (max-width: 59px) 100vw, 59px\" \/><\/p>\n<p style=\"text-align: center\"><span style=\"font-family: 'arial black', sans-serif;color: #000000\">DE DILLUNS A DIVENDRES<\/span><\/p>\n<p style=\"text-align: center\"><span style=\"font-family: 'arial black', sans-serif;color: #000000;background-color: #ffff00\">DE 10:00 A 14:30 i DE 17:00 A 19:00\u00a0<\/span><\/p>\n<p style=\"text-align: center\"><span style=\"font-family: 'arial black', sans-serif;color: #ff0000\">93.402.29.85 \u2013 22985 \u2013 667 90 69 64<\/span><\/p>\n<p><img loading=\"lazy\" decoding=\"async\" class=\"wp-image-5553 aligncenter\" src=\"http:\/\/ccoo.app\/diputacio-de-barcelona\/wp-content\/blogs.dir\/6\/files\/sites\/186\/2020\/04\/mail-foto-300x200.jpg\" alt=\"\" width=\"59\" height=\"39\" srcset=\"https:\/\/ccoo.app\/diputacio-de-barcelona\/wp-content\/blogs.dir\/6\/files\/sites\/186\/2020\/04\/mail-foto-300x200.jpg 300w, https:\/\/ccoo.app\/diputacio-de-barcelona\/wp-content\/blogs.dir\/6\/files\/sites\/186\/2020\/04\/mail-foto-1024x683.jpg 1024w, https:\/\/ccoo.app\/diputacio-de-barcelona\/wp-content\/blogs.dir\/6\/files\/sites\/186\/2020\/04\/mail-foto-768x512.jpg 768w, https:\/\/ccoo.app\/diputacio-de-barcelona\/wp-content\/blogs.dir\/6\/files\/sites\/186\/2020\/04\/mail-foto.jpg 1200w\" sizes=\"auto, (max-width: 59px) 100vw, 59px\" \/><\/p>\n<p style=\"text-align: center\"><span style=\"font-family: arial, helvetica, sans-serif;color: #000000\">La\u00a0SECCI\u00d3 SINDICAL DE CCOO donem resposta a tots els teus dubtes o t&#8217;ajudem solucionar els problemes que puguis tenir.<strong> T&#8217;ajudem a defensar els teus drets!<\/strong><\/span><\/p>\n<p style=\"text-align: center\"><span style=\"font-family: 'arial black', sans-serif;color: #0000ff\"><a style=\"color: #0000ff\" href=\"mailto:ccoo@diba.cat\"><strong>ccoo@diba.cat<\/strong><\/a><\/span><\/p>\n<p style=\"text-align: center\"><span style=\"font-family: 'arial black', sans-serif;color: #0000ff\"><a style=\"color: #0000ff\" href=\"mailto:orgt.ssccoo@diba.cat\">orgt.ssccoo@diba.cat<\/a><\/span><\/p>\n<p><img loading=\"lazy\" decoding=\"async\" class=\"wp-image-5554 aligncenter\" src=\"http:\/\/ccoo.app\/diputacio-de-barcelona\/wp-content\/blogs.dir\/6\/files\/sites\/186\/2020\/04\/mail-foto-enviar-300x212.jpg\" alt=\"\" width=\"67\" height=\"47\" srcset=\"https:\/\/ccoo.app\/diputacio-de-barcelona\/wp-content\/blogs.dir\/6\/files\/sites\/186\/2020\/04\/mail-foto-enviar-300x212.jpg 300w, https:\/\/ccoo.app\/diputacio-de-barcelona\/wp-content\/blogs.dir\/6\/files\/sites\/186\/2020\/04\/mail-foto-enviar-1024x724.jpg 1024w, https:\/\/ccoo.app\/diputacio-de-barcelona\/wp-content\/blogs.dir\/6\/files\/sites\/186\/2020\/04\/mail-foto-enviar-768x543.jpg 768w, https:\/\/ccoo.app\/diputacio-de-barcelona\/wp-content\/blogs.dir\/6\/files\/sites\/186\/2020\/04\/mail-foto-enviar.jpg 1200w\" sizes=\"auto, (max-width: 67px) 100vw, 67px\" \/><\/p>\n<p style=\"text-align: center\"><span style=\"font-family: arial, helvetica, sans-serif;color: #000000\">Encara no t&#8217;has descarregat la nostra <a href=\"http:\/\/www.ccoo.cat\/carnet\/index.aspx?qr=1#descarrega\"><span style=\"font-family: 'arial black', sans-serif;color: #0000ff\">APP<\/span><\/a> CCOO-Diba d&#8217;informaci\u00f3 sindical?<\/span><\/p>\n<p style=\"text-align: center\"><span style=\"font-family: arial, helvetica, sans-serif;color: #000000\">Fes clic <a href=\"http:\/\/www.ccoo.cat\/carnet\/index.aspx?qr=1#descarrega\"><span style=\"font-family: 'arial black', sans-serif;color: #0000ff\">aqu\u00ed<\/span><\/a> per tenir la informaci\u00f3 abans que ning\u00fa!<\/span><\/p>\n<p><img loading=\"lazy\" decoding=\"async\" class=\"wp-image-5915 aligncenter\" src=\"http:\/\/ccoo.app\/diputacio-de-barcelona\/wp-content\/blogs.dir\/6\/files\/sites\/186\/2020\/05\/xarxes-socials-300x169.png\" alt=\"\" width=\"227\" height=\"128\" srcset=\"https:\/\/ccoo.app\/diputacio-de-barcelona\/wp-content\/blogs.dir\/6\/files\/sites\/186\/2020\/05\/xarxes-socials-300x169.png 300w, https:\/\/ccoo.app\/diputacio-de-barcelona\/wp-content\/blogs.dir\/6\/files\/sites\/186\/2020\/05\/xarxes-socials-1024x576.png 1024w, https:\/\/ccoo.app\/diputacio-de-barcelona\/wp-content\/blogs.dir\/6\/files\/sites\/186\/2020\/05\/xarxes-socials-768x432.png 768w, https:\/\/ccoo.app\/diputacio-de-barcelona\/wp-content\/blogs.dir\/6\/files\/sites\/186\/2020\/05\/xarxes-socials.png 1200w\" sizes=\"auto, (max-width: 227px) 100vw, 227px\" \/><\/p>\n<p style=\"text-align: center\"><span style=\"font-family: arial, helvetica, sans-serif;color: #000000\">Tamb\u00e9 trobar\u00e0s CCOO-Diba a les xarxes socials. Clica sobre la icona de la teva xarxa favorita:<\/span><\/p>\n<p><a href=\"https:\/\/twitter.com\/CCOODiba\"><img loading=\"lazy\" decoding=\"async\" class=\" wp-image-5728 aligncenter\" src=\"http:\/\/ccoo.app\/diputacio-de-barcelona\/wp-content\/blogs.dir\/6\/files\/sites\/186\/2020\/04\/twitter-300x300.png\" alt=\"\" width=\"89\" height=\"89\" srcset=\"https:\/\/ccoo.app\/diputacio-de-barcelona\/wp-content\/blogs.dir\/6\/files\/sites\/186\/2020\/04\/twitter-300x300.png 300w, https:\/\/ccoo.app\/diputacio-de-barcelona\/wp-content\/blogs.dir\/6\/files\/sites\/186\/2020\/04\/twitter-150x150.png 150w, https:\/\/ccoo.app\/diputacio-de-barcelona\/wp-content\/blogs.dir\/6\/files\/sites\/186\/2020\/04\/twitter.png 512w\" sizes=\"auto, (max-width: 89px) 100vw, 89px\" \/><\/a><\/p>\n<p><a href=\"https:\/\/www.instagram.com\/ccoo_diba\/?hl=es\"><img loading=\"lazy\" decoding=\"async\" class=\"wp-image-5730 aligncenter\" src=\"http:\/\/ccoo.app\/diputacio-de-barcelona\/wp-content\/blogs.dir\/6\/files\/sites\/186\/2020\/04\/instragram-300x300.png\" alt=\"\" width=\"91\" height=\"91\" srcset=\"https:\/\/ccoo.app\/diputacio-de-barcelona\/wp-content\/blogs.dir\/6\/files\/sites\/186\/2020\/04\/instragram-300x300.png 300w, https:\/\/ccoo.app\/diputacio-de-barcelona\/wp-content\/blogs.dir\/6\/files\/sites\/186\/2020\/04\/instragram-150x150.png 150w, https:\/\/ccoo.app\/diputacio-de-barcelona\/wp-content\/blogs.dir\/6\/files\/sites\/186\/2020\/04\/instragram.png 512w\" sizes=\"auto, (max-width: 91px) 100vw, 91px\" \/><\/a><\/p>\n<p><a href=\"https:\/\/www.facebook.com\/CcooDiputacioDeBarcelona\/\"><img loading=\"lazy\" decoding=\"async\" class=\"wp-image-5729 aligncenter\" src=\"http:\/\/ccoo.app\/diputacio-de-barcelona\/wp-content\/blogs.dir\/6\/files\/sites\/186\/2020\/04\/facebook-300x300.png\" alt=\"\" width=\"90\" height=\"90\" srcset=\"https:\/\/ccoo.app\/diputacio-de-barcelona\/wp-content\/blogs.dir\/6\/files\/sites\/186\/2020\/04\/facebook-300x300.png 300w, https:\/\/ccoo.app\/diputacio-de-barcelona\/wp-content\/blogs.dir\/6\/files\/sites\/186\/2020\/04\/facebook-150x150.png 150w, https:\/\/ccoo.app\/diputacio-de-barcelona\/wp-content\/blogs.dir\/6\/files\/sites\/186\/2020\/04\/facebook.png 325w\" sizes=\"auto, (max-width: 90px) 100vw, 90px\" \/><\/a><a href=\"https:\/\/www.youtube.com\/channel\/UCFzenkS75udEcs4pB4qoZsg\"><img loading=\"lazy\" decoding=\"async\" class=\" wp-image-5916 aligncenter\" src=\"http:\/\/ccoo.app\/diputacio-de-barcelona\/wp-content\/blogs.dir\/6\/files\/sites\/186\/2020\/05\/youtube-300x115.jpg\" alt=\"\" width=\"122\" height=\"47\" srcset=\"https:\/\/ccoo.app\/diputacio-de-barcelona\/wp-content\/blogs.dir\/6\/files\/sites\/186\/2020\/05\/youtube-300x115.jpg 300w, https:\/\/ccoo.app\/diputacio-de-barcelona\/wp-content\/blogs.dir\/6\/files\/sites\/186\/2020\/05\/youtube-1024x391.jpg 1024w, https:\/\/ccoo.app\/diputacio-de-barcelona\/wp-content\/blogs.dir\/6\/files\/sites\/186\/2020\/05\/youtube-768x293.jpg 768w, https:\/\/ccoo.app\/diputacio-de-barcelona\/wp-content\/blogs.dir\/6\/files\/sites\/186\/2020\/05\/youtube.jpg 1200w\" sizes=\"auto, (max-width: 122px) 100vw, 122px\" \/><\/a><a href=\"https:\/\/diba.ccoo.cat\/mesa-general-de-negociacio-de-materies-comunes-de-la-diba\/\"><img loading=\"lazy\" decoding=\"async\" class=\"size-medium wp-image-7171 aligncenter\" src=\"http:\/\/ccoo.app\/diputacio-de-barcelona\/wp-content\/blogs.dir\/6\/files\/sites\/186\/2020\/11\/mgnmc-imatges-300x101.png\" alt=\"\" width=\"300\" height=\"101\" srcset=\"https:\/\/ccoo.app\/diputacio-de-barcelona\/wp-content\/blogs.dir\/6\/files\/sites\/186\/2020\/11\/mgnmc-imatges-300x101.png 300w, https:\/\/ccoo.app\/diputacio-de-barcelona\/wp-content\/blogs.dir\/6\/files\/sites\/186\/2020\/11\/mgnmc-imatges.png 324w\" sizes=\"auto, (max-width: 300px) 100vw, 300px\" \/><\/a><\/p>\n<p><iframe loading=\"lazy\" title=\"Hauran de comptar amb nosaltres. Salut, treball i just\u00edcia social || 1r de maig del 2020.\" width=\"1200\" height=\"675\" src=\"https:\/\/www.youtube.com\/embed\/uS104R3aSJs?feature=oembed\" frameborder=\"0\" allow=\"accelerometer; autoplay; clipboard-write; encrypted-media; gyroscope; picture-in-picture\" allowfullscreen><\/iframe><\/p>\n<p><a href=\"https:\/\/diba.ccoo.cat\/plantilla-1-6-2\/\"><img loading=\"lazy\" decoding=\"async\" class=\"size-medium wp-image-6853 aligncenter\" src=\"http:\/\/ccoo.app\/diputacio-de-barcelona\/wp-content\/blogs.dir\/6\/files\/sites\/186\/2020\/10\/ccoo-primer-sindicat-cliqueu-300x110.png\" alt=\"\" width=\"300\" height=\"110\" srcset=\"https:\/\/ccoo.app\/diputacio-de-barcelona\/wp-content\/blogs.dir\/6\/files\/sites\/186\/2020\/10\/ccoo-primer-sindicat-cliqueu-300x110.png 300w, https:\/\/ccoo.app\/diputacio-de-barcelona\/wp-content\/blogs.dir\/6\/files\/sites\/186\/2020\/10\/ccoo-primer-sindicat-cliqueu.png 448w\" sizes=\"auto, (max-width: 300px) 100vw, 300px\" \/><\/a><\/p>\n<p><a href=\"https:\/\/www.ccoo.cat\/aspnet\/motius_afiliarte.aspx\"><img loading=\"lazy\" decoding=\"async\" class=\"size-medium wp-image-6841 aligncenter\" src=\"http:\/\/ccoo.app\/diputacio-de-barcelona\/wp-content\/blogs.dir\/6\/files\/sites\/186\/2020\/10\/afiliat-ccoo-300x199.png\" alt=\"\" width=\"300\" height=\"199\" srcset=\"https:\/\/ccoo.app\/diputacio-de-barcelona\/wp-content\/blogs.dir\/6\/files\/sites\/186\/2020\/10\/afiliat-ccoo-300x199.png 300w, https:\/\/ccoo.app\/diputacio-de-barcelona\/wp-content\/blogs.dir\/6\/files\/sites\/186\/2020\/10\/afiliat-ccoo.png 573w\" sizes=\"auto, (max-width: 300px) 100vw, 300px\" \/><\/a><\/p>\n<p><a href=\"https:\/\/www.ccoo.cat\/aspnet\/qui_som.aspx\"><img loading=\"lazy\" decoding=\"async\" class=\" wp-image-7174 aligncenter\" src=\"http:\/\/ccoo.app\/diputacio-de-barcelona\/wp-content\/blogs.dir\/6\/files\/sites\/186\/2020\/11\/ccoo-diversa-300x77.png\" alt=\"\" width=\"327\" height=\"84\" srcset=\"https:\/\/ccoo.app\/diputacio-de-barcelona\/wp-content\/blogs.dir\/6\/files\/sites\/186\/2020\/11\/ccoo-diversa-300x77.png 300w, https:\/\/ccoo.app\/diputacio-de-barcelona\/wp-content\/blogs.dir\/6\/files\/sites\/186\/2020\/11\/ccoo-diversa.png 422w\" sizes=\"auto, (max-width: 327px) 100vw, 327px\" \/><\/a><\/p>\n\n\n<p><\/p>\n    \t","protected":false},"excerpt":{"rendered":"<p>QU\u00c8 PASSA AMB LA INDEMNITZACI\u00d3 PER DESPESES DE TREBALL EN REMOT CCOO-DIBA NO ENS QUEDAREM DE BRA\u00c7OS CREUATS -3 de juny de 2021- Com ja us vam informar, vam demanar &#8230; <\/p>\n<p class=\"read-more-container\"><a title=\"QU\u00c8 PASSA AMB LA INDEMNITZACI\u00d3 PER DESPESES DE TREBALL EN REMOT ?\" class=\"read-more button\" href=\"https:\/\/ccoo.app\/diputacio-de-barcelona\/que_passa_amb-la-despesa_telletreball\/#more-49819\" aria-label=\"Leer m\u00e1s sobre QU\u00c8 PASSA AMB LA INDEMNITZACI\u00d3 PER DESPESES DE TREBALL EN REMOT ?\">Continuar llegint<\/a><\/p>\n","protected":false},"author":4519,"featured_media":7178,"comment_status":"open","ping_status":"open","sticky":false,"template":"","format":"standard","meta":{"footnotes":""},"categories":[38,19],"tags":[53,55,221],"class_list":["post-49819","post","type-post","status-publish","format-standard","has-post-thumbnail","hentry","category-a-tot-el-personal","category-comunicats","tag-accio-sindical","tag-acords","tag-teletreball","generate-columns","tablet-grid-50","mobile-grid-100","grid-parent","grid-50"],"_links":{"self":[{"href":"https:\/\/ccoo.app\/diputacio-de-barcelona\/wp-json\/wp\/v2\/posts\/49819","targetHints":{"allow":["GET"]}}],"collection":[{"href":"https:\/\/ccoo.app\/diputacio-de-barcelona\/wp-json\/wp\/v2\/posts"}],"about":[{"href":"https:\/\/ccoo.app\/diputacio-de-barcelona\/wp-json\/wp\/v2\/types\/post"}],"author":[{"embeddable":true,"href":"https:\/\/ccoo.app\/diputacio-de-barcelona\/wp-json\/wp\/v2\/users\/4519"}],"replies":[{"embeddable":true,"href":"https:\/\/ccoo.app\/diputacio-de-barcelona\/wp-json\/wp\/v2\/comments?post=49819"}],"version-history":[{"count":1,"href":"https:\/\/ccoo.app\/diputacio-de-barcelona\/wp-json\/wp\/v2\/posts\/49819\/revisions"}],"predecessor-version":[{"id":50756,"href":"https:\/\/ccoo.app\/diputacio-de-barcelona\/wp-json\/wp\/v2\/posts\/49819\/revisions\/50756"}],"wp:featuredmedia":[{"embeddable":true,"href":"https:\/\/ccoo.app\/diputacio-de-barcelona\/wp-json\/wp\/v2\/media\/7178"}],"wp:attachment":[{"href":"https:\/\/ccoo.app\/diputacio-de-barcelona\/wp-json\/wp\/v2\/media?parent=49819"}],"wp:term":[{"taxonomy":"category","embeddable":true,"href":"https:\/\/ccoo.app\/diputacio-de-barcelona\/wp-json\/wp\/v2\/categories?post=49819"},{"taxonomy":"post_tag","embeddable":true,"href":"https:\/\/ccoo.app\/diputacio-de-barcelona\/wp-json\/wp\/v2\/tags?post=49819"}],"curies":[{"name":"wp","href":"https:\/\/api.w.org\/{rel}","templated":true}]}}