{"id":498,"date":"2016-09-14T12:13:39","date_gmt":"2016-09-14T11:13:39","guid":{"rendered":"https:\/\/diba.ccoo.cat\/?p=498"},"modified":"2016-09-14T12:13:39","modified_gmt":"2016-09-14T11:13:39","slug":"dies-de-permis-2016","status":"publish","type":"post","link":"https:\/\/ccoo.app\/diputacio-de-barcelona\/dies-de-permis-2016\/","title":{"rendered":"DIES DE PERM\u00cdS 2016"},"content":{"rendered":"<p>&nbsp;<\/p>\n<p><img loading=\"lazy\" decoding=\"async\" class=\"wp-image-189\" title=\"Secci\u00f3 Sindical de la Diutaci\u00f3 de Barcelona de la Federaci\u00f3 Sindical de Catalunya\" src=\"http:\/\/ccoo.app\/diputacio-de-barcelona\/wp-content\/blogs.dir\/6\/files\/sites\/186\/2015\/12\/ccoo-fsc-cat.png\" alt=\"Secci\u00f3 Sindical de la Diputaci\u00f3 de Barcelona de la Federaci\u00f3 Sindical de Catalunya\" width=\"469\" height=\"90\" \/><\/p>\n<p class=\"wp-caption-text\">Secci\u00f3 Sindical de la Diputaci\u00f3 de Barcelona<\/p>\n<h3 style=\"text-align: center\"><\/h3>\n<h3 class=\"widget-title\">DIES DE PERM\u00cdS 2016<\/h3>\n<h3 style=\"text-align: center\"><strong><span style=\"color: #ff0000\">DIES DE PERM\u00cdS 2016<\/span><\/strong><\/h3>\n<p style=\"text-align: justify\"><span style=\"color: #ff0000\"><strong>Assumptes personals: 6 dies<\/strong><\/span><\/p>\n<p style=\"text-align: justify\">Aquests dies es poden gaudir tant en<strong> jornades senceres<\/strong> com en <strong>mitges jornades<\/strong>.<br \/>\n\u2022 Amb car\u00e0cter general, el personal de serveis sanitaris, el personal assistencial i el personal en r\u00e8gim de treball per torns ha de demanar els dies d\u2019assumptes personals amb una antelaci\u00f3 m\u00ednima de <strong>15 dies<\/strong>.<br \/>\n\u2022La resta de personal els ha de demanar amb una antelaci\u00f3 m\u00ednima de <strong>5 dies<\/strong>.<br \/>\n\u2022Excepcionalment, en el cas d\u2019urg\u00e8ncies degudament acreditades es podran demanar amb <strong>24 hores<\/strong> d\u2019antelaci\u00f3.<\/p>\n<p style=\"text-align: justify\"><span style=\"color: #ff0000\"><strong>Assumptes particulars per antiguitat<\/strong><\/span><\/p>\n<p style=\"text-align: justify\"><strong>Anys antiguitat\u00a0\u00a0\u00a0 Dies a gaudir<\/strong><\/p>\n<p style=\"text-align: justify\">\u00a0 Des dels 18 als 23\u00a0\u00a0&#8211;\u00a0 2\u00a0 dies<br \/>\nA partir de 24\u00a0 &#8211;\u00a0\u00a03\u00a0 dies<br \/>\nA partir de 27\u00a0 &#8211;\u00a0\u00a04\u00a0 dies<br \/>\nA partir de 30\u00a0 &#8211; \u00a05\u00a0 dies<br \/>\nA partir de 33\u00a0 &#8211; \u00a06\u00a0 dies<br \/>\nA partir de 36\u00a0 &#8211; \u00a07\u00a0 dies<br \/>\nA partir de 39\u00a0 &#8211; \u00a08\u00a0 dies<br \/>\nA partir de 42\u00a0 &#8211; \u00a09\u00a0 dies<br \/>\nA partir de 45\u00a0 &#8211;\u00a010\u00a0 dies<\/p>\n<p style=\"text-align: justify\">Els empleats tenen dret a gaudir de dies d&#8217;assumpte particulars per antiguitat, en funci\u00f3 dels triennis reconeguts.<br \/>\nEl nombre de dies assignats en relaci\u00f3 amb els anys de serveis prestats a l&#8217;administraci\u00f3 p\u00fablica s\u00f3n:<br \/>\n\u2022Amb car\u00e0cter general, el personal de serveis sanitaris, el personal assistencial i el personal en r\u00e8gim de treball per torns ha de demanar els dies d\u2019assumptes particulars amb una antelaci\u00f3 m\u00ednima de<strong> 15 dies<\/strong>.<br \/>\n\u2022Excepcionalment, en el cas d\u2019urg\u00e8ncies degudament acreditades es podran demanar amb <strong>24 hores<\/strong> d\u2019<br \/>\nantelaci\u00f3. La resta de personal els ha de demanar amb una antelaci\u00f3 m\u00ednima de <strong>5 dies<\/strong>. Aquests dies es poden gaudir tant en jornades senceres com en mitges jornades.<br \/>\n\u2022(*) Excepcionalment, el termini per a sol\u00b7licitar els dies generats del 2015 ser\u00e0 fins al 31 de mar\u00e7 de 2016.<\/p>\n<p style=\"text-align: justify\">\u00a0<strong><span style=\"color: #ff0000\">Dies de dispensa per compensaci\u00f3 de festius: 1 dia<\/span><\/strong><\/p>\n<p style=\"text-align: justify\">El calendari laboral per a l\u2019any 2016 estableix 1 dia de dispensa en compensaci\u00f3 pel dia 24 de setembre de 2016, que coincideix en dissabte.<\/p>\n<p style=\"text-align: justify\"><span style=\"color: #ff0000\"><strong>Dies de vacances addicionals per antiguitat<\/strong> <\/span><\/p>\n<p style=\"text-align: justify\">El personal tindr\u00e0 dret a gaudir dies de vacances addicionals per antiguitat derivada dels serveis prestats<br \/>\nen qualsevol administraci\u00f3 p\u00fablica d\u2019acord amb la seg\u00fcent escala:<\/p>\n<p style=\"text-align: justify\">Per\u00edode del 01\/01\/2016 al 31\/12\/2016<br \/>\n<strong>Anys antiguitat \u00a0\u00a0 Dies a gaudir<\/strong><br \/>\nDes dels 5\u00a0 &#8211; 1 dia<br \/>\nA partir de 10\u00a0 &#8211; \u00a02 dies<br \/>\nA partir de 15\u00a0 &#8211; \u00a03 dies<br \/>\nA partir de 20\u00a0 &#8211;\u00a0 4 dies<br \/>\n\u2022Els dies es podran gaudir de manera individualitzada, \u00fanicament en jornades senceres i han de ser sol\u00b7licitats amb la suficient antelaci\u00f3.<\/p>\n<p style=\"text-align: justify\"><span style=\"color: #ff0000\"><strong>Perm\u00eds per tardes de festius no recuperables: 2 dies<\/strong><\/span><\/p>\n<p style=\"text-align: justify\">Amb car\u00e0cter general, el personal de serveis sanitaris, el personal assistencial i el personal en r\u00e8gim de treball per torns ha de demanar els dies de perm\u00eds per tardes de festiu no recuperable amb una antelaci\u00f3 m\u00ednima de <strong>15 dies<\/strong>.<br \/>\n\u2022La resta de personal els ha de demanar amb una antelaci\u00f3 m\u00ednima de <strong>5 dies<\/strong>.<br \/>\n\u2022Excepcionalment, en el cas d\u2019urg\u00e8ncies degudament acreditades es podran demanar amb <strong>48 hores<\/strong> d\u2019antelaci\u00f3.<br \/>\n<strong>2 dies<\/strong> de perm\u00eds per tardes de festiu no recuperables, que \u00e9s l\u2019equivalent a <strong>15 hores<\/strong> anuals.<\/p>\n<p style=\"text-align: justify\">Petici\u00f3 dels dies de perm\u00eds per tardes de festiu no recuperables:<\/p>\n<p style=\"text-align: justify\">Del 01\/01\/2016 al 15\/01\/2017<br \/>\nAquest perm\u00eds es pot sol\u00b7licitar per <strong>jornades senceres<\/strong> o per fraccions m\u00ednimes de <strong>dues hores<\/strong>*.<br \/>\nLa utilitzaci\u00f3 d\u2019aquestes hores de forma fraccionada, no pot comportar la no assist\u00e8ncia al lloc de treball durant tot el dia. Per tant, en aquest cas, l\u2019empleat haur\u00e0 d\u2019estar present en el seu lloc de treball un m\u00ednim de <strong>2 hores 30 minuts<\/strong>*.<br \/>\nTenen dret als dies de perm\u00eds per tardes de festius no recuperables els funcionaris i personal laboral indefinit i el personal amb relacions de treball de caire temporal de durada acumulada igual o superior a 9 mesos durant l\u2019any anterior.<br \/>\n* La pres\u00e8ncia m\u00ednima exigida als empleats amb reducci\u00f3 de jornada per motius de conciliaci\u00f3, ser\u00e0 de 2 hores per a reduccions d\u2019un ter\u00e7 de la jornada i d\u20191 hora i mitja per a reduccions de mitja jornada.<br \/>\nEl temps m\u00ednim de gaudiment del perm\u00eds diari ser\u00e0 d\u2019una hora.<br \/>\nEl personal docent, d\u2019acord amb els criteris que regulen el calendari escolar est\u00e0 excl\u00f2s d\u2019aquests permisos.<\/p>\n<p style=\"text-align: justify\"><span style=\"color: #ff0000\"><strong>Perm\u00eds per motius de conciliaci\u00f3 de la vida laboral i familiar: 4 dies<\/strong><\/span><\/p>\n<p style=\"text-align: justify\"><strong>4 dies<\/strong> de perm\u00eds per motius de conciliaci\u00f3 de la vida laboral i familiar i equivalen a:<br \/>\n\u2022<strong>28 hores<\/strong> de perm\u00eds en jornades de <strong>37,5 hores<\/strong>\/setmanals,<br \/>\n\u2022<strong>30 hores<\/strong> de perm\u00eds en jornades de <strong>40 hores<\/strong>\/setmanals,<br \/>\n\u2022<strong>34 hores<\/strong> de perm\u00eds en jornades de <strong>42,5 hores<\/strong>\/setmanals.<br \/>\nEl perm\u00eds per motius de conciliaci\u00f3 de la vida laboral i familiar, s\u2019ha de demanar amb una antelaci\u00f3 m\u00ednima de <strong>48 hores<\/strong>, llevat que la necessitat Per\u00edode es generi per circumst\u00e0ncies sobrevingudes.<br \/>\nAquest perm\u00eds es pot sol\u00b7licitar per <strong>jornades senceres<\/strong> o per fraccions m\u00ednimes de <strong>dues hores<\/strong>*.<br \/>\nLa utilitzaci\u00f3 d\u2019aquestes hores de forma fraccionada, no pot comportar la no assist\u00e8ncia al lloc de treball durant tot el dia.<br \/>\nPer tant, en aquest cas, l\u2019empleat haur\u00e0 d\u2019estar present en el seu lloc de treball un m\u00ednim de <strong>2 hores 30 minuts<\/strong>*.<br \/>\nPer gaudir d\u2019aquest perm\u00eds, s\u2019haur\u00e0 d\u2019adjuntar la declaraci\u00f3 responsable degudament complimentada.<br \/>\n* La pres\u00e8ncia m\u00ednima exigida als empleats amb reducci\u00f3 de jornada per motius de conciliaci\u00f3, ser\u00e0 de 2 hores per a reduccions d\u2019un ter\u00e7 de la jornada i d\u20191 hora i mitja per a reduccions de mitja jornada. El temps m\u00ednim de gaudiment del perm\u00eds diari ser\u00e0 d\u2019una hora.<\/p>\n<p style=\"text-align: justify\"><span style=\"color: #ff0000\"><strong>Indisposici\u00f3: 2 dies<\/strong><\/span><\/p>\n<p style=\"text-align: justify\">No ser\u00e0 necessari aportar documentaci\u00f3 per justificar dos dies d&#8217;indisposici\u00f3 a l&#8217;any.<br \/>\nEn tots els casos la impossibilitat d&#8217;assist\u00e8ncia haur\u00e0 d&#8217;estar motivada amb previ av\u00eds al responsable immediat o al referent de recursos humans.<\/p>\n<p><img loading=\"lazy\" decoding=\"async\" class=\"alignleft wp-image-226\" src=\"http:\/\/ccoo.app\/diputacio-de-barcelona\/wp-content\/blogs.dir\/6\/files\/sites\/186\/2016\/04\/estem-decidits-acontinuar-lluitant.png\" alt=\"Estem decidits a continuar lluitant !\" width=\"213\" height=\"89\" \/><\/p>\n<p><img loading=\"lazy\" decoding=\"async\" class=\"wp-image-262 alignright\" src=\"http:\/\/ccoo.app\/diputacio-de-barcelona\/wp-content\/blogs.dir\/6\/files\/sites\/186\/2016\/04\/afiliat_ccoo_cat.gif\" alt=\"Tota la informaci\u00f3 de com afiliar-se a CCOO Catalunya i forlmulari d'alta o baxia.\" width=\"90\" height=\"80\" \/><\/p>\n<p><img loading=\"lazy\" decoding=\"async\" class=\"wp-image-227 aligncenter\" src=\"http:\/\/ccoo.app\/diputacio-de-barcelona\/wp-content\/blogs.dir\/6\/files\/sites\/186\/2016\/04\/logo-peu-300x69.png\" alt=\"logo-peu\" width=\"952\" height=\"219\" srcset=\"https:\/\/ccoo.app\/diputacio-de-barcelona\/wp-content\/blogs.dir\/6\/files\/sites\/186\/2016\/04\/logo-peu-300x69.png 300w, https:\/\/ccoo.app\/diputacio-de-barcelona\/wp-content\/blogs.dir\/6\/files\/sites\/186\/2016\/04\/logo-peu.png 557w\" sizes=\"auto, (max-width: 952px) 100vw, 952px\" \/><\/p>\n<p style=\"text-align: center\"><small><\/small><small>Formulari d&#8217;<a href=\"\/afiliat\/\">alta<\/a>, <a href=\"\/afiliat\/\">baixa <\/a>o <a href=\"\/afiliat\/\">modificaci\u00f3 <\/a>de les dades personals o<br \/>\ncontacta&#8217;ns a trav\u00e9s del tel\u00e8fon<strong> 934 022 985<\/strong> o correu: <a href=\"mailto:ccoo@diba.cat\"><strong>ccoo@diba.cat<\/strong><\/a><\/small><\/p>\n","protected":false},"excerpt":{"rendered":"<p>&nbsp; Secci\u00f3 Sindical de la Diputaci\u00f3 de Barcelona DIES DE PERM\u00cdS 2016 DIES DE PERM\u00cdS 2016 Assumptes personals: 6 dies Aquests dies es poden gaudir tant en jornades senceres com &#8230; <\/p>\n<p class=\"read-more-container\"><a title=\"DIES DE PERM\u00cdS 2016\" class=\"read-more button\" href=\"https:\/\/ccoo.app\/diputacio-de-barcelona\/dies-de-permis-2016\/#more-498\" aria-label=\"Leer m\u00e1s sobre DIES DE PERM\u00cdS 2016\">Continuar llegint<\/a><\/p>\n","protected":false},"author":4519,"featured_media":255,"comment_status":"open","ping_status":"open","sticky":false,"template":"","format":"standard","meta":{"footnotes":""},"categories":[38,15,27,30],"tags":[],"class_list":["post-498","post","type-post","status-publish","format-standard","has-post-thumbnail","hentry","category-a-tot-el-personal","category-calendari","category-millores-socials","category-permisos","generate-columns","tablet-grid-50","mobile-grid-100","grid-parent","grid-50"],"_links":{"self":[{"href":"https:\/\/ccoo.app\/diputacio-de-barcelona\/wp-json\/wp\/v2\/posts\/498","targetHints":{"allow":["GET"]}}],"collection":[{"href":"https:\/\/ccoo.app\/diputacio-de-barcelona\/wp-json\/wp\/v2\/posts"}],"about":[{"href":"https:\/\/ccoo.app\/diputacio-de-barcelona\/wp-json\/wp\/v2\/types\/post"}],"author":[{"embeddable":true,"href":"https:\/\/ccoo.app\/diputacio-de-barcelona\/wp-json\/wp\/v2\/users\/4519"}],"replies":[{"embeddable":true,"href":"https:\/\/ccoo.app\/diputacio-de-barcelona\/wp-json\/wp\/v2\/comments?post=498"}],"version-history":[{"count":0,"href":"https:\/\/ccoo.app\/diputacio-de-barcelona\/wp-json\/wp\/v2\/posts\/498\/revisions"}],"wp:featuredmedia":[{"embeddable":true,"href":"https:\/\/ccoo.app\/diputacio-de-barcelona\/wp-json\/wp\/v2\/media\/255"}],"wp:attachment":[{"href":"https:\/\/ccoo.app\/diputacio-de-barcelona\/wp-json\/wp\/v2\/media?parent=498"}],"wp:term":[{"taxonomy":"category","embeddable":true,"href":"https:\/\/ccoo.app\/diputacio-de-barcelona\/wp-json\/wp\/v2\/categories?post=498"},{"taxonomy":"post_tag","embeddable":true,"href":"https:\/\/ccoo.app\/diputacio-de-barcelona\/wp-json\/wp\/v2\/tags?post=498"}],"curies":[{"name":"wp","href":"https:\/\/api.w.org\/{rel}","templated":true}]}}