{"id":49766,"date":"2021-04-30T04:09:44","date_gmt":"2021-04-30T03:09:44","guid":{"rendered":"https:\/\/diba.ccoo.cat\/?p=49766"},"modified":"2023-10-17T16:30:09","modified_gmt":"2023-10-17T14:30:09","slug":"comunicat_30_4_2021","status":"publish","type":"post","link":"https:\/\/ccoo.app\/diputacio-de-barcelona\/comunicat_30_4_2021\/","title":{"rendered":"INFO 30.4.2021: PAMO, BORSES, PROTOCOL ANTI-COVID, TELETREBALL I ENQUESTA RISCOS PSICOSOCIALS"},"content":{"rendered":"<p><a href=\"https:\/\/diba.ccoo.cat\/\"><img loading=\"lazy\" decoding=\"async\" class=\"wp-image-5909 aligncenter\" src=\"http:\/\/ccoo.app\/diputacio-de-barcelona\/wp-content\/blogs.dir\/6\/files\/sites\/186\/2020\/05\/nota-1-300x86.png\" alt=\"\" width=\"92\" height=\"27\" srcset=\"https:\/\/ccoo.app\/diputacio-de-barcelona\/wp-content\/blogs.dir\/6\/files\/sites\/186\/2020\/05\/nota-1-300x86.png 300w, https:\/\/ccoo.app\/diputacio-de-barcelona\/wp-content\/blogs.dir\/6\/files\/sites\/186\/2020\/05\/nota-1.png 339w\" sizes=\"auto, (max-width: 92px) 100vw, 92px\" \/><\/a><\/p>\n<p class=\"wp-caption-text\"><a href=\"https:\/\/diba.ccoo.cat\/\"><img loading=\"lazy\" decoding=\"async\" class=\"wp-image-1853 aligncenter\" src=\"http:\/\/ccoo.app\/diputacio-de-barcelona\/wp-content\/blogs.dir\/6\/files\/sites\/186\/2018\/01\/logoccoov18.jpg\" alt=\"\" width=\"240\" height=\"110\"><\/a><\/p>\n<p><a href=\"http:\/\/ccoo.app\/diputacio-de-barcelona\/wp-content\/blogs.dir\/6\/files\/sites\/186\/2021\/04\/def-proposta-comunicat-29-04-2021.docx\"><img loading=\"lazy\" decoding=\"async\" class=\"wp-image-5910 aligncenter\" src=\"http:\/\/ccoo.app\/diputacio-de-barcelona\/wp-content\/blogs.dir\/6\/files\/sites\/186\/2020\/05\/nota-3-300x83.png\" alt=\"\" width=\"90\" height=\"25\" srcset=\"https:\/\/ccoo.app\/diputacio-de-barcelona\/wp-content\/blogs.dir\/6\/files\/sites\/186\/2020\/05\/nota-3-300x83.png 300w, https:\/\/ccoo.app\/diputacio-de-barcelona\/wp-content\/blogs.dir\/6\/files\/sites\/186\/2020\/05\/nota-3.png 337w\" sizes=\"auto, (max-width: 90px) 100vw, 90px\" \/><\/a><\/p>\n<p style=\"text-align: center\"><span style=\"font-family: 'arial black', sans-serif;color: #0000ff;font-size: 24px\">CCOO INFORMA <\/span><\/p>\n<p style=\"text-align: center\"><span style=\"font-family: 'arial black', sans-serif;color: #000000;font-size: 20px\">PAMO, CONSOLIDACI\u00d3, PROMOCI\u00d3 INTERNA I BORSES DE TREBALL<\/span><\/p>\n<p style=\"text-align: center\"><span style=\"font-family: 'arial black', sans-serif;color: #000000;font-size: 20px\">PROTOCOL ANTI-COVID I ESTAT D&#8217;ALARMA<\/span><\/p>\n<p style=\"text-align: center\"><span style=\"font-family: 'arial black', sans-serif;color: #000000;font-size: 20px\"> INDEMNITZACIONS PER DESPESES DE TELETREBALL <\/span><\/p>\n<p style=\"text-align: center\"><span style=\"font-family: 'arial black', sans-serif;color: #000000;font-size: 20px\">ENQUESTA RISCOS PSICOSOCIALS<\/span><\/p>\n<p style=\"text-align: center\"><span style=\"font-family: arial, helvetica, sans-serif;font-size: 14px;color: #000000\">&#8211; 30 d&#8217;abril de 2021-<\/span><\/p>\n<p><\/p>\n<h4><span style=\"color: #0000ff\"><strong><u>PAMO, CONSOLIDACI\u00d3, PROMOCI\u00d3 INTERNA I BORSES DE TREBALL<\/u><\/strong><\/span><\/h4>\n<p><span style=\"color: #000000\">El passat dilluns 26 ens va reunir la Comissi\u00f3 T\u00e8cnica de PAMO. En aquesta comissi\u00f3&nbsp; hem tractat un seguit de temes que us passem a desenvolupar:<\/span><\/p>\n<p><\/p>\n<p><span style=\"color: #000000\"><strong><u>Execuci\u00f3 dels ex\u00e0mens de borses de treball<\/u><\/strong><\/span><\/p>\n<p><span style=\"color: #000000\">Hem demanat a Rh que sigui mes concreta en la candelaritzaci\u00f3 de les dates dels ex\u00e0mens per tal que la gent pugui preparar-se amb una mica d\u2019anticipaci\u00f3. La Corporaci\u00f3 ens ha respost que intentarien ser m\u00e9s acurats, encara que \u00e9s dif\u00edcil trobar i coordinar espais que reuneixin les condicions adequades per la realitzaci\u00f3 d\u2019aquestes proves en l\u2019actual situaci\u00f3 de pand\u00e8mia. Estigueu atentes i atents als anuncis i actualitzacions de la Intradiba i que no deixeu l\u2019estudi per a l\u2019\u00faltim moment.<\/span><\/p>\n<p><span style=\"color: #000000\">Volem aprofitar per agrair i felicitar als companys dels departaments de RH que fan aquestes tasques d\u2019organitzaci\u00f3 i coordinaci\u00f3 per que es puguin portar a terme tots aquests processos amb una situaci\u00f3 que es for\u00e7a complicada.<\/span><\/p>\n<p><\/p>\n<p><span style=\"color: #000000\"><strong><u>Reclassificaci\u00f3 dels t\u00e8cnics auxiliars a la depend\u00e8ncia<\/u><\/strong><\/span><\/p>\n<p><span style=\"color: #000000\">Hem tornat a insistir en que s\u2019executi el proc\u00e9s de promoci\u00f3 interna d\u2019aquest col\u00b7lectiu abans que el de les seves borses de treball an\u00e0logues, tot deixant el marge necessari i suficient per a la preparaci\u00f3 dels i les aspirants. RH ens a respost que aquests processos de reclassificaci\u00f3 s\u2019executarien abans que el de les borses de treball an\u00e0logues.<\/span><\/p>\n<p><\/p>\n<p><span style=\"color: #000000\"><strong><u>Processos de consolidaci\u00f3 de la ocupaci\u00f3<\/u><\/strong><\/span><\/p>\n<p><span style=\"color: #000000\">Hem demanat que preventivament es mantinguin les dates ja calendaritzades d\u2019aquests processos per a l\u2019\u00faltim trimestre del any, tot tenint en compte les \u00faltimes declaracions fetes pel ministre Iceta, i que aquestes puguin comportar algun canvi a nivell normatiu. <strong><u>Estarem molt atents als canvis que es puguin produir al respecte i que comportin mesures que puguin millorar els criteris per a aquests processos d\u2019estabilitzaci\u00f3<\/u><\/strong>. La Corporaci\u00f3 a manifestat que qualsevol canvi legislatiu que es pugui produir en els criteris per a la millora de l\u2019estabilitzaci\u00f3 dels nostres treballadors interins, seran assumits i implementats per la Diputaci\u00f3 de Barcelona.<\/span><\/p>\n<p><span style=\"color: #000000\">Aix\u00ed doncs, en aquest moment, les 54 places de <strong><em>Consolidaci\u00f3 de l\u2019Ocupaci\u00f3<\/em><\/strong><strong> previsiblement comen\u00e7aran a executar-se a final d\u2019aquest any ja que es tracta d\u2019un proc\u00e9s ja publicat <\/strong>i que existeix l\u2019expectativa de dret dels m\u00e9s de 3.000 aspirants (Cliqueu <span style=\"color: #0000ff\"><a style=\"color: #0000ff\" href=\"https:\/\/diba.ccoo.cat\/opos-consolidacio-obert-termini\/\"><strong>aqu\u00ed<\/strong><\/a><\/span><strong>)<\/strong>.<\/span><\/p>\n<p><span style=\"color: #000000\"><strong>Respecte als PAMOs 2018,2019 i 2020, la corporaci\u00f3 mant\u00e9 el seu comprom\u00eds, aconseguit amb la <em>Tancada <\/em>(cliqueu <a href=\"https:\/\/diba.ccoo.cat\/finalitzada-la-tancada\/\"><span style=\"color: #0000ff\">aqu\u00ed<\/span><\/a>) a Can Serra <\/strong><em>que els processos es mantinguin paralitzats i no es publiqui res fins que el tema no sigui tractat amb la representaci\u00f3 sindical. <\/em><\/span><\/p>\n<p><img loading=\"lazy\" decoding=\"async\" class=\"wp-image-6115 aligncenter\" src=\"http:\/\/ccoo.app\/diputacio-de-barcelona\/wp-content\/blogs.dir\/6\/files\/sites\/186\/2020\/05\/covid-300x295.png\" alt=\"\" width=\"98\" height=\"96\" srcset=\"https:\/\/ccoo.app\/diputacio-de-barcelona\/wp-content\/blogs.dir\/6\/files\/sites\/186\/2020\/05\/covid-300x295.png 300w, https:\/\/ccoo.app\/diputacio-de-barcelona\/wp-content\/blogs.dir\/6\/files\/sites\/186\/2020\/05\/covid.png 390w\" sizes=\"auto, (max-width: 98px) 100vw, 98px\" \/><\/p>\n<h4><span style=\"color: #0000ff\"><strong><u>PROTOCOL COVID\/ESTAT D\u2019ALARMA<\/u><\/strong><\/span><\/h4>\n<p><span style=\"color: #000000\">Hem mantingut una reuni\u00f3 amb la Direcci\u00f3 de Serveis de Recursos Humans per aclarir com ens afectar\u00e0 la possible finalitzaci\u00f3 de l\u2019Estat d\u2019Alarma el proper 9 de maig. Com ja us vam avan\u00e7ar en altres comunicats, <strong><u>la prioritat de les Comissions Obreres sempre ha estat la prevenci\u00f3 de la salut de la plantilla de la Diputaci\u00f3 de Barcelona<\/u><\/strong> conjugant-lo amb la prestaci\u00f3 d\u2019un servei p\u00fablic de qualitat, com sempre hem fet la plantilla d\u2019aquesta corporaci\u00f3. Segons el RDL 8\/2020, totes aquelles mesures organitzatives relacionades amb mesures per evitar la propagaci\u00f3 del virus en els centres de treball, com ara pot ser el treball en remot, es prorrogaran fins a dos mesos despr\u00e9s de la finalitzaci\u00f3 de l\u2019Estat d\u2019Alarma<strong><u>. Per tant, si finalment l\u2019Estat d\u2019Alarma deix\u00e9s de tenir efecte el proper 9 de maig,<\/u><\/strong> <strong><u>seguirem en la mateixa situaci\u00f3 que fins ara i ens regirem pel que marca el nostre protocol COVID<\/u><\/strong> (cliqueu <a style=\"color: #000000\" href=\"http:\/\/ccoo.app\/diputacio-de-barcelona\/wp-content\/blogs.dir\/6\/files\/sites\/186\/2020\/06\/acord-signat-protocol-represa-activitats-covid-19.pdf\"><strong>aqu\u00ed<\/strong><\/a>). Al juliol tornarem a mantenir una reuni\u00f3 amb la corporaci\u00f3 per avaluar la situaci\u00f3 de crisi sanit\u00e0ria i el que hem reiterat \u00e9s que qualsevol canvi que es pugui produir, sigui comunicat de manera efectiva i amb la suficient antelaci\u00f3 al conjunt de la plantilla.<\/span><\/p>\n<p><img loading=\"lazy\" decoding=\"async\" class=\"wp-image-5662 aligncenter\" src=\"http:\/\/ccoo.app\/diputacio-de-barcelona\/wp-content\/blogs.dir\/6\/files\/sites\/186\/2020\/04\/productivitat-mensual-300x175.jpg\" alt=\"\" width=\"100\" height=\"58\" srcset=\"https:\/\/ccoo.app\/diputacio-de-barcelona\/wp-content\/blogs.dir\/6\/files\/sites\/186\/2020\/04\/productivitat-mensual-300x175.jpg 300w, https:\/\/ccoo.app\/diputacio-de-barcelona\/wp-content\/blogs.dir\/6\/files\/sites\/186\/2020\/04\/productivitat-mensual-768x449.jpg 768w, https:\/\/ccoo.app\/diputacio-de-barcelona\/wp-content\/blogs.dir\/6\/files\/sites\/186\/2020\/04\/productivitat-mensual.jpg 960w\" sizes=\"auto, (max-width: 100px) 100vw, 100px\" \/><\/p>\n<h4><span style=\"color: #0000ff\"><strong><u>INDEMNITZACI\u00d3 PER DESPESES DE TELETREBALL<\/u><\/strong><\/span><\/h4>\n<p><span style=\"color: #000000\">Estem demanant a RH els informes justificatius que no ens permeten cobrar aquestes despeses.<\/span><\/p>\n<p><span style=\"color: #000000\"><strong><u>TENIM UN ACORD SIGNAT<\/u><\/strong><u>!<\/u>, que a m\u00e9s a m\u00e9s t\u00e9 l\u2019aval normatiu, i anem a explorar totes les vies possibles per tirar endavant el compliment d\u2019aquest acord i <strong><u>que es faci efectiu el pagament d\u2019aquestes despeses<\/u><\/strong>.<\/span><\/p>\n<p><img loading=\"lazy\" decoding=\"async\" class=\"wp-image-49691 aligncenter\" src=\"http:\/\/ccoo.app\/diputacio-de-barcelona\/wp-content\/blogs.dir\/6\/files\/sites\/186\/2021\/04\/riscos-psicosocials-foto-300x300.png\" alt=\"\" width=\"72\" height=\"72\" srcset=\"https:\/\/ccoo.app\/diputacio-de-barcelona\/wp-content\/blogs.dir\/6\/files\/sites\/186\/2021\/04\/riscos-psicosocials-foto-300x300.png 300w, https:\/\/ccoo.app\/diputacio-de-barcelona\/wp-content\/blogs.dir\/6\/files\/sites\/186\/2021\/04\/riscos-psicosocials-foto-150x150.png 150w, https:\/\/ccoo.app\/diputacio-de-barcelona\/wp-content\/blogs.dir\/6\/files\/sites\/186\/2021\/04\/riscos-psicosocials-foto.png 680w\" sizes=\"auto, (max-width: 72px) 100vw, 72px\" \/><\/p>\n<h4><span style=\"color: #0000ff\"><strong><u>ENQUESTA RISCOS PSICOSOCIALS<\/u><\/strong><\/span><\/h4>\n<p><span style=\"color: #000000\">Us recordem que podeu contestar l\u2019estudi d\u2019impacte psicosocial que la Oficina de Prevenci\u00f3 de Riscos Socials i els sindicats hem preparat durant aquests mesos. Tot i que ja portem un nombre elevat d\u2019empleats i empleades que heu participat (i que us en donem les gr\u00e0cies!), \u00e9s molt important la participaci\u00f3 de tothom per poder avaluar com us trobeu d\u2019estat an\u00edmic despr\u00e9s del gran esfor\u00e7 realitzat per totes i tots durant els mesos m\u00e9s durs del confinament i l\u2019impacte de la pand\u00e8mia. Com ja us vam dir, l\u2019enquesta \u00e9s totalment an\u00f2nima i teniu les instruccions al vostre correu. Si teniu qualsevol dubte o aclariment, no dubteu en posar-vos en contacte amb els nostres delegats i delegades de prevenci\u00f3: <strong><span style=\"color: #0000ff\"><a style=\"color: #0000ff\" href=\"mailto:ccoo.delegatsp@diba.cat\">ccoo.delegatsp@diba.cat<\/a><\/span><\/strong><\/span><\/p>\n<p><\/p>\n<p><img loading=\"lazy\" decoding=\"async\" class=\"wp-image-5912 aligncenter\" src=\"http:\/\/ccoo.app\/diputacio-de-barcelona\/wp-content\/blogs.dir\/6\/files\/sites\/186\/2020\/05\/nota-2-300x86.png\" alt=\"\" width=\"98\" height=\"28\" srcset=\"https:\/\/ccoo.app\/diputacio-de-barcelona\/wp-content\/blogs.dir\/6\/files\/sites\/186\/2020\/05\/nota-2-300x86.png 300w, https:\/\/ccoo.app\/diputacio-de-barcelona\/wp-content\/blogs.dir\/6\/files\/sites\/186\/2020\/05\/nota-2.png 337w\" sizes=\"auto, (max-width: 98px) 100vw, 98px\" \/><\/p>\n<p style=\"text-align: center\"><img loading=\"lazy\" decoding=\"async\" class=\"wp-image-5184 aligncenter\" src=\"http:\/\/ccoo.app\/diputacio-de-barcelona\/wp-content\/blogs.dir\/6\/files\/sites\/186\/2020\/03\/i-de-info-300x300.jpg\" alt=\"\" width=\"72\" height=\"72\" srcset=\"https:\/\/ccoo.app\/diputacio-de-barcelona\/wp-content\/blogs.dir\/6\/files\/sites\/186\/2020\/03\/i-de-info-300x300.jpg 300w, https:\/\/ccoo.app\/diputacio-de-barcelona\/wp-content\/blogs.dir\/6\/files\/sites\/186\/2020\/03\/i-de-info-150x150.jpg 150w, https:\/\/ccoo.app\/diputacio-de-barcelona\/wp-content\/blogs.dir\/6\/files\/sites\/186\/2020\/03\/i-de-info.jpg 626w\" sizes=\"auto, (max-width: 72px) 100vw, 72px\" \/><span style=\"font-family: 'arial black', sans-serif;font-size: 20px;color: #ffff00;background-color: #ff0000\">TOTA LA INFORMACI\u00d3 SINDICAL QUE NECESSITES<\/span><\/p>\n<p><img loading=\"lazy\" decoding=\"async\" class=\"wp-image-5913 aligncenter\" src=\"http:\/\/ccoo.app\/diputacio-de-barcelona\/wp-content\/blogs.dir\/6\/files\/sites\/186\/2020\/05\/telefono-300x300.jpg\" alt=\"\" width=\"59\" height=\"59\" srcset=\"https:\/\/ccoo.app\/diputacio-de-barcelona\/wp-content\/blogs.dir\/6\/files\/sites\/186\/2020\/05\/telefono-300x300.jpg 300w, https:\/\/ccoo.app\/diputacio-de-barcelona\/wp-content\/blogs.dir\/6\/files\/sites\/186\/2020\/05\/telefono-150x150.jpg 150w, https:\/\/ccoo.app\/diputacio-de-barcelona\/wp-content\/blogs.dir\/6\/files\/sites\/186\/2020\/05\/telefono.jpg 600w\" sizes=\"auto, (max-width: 59px) 100vw, 59px\" \/><\/p>\n<p style=\"text-align: center\"><span style=\"font-family: 'arial black', sans-serif;color: #000000\">DE DILLUNS A DIVENDRES<\/span><\/p>\n<p style=\"text-align: center\"><span style=\"font-family: 'arial black', sans-serif;color: #000000;background-color: #ffff00\">DE 10:00 A 14:30 i DE 17:00 A 19:00&nbsp;<\/span><\/p>\n<p style=\"text-align: center\"><span style=\"font-family: 'arial black', sans-serif;color: #ff0000\">93.402.29.85 \u2013 22985 \u2013 667 90 69 64<\/span><\/p>\n<p><img loading=\"lazy\" decoding=\"async\" class=\"wp-image-5553 aligncenter\" src=\"http:\/\/ccoo.app\/diputacio-de-barcelona\/wp-content\/blogs.dir\/6\/files\/sites\/186\/2020\/04\/mail-foto-300x200.jpg\" alt=\"\" width=\"59\" height=\"39\" srcset=\"https:\/\/ccoo.app\/diputacio-de-barcelona\/wp-content\/blogs.dir\/6\/files\/sites\/186\/2020\/04\/mail-foto-300x200.jpg 300w, https:\/\/ccoo.app\/diputacio-de-barcelona\/wp-content\/blogs.dir\/6\/files\/sites\/186\/2020\/04\/mail-foto-1024x683.jpg 1024w, https:\/\/ccoo.app\/diputacio-de-barcelona\/wp-content\/blogs.dir\/6\/files\/sites\/186\/2020\/04\/mail-foto-768x512.jpg 768w, https:\/\/ccoo.app\/diputacio-de-barcelona\/wp-content\/blogs.dir\/6\/files\/sites\/186\/2020\/04\/mail-foto.jpg 1200w\" sizes=\"auto, (max-width: 59px) 100vw, 59px\" \/><\/p>\n<p style=\"text-align: center\"><span style=\"font-family: arial, helvetica, sans-serif;color: #000000\">La&nbsp;SECCI\u00d3 SINDICAL DE CCOO donem resposta a tots els teus dubtes o t&#8217;ajudem solucionar els problemes que puguis tenir.<strong> T&#8217;ajudem a defensar els teus drets!<\/strong><\/span><\/p>\n<p style=\"text-align: center\"><span style=\"font-family: 'arial black', sans-serif;color: #0000ff\"><a style=\"color: #0000ff\" href=\"mailto:ccoo@diba.cat\"><strong>ccoo@diba.cat<\/strong><\/a><\/span><\/p>\n<p style=\"text-align: center\"><span style=\"font-family: 'arial black', sans-serif;color: #0000ff\"><a style=\"color: #0000ff\" href=\"mailto:orgt.ssccoo@diba.cat\">orgt.ssccoo@diba.cat<\/a><\/span><\/p>\n<p><img loading=\"lazy\" decoding=\"async\" class=\"wp-image-5554 aligncenter\" src=\"http:\/\/ccoo.app\/diputacio-de-barcelona\/wp-content\/blogs.dir\/6\/files\/sites\/186\/2020\/04\/mail-foto-enviar-300x212.jpg\" alt=\"\" width=\"67\" height=\"47\" srcset=\"https:\/\/ccoo.app\/diputacio-de-barcelona\/wp-content\/blogs.dir\/6\/files\/sites\/186\/2020\/04\/mail-foto-enviar-300x212.jpg 300w, https:\/\/ccoo.app\/diputacio-de-barcelona\/wp-content\/blogs.dir\/6\/files\/sites\/186\/2020\/04\/mail-foto-enviar-1024x724.jpg 1024w, https:\/\/ccoo.app\/diputacio-de-barcelona\/wp-content\/blogs.dir\/6\/files\/sites\/186\/2020\/04\/mail-foto-enviar-768x543.jpg 768w, https:\/\/ccoo.app\/diputacio-de-barcelona\/wp-content\/blogs.dir\/6\/files\/sites\/186\/2020\/04\/mail-foto-enviar.jpg 1200w\" sizes=\"auto, (max-width: 67px) 100vw, 67px\" \/><\/p>\n<p style=\"text-align: center\"><span style=\"font-family: arial, helvetica, sans-serif;color: #000000\">Encara no t&#8217;has descarregat la nostra <a href=\"http:\/\/www.ccoo.cat\/carnet\/index.aspx?qr=1#descarrega\"><span style=\"font-family: 'arial black', sans-serif;color: #0000ff\">APP<\/span><\/a> CCOO-Diba d&#8217;informaci\u00f3 sindical?<\/span><\/p>\n<p style=\"text-align: center\"><span style=\"font-family: arial, helvetica, sans-serif;color: #000000\">Fes clic <a href=\"http:\/\/www.ccoo.cat\/carnet\/index.aspx?qr=1#descarrega\"><span style=\"font-family: 'arial black', sans-serif;color: #0000ff\">aqu\u00ed<\/span><\/a> per tenir la informaci\u00f3 abans que ning\u00fa!<\/span><\/p>\n<p><img loading=\"lazy\" decoding=\"async\" class=\"wp-image-5915 aligncenter\" src=\"http:\/\/ccoo.app\/diputacio-de-barcelona\/wp-content\/blogs.dir\/6\/files\/sites\/186\/2020\/05\/xarxes-socials-300x169.png\" alt=\"\" width=\"227\" height=\"128\" srcset=\"https:\/\/ccoo.app\/diputacio-de-barcelona\/wp-content\/blogs.dir\/6\/files\/sites\/186\/2020\/05\/xarxes-socials-300x169.png 300w, https:\/\/ccoo.app\/diputacio-de-barcelona\/wp-content\/blogs.dir\/6\/files\/sites\/186\/2020\/05\/xarxes-socials-1024x576.png 1024w, https:\/\/ccoo.app\/diputacio-de-barcelona\/wp-content\/blogs.dir\/6\/files\/sites\/186\/2020\/05\/xarxes-socials-768x432.png 768w, https:\/\/ccoo.app\/diputacio-de-barcelona\/wp-content\/blogs.dir\/6\/files\/sites\/186\/2020\/05\/xarxes-socials.png 1200w\" sizes=\"auto, (max-width: 227px) 100vw, 227px\" \/><\/p>\n<p style=\"text-align: center\"><span style=\"font-family: arial, helvetica, sans-serif;color: #000000\">Tamb\u00e9 trobar\u00e0s CCOO-Diba a les xarxes socials. Clica sobre la icona de la teva xarxa favorita:<\/span><\/p>\n<p><a href=\"https:\/\/twitter.com\/CCOODiba\"><img loading=\"lazy\" decoding=\"async\" class=\" wp-image-5728 aligncenter\" src=\"http:\/\/ccoo.app\/diputacio-de-barcelona\/wp-content\/blogs.dir\/6\/files\/sites\/186\/2020\/04\/twitter-300x300.png\" alt=\"\" width=\"89\" height=\"89\" srcset=\"https:\/\/ccoo.app\/diputacio-de-barcelona\/wp-content\/blogs.dir\/6\/files\/sites\/186\/2020\/04\/twitter-300x300.png 300w, https:\/\/ccoo.app\/diputacio-de-barcelona\/wp-content\/blogs.dir\/6\/files\/sites\/186\/2020\/04\/twitter-150x150.png 150w, https:\/\/ccoo.app\/diputacio-de-barcelona\/wp-content\/blogs.dir\/6\/files\/sites\/186\/2020\/04\/twitter.png 512w\" sizes=\"auto, (max-width: 89px) 100vw, 89px\" \/><\/a><\/p>\n<p><a href=\"https:\/\/www.instagram.com\/ccoo_diba\/?hl=es\"><img loading=\"lazy\" decoding=\"async\" class=\"wp-image-5730 aligncenter\" src=\"http:\/\/ccoo.app\/diputacio-de-barcelona\/wp-content\/blogs.dir\/6\/files\/sites\/186\/2020\/04\/instragram-300x300.png\" alt=\"\" width=\"91\" height=\"91\" srcset=\"https:\/\/ccoo.app\/diputacio-de-barcelona\/wp-content\/blogs.dir\/6\/files\/sites\/186\/2020\/04\/instragram-300x300.png 300w, https:\/\/ccoo.app\/diputacio-de-barcelona\/wp-content\/blogs.dir\/6\/files\/sites\/186\/2020\/04\/instragram-150x150.png 150w, https:\/\/ccoo.app\/diputacio-de-barcelona\/wp-content\/blogs.dir\/6\/files\/sites\/186\/2020\/04\/instragram.png 512w\" sizes=\"auto, (max-width: 91px) 100vw, 91px\" \/><\/a><\/p>\n<p><a href=\"https:\/\/www.facebook.com\/CcooDiputacioDeBarcelona\/\"><img loading=\"lazy\" decoding=\"async\" class=\"wp-image-5729 aligncenter\" src=\"http:\/\/ccoo.app\/diputacio-de-barcelona\/wp-content\/blogs.dir\/6\/files\/sites\/186\/2020\/04\/facebook-300x300.png\" alt=\"\" width=\"90\" height=\"90\" srcset=\"https:\/\/ccoo.app\/diputacio-de-barcelona\/wp-content\/blogs.dir\/6\/files\/sites\/186\/2020\/04\/facebook-300x300.png 300w, https:\/\/ccoo.app\/diputacio-de-barcelona\/wp-content\/blogs.dir\/6\/files\/sites\/186\/2020\/04\/facebook-150x150.png 150w, https:\/\/ccoo.app\/diputacio-de-barcelona\/wp-content\/blogs.dir\/6\/files\/sites\/186\/2020\/04\/facebook.png 325w\" sizes=\"auto, (max-width: 90px) 100vw, 90px\" \/><\/a><a href=\"https:\/\/www.youtube.com\/channel\/UCFzenkS75udEcs4pB4qoZsg\"><img loading=\"lazy\" decoding=\"async\" class=\" wp-image-5916 aligncenter\" src=\"http:\/\/ccoo.app\/diputacio-de-barcelona\/wp-content\/blogs.dir\/6\/files\/sites\/186\/2020\/05\/youtube-300x115.jpg\" alt=\"\" width=\"122\" height=\"47\" srcset=\"https:\/\/ccoo.app\/diputacio-de-barcelona\/wp-content\/blogs.dir\/6\/files\/sites\/186\/2020\/05\/youtube-300x115.jpg 300w, https:\/\/ccoo.app\/diputacio-de-barcelona\/wp-content\/blogs.dir\/6\/files\/sites\/186\/2020\/05\/youtube-1024x391.jpg 1024w, https:\/\/ccoo.app\/diputacio-de-barcelona\/wp-content\/blogs.dir\/6\/files\/sites\/186\/2020\/05\/youtube-768x293.jpg 768w, https:\/\/ccoo.app\/diputacio-de-barcelona\/wp-content\/blogs.dir\/6\/files\/sites\/186\/2020\/05\/youtube.jpg 1200w\" sizes=\"auto, (max-width: 122px) 100vw, 122px\" \/><\/a><\/p>\n<p><iframe loading=\"lazy\" title=\"Hauran de comptar amb nosaltres. Salut, treball i just\u00edcia social || 1r de maig del 2020.\" width=\"1200\" height=\"675\" src=\"https:\/\/www.youtube.com\/embed\/uS104R3aSJs?feature=oembed\" frameborder=\"0\" allow=\"accelerometer; autoplay; clipboard-write; encrypted-media; gyroscope; picture-in-picture; web-share\" allowfullscreen><\/iframe><\/p>\n<p><a href=\"https:\/\/diba.ccoo.cat\/plantilla-1-6-2\/\"><img loading=\"lazy\" decoding=\"async\" class=\"size-medium wp-image-6853 aligncenter\" src=\"http:\/\/ccoo.app\/diputacio-de-barcelona\/wp-content\/blogs.dir\/6\/files\/sites\/186\/2020\/10\/ccoo-primer-sindicat-cliqueu-300x110.png\" alt=\"\" width=\"300\" height=\"110\" srcset=\"https:\/\/ccoo.app\/diputacio-de-barcelona\/wp-content\/blogs.dir\/6\/files\/sites\/186\/2020\/10\/ccoo-primer-sindicat-cliqueu-300x110.png 300w, https:\/\/ccoo.app\/diputacio-de-barcelona\/wp-content\/blogs.dir\/6\/files\/sites\/186\/2020\/10\/ccoo-primer-sindicat-cliqueu.png 448w\" sizes=\"auto, (max-width: 300px) 100vw, 300px\" \/><\/a><\/p>\n<p><a href=\"https:\/\/diba.ccoo.cat\/mesa-general-de-negociacio-de-materies-comunes-de-la-diba\/\"><img loading=\"lazy\" decoding=\"async\" class=\"size-medium wp-image-7171 aligncenter\" src=\"http:\/\/ccoo.app\/diputacio-de-barcelona\/wp-content\/blogs.dir\/6\/files\/sites\/186\/2020\/11\/mgnmc-imatges-300x101.png\" alt=\"\" width=\"300\" height=\"101\" srcset=\"https:\/\/ccoo.app\/diputacio-de-barcelona\/wp-content\/blogs.dir\/6\/files\/sites\/186\/2020\/11\/mgnmc-imatges-300x101.png 300w, https:\/\/ccoo.app\/diputacio-de-barcelona\/wp-content\/blogs.dir\/6\/files\/sites\/186\/2020\/11\/mgnmc-imatges.png 324w\" sizes=\"auto, (max-width: 300px) 100vw, 300px\" \/><\/a><a href=\"https:\/\/www.ccoo.cat\/aspnet\/motius_afiliarte.aspx\"><img loading=\"lazy\" decoding=\"async\" class=\"size-medium wp-image-6841 aligncenter\" src=\"http:\/\/ccoo.app\/diputacio-de-barcelona\/wp-content\/blogs.dir\/6\/files\/sites\/186\/2020\/10\/afiliat-ccoo-300x199.png\" alt=\"\" width=\"300\" height=\"199\" srcset=\"https:\/\/ccoo.app\/diputacio-de-barcelona\/wp-content\/blogs.dir\/6\/files\/sites\/186\/2020\/10\/afiliat-ccoo-300x199.png 300w, https:\/\/ccoo.app\/diputacio-de-barcelona\/wp-content\/blogs.dir\/6\/files\/sites\/186\/2020\/10\/afiliat-ccoo.png 573w\" sizes=\"auto, (max-width: 300px) 100vw, 300px\" \/><\/a><\/p>\n<p><a href=\"https:\/\/www.ccoo.cat\/aspnet\/qui_som.aspx\"><img loading=\"lazy\" decoding=\"async\" class=\" wp-image-7174 aligncenter\" src=\"http:\/\/ccoo.app\/diputacio-de-barcelona\/wp-content\/blogs.dir\/6\/files\/sites\/186\/2020\/11\/ccoo-diversa-300x77.png\" alt=\"\" width=\"327\" height=\"84\" srcset=\"https:\/\/ccoo.app\/diputacio-de-barcelona\/wp-content\/blogs.dir\/6\/files\/sites\/186\/2020\/11\/ccoo-diversa-300x77.png 300w, https:\/\/ccoo.app\/diputacio-de-barcelona\/wp-content\/blogs.dir\/6\/files\/sites\/186\/2020\/11\/ccoo-diversa.png 422w\" sizes=\"auto, (max-width: 327px) 100vw, 327px\" \/><\/a><\/p>\n\n\n<p><\/p>\n    \t","protected":false},"excerpt":{"rendered":"<p>CCOO INFORMA PAMO, CONSOLIDACI\u00d3, PROMOCI\u00d3 INTERNA I BORSES DE TREBALL PROTOCOL ANTI-COVID I ESTAT D&#8217;ALARMA INDEMNITZACIONS PER DESPESES DE TELETREBALL ENQUESTA RISCOS PSICOSOCIALS &#8211; 30 d&#8217;abril de 2021- PAMO, CONSOLIDACI\u00d3, &#8230; <\/p>\n<p class=\"read-more-container\"><a title=\"INFO 30.4.2021: PAMO, BORSES, PROTOCOL ANTI-COVID, TELETREBALL I ENQUESTA RISCOS PSICOSOCIALS\" class=\"read-more button\" href=\"https:\/\/ccoo.app\/diputacio-de-barcelona\/comunicat_30_4_2021\/#more-49766\" aria-label=\"Leer m\u00e1s sobre INFO 30.4.2021: PAMO, BORSES, PROTOCOL ANTI-COVID, TELETREBALL I ENQUESTA RISCOS PSICOSOCIALS\">Continuar llegint<\/a><\/p>\n","protected":false},"author":4519,"featured_media":7636,"comment_status":"open","ping_status":"open","sticky":false,"template":"","format":"standard","meta":{"footnotes":""},"categories":[38,19,31,35],"tags":[67,165,169,189,198,221],"class_list":["post-49766","post","type-post","status-publish","format-standard","has-post-thumbnail","hentry","category-a-tot-el-personal","category-comunicats","category-personal-interi-comunicats","category-salut-laboral","tag-borses","tag-oferta-publica-ocupacio","tag-pamo","tag-prevencio","tag-protocol","tag-teletreball","generate-columns","tablet-grid-50","mobile-grid-100","grid-parent","grid-50"],"_links":{"self":[{"href":"https:\/\/ccoo.app\/diputacio-de-barcelona\/wp-json\/wp\/v2\/posts\/49766","targetHints":{"allow":["GET"]}}],"collection":[{"href":"https:\/\/ccoo.app\/diputacio-de-barcelona\/wp-json\/wp\/v2\/posts"}],"about":[{"href":"https:\/\/ccoo.app\/diputacio-de-barcelona\/wp-json\/wp\/v2\/types\/post"}],"author":[{"embeddable":true,"href":"https:\/\/ccoo.app\/diputacio-de-barcelona\/wp-json\/wp\/v2\/users\/4519"}],"replies":[{"embeddable":true,"href":"https:\/\/ccoo.app\/diputacio-de-barcelona\/wp-json\/wp\/v2\/comments?post=49766"}],"version-history":[{"count":1,"href":"https:\/\/ccoo.app\/diputacio-de-barcelona\/wp-json\/wp\/v2\/posts\/49766\/revisions"}],"predecessor-version":[{"id":50766,"href":"https:\/\/ccoo.app\/diputacio-de-barcelona\/wp-json\/wp\/v2\/posts\/49766\/revisions\/50766"}],"wp:featuredmedia":[{"embeddable":true,"href":"https:\/\/ccoo.app\/diputacio-de-barcelona\/wp-json\/wp\/v2\/media\/7636"}],"wp:attachment":[{"href":"https:\/\/ccoo.app\/diputacio-de-barcelona\/wp-json\/wp\/v2\/media?parent=49766"}],"wp:term":[{"taxonomy":"category","embeddable":true,"href":"https:\/\/ccoo.app\/diputacio-de-barcelona\/wp-json\/wp\/v2\/categories?post=49766"},{"taxonomy":"post_tag","embeddable":true,"href":"https:\/\/ccoo.app\/diputacio-de-barcelona\/wp-json\/wp\/v2\/tags?post=49766"}],"curies":[{"name":"wp","href":"https:\/\/api.w.org\/{rel}","templated":true}]}}