{"id":49711,"date":"2021-04-18T10:04:41","date_gmt":"2021-04-18T09:04:41","guid":{"rendered":"https:\/\/diba.ccoo.cat\/?p=49711"},"modified":"2023-10-17T16:30:16","modified_gmt":"2023-10-17T14:30:16","slug":"productivitat-anual-assiduitat-2020-2","status":"publish","type":"post","link":"https:\/\/ccoo.app\/diputacio-de-barcelona\/productivitat-anual-assiduitat-2020-2\/","title":{"rendered":"INCREMENT DE LA PRODUCTIVITAT ANUAL (A LA PAGA D&#8217;ABRIL 2021)"},"content":{"rendered":"<p class=\"wp-caption-text\"><img loading=\"lazy\" decoding=\"async\" class=\"alignnone wp-image-1853 aligncenter\" src=\"http:\/\/ccoo.app\/diputacio-de-barcelona\/wp-content\/blogs.dir\/6\/files\/sites\/186\/2018\/01\/logoccoov18.jpg\" alt=\"\" width=\"137\" height=\"63\" \/><\/p>\n<p style=\"text-align: center\"><span style=\"font-family: 'arial black', sans-serif;color: #0000ff;font-size: 24px\">PRODUCTIVITAT ANUAL 2021 (CONEGUDA COM A PAGA D&#8217;ABRIL O D&#8217;ASSIDU\u00cfTAT)<\/span><\/p>\n<h4 style=\"text-align: center\"><span style=\"font-family: arial, helvetica, sans-serif;color: #000000\"><strong>Augmenta en 553,56 \u20ac des del 2015 fins ara<\/strong><\/span><\/h4>\n<p style=\"text-align: center\"><span style=\"font-family: 'arial black', sans-serif;font-size: 24px;color: #000000\"><span style=\"font-family: arial, helvetica, sans-serif;font-size: 16px\">-19 d&#8217;abril de 2021-<\/span><\/span><\/p>\n<p style=\"text-align: justify\"><span style=\"font-family: 'arial black', sans-serif;color: #0000ff;font-size: 24px\"><span style=\"font-family: arial, helvetica, sans-serif;font-size: 16px;color: #000000\">Al full de salari, trobareu aquest concepte com a \u201c<em>Factor Anual<\/em>\u201d (cliqueu sobre la seg\u00fcent imatge):<\/span><\/span><\/p>\n<p><a href=\"http:\/\/ccoo.app\/diputacio-de-barcelona\/wp-content\/blogs.dir\/6\/files\/sites\/186\/2020\/04\/nomina-abril-2020-2.png\"><img loading=\"lazy\" decoding=\"async\" class=\"size-medium wp-image-5669 aligncenter\" src=\"http:\/\/ccoo.app\/diputacio-de-barcelona\/wp-content\/blogs.dir\/6\/files\/sites\/186\/2020\/04\/nomina-abril-2020-2-300x184.png\" alt=\"\" width=\"300\" height=\"184\" srcset=\"https:\/\/ccoo.app\/diputacio-de-barcelona\/wp-content\/blogs.dir\/6\/files\/sites\/186\/2020\/04\/nomina-abril-2020-2-300x184.png 300w, https:\/\/ccoo.app\/diputacio-de-barcelona\/wp-content\/blogs.dir\/6\/files\/sites\/186\/2020\/04\/nomina-abril-2020-2-1024x630.png 1024w, https:\/\/ccoo.app\/diputacio-de-barcelona\/wp-content\/blogs.dir\/6\/files\/sites\/186\/2020\/04\/nomina-abril-2020-2-768x472.png 768w, https:\/\/ccoo.app\/diputacio-de-barcelona\/wp-content\/blogs.dir\/6\/files\/sites\/186\/2020\/04\/nomina-abril-2020-2.png 1114w\" sizes=\"auto, (max-width: 300px) 100vw, 300px\" \/><\/a><\/p>\n<p style=\"text-align: justify\"><span style=\"color: #000000;font-family: arial, helvetica, sans-serif\"><span style=\"color: #000000;font-family: arial, helvetica, sans-serif\">Aquest any, la normativa ja no ens permet que l&#8217;augment de la nostra paga de productivitat anual superi l&#8217;1% establert en termes general per a les retribucions del personal de les Administracions P\u00fabliques pel 2021. <\/span><\/span><span style=\"color: #000000;font-family: arial, helvetica, sans-serif\"><span style=\"color: #000000;font-family: arial, helvetica, sans-serif\">Per tant, ja no est\u00e0 operativa, com s\u00ed va poder ser als anys 2018, 2019 i 2020, la disposici\u00f3 transit\u00f2ria segona de l&#8217;acord signat per a CCOO (cliqueu <\/span><a style=\"color: #000000;font-family: arial, helvetica, sans-serif\" href=\"http:\/\/ccoo.app\/diputacio-de-barcelona\/wp-content\/blogs.dir\/6\/files\/sites\/186\/2020\/11\/acord-modifica-normativa-reguladora-complement-productivitat-personal-diba.pdf\"><span style=\"font-family: 'arial black', sans-serif;color: #0000ff\">aqu\u00ed<\/span><\/a><span style=\"color: #000000;font-family: arial, helvetica, sans-serif\">) <\/span><\/span><\/p>\n<p style=\"text-align: justify\"><span style=\"color: #000000;font-family: arial, helvetica, sans-serif\"><b style=\"color: #000000;font-family: arial, helvetica, sans-serif\">Aquest any 2021, l&#8217;import es situar\u00e0 en un m\u00e0xim de 1.878\u201956 euros<\/b><\/span><\/p>\n<p><img loading=\"lazy\" decoding=\"async\" class=\"wp-image-2659 aligncenter\" src=\"http:\/\/ccoo.app\/diputacio-de-barcelona\/wp-content\/blogs.dir\/6\/files\/sites\/186\/2016\/05\/rrrrrrrrrrrr-300x293.png\" alt=\"\" width=\"128\" height=\"125\" srcset=\"https:\/\/ccoo.app\/diputacio-de-barcelona\/wp-content\/blogs.dir\/6\/files\/sites\/186\/2016\/05\/rrrrrrrrrrrr-300x293.png 300w, https:\/\/ccoo.app\/diputacio-de-barcelona\/wp-content\/blogs.dir\/6\/files\/sites\/186\/2016\/05\/rrrrrrrrrrrr.png 623w\" sizes=\"auto, (max-width: 128px) 100vw, 128px\" \/><\/p>\n<p style=\"text-align: justify\"><span style=\"font-family: arial, helvetica, sans-serif;color: #000000\">No obstant aix\u00f2, hem de recordar que despr\u00e9s de molt temps congelada, <strong>CCOO va participar de manera decisiva d&#8217;un acord que ha perm\u00e8s incrementar-la en 553,56 \u20ac (1325\u20ac al 2015 fins a 1878,56\u20ac al 2021). <\/strong><\/span><span style=\"font-family: arial, helvetica, sans-serif;color: #000000\">Un aspecte molt important ha tenir en compte \u00e9s el car\u00e0cter \u00abconsolidable\u00bb (en termes de quantia de la paga) de tots els increments percebuts fins ara (cliqueu <a href=\"https:\/\/diba.ccoo.cat\/proposta-definitiva-dincrement-economic-paga-dassiduitat-2018-2019-i-2020\/\"><span style=\"color: #0000ff;font-family: 'arial black', sans-serif\">aqu\u00ed<\/span><\/a>). <\/span><\/p>\n<p><img loading=\"lazy\" decoding=\"async\" class=\"wp-image-49712 aligncenter\" src=\"http:\/\/ccoo.app\/diputacio-de-barcelona\/wp-content\/blogs.dir\/6\/files\/sites\/186\/2021\/04\/increment-paga-productivitat-2021-292x300.png\" alt=\"\" width=\"212\" height=\"218\" srcset=\"https:\/\/ccoo.app\/diputacio-de-barcelona\/wp-content\/blogs.dir\/6\/files\/sites\/186\/2021\/04\/increment-paga-productivitat-2021-292x300.png 292w, https:\/\/ccoo.app\/diputacio-de-barcelona\/wp-content\/blogs.dir\/6\/files\/sites\/186\/2021\/04\/increment-paga-productivitat-2021.png 321w\" sizes=\"auto, (max-width: 212px) 100vw, 212px\" \/><\/p>\n<p style=\"text-align: center\"><span style=\"text-decoration: underline\"><span style=\"font-family: 'arial black', sans-serif;color: #000000;font-size: 20px;text-decoration: underline\">ASPECTES PRINCIPALS DE LA NORMATIVA<\/span><\/span><\/p>\n<p style=\"text-align: justify\"><span style=\"font-family: arial, helvetica, sans-serif\">Tindr\u00e0 dret a percebre la TOTALITAT de la productivitat anual <\/span><span style=\"font-family: arial, helvetica, sans-serif\">qui compleixi amb el que estableix la normativa. <\/span><\/p>\n<p style=\"text-align: justify\"><span style=\"font-family: arial, helvetica, sans-serif;color: #000000\">En termes generals, <span style=\"text-decoration: underline;background-color: #ffff00\"><strong>el requisit \u00e9s no haver faltat m\u00e9s de 20 dies naturals<\/strong><\/span> durant l&#8217;any natural immediatament anterior al de l&#8217;abonament (<span style=\"background-color: #ffff00\"><strong>penalitzaci\u00f3 econ\u00f2mica del 20% en cas de superar-los<\/strong><\/span>):<\/span><\/p>\n<ul>\n<li style=\"text-align: justify\"><span style=\"font-family: arial, helvetica, sans-serif;color: #000000\">No inclou els primers 20 dies de baixa per malaltia comuna o accident no laboral<\/span><\/li>\n<li style=\"text-align: justify\"><span style=\"font-family: arial, helvetica, sans-serif;color: #000000\">No inclou les 2 primeres indisposicions<\/span><\/li>\n<li style=\"text-align: justify\"><span style=\"font-family: arial, helvetica, sans-serif;color: #000000\">No inclou els permisos per examen<\/span><\/li>\n<li style=\"text-align: justify\"><span style=\"font-family: arial, helvetica, sans-serif;color: #000000\">No inclou els primers 90 dies de les llic\u00e8ncies sense sou per atendre fills\/filles menor de sis anys per atendre un familiar, en casos de malaltia greu. Exced\u00e8ncia per cura de fill, per cura de familiar, per ra\u00f3 de viol\u00e8ncia de g\u00e8nere.<\/span><\/li>\n<li style=\"text-align: justify\"><span style=\"font-family: arial, helvetica, sans-serif;color: #000000\">No inclou la interrupci\u00f3 de la prestaci\u00f3 de serveis derivada de l&#8217;exercici del dret de vaga<\/span><\/li>\n<li style=\"text-align: justify\"><span style=\"font-family: arial, helvetica, sans-serif;color: #000000\">No inclou les baixes d&#8217;empleades p\u00fabliques embarassades, v\u00edctimes de la viol\u00e8ncia de g\u00e8nere, malalties greus quan aquesta sigui superior a 3 mesos de durada <\/span><span style=\"font-family: arial, helvetica, sans-serif;color: #000000\">continuada.<\/span><\/li>\n<li><span style=\"font-family: arial, helvetica, sans-serif;color: #000000\">Entre altres&#8230;<\/span><\/li>\n<\/ul>\n<p style=\"text-align: justify\"><span style=\"font-family: arial, helvetica, sans-serif;color: #000000\">Suposar\u00e0 tamb\u00e9 el 20% de penalitzaci\u00f3 tenir una Avaluaci\u00f3 de l&#8217;Acompliment inferior a l&#8217;adequada (QAD). En el seg\u00fcent quadre podeu veure el nombre d&#8217;Avaluacions negatives entre el personal.<\/span><\/p>\n<p><a href=\"http:\/\/ccoo.app\/diputacio-de-barcelona\/wp-content\/blogs.dir\/6\/files\/sites\/186\/2020\/04\/qad-taula.png\"><img loading=\"lazy\" decoding=\"async\" class=\"size-medium wp-image-5677 aligncenter\" src=\"http:\/\/ccoo.app\/diputacio-de-barcelona\/wp-content\/blogs.dir\/6\/files\/sites\/186\/2020\/04\/qad-taula-300x48.png\" alt=\"\" width=\"300\" height=\"48\" srcset=\"https:\/\/ccoo.app\/diputacio-de-barcelona\/wp-content\/blogs.dir\/6\/files\/sites\/186\/2020\/04\/qad-taula-300x48.png 300w, https:\/\/ccoo.app\/diputacio-de-barcelona\/wp-content\/blogs.dir\/6\/files\/sites\/186\/2020\/04\/qad-taula.png 662w\" sizes=\"auto, (max-width: 300px) 100vw, 300px\" \/><\/a><\/p>\n<p><span style=\"font-family: arial, helvetica, sans-serif;color: #000000\"><strong><span style=\"text-decoration: underline\"><span style=\"background-color: #ffff00\">Penalitzaci\u00f3 econ\u00f2mica del 80% per haver faltat m\u00e9s de 19 dies<\/span><\/span> <\/strong>conseq\u00fc\u00e8ncia dels seg\u00fcent casos:<\/span><\/p>\n<ul>\n<li style=\"text-align: justify\"><span style=\"font-family: arial, helvetica, sans-serif\">Sancions disciplin\u00e0ries de suspensi\u00f3 de sou<\/span><\/li>\n<li style=\"text-align: justify\"><span style=\"font-family: arial, helvetica, sans-serif\">Gaudiment de llic\u00e8ncies per assumptes propis, sense retribuci\u00f3<\/span><\/li>\n<li style=\"text-align: justify\"><span style=\"font-family: arial, helvetica, sans-serif\">Comissions <\/span><span style=\"font-family: arial, helvetica, sans-serif\">de serveis a altres entitats p\u00fabliques<\/span><\/li>\n<li style=\"text-align: justify\"><span style=\"font-family: arial, helvetica, sans-serif;color: #000000\">Entre altres&#8230;<\/span><\/li>\n<\/ul>\n<p style=\"text-align: justify\"><span style=\"font-family: arial, helvetica, sans-serif;color: #000000\">Cliqueu <a href=\"https:\/\/intradiba2.diba.cat\/documents\/28820141\/37532362\/Doc+4+actualitzaci%C3%B3+productivitat+Intradiba.pdf\/06026f3b-fcbb-4013-ba1e-41a3253502cd\"><span style=\"font-family: 'arial black', sans-serif;color: #0000ff\">aqu\u00ed<\/span><\/a> per veure tots els sup\u00f2sits.<\/span><\/p>\n<p><img loading=\"lazy\" decoding=\"async\" class=\"wp-image-5675 aligncenter\" src=\"http:\/\/ccoo.app\/diputacio-de-barcelona\/wp-content\/blogs.dir\/6\/files\/sites\/186\/2020\/04\/rescate-300x300.jpg\" alt=\"\" width=\"120\" height=\"120\" srcset=\"https:\/\/ccoo.app\/diputacio-de-barcelona\/wp-content\/blogs.dir\/6\/files\/sites\/186\/2020\/04\/rescate-300x300.jpg 300w, https:\/\/ccoo.app\/diputacio-de-barcelona\/wp-content\/blogs.dir\/6\/files\/sites\/186\/2020\/04\/rescate-1024x1024.jpg 1024w, https:\/\/ccoo.app\/diputacio-de-barcelona\/wp-content\/blogs.dir\/6\/files\/sites\/186\/2020\/04\/rescate-150x150.jpg 150w, https:\/\/ccoo.app\/diputacio-de-barcelona\/wp-content\/blogs.dir\/6\/files\/sites\/186\/2020\/04\/rescate-768x768.jpg 768w, https:\/\/ccoo.app\/diputacio-de-barcelona\/wp-content\/blogs.dir\/6\/files\/sites\/186\/2020\/04\/rescate.jpg 1300w\" sizes=\"auto, (max-width: 120px) 100vw, 120px\" \/><\/p>\n<p style=\"text-align: justify\"><span style=\"font-family: arial, helvetica, sans-serif;color: #000000\"><span style=\"font-size: 14pt\"><span style=\"font-family: arial, helvetica, sans-serif\"><span style=\"font-size: 18.6667px\"><b>CL\u00c0USULA<\/b><\/span><\/span><strong style=\"font-family: arial, helvetica, sans-serif;font-size: 14pt\">\u00a0DE RESCAT <\/strong><\/span><span style=\"font-family: arial, helvetica, sans-serif\">L&#8217;anomenada \u201c<\/span><em style=\"font-family: arial, helvetica, sans-serif\">cl\u00e0usula de rescat<\/em><span style=\"font-family: arial, helvetica, sans-serif\">\u201d es regula a l\u2019article 11 de l\u2019acord i permet que, tot i haver incomplert alguns requisits (nombre de dies, etc) no s&#8217;apliqui cap penalitzaci\u00f3. Per a que aix\u00f2 sigui possible, s&#8217;ha d&#8217;haver percebut el 100% de la paga l\u2019any immediatament anterior (es a dir no haver sigut penalitzat).\u00a0\u00a0<\/span><\/span><\/p>\n<p style=\"text-align: justify\"><span style=\"font-family: arial, helvetica, sans-serif;color: #000000\">CCOO hem demanat que a m\u00e9s de fer efectiu el 100% de la paga, en el moment de fer efectiva la \u00abclausula de rescat\u00bb es notifiqui a la persona afectada per a que ho tingui en compte de cara a l\u2019any seg\u00fcent pugui prendre les mesures que cregui m\u00e9s adient.<\/span><\/p>\n<p><img loading=\"lazy\" decoding=\"async\" class=\"wp-image-5247 aligncenter\" src=\"http:\/\/ccoo.app\/diputacio-de-barcelona\/wp-content\/blogs.dir\/6\/files\/sites\/186\/2020\/03\/info-covid-300x222.png\" alt=\"\" width=\"78\" height=\"58\" srcset=\"https:\/\/ccoo.app\/diputacio-de-barcelona\/wp-content\/blogs.dir\/6\/files\/sites\/186\/2020\/03\/info-covid-300x222.png 300w, https:\/\/ccoo.app\/diputacio-de-barcelona\/wp-content\/blogs.dir\/6\/files\/sites\/186\/2020\/03\/info-covid.png 443w\" sizes=\"auto, (max-width: 78px) 100vw, 78px\" \/><\/p>\n<p style=\"text-align: justify\"><span style=\"font-family: arial, helvetica, sans-serif;background-color: #ffff00\"><span style=\"color: #000000\">Quines afectacions econ\u00f2miques tenen les baixes m\u00e8diques per COVID o per\u00edodes d\u2019a\u00efllament preventiu en detectar-se simptomatologia?<\/span><span style=\"background-color: #ffffff\"> (<a href=\"https:\/\/diba.ccoo.cat\/fins-al-26-dabril-tot-segueix-igual-2\/\"><span style=\"font-family: 'arial black', sans-serif;color: #0000ff\"><strong>Cliqueu aqu\u00ed<\/strong><\/span><\/a><span style=\"font-family: 'arial black', sans-serif;color: #000000\"><span style=\"font-family: arial, helvetica, sans-serif\">)<\/span><\/span><\/span><\/span><\/p>\n<p style=\"text-align: justify\"><span style=\"font-family: 'arial black', sans-serif;color: #0000ff\"><a style=\"color: #0000ff\" href=\"http:\/\/ccoo.app\/diputacio-de-barcelona\/wp-content\/blogs.dir\/6\/files\/sites\/186\/2020\/01\/acord-signat-mgn-diba-modifica-normativa-complement-productivitat.pdf\"><strong>Cliqueu aqu\u00ed<\/strong><\/a><\/span><span style=\"font-family: arial, helvetica, sans-serif\"><span style=\"font-family: 'arial black', sans-serif;color: #0000ff\">\u00a0<\/span>per trobar l\u2019Acord de MGN del 29\/11\/2018 i veure tots els detalls<\/span><\/p>\n<p style=\"text-align: justify\"><span style=\"font-family: arial, helvetica, sans-serif\"><span style=\"font-family: 'arial black', sans-serif;color: #0000ff\"><a style=\"color: #0000ff\" href=\"https:\/\/diba.ccoo.cat\/wp-content\/uploads\/sites\/37\/2020\/01\/INTERPRETACI%C3%93-QAD.pdf\">Cliqueu aqu\u00ed<\/a>\u00a0<\/span>per veure guia per a la Interpretaci\u00f3 dels factors QAD<\/span><\/p>\n<p style=\"text-align: justify\"><span style=\"font-family: arial, helvetica, sans-serif\"><span style=\"font-family: 'arial black', sans-serif;color: #0000ff\"><a style=\"color: #0000ff\" href=\"http:\/\/ccoo.app\/diputacio-de-barcelona\/wp-content\/blogs.dir\/6\/files\/sites\/186\/2020\/01\/normativa-qad.pdf\">Cliqueu aqu\u00ed\u00a0<\/a><\/span>per veure Pla d\u2019avaluaci\u00f3 dels desenvolupament del lloc de treball.<\/span><\/p>\n<p style=\"text-align: left\">\n<p><img loading=\"lazy\" decoding=\"async\" class=\"wp-image-7636 aligncenter\" src=\"http:\/\/ccoo.app\/diputacio-de-barcelona\/wp-content\/blogs.dir\/6\/files\/sites\/186\/2021\/03\/som-la-teva-veu-300x168.png\" alt=\"\" width=\"95\" height=\"53\" srcset=\"https:\/\/ccoo.app\/diputacio-de-barcelona\/wp-content\/blogs.dir\/6\/files\/sites\/186\/2021\/03\/som-la-teva-veu-300x168.png 300w, https:\/\/ccoo.app\/diputacio-de-barcelona\/wp-content\/blogs.dir\/6\/files\/sites\/186\/2021\/03\/som-la-teva-veu.png 374w\" sizes=\"auto, (max-width: 95px) 100vw, 95px\" \/><\/p>\n<p style=\"text-align: left\"><span style=\"color: #000000\"><strong>Vols m\u00e9s informaci\u00f3?<\/strong> Llegeix Nota Informativa de CCOO clicant <a href=\"https:\/\/diba.ccoo.cat\/nota_informtaiva_19-4-2021\/\"><span style=\"color: #0000ff\"><strong>aqu\u00ed<\/strong><\/span><\/a>.<\/span><\/p>\n<p><img loading=\"lazy\" decoding=\"async\" class=\"wp-image-5184 aligncenter\" src=\"http:\/\/ccoo.app\/diputacio-de-barcelona\/wp-content\/blogs.dir\/6\/files\/sites\/186\/2020\/03\/i-de-info-300x300.jpg\" alt=\"\" width=\"70\" height=\"70\" srcset=\"https:\/\/ccoo.app\/diputacio-de-barcelona\/wp-content\/blogs.dir\/6\/files\/sites\/186\/2020\/03\/i-de-info-300x300.jpg 300w, https:\/\/ccoo.app\/diputacio-de-barcelona\/wp-content\/blogs.dir\/6\/files\/sites\/186\/2020\/03\/i-de-info-150x150.jpg 150w, https:\/\/ccoo.app\/diputacio-de-barcelona\/wp-content\/blogs.dir\/6\/files\/sites\/186\/2020\/03\/i-de-info.jpg 626w\" sizes=\"auto, (max-width: 70px) 100vw, 70px\" \/><\/p>\n<p style=\"text-align: center\"><span style=\"font-family: 'arial black', sans-serif;background-color: #ff0000;font-size: 24px;color: #ffff00\">TOTA LA INFORMACI\u00d3 QUE NECESSITES<\/span><\/p>\n<p style=\"text-align: justify\"><span style=\"font-family: arial, helvetica, sans-serif;color: #000000\">La\u00a0SECCI\u00d3 SINDICAL DE CCOO<strong>\u00a0seguim treballant<\/strong>\u00a0(de manera telem\u00e0tica) per poder\u00a0<strong>donar resposta a tots els dubtes<\/strong>\u00a0que tingueu o\u00a0<strong>solucionar els problemes que es puguin generar.<\/strong><\/span><\/p>\n<p style=\"text-align: center\"><span style=\"font-family: 'arial black', sans-serif;color: #0000ff\"><a style=\"color: #0000ff\" href=\"mailto:ccoo@diba.cat\"><strong>ccoo@diba.cat<\/strong><\/a><\/span><\/p>\n<p style=\"text-align: center\"><span style=\"font-family: 'arial black', sans-serif;color: #0000ff\"><a style=\"color: #0000ff\" href=\"mailto:orgt.ssccoo@diba.cat\">orgt.ssccoo@diba.cat<\/a><\/span><\/p>\n<p style=\"text-align: justify\"><span style=\"font-family: arial, helvetica, sans-serif;color: #000000\">Podeu fer-nos arribar les vostres preguntes o dubtes. O si ho desitgeu, deixeu el vostre n\u00famero de tel\u00e8fon i ens posarem en contacte amb vosaltres.<\/span><\/p>\n<p style=\"text-align: justify\"><span style=\"font-family: arial, helvetica, sans-serif;color: #000000\">Tamb\u00e9 obtindreu informaci\u00f3 dia a dia a les xarxes socials:\u00a0<span style=\"font-family: 'arial black', sans-serif;color: #0000ff\"><a style=\"color: #0000ff\" href=\"https:\/\/twitter.com\/CCOODiba\">Twitter<\/a><\/span>\u00a0i\u00a0<span style=\"color: #0000ff;font-family: 'arial black', sans-serif\"><a style=\"color: #0000ff\" href=\"https:\/\/www.facebook.com\/CcooDiputacioDeBarcelona\/\">Facebook.<\/a><\/span><\/span><\/p>\n<p style=\"text-align: justify\"><span style=\"font-family: arial, helvetica, sans-serif;color: #000000\">Recordeu que actualitzem constantment la nostra p\u00e0gina\u00a0<span style=\"color: #0000ff;font-family: 'arial black', sans-serif\"><a style=\"color: #0000ff\" href=\"https:\/\/diba.ccoo.cat\/\">web<\/a><\/span><\/span><\/p>\n<p style=\"text-align: justify\"><span style=\"font-family: arial, helvetica, sans-serif;color: #000000\"><img loading=\"lazy\" decoding=\"async\" class=\"wp-image-5130 aligncenter\" src=\"http:\/\/ccoo.app\/diputacio-de-barcelona\/wp-content\/blogs.dir\/6\/files\/sites\/186\/2020\/03\/diba-300x300.jpg\" alt=\"\" width=\"102\" height=\"102\" srcset=\"https:\/\/ccoo.app\/diputacio-de-barcelona\/wp-content\/blogs.dir\/6\/files\/sites\/186\/2020\/03\/diba-300x300.jpg 300w, https:\/\/ccoo.app\/diputacio-de-barcelona\/wp-content\/blogs.dir\/6\/files\/sites\/186\/2020\/03\/diba-150x150.jpg 150w, https:\/\/ccoo.app\/diputacio-de-barcelona\/wp-content\/blogs.dir\/6\/files\/sites\/186\/2020\/03\/diba.jpg 400w\" sizes=\"auto, (max-width: 102px) 100vw, 102px\" \/><\/span><\/p>\n<p style=\"text-align: center\"><span style=\"font-family: 'arial black', sans-serif;color: #000000;font-size: 20px\">INFORMACI\u00d3 CORPORATIVA\u00a0<\/span><\/p>\n<p style=\"text-align: justify\"><span style=\"font-family: arial, helvetica, sans-serif;color: #000000\">En termes generals \u00e9s important que:<\/span><\/p>\n<ul style=\"text-align: justify\">\n<li><span style=\"font-family: arial, helvetica, sans-serif;color: #000000\">Us mantingueu informats de les directrius i mesures que vagi adoptant la Diputaci\u00f3 de Barcelona mitjan\u00e7ant\u00a0<strong>correu corporatiu<\/strong>\u00a0i\u00a0<strong>intradiba<\/strong>\u00a0(<a style=\"color: #000000\" href=\"https:\/\/dibaaps.diba.cat\/vus\/login.asp\">cliqueu <span style=\"font-family: 'arial black', sans-serif;color: #0000ff\">aqu\u00ed<\/span><\/a>)<\/span><\/li>\n<li><span style=\"font-family: arial, helvetica, sans-serif;color: #000000\">Estigueu pendents CONSTANTMENT de les directrius que us puguin fer arribar el vostres comandaments<\/span><\/li>\n<\/ul>\n<p style=\"text-align: justify\"><span style=\"font-family: arial, helvetica, sans-serif;color: #000000\"><img loading=\"lazy\" decoding=\"async\" class=\"wp-image-5131 aligncenter\" src=\"http:\/\/ccoo.app\/diputacio-de-barcelona\/wp-content\/blogs.dir\/6\/files\/sites\/186\/2020\/03\/ccoo-catalunya-300x123.jpg\" alt=\"\" width=\"193\" height=\"79\" srcset=\"https:\/\/ccoo.app\/diputacio-de-barcelona\/wp-content\/blogs.dir\/6\/files\/sites\/186\/2020\/03\/ccoo-catalunya-300x123.jpg 300w, https:\/\/ccoo.app\/diputacio-de-barcelona\/wp-content\/blogs.dir\/6\/files\/sites\/186\/2020\/03\/ccoo-catalunya.jpg 350w\" sizes=\"auto, (max-width: 193px) 100vw, 193px\" \/><\/span><\/p>\n<p style=\"text-align: center\"><span style=\"font-family: 'arial black', sans-serif;color: #000000;font-size: 20px\">TOTA LA INFORMACI\u00d3 A CCOO CATALUNYA<\/span><\/p>\n<ul>\n<li style=\"text-align: justify\"><span style=\"font-family: arial, helvetica, sans-serif;color: #000000\"><span class=\"css-901oao css-16my406 r-1qd0xha r-ad9z0x r-bcqeeo r-qvutc0\">Preguntes freq\u00fcents sobre el Coronavirus i l\u2019\u00e0mbit laboral:<span style=\"font-family: 'arial black', sans-serif;color: #0000ff\">\u00a0<\/span><\/span><span style=\"font-family: 'arial black', sans-serif;color: #0000ff\"><a class=\"css-4rbku5 css-18t94o4 css-901oao css-16my406 r-1n1174f r-1loqt21 r-1qd0xha r-ad9z0x r-bcqeeo r-qvutc0\" style=\"color: #0000ff\" title=\"http:\/\/consultacoronavirus.ccoo.cat\" role=\"link\" href=\"https:\/\/t.co\/Xrpj3V7Bz3?amp=1\" target=\"_blank\" rel=\"noopener noreferrer\" data-focusable=\"true\"><span class=\"css-901oao css-16my406 r-1qd0xha r-hiw28u r-ad9z0x r-bcqeeo r-qvutc0\" aria-hidden=\"true\">http:\/\/<\/span>consultacoronavirus.ccoo.cat<\/a><\/span><\/span><\/li>\n<li style=\"text-align: justify\"><span style=\"font-family: arial, helvetica, sans-serif;color: #000000\">Recull de totes les informacions ordenades sobre\u00a0<strong>l\u2019evoluci\u00f3 del coronavirus COVID-19 respecte del m\u00f3n del treball:\u00a0<span style=\"font-family: 'arial black', sans-serif;color: #0000ff\"><a style=\"color: #0000ff\" href=\"https:\/\/www.ccoo.cat\/aspnet\/coronavirus.aspx\">https:\/\/www.ccoo.cat\/aspnet\/coronavirus.aspx<\/a><\/span><\/strong><\/span><\/li>\n<\/ul>\n<p><iframe loading=\"lazy\" title=\"Aunque no nos podemos tocar, estamos juntos\" width=\"1200\" height=\"675\" src=\"https:\/\/www.youtube.com\/embed\/rKrw7OFWXoI?feature=oembed\" frameborder=\"0\" allow=\"accelerometer; autoplay; clipboard-write; encrypted-media; gyroscope; picture-in-picture; web-share\" allowfullscreen><\/iframe><\/p>\n<p><a href=\"https:\/\/diba.ccoo.cat\/tambe-a-la-diputacio-no-es-no\/\"><img loading=\"lazy\" decoding=\"async\" class=\"wp-image-3043 aligncenter\" src=\"http:\/\/ccoo.app\/diputacio-de-barcelona\/wp-content\/blogs.dir\/6\/files\/sites\/186\/2018\/12\/ffffffffffffffffffff-1-300x108.png\" alt=\"\" width=\"231\" height=\"83\" srcset=\"https:\/\/ccoo.app\/diputacio-de-barcelona\/wp-content\/blogs.dir\/6\/files\/sites\/186\/2018\/12\/ffffffffffffffffffff-1-300x108.png 300w, https:\/\/ccoo.app\/diputacio-de-barcelona\/wp-content\/blogs.dir\/6\/files\/sites\/186\/2018\/12\/ffffffffffffffffffff-1.png 686w\" sizes=\"auto, (max-width: 231px) 100vw, 231px\" \/><\/a>    \t<\/p>\n","protected":false},"excerpt":{"rendered":"<p>PRODUCTIVITAT ANUAL 2021 (CONEGUDA COM A PAGA D&#8217;ABRIL O D&#8217;ASSIDU\u00cfTAT) Augmenta en 553,56 \u20ac des del 2015 fins ara -19 d&#8217;abril de 2021- Al full de salari, trobareu aquest concepte &#8230; <\/p>\n<p class=\"read-more-container\"><a title=\"INCREMENT DE LA PRODUCTIVITAT ANUAL (A LA PAGA D&#8217;ABRIL 2021)\" class=\"read-more button\" href=\"https:\/\/ccoo.app\/diputacio-de-barcelona\/productivitat-anual-assiduitat-2020-2\/#more-49711\" aria-label=\"Leer m\u00e1s sobre INCREMENT DE LA PRODUCTIVITAT ANUAL (A LA PAGA D&#8217;ABRIL 2021)\">Continuar llegint<\/a><\/p>\n","protected":false},"author":4519,"featured_media":49712,"comment_status":"open","ping_status":"open","sticky":false,"template":"","format":"standard","meta":{"footnotes":""},"categories":[18],"tags":[168,194,208],"class_list":["post-49711","post","type-post","status-publish","format-standard","has-post-thumbnail","hentry","category-ccoo-info","tag-paga-dassiduitat","tag-productivitat","tag-paga-productivitat","generate-columns","tablet-grid-50","mobile-grid-100","grid-parent","grid-50"],"_links":{"self":[{"href":"https:\/\/ccoo.app\/diputacio-de-barcelona\/wp-json\/wp\/v2\/posts\/49711","targetHints":{"allow":["GET"]}}],"collection":[{"href":"https:\/\/ccoo.app\/diputacio-de-barcelona\/wp-json\/wp\/v2\/posts"}],"about":[{"href":"https:\/\/ccoo.app\/diputacio-de-barcelona\/wp-json\/wp\/v2\/types\/post"}],"author":[{"embeddable":true,"href":"https:\/\/ccoo.app\/diputacio-de-barcelona\/wp-json\/wp\/v2\/users\/4519"}],"replies":[{"embeddable":true,"href":"https:\/\/ccoo.app\/diputacio-de-barcelona\/wp-json\/wp\/v2\/comments?post=49711"}],"version-history":[{"count":1,"href":"https:\/\/ccoo.app\/diputacio-de-barcelona\/wp-json\/wp\/v2\/posts\/49711\/revisions"}],"predecessor-version":[{"id":50772,"href":"https:\/\/ccoo.app\/diputacio-de-barcelona\/wp-json\/wp\/v2\/posts\/49711\/revisions\/50772"}],"wp:featuredmedia":[{"embeddable":true,"href":"https:\/\/ccoo.app\/diputacio-de-barcelona\/wp-json\/wp\/v2\/media\/49712"}],"wp:attachment":[{"href":"https:\/\/ccoo.app\/diputacio-de-barcelona\/wp-json\/wp\/v2\/media?parent=49711"}],"wp:term":[{"taxonomy":"category","embeddable":true,"href":"https:\/\/ccoo.app\/diputacio-de-barcelona\/wp-json\/wp\/v2\/categories?post=49711"},{"taxonomy":"post_tag","embeddable":true,"href":"https:\/\/ccoo.app\/diputacio-de-barcelona\/wp-json\/wp\/v2\/tags?post=49711"}],"curies":[{"name":"wp","href":"https:\/\/api.w.org\/{rel}","templated":true}]}}