{"id":49700,"date":"2021-04-18T10:20:07","date_gmt":"2021-04-18T09:20:07","guid":{"rendered":"https:\/\/diba.ccoo.cat\/?p=49700"},"modified":"2023-10-17T16:30:13","modified_gmt":"2023-10-17T14:30:13","slug":"ccoo-visitem-centres-de-treball","status":"publish","type":"post","link":"https:\/\/ccoo.app\/diputacio-de-barcelona\/ccoo-visitem-centres-de-treball\/","title":{"rendered":"CCOO-DIBA VISITEM M\u00c9S DE 60 CENTRES DE TREBALL DES DE PRINCIPI DE L&#8217;ANY 2021"},"content":{"rendered":"<p><a href=\"https:\/\/diba.ccoo.cat\/\"><img loading=\"lazy\" decoding=\"async\" class=\"wp-image-5909 aligncenter\" src=\"http:\/\/ccoo.app\/diputacio-de-barcelona\/wp-content\/blogs.dir\/6\/files\/sites\/186\/2020\/05\/nota-1-300x86.png\" alt=\"\" width=\"92\" height=\"27\" srcset=\"https:\/\/ccoo.app\/diputacio-de-barcelona\/wp-content\/blogs.dir\/6\/files\/sites\/186\/2020\/05\/nota-1-300x86.png 300w, https:\/\/ccoo.app\/diputacio-de-barcelona\/wp-content\/blogs.dir\/6\/files\/sites\/186\/2020\/05\/nota-1.png 339w\" sizes=\"auto, (max-width: 92px) 100vw, 92px\" \/><\/a><\/p>\n<p class=\"wp-caption-text\"><a href=\"https:\/\/diba.ccoo.cat\/\"><img loading=\"lazy\" decoding=\"async\" class=\"wp-image-1853 aligncenter\" src=\"http:\/\/ccoo.app\/diputacio-de-barcelona\/wp-content\/blogs.dir\/6\/files\/sites\/186\/2018\/01\/logoccoov18.jpg\" alt=\"\" width=\"240\" height=\"110\" \/><\/a><\/p>\n<p><a href=\"http:\/\/ccoo.app\/diputacio-de-barcelona\/wp-content\/blogs.dir\/6\/files\/sites\/186\/2021\/04\/def-plafo-proposta-comunicat-ccoo-16-04-2021-003.docx\"><img loading=\"lazy\" decoding=\"async\" class=\"wp-image-5910 aligncenter\" src=\"http:\/\/ccoo.app\/diputacio-de-barcelona\/wp-content\/blogs.dir\/6\/files\/sites\/186\/2020\/05\/nota-3-300x83.png\" alt=\"\" width=\"90\" height=\"25\" srcset=\"https:\/\/ccoo.app\/diputacio-de-barcelona\/wp-content\/blogs.dir\/6\/files\/sites\/186\/2020\/05\/nota-3-300x83.png 300w, https:\/\/ccoo.app\/diputacio-de-barcelona\/wp-content\/blogs.dir\/6\/files\/sites\/186\/2020\/05\/nota-3.png 337w\" sizes=\"auto, (max-width: 90px) 100vw, 90px\" \/><\/a><\/p>\n<p style=\"text-align: center\"><span style=\"font-family: 'arial black', sans-serif;color: #0000ff;font-size: 24px\">CCOO-DIBA CONTINUEM VISITANT ELS CENTRES DE TREBALL<\/span><\/p>\n<p style=\"text-align: center\"><span style=\"color: #000000\"><span style=\"color: #000000;font-family: arial black, sans-serif\"><span style=\"font-size: 20px\">VISITEM M\u00c9S DE 60 CENTRES DE TREBALL DES DE PRINCIPI DE L&#8217;ANY 2021<\/span><\/span><\/span><\/p>\n<p style=\"text-align: center\"><span style=\"font-family: arial, helvetica, sans-serif;font-size: 14px;color: #000000\">&#8211; 19 d&#8217;abril de 2021-<\/span><\/p>\n<p>\u00a0<\/p>\n<p style=\"text-align: left\"><span style=\"color: #000000\"><strong><u>PAND\u00c8MIA I MESURES DE PROTECCI\u00d3: CCOO VISITEM ELS CENTRES DE TREBALL<\/u><\/strong><\/span><\/p>\n<p style=\"text-align: left\"><span style=\"color: #000000\">Des de <strong>CCOO ens prenem molt seriosament la protecci\u00f3 i la salut dels treballadores i treballadors<\/strong> davant la COVID-19 i \u00e9s per aix\u00f2 que venim desenvolupant una intensa feina revisant els centres de treball i comprovant que totes aquelles mesures de protecci\u00f3 s\u2019estan posant en pr\u00e0ctica per part de la corporaci\u00f3.<\/span><\/p>\n<p style=\"text-align: left\"><span style=\"color: #000000\">Des de comen\u00e7ament de la pand\u00e8mia <strong>hem visitat centenars de centres (Barcelona ciutat, Parcs Naturals, Centres de Conservaci\u00f3 de Carreteres o oficines de l\u2019ORGT, <\/strong>entre d\u2019altres). Al nostre perfil d\u2019<em>Instagram<\/em> en podeu fer el seguiment: <span style=\"color: #0000ff\"><strong><a style=\"color: #0000ff\" href=\"https:\/\/www.instagram.com\/ccoo_diba\/\">@ccoo_diba<\/a><\/strong><\/span><\/span><\/p>\n<p style=\"text-align: left\"><span style=\"color: #000000\">Tot i que \u00e9s cert que per part de la corporaci\u00f3 s\u2019ha fet un esfor\u00e7 per tal de garantir la seguretat de tot el personal, <strong>anem detectant defici\u00e8ncies les quals posem en coneixement dels respectius responsables<\/strong>. En aquest sentit, quedem a la vostra disposici\u00f3 per si teniu cap dubte o desitgeu que visitem el vostre centre de treball (<span style=\"color: #0000ff\"><strong><a style=\"color: #0000ff\" href=\"mailto:ccoo@diba.cat\">ccoo@diba.cat<\/a><\/strong><\/span>).<\/span><\/p>\n<p><img loading=\"lazy\" decoding=\"async\" class=\"size-medium wp-image-49706 aligncenter\" src=\"http:\/\/ccoo.app\/diputacio-de-barcelona\/wp-content\/blogs.dir\/6\/files\/sites\/186\/2021\/04\/delegats-foto-300x203.png\" alt=\"\" width=\"300\" height=\"203\" srcset=\"https:\/\/ccoo.app\/diputacio-de-barcelona\/wp-content\/blogs.dir\/6\/files\/sites\/186\/2021\/04\/delegats-foto-300x203.png 300w, https:\/\/ccoo.app\/diputacio-de-barcelona\/wp-content\/blogs.dir\/6\/files\/sites\/186\/2021\/04\/delegats-foto.png 587w\" sizes=\"auto, (max-width: 300px) 100vw, 300px\" \/><\/p>\n<h3 style=\"text-align: center\"><span style=\"color: #0000ff\"><strong>LLISTAT CENTRES VISITATS <\/strong><\/span><\/h3>\n<h5 style=\"text-align: center\"><strong>CLIQUEU SOBRE LA DATA PER A VEURE FOTOS<\/strong><\/h5>\n<p><strong><span style=\"color: #000000\">GENER:<\/span><\/strong><\/p>\n<ul>\n<li><span style=\"color: #000000\"><span style=\"color: #0000ff\"><strong><a style=\"color: #0000ff\" href=\"https:\/\/www.instagram.com\/p\/CJoBv4Rl9n3\/\">04\/01<\/a><\/strong><\/span>: ORGT (Cerdanyola i Sant Cugat)<\/span><\/li>\n<li><span style=\"color: #000000\"><a href=\"https:\/\/www.instagram.com\/p\/CJqSvuRFd1e\/\"><strong><span style=\"color: #0000ff\">05\/01<\/span><\/strong><\/a>: ORGT (Hospitalet de Llobregat)<\/span><\/li>\n<li><span style=\"color: #000000\"><a href=\"https:\/\/www.instagram.com\/p\/CJyDOYSFhG6\/\"><span style=\"color: #0000ff\"><strong>08\/01<\/strong><\/span><\/a>: ORGT (Montgat, Santa Eul\u00e0lia de Ron\u00e7ana, Vacarisses I PIC del Masnou)<\/span><\/li>\n<li><span style=\"color: #000000\"><a href=\"https:\/\/www.instagram.com\/p\/CJ-1-VNlWNF\/\"><strong><span style=\"color: #0000ff\">13\/01<\/span><\/strong><\/a>: ORGT (Igualada)<\/span><\/li>\n<li><span style=\"color: #000000\"><a href=\"https:\/\/www.instagram.com\/p\/CKD_B7XlEIE\/\"><strong><span style=\"color: #0000ff\">15\/01<\/span><\/strong><\/a>: Parc Natural la Pleta, oficines de l&#8217;ORGT (Gav\u00e0, Viladecans, el Prat del Llobregat i Viladecans) i <a href=\"https:\/\/www.instagram.com\/p\/CKN8I78l5rK\/\"><strong><span style=\"color: #0000ff\">Biblioteca de Viladecans<\/span><\/strong><\/a><\/span><\/li>\n<li><span style=\"color: #000000\">19\/01: ORGT (Hospitalet Llobregat)<\/span><\/li>\n<li><span style=\"color: #000000\"><a href=\"https:\/\/www.instagram.com\/p\/CKQi_UqFZXs\/\"><strong><span style=\"color: #0000ff\">20\/01<\/span><\/strong><\/a>: ORGT (Sant Adri\u00e0 del Besos, Santa Coloma de Gramenet i Rub\u00ed)<\/span><\/li>\n<li><span style=\"color: #000000\"><a href=\"https:\/\/www.instagram.com\/p\/CKdczujFOcc\/\"><strong><span style=\"color: #0000ff\">25\/01<\/span><\/strong><\/a>: Nau de Sant Celoni del Parc Natural del Montseny<\/span><\/li>\n<li><span style=\"color: #000000\"><a href=\"https:\/\/www.instagram.com\/p\/CKjECEZFHx6\/\"><strong><span style=\"color: #0000ff\">27\/01<\/span><\/strong><\/a>: ORGT (Matar\u00f3 i Hospitalet de Llobregat)<\/span><\/li>\n<\/ul>\n<p><img loading=\"lazy\" decoding=\"async\" class=\"size-medium wp-image-49705 aligncenter\" src=\"http:\/\/ccoo.app\/diputacio-de-barcelona\/wp-content\/blogs.dir\/6\/files\/sites\/186\/2021\/04\/spott-foto-300x191.png\" alt=\"\" width=\"300\" height=\"191\" srcset=\"https:\/\/ccoo.app\/diputacio-de-barcelona\/wp-content\/blogs.dir\/6\/files\/sites\/186\/2021\/04\/spott-foto-300x191.png 300w, https:\/\/ccoo.app\/diputacio-de-barcelona\/wp-content\/blogs.dir\/6\/files\/sites\/186\/2021\/04\/spott-foto.png 559w\" sizes=\"auto, (max-width: 300px) 100vw, 300px\" \/><\/p>\n<p><strong><span style=\"color: #000000\">FEBRER:<\/span><\/strong><\/p>\n<ul>\n<li><span style=\"color: #000000\"><a href=\"https:\/\/www.instagram.com\/p\/CK6dDP2FaHq\/\"><strong><span style=\"color: #0000ff\">04\/02<\/span><\/strong><\/a>: Bonnemaison, Centre SPOTT, Casa Caritat i ORGT (Rub\u00ed)<\/span><\/li>\n<li><span style=\"color: #000000\"><a href=\"https:\/\/www.instagram.com\/p\/CMzG7QPlY0p\/\"><strong><span style=\"color: #0000ff\">08\/02<\/span><\/strong><\/a>: SPOTT<\/span><\/li>\n<li><span style=\"color: #000000\"><a href=\"https:\/\/www.instagram.com\/p\/CLGn-P7F2QR\/\"><strong><span style=\"color: #0000ff\">09\/02<\/span><\/strong><\/a>: Can Serra (Llibreria), Minerva i centre de Diagonal 365<\/span><\/li>\n<li><span style=\"color: #000000\"><a href=\"https:\/\/www.instagram.com\/p\/CMzG7QPlY0p\/\"><strong><span style=\"color: #0000ff\">16\/02<\/span><\/strong><\/a>: ORGT (Sant Andreu de Llavaneres i el Masnou)<\/span><\/li>\n<li><span style=\"color: #000000\"><a href=\"https:\/\/www.instagram.com\/p\/CMzG7QPlY0p\/\"><strong><span style=\"color: #0000ff\">18\/02<\/span><\/strong><\/a>: Centre SPOTT<\/span><\/li>\n<li><span style=\"color: #000000\"><a href=\"https:\/\/www.instagram.com\/p\/CMzG7QPlY0p\/\"><strong><span style=\"color: #0000ff\">23\/02<\/span><\/strong><\/a>: ORGT (Polinya i Santa Eulalia de Ron\u00e7ana)<\/span><\/li>\n<\/ul>\n<p><img loading=\"lazy\" decoding=\"async\" class=\"wp-image-49704 aligncenter\" src=\"http:\/\/ccoo.app\/diputacio-de-barcelona\/wp-content\/blogs.dir\/6\/files\/sites\/186\/2021\/04\/spott-300x292.png\" alt=\"\" width=\"175\" height=\"170\" srcset=\"https:\/\/ccoo.app\/diputacio-de-barcelona\/wp-content\/blogs.dir\/6\/files\/sites\/186\/2021\/04\/spott-300x292.png 300w, https:\/\/ccoo.app\/diputacio-de-barcelona\/wp-content\/blogs.dir\/6\/files\/sites\/186\/2021\/04\/spott.png 548w\" sizes=\"auto, (max-width: 175px) 100vw, 175px\" \/><\/p>\n<p><strong><span style=\"color: #000000\">MAR\u00c7:<\/span><\/strong><\/p>\n<ul>\n<li><span style=\"color: #000000\"><a href=\"https:\/\/www.instagram.com\/p\/CNcQHxTFE4K\/\"><strong><span style=\"color: #0000ff\">02\/03<\/span><\/strong><\/a>; ORGT (Sant Feliu, CIT\u00a0 de Mejia Lequerica, Mestral i Central) i Arxiu<\/span><\/li>\n<li><span style=\"color: #000000\"><a href=\"https:\/\/www.instagram.com\/p\/CNcQHxTFE4K\/\"><strong><span style=\"color: #0000ff\">04\/03<\/span><\/strong><\/a>: ORGT (La Garriga i Canovelles)<\/span><\/li>\n<li><span style=\"color: #000000\"><a href=\"https:\/\/www.instagram.com\/p\/CNcQHxTFE4K\/\"><strong><span style=\"color: #0000ff\">10\/03<\/span><\/strong><\/a>: ORGT (Sant Cugat,\u00a0 Rub\u00ed, Alella, Arenys de Munt, Malgrat de Mar i PIC de Santa Susana)<\/span><\/li>\n<li><span style=\"color: #000000\"><a href=\"https:\/\/www.instagram.com\/p\/CNcQHxTFE4K\/\"><strong><span style=\"color: #0000ff\">15\/03<\/span><\/strong><\/a>: ORGT (Montgat i Vacarisses)<\/span><\/li>\n<li><span style=\"color: #000000\"><a href=\"https:\/\/www.instagram.com\/p\/CNcQHxTFE4K\/\"><strong><span style=\"color: #0000ff\">16\/03<\/span><\/strong><\/a>: Escola Industrial (Rellotge, Carteria, Reprografia, Brigada de manteniment, Edifici 25, etc)<\/span><\/li>\n<li><span style=\"color: #000000\"><a href=\"https:\/\/www.instagram.com\/p\/CNcQHxTFE4K\/\"><strong><span style=\"color: #0000ff\">17\/03<\/span><\/strong><\/a>: ORGT (Sant Quirze, Badia del Vall\u00e9s, Torell\u00f3, Cerdanyola, Vic, Ripollet i Montcada i Reixach)<\/span><\/li>\n<li><span style=\"color: #000000\"><a href=\"https:\/\/www.instagram.com\/p\/CNcQHxTFE4K\/\"><strong><span style=\"color: #0000ff\">24\/03<\/span><\/strong><\/a>: ORGT (Viladecans, Sant Boi, Sant Joan Desp\u00ed i Sant Just)<\/span><\/li>\n<li><span style=\"color: #000000\"><a href=\"https:\/\/www.instagram.com\/p\/CNcQHxTFE4K\/\"><strong><span style=\"color: #0000ff\">25\/03<\/span><\/strong><\/a>: RESPIR Mundet<\/span><\/li>\n<\/ul>\n<p><img loading=\"lazy\" decoding=\"async\" class=\"wp-image-49703 aligncenter\" src=\"http:\/\/ccoo.app\/diputacio-de-barcelona\/wp-content\/blogs.dir\/6\/files\/sites\/186\/2021\/04\/xbm-foto-300x204.png\" alt=\"\" width=\"226\" height=\"154\" srcset=\"https:\/\/ccoo.app\/diputacio-de-barcelona\/wp-content\/blogs.dir\/6\/files\/sites\/186\/2021\/04\/xbm-foto-300x204.png 300w, https:\/\/ccoo.app\/diputacio-de-barcelona\/wp-content\/blogs.dir\/6\/files\/sites\/186\/2021\/04\/xbm-foto.png 513w\" sizes=\"auto, (max-width: 226px) 100vw, 226px\" \/><\/p>\n<p><strong><span style=\"color: #000000\">ABRIL:<\/span><\/strong><\/p>\n<ul>\n<li><span style=\"color: #000000\">07\/04: ORGT (Sentmenat, Santa Perpetua, La Llagosta i Mollet)<\/span><\/li>\n<li><span style=\"color: #000000\">09\/04: Edifici Paranimf<\/span><\/li>\n<li><span style=\"color: #000000\">12\/04: Can Serra (carteria i Llibreria) i edifici Minerva,<\/span><\/li>\n<\/ul>\n<p><img loading=\"lazy\" decoding=\"async\" class=\"size-medium wp-image-49702 aligncenter\" src=\"http:\/\/ccoo.app\/diputacio-de-barcelona\/wp-content\/blogs.dir\/6\/files\/sites\/186\/2021\/04\/paranimf-diba-foto-300x222.jpg\" alt=\"\" width=\"300\" height=\"222\" srcset=\"https:\/\/ccoo.app\/diputacio-de-barcelona\/wp-content\/blogs.dir\/6\/files\/sites\/186\/2021\/04\/paranimf-diba-foto-300x222.jpg 300w, https:\/\/ccoo.app\/diputacio-de-barcelona\/wp-content\/blogs.dir\/6\/files\/sites\/186\/2021\/04\/paranimf-diba-foto-768x568.jpg 768w, https:\/\/ccoo.app\/diputacio-de-barcelona\/wp-content\/blogs.dir\/6\/files\/sites\/186\/2021\/04\/paranimf-diba-foto.jpg 1000w\" sizes=\"auto, (max-width: 300px) 100vw, 300px\" \/><\/p>\n<p>\u00a0<\/p>\n<p>Recorda que l&#8217;any 2020, CCOO-Diba vam visitar m\u00e9s de 140 centres (clica <strong><span style=\"color: #0000ff\">aqu\u00ed<\/span><\/strong>).<\/p>\n<p><img loading=\"lazy\" decoding=\"async\" class=\"wp-image-5198 aligncenter\" src=\"http:\/\/ccoo.app\/diputacio-de-barcelona\/wp-content\/blogs.dir\/6\/files\/sites\/186\/2020\/03\/prevencio-ccoo-300x300.png\" alt=\"\" width=\"145\" height=\"145\" srcset=\"https:\/\/ccoo.app\/diputacio-de-barcelona\/wp-content\/blogs.dir\/6\/files\/sites\/186\/2020\/03\/prevencio-ccoo-300x300.png 300w, https:\/\/ccoo.app\/diputacio-de-barcelona\/wp-content\/blogs.dir\/6\/files\/sites\/186\/2020\/03\/prevencio-ccoo-150x150.png 150w, https:\/\/ccoo.app\/diputacio-de-barcelona\/wp-content\/blogs.dir\/6\/files\/sites\/186\/2020\/03\/prevencio-ccoo.png 400w\" sizes=\"auto, (max-width: 145px) 100vw, 145px\" \/><\/p>\n<p style=\"text-align: center\"><span style=\"color: #000000\"><strong>CCOO-Diba entenem que el sindicalisme va molt m\u00e9s enll\u00e0 de les paraules i dels comunicats. Les hores sindicals serveixen tamb\u00e9, i sobretot, per estar al costat dels companys i companyes en el centres de treball.<\/strong><\/span><\/p>\n<h4 style=\"text-align: center\"><span style=\"color: #000000\"><strong>CCOO-DIBA SEMPRE AL TEU COSTAT!<\/strong><\/span><\/h4>\n<p>\u00a0<\/p>\n<p><img loading=\"lazy\" decoding=\"async\" class=\"wp-image-5912 aligncenter\" src=\"http:\/\/ccoo.app\/diputacio-de-barcelona\/wp-content\/blogs.dir\/6\/files\/sites\/186\/2020\/05\/nota-2-300x86.png\" alt=\"\" width=\"98\" height=\"28\" srcset=\"https:\/\/ccoo.app\/diputacio-de-barcelona\/wp-content\/blogs.dir\/6\/files\/sites\/186\/2020\/05\/nota-2-300x86.png 300w, https:\/\/ccoo.app\/diputacio-de-barcelona\/wp-content\/blogs.dir\/6\/files\/sites\/186\/2020\/05\/nota-2.png 337w\" sizes=\"auto, (max-width: 98px) 100vw, 98px\" \/><\/p>\n<p style=\"text-align: center\"><img loading=\"lazy\" decoding=\"async\" class=\"wp-image-5184 aligncenter\" src=\"http:\/\/ccoo.app\/diputacio-de-barcelona\/wp-content\/blogs.dir\/6\/files\/sites\/186\/2020\/03\/i-de-info-300x300.jpg\" alt=\"\" width=\"72\" height=\"72\" srcset=\"https:\/\/ccoo.app\/diputacio-de-barcelona\/wp-content\/blogs.dir\/6\/files\/sites\/186\/2020\/03\/i-de-info-300x300.jpg 300w, https:\/\/ccoo.app\/diputacio-de-barcelona\/wp-content\/blogs.dir\/6\/files\/sites\/186\/2020\/03\/i-de-info-150x150.jpg 150w, https:\/\/ccoo.app\/diputacio-de-barcelona\/wp-content\/blogs.dir\/6\/files\/sites\/186\/2020\/03\/i-de-info.jpg 626w\" sizes=\"auto, (max-width: 72px) 100vw, 72px\" \/><span style=\"font-family: 'arial black', sans-serif;font-size: 20px;color: #ffff00;background-color: #ff0000\">TOTA LA INFORMACI\u00d3 SINDICAL QUE NECESSITES<\/span><\/p>\n<p><img loading=\"lazy\" decoding=\"async\" class=\"wp-image-5913 aligncenter\" src=\"http:\/\/ccoo.app\/diputacio-de-barcelona\/wp-content\/blogs.dir\/6\/files\/sites\/186\/2020\/05\/telefono-300x300.jpg\" alt=\"\" width=\"59\" height=\"59\" srcset=\"https:\/\/ccoo.app\/diputacio-de-barcelona\/wp-content\/blogs.dir\/6\/files\/sites\/186\/2020\/05\/telefono-300x300.jpg 300w, https:\/\/ccoo.app\/diputacio-de-barcelona\/wp-content\/blogs.dir\/6\/files\/sites\/186\/2020\/05\/telefono-150x150.jpg 150w, https:\/\/ccoo.app\/diputacio-de-barcelona\/wp-content\/blogs.dir\/6\/files\/sites\/186\/2020\/05\/telefono.jpg 600w\" sizes=\"auto, (max-width: 59px) 100vw, 59px\" \/><\/p>\n<p style=\"text-align: center\"><span style=\"font-family: 'arial black', sans-serif;color: #000000\">DE DILLUNS A DIVENDRES<\/span><\/p>\n<p style=\"text-align: center\"><span style=\"font-family: 'arial black', sans-serif;color: #000000;background-color: #ffff00\">DE 10:00 A 14:30 i DE 17:00 A 19:00\u00a0<\/span><\/p>\n<p style=\"text-align: center\"><span style=\"font-family: 'arial black', sans-serif;color: #ff0000\">93.402.29.85 \u2013 22985 \u2013 667 90 69 64<\/span><\/p>\n<p><img loading=\"lazy\" decoding=\"async\" class=\"wp-image-5553 aligncenter\" src=\"http:\/\/ccoo.app\/diputacio-de-barcelona\/wp-content\/blogs.dir\/6\/files\/sites\/186\/2020\/04\/mail-foto-300x200.jpg\" alt=\"\" width=\"59\" height=\"39\" srcset=\"https:\/\/ccoo.app\/diputacio-de-barcelona\/wp-content\/blogs.dir\/6\/files\/sites\/186\/2020\/04\/mail-foto-300x200.jpg 300w, https:\/\/ccoo.app\/diputacio-de-barcelona\/wp-content\/blogs.dir\/6\/files\/sites\/186\/2020\/04\/mail-foto-1024x683.jpg 1024w, https:\/\/ccoo.app\/diputacio-de-barcelona\/wp-content\/blogs.dir\/6\/files\/sites\/186\/2020\/04\/mail-foto-768x512.jpg 768w, https:\/\/ccoo.app\/diputacio-de-barcelona\/wp-content\/blogs.dir\/6\/files\/sites\/186\/2020\/04\/mail-foto.jpg 1200w\" sizes=\"auto, (max-width: 59px) 100vw, 59px\" \/><\/p>\n<p style=\"text-align: center\"><span style=\"font-family: arial, helvetica, sans-serif;color: #000000\">La\u00a0SECCI\u00d3 SINDICAL DE CCOO donem resposta a tots els teus dubtes o t&#8217;ajudem solucionar els problemes que puguis tenir.<strong> T&#8217;ajudem a defensar els teus drets!<\/strong><\/span><\/p>\n<p style=\"text-align: center\"><span style=\"font-family: 'arial black', sans-serif;color: #0000ff\"><a style=\"color: #0000ff\" href=\"mailto:ccoo@diba.cat\"><strong>ccoo@diba.cat<\/strong><\/a><\/span><\/p>\n<p style=\"text-align: center\"><span style=\"font-family: 'arial black', sans-serif;color: #0000ff\"><a style=\"color: #0000ff\" href=\"mailto:orgt.ssccoo@diba.cat\">orgt.ssccoo@diba.cat<\/a><\/span><\/p>\n<p><img loading=\"lazy\" decoding=\"async\" class=\"wp-image-5554 aligncenter\" src=\"http:\/\/ccoo.app\/diputacio-de-barcelona\/wp-content\/blogs.dir\/6\/files\/sites\/186\/2020\/04\/mail-foto-enviar-300x212.jpg\" alt=\"\" width=\"67\" height=\"47\" srcset=\"https:\/\/ccoo.app\/diputacio-de-barcelona\/wp-content\/blogs.dir\/6\/files\/sites\/186\/2020\/04\/mail-foto-enviar-300x212.jpg 300w, https:\/\/ccoo.app\/diputacio-de-barcelona\/wp-content\/blogs.dir\/6\/files\/sites\/186\/2020\/04\/mail-foto-enviar-1024x724.jpg 1024w, https:\/\/ccoo.app\/diputacio-de-barcelona\/wp-content\/blogs.dir\/6\/files\/sites\/186\/2020\/04\/mail-foto-enviar-768x543.jpg 768w, https:\/\/ccoo.app\/diputacio-de-barcelona\/wp-content\/blogs.dir\/6\/files\/sites\/186\/2020\/04\/mail-foto-enviar.jpg 1200w\" sizes=\"auto, (max-width: 67px) 100vw, 67px\" \/><\/p>\n<p style=\"text-align: center\"><span style=\"font-family: arial, helvetica, sans-serif;color: #000000\">Encara no t&#8217;has descarregat la nostra <a href=\"http:\/\/www.ccoo.cat\/carnet\/index.aspx?qr=1#descarrega\"><span style=\"font-family: 'arial black', sans-serif;color: #0000ff\">APP<\/span><\/a> CCOO-Diba d&#8217;informaci\u00f3 sindical?<\/span><\/p>\n<p style=\"text-align: center\"><span style=\"font-family: arial, helvetica, sans-serif;color: #000000\">Fes clic <a href=\"http:\/\/www.ccoo.cat\/carnet\/index.aspx?qr=1#descarrega\"><span style=\"font-family: 'arial black', sans-serif;color: #0000ff\">aqu\u00ed<\/span><\/a> per tenir la informaci\u00f3 abans que ning\u00fa!<\/span><\/p>\n<p><img loading=\"lazy\" decoding=\"async\" class=\"wp-image-5915 aligncenter\" src=\"http:\/\/ccoo.app\/diputacio-de-barcelona\/wp-content\/blogs.dir\/6\/files\/sites\/186\/2020\/05\/xarxes-socials-300x169.png\" alt=\"\" width=\"227\" height=\"128\" srcset=\"https:\/\/ccoo.app\/diputacio-de-barcelona\/wp-content\/blogs.dir\/6\/files\/sites\/186\/2020\/05\/xarxes-socials-300x169.png 300w, https:\/\/ccoo.app\/diputacio-de-barcelona\/wp-content\/blogs.dir\/6\/files\/sites\/186\/2020\/05\/xarxes-socials-1024x576.png 1024w, https:\/\/ccoo.app\/diputacio-de-barcelona\/wp-content\/blogs.dir\/6\/files\/sites\/186\/2020\/05\/xarxes-socials-768x432.png 768w, https:\/\/ccoo.app\/diputacio-de-barcelona\/wp-content\/blogs.dir\/6\/files\/sites\/186\/2020\/05\/xarxes-socials.png 1200w\" sizes=\"auto, (max-width: 227px) 100vw, 227px\" \/><\/p>\n<p style=\"text-align: center\"><span style=\"font-family: arial, helvetica, sans-serif;color: #000000\">Tamb\u00e9 trobar\u00e0s CCOO-Diba a les xarxes socials. Clica sobre la icona de la teva xarxa favorita:<\/span><\/p>\n<p><a href=\"https:\/\/twitter.com\/CCOODiba\"><img loading=\"lazy\" decoding=\"async\" class=\" wp-image-5728 aligncenter\" src=\"http:\/\/ccoo.app\/diputacio-de-barcelona\/wp-content\/blogs.dir\/6\/files\/sites\/186\/2020\/04\/twitter-300x300.png\" alt=\"\" width=\"89\" height=\"89\" srcset=\"https:\/\/ccoo.app\/diputacio-de-barcelona\/wp-content\/blogs.dir\/6\/files\/sites\/186\/2020\/04\/twitter-300x300.png 300w, https:\/\/ccoo.app\/diputacio-de-barcelona\/wp-content\/blogs.dir\/6\/files\/sites\/186\/2020\/04\/twitter-150x150.png 150w, https:\/\/ccoo.app\/diputacio-de-barcelona\/wp-content\/blogs.dir\/6\/files\/sites\/186\/2020\/04\/twitter.png 512w\" sizes=\"auto, (max-width: 89px) 100vw, 89px\" \/><\/a><\/p>\n<p><a href=\"https:\/\/www.instagram.com\/ccoo_diba\/?hl=es\"><img loading=\"lazy\" decoding=\"async\" class=\"wp-image-5730 aligncenter\" src=\"http:\/\/ccoo.app\/diputacio-de-barcelona\/wp-content\/blogs.dir\/6\/files\/sites\/186\/2020\/04\/instragram-300x300.png\" alt=\"\" width=\"91\" height=\"91\" srcset=\"https:\/\/ccoo.app\/diputacio-de-barcelona\/wp-content\/blogs.dir\/6\/files\/sites\/186\/2020\/04\/instragram-300x300.png 300w, https:\/\/ccoo.app\/diputacio-de-barcelona\/wp-content\/blogs.dir\/6\/files\/sites\/186\/2020\/04\/instragram-150x150.png 150w, https:\/\/ccoo.app\/diputacio-de-barcelona\/wp-content\/blogs.dir\/6\/files\/sites\/186\/2020\/04\/instragram.png 512w\" sizes=\"auto, (max-width: 91px) 100vw, 91px\" \/><\/a><\/p>\n<p><a href=\"https:\/\/www.facebook.com\/CcooDiputacioDeBarcelona\/\"><img loading=\"lazy\" decoding=\"async\" class=\"wp-image-5729 aligncenter\" src=\"http:\/\/ccoo.app\/diputacio-de-barcelona\/wp-content\/blogs.dir\/6\/files\/sites\/186\/2020\/04\/facebook-300x300.png\" alt=\"\" width=\"90\" height=\"90\" srcset=\"https:\/\/ccoo.app\/diputacio-de-barcelona\/wp-content\/blogs.dir\/6\/files\/sites\/186\/2020\/04\/facebook-300x300.png 300w, https:\/\/ccoo.app\/diputacio-de-barcelona\/wp-content\/blogs.dir\/6\/files\/sites\/186\/2020\/04\/facebook-150x150.png 150w, https:\/\/ccoo.app\/diputacio-de-barcelona\/wp-content\/blogs.dir\/6\/files\/sites\/186\/2020\/04\/facebook.png 325w\" sizes=\"auto, (max-width: 90px) 100vw, 90px\" \/><\/a><a href=\"https:\/\/www.youtube.com\/channel\/UCFzenkS75udEcs4pB4qoZsg\"><img loading=\"lazy\" decoding=\"async\" class=\" wp-image-5916 aligncenter\" src=\"http:\/\/ccoo.app\/diputacio-de-barcelona\/wp-content\/blogs.dir\/6\/files\/sites\/186\/2020\/05\/youtube-300x115.jpg\" alt=\"\" width=\"122\" height=\"47\" srcset=\"https:\/\/ccoo.app\/diputacio-de-barcelona\/wp-content\/blogs.dir\/6\/files\/sites\/186\/2020\/05\/youtube-300x115.jpg 300w, https:\/\/ccoo.app\/diputacio-de-barcelona\/wp-content\/blogs.dir\/6\/files\/sites\/186\/2020\/05\/youtube-1024x391.jpg 1024w, https:\/\/ccoo.app\/diputacio-de-barcelona\/wp-content\/blogs.dir\/6\/files\/sites\/186\/2020\/05\/youtube-768x293.jpg 768w, https:\/\/ccoo.app\/diputacio-de-barcelona\/wp-content\/blogs.dir\/6\/files\/sites\/186\/2020\/05\/youtube.jpg 1200w\" sizes=\"auto, (max-width: 122px) 100vw, 122px\" \/><\/a><\/p>\n<p><iframe loading=\"lazy\" title=\"Hauran de comptar amb nosaltres. Salut, treball i just\u00edcia social || 1r de maig del 2020.\" width=\"1200\" height=\"675\" src=\"https:\/\/www.youtube.com\/embed\/uS104R3aSJs?feature=oembed\" frameborder=\"0\" allow=\"accelerometer; autoplay; clipboard-write; encrypted-media; gyroscope; picture-in-picture; web-share\" allowfullscreen><\/iframe><\/p>\n<p><a href=\"https:\/\/diba.ccoo.cat\/plantilla-1-6-2\/\"><img loading=\"lazy\" decoding=\"async\" class=\"size-medium wp-image-6853 aligncenter\" src=\"http:\/\/ccoo.app\/diputacio-de-barcelona\/wp-content\/blogs.dir\/6\/files\/sites\/186\/2020\/10\/ccoo-primer-sindicat-cliqueu-300x110.png\" alt=\"\" width=\"300\" height=\"110\" srcset=\"https:\/\/ccoo.app\/diputacio-de-barcelona\/wp-content\/blogs.dir\/6\/files\/sites\/186\/2020\/10\/ccoo-primer-sindicat-cliqueu-300x110.png 300w, https:\/\/ccoo.app\/diputacio-de-barcelona\/wp-content\/blogs.dir\/6\/files\/sites\/186\/2020\/10\/ccoo-primer-sindicat-cliqueu.png 448w\" sizes=\"auto, (max-width: 300px) 100vw, 300px\" \/><\/a><\/p>\n<p><a href=\"https:\/\/diba.ccoo.cat\/mesa-general-de-negociacio-de-materies-comunes-de-la-diba\/\"><img loading=\"lazy\" decoding=\"async\" class=\"size-medium wp-image-7171 aligncenter\" src=\"http:\/\/ccoo.app\/diputacio-de-barcelona\/wp-content\/blogs.dir\/6\/files\/sites\/186\/2020\/11\/mgnmc-imatges-300x101.png\" alt=\"\" width=\"300\" height=\"101\" srcset=\"https:\/\/ccoo.app\/diputacio-de-barcelona\/wp-content\/blogs.dir\/6\/files\/sites\/186\/2020\/11\/mgnmc-imatges-300x101.png 300w, https:\/\/ccoo.app\/diputacio-de-barcelona\/wp-content\/blogs.dir\/6\/files\/sites\/186\/2020\/11\/mgnmc-imatges.png 324w\" sizes=\"auto, (max-width: 300px) 100vw, 300px\" \/><\/a><a href=\"https:\/\/www.ccoo.cat\/aspnet\/motius_afiliarte.aspx\"><img loading=\"lazy\" decoding=\"async\" class=\"size-medium wp-image-6841 aligncenter\" src=\"http:\/\/ccoo.app\/diputacio-de-barcelona\/wp-content\/blogs.dir\/6\/files\/sites\/186\/2020\/10\/afiliat-ccoo-300x199.png\" alt=\"\" width=\"300\" height=\"199\" srcset=\"https:\/\/ccoo.app\/diputacio-de-barcelona\/wp-content\/blogs.dir\/6\/files\/sites\/186\/2020\/10\/afiliat-ccoo-300x199.png 300w, https:\/\/ccoo.app\/diputacio-de-barcelona\/wp-content\/blogs.dir\/6\/files\/sites\/186\/2020\/10\/afiliat-ccoo.png 573w\" sizes=\"auto, (max-width: 300px) 100vw, 300px\" \/><\/a><\/p>\n<p><a href=\"https:\/\/www.ccoo.cat\/aspnet\/qui_som.aspx\"><img loading=\"lazy\" decoding=\"async\" class=\" wp-image-7174 aligncenter\" src=\"http:\/\/ccoo.app\/diputacio-de-barcelona\/wp-content\/blogs.dir\/6\/files\/sites\/186\/2020\/11\/ccoo-diversa-300x77.png\" alt=\"\" width=\"327\" height=\"84\" srcset=\"https:\/\/ccoo.app\/diputacio-de-barcelona\/wp-content\/blogs.dir\/6\/files\/sites\/186\/2020\/11\/ccoo-diversa-300x77.png 300w, https:\/\/ccoo.app\/diputacio-de-barcelona\/wp-content\/blogs.dir\/6\/files\/sites\/186\/2020\/11\/ccoo-diversa.png 422w\" sizes=\"auto, (max-width: 327px) 100vw, 327px\" \/><\/a><\/p>\n\n\n<p><\/p>\n    \t","protected":false},"excerpt":{"rendered":"<p>CCOO-DIBA CONTINUEM VISITANT ELS CENTRES DE TREBALL VISITEM M\u00c9S DE 60 CENTRES DE TREBALL DES DE PRINCIPI DE L&#8217;ANY 2021 &#8211; 19 d&#8217;abril de 2021- \u00a0 PAND\u00c8MIA I MESURES DE &#8230; <\/p>\n<p class=\"read-more-container\"><a title=\"CCOO-DIBA VISITEM M\u00c9S DE 60 CENTRES DE TREBALL DES DE PRINCIPI DE L&#8217;ANY 2021\" class=\"read-more button\" href=\"https:\/\/ccoo.app\/diputacio-de-barcelona\/ccoo-visitem-centres-de-treball\/#more-49700\" aria-label=\"Leer m\u00e1s sobre CCOO-DIBA VISITEM M\u00c9S DE 60 CENTRES DE TREBALL DES DE PRINCIPI DE L&#8217;ANY 2021\">Continuar llegint<\/a><\/p>\n","protected":false},"author":4519,"featured_media":49706,"comment_status":"open","ping_status":"open","sticky":false,"template":"","format":"standard","meta":{"footnotes":""},"categories":[18,29,34,35,37],"tags":[189,212],"class_list":["post-49700","post","type-post","status-publish","format-standard","has-post-thumbnail","hentry","category-ccoo-info","category-orgt-2","category-respir","category-salut-laboral","category-xbm","tag-prevencio","tag-salut","generate-columns","tablet-grid-50","mobile-grid-100","grid-parent","grid-50"],"_links":{"self":[{"href":"https:\/\/ccoo.app\/diputacio-de-barcelona\/wp-json\/wp\/v2\/posts\/49700","targetHints":{"allow":["GET"]}}],"collection":[{"href":"https:\/\/ccoo.app\/diputacio-de-barcelona\/wp-json\/wp\/v2\/posts"}],"about":[{"href":"https:\/\/ccoo.app\/diputacio-de-barcelona\/wp-json\/wp\/v2\/types\/post"}],"author":[{"embeddable":true,"href":"https:\/\/ccoo.app\/diputacio-de-barcelona\/wp-json\/wp\/v2\/users\/4519"}],"replies":[{"embeddable":true,"href":"https:\/\/ccoo.app\/diputacio-de-barcelona\/wp-json\/wp\/v2\/comments?post=49700"}],"version-history":[{"count":1,"href":"https:\/\/ccoo.app\/diputacio-de-barcelona\/wp-json\/wp\/v2\/posts\/49700\/revisions"}],"predecessor-version":[{"id":50770,"href":"https:\/\/ccoo.app\/diputacio-de-barcelona\/wp-json\/wp\/v2\/posts\/49700\/revisions\/50770"}],"wp:featuredmedia":[{"embeddable":true,"href":"https:\/\/ccoo.app\/diputacio-de-barcelona\/wp-json\/wp\/v2\/media\/49706"}],"wp:attachment":[{"href":"https:\/\/ccoo.app\/diputacio-de-barcelona\/wp-json\/wp\/v2\/media?parent=49700"}],"wp:term":[{"taxonomy":"category","embeddable":true,"href":"https:\/\/ccoo.app\/diputacio-de-barcelona\/wp-json\/wp\/v2\/categories?post=49700"},{"taxonomy":"post_tag","embeddable":true,"href":"https:\/\/ccoo.app\/diputacio-de-barcelona\/wp-json\/wp\/v2\/tags?post=49700"}],"curies":[{"name":"wp","href":"https:\/\/api.w.org\/{rel}","templated":true}]}}