{"id":49690,"date":"2021-04-18T09:45:12","date_gmt":"2021-04-18T08:45:12","guid":{"rendered":"https:\/\/diba.ccoo.cat\/?p=49690"},"modified":"2023-10-17T16:30:17","modified_gmt":"2023-10-17T14:30:17","slug":"nota_informtaiva_19-4-2021","status":"publish","type":"post","link":"https:\/\/ccoo.app\/diputacio-de-barcelona\/nota_informtaiva_19-4-2021\/","title":{"rendered":"INFO 19.4.2021: TELETREBALL, PRORROGA PROTOCOL ANTI-COVID, PROCESSOS SELECTIUS, XBM, VISITES ALS CENTRES"},"content":{"rendered":"<p><a href=\"https:\/\/diba.ccoo.cat\/\"><img loading=\"lazy\" decoding=\"async\" class=\"wp-image-5909 aligncenter\" src=\"http:\/\/ccoo.app\/diputacio-de-barcelona\/wp-content\/blogs.dir\/6\/files\/sites\/186\/2020\/05\/nota-1-300x86.png\" alt=\"\" width=\"92\" height=\"27\" srcset=\"https:\/\/ccoo.app\/diputacio-de-barcelona\/wp-content\/blogs.dir\/6\/files\/sites\/186\/2020\/05\/nota-1-300x86.png 300w, https:\/\/ccoo.app\/diputacio-de-barcelona\/wp-content\/blogs.dir\/6\/files\/sites\/186\/2020\/05\/nota-1.png 339w\" sizes=\"auto, (max-width: 92px) 100vw, 92px\" \/><\/a><\/p>\n<p class=\"wp-caption-text\"><a href=\"https:\/\/diba.ccoo.cat\/\"><img loading=\"lazy\" decoding=\"async\" class=\"wp-image-1853 aligncenter\" src=\"http:\/\/ccoo.app\/diputacio-de-barcelona\/wp-content\/blogs.dir\/6\/files\/sites\/186\/2018\/01\/logoccoov18.jpg\" alt=\"\" width=\"240\" height=\"110\"><\/a><\/p>\n<p><a href=\"http:\/\/ccoo.app\/diputacio-de-barcelona\/wp-content\/blogs.dir\/6\/files\/sites\/186\/2021\/04\/def-plafo-proposta-comunicat-ccoo-16-04-2021-003.docx\"><img loading=\"lazy\" decoding=\"async\" class=\"wp-image-5910 aligncenter\" src=\"http:\/\/ccoo.app\/diputacio-de-barcelona\/wp-content\/blogs.dir\/6\/files\/sites\/186\/2020\/05\/nota-3-300x83.png\" alt=\"\" width=\"90\" height=\"25\" srcset=\"https:\/\/ccoo.app\/diputacio-de-barcelona\/wp-content\/blogs.dir\/6\/files\/sites\/186\/2020\/05\/nota-3-300x83.png 300w, https:\/\/ccoo.app\/diputacio-de-barcelona\/wp-content\/blogs.dir\/6\/files\/sites\/186\/2020\/05\/nota-3.png 337w\" sizes=\"auto, (max-width: 90px) 100vw, 90px\" \/><\/a><\/p>\n<p style=\"text-align: center\"><span style=\"font-family: 'arial black', sans-serif;color: #0000ff;font-size: 24px\">NOTA INFORMATIVA<\/span><\/p>\n<p style=\"text-align: center\"><span style=\"font-family: 'arial black', sans-serif;color: #000000;font-size: 20px\">REGLAMENT TELETREBALL<\/span><\/p>\n<p style=\"text-align: center\"><span style=\"font-family: 'arial black', sans-serif;color: #000000;font-size: 20px\">PRORROGA DEL PROTOCOL ANTI-COVID<\/span><\/p>\n<p style=\"text-align: center\"><span style=\"font-family: 'arial black', sans-serif;color: #000000;font-size: 20px\">PROCESSOS SELECTIUS <\/span><\/p>\n<p style=\"text-align: center\"><span style=\"font-family: 'arial black', sans-serif;color: #000000;font-size: 20px\">XBM <\/span><\/p>\n<p style=\"text-align: center\"><span style=\"font-family: 'arial black', sans-serif;color: #000000;font-size: 20px\">CCOO CONTINUEM VISITANT CENTRES DE TREBALL<\/span><\/p>\n<p style=\"text-align: center\"><span style=\"font-family: arial, helvetica, sans-serif;font-size: 14px;color: #000000\">&#8211; 19 d&#8217;abril de 2021-<\/span><\/p>\n<h4 style=\"text-align: left\"><span style=\"color: #000000\"><strong><u>TELETREBALL<\/u><\/strong><\/span><\/h4>\n<p style=\"text-align: left\"><span style=\"color: #000000\">Us informem que la corporaci\u00f3 i les seccions sindicals de CCOO i UGT, presents a la Mesa General de Negociaci\u00f3 de mat\u00e8ries comunes, estem negociant el reglament que regir\u00e0 el teletreball a la Diputaci\u00f3 de Barcelona. Aquest reglament donar\u00e0 seguretat jur\u00eddica a totes i tots nosaltres i garantir\u00e0 els drets de les persones treballadores que s\u2019acullin volunt\u00e0riament al teletreball.<\/span><\/p>\n<p style=\"text-align: left\"><span style=\"color: #000000\">Com b\u00e9 sabeu, es van iniciar uns treballs d\u2019estudi per a la implantaci\u00f3 del teletreball a la Diputaci\u00f3 de Barcelona i aquests s\u2019estan culminant en aquesta negociaci\u00f3. Dir-vos que des de CCOO creiem que estem treballant en una bona l\u00ednia i en breu us en podrem donar m\u00e9s detalls.<\/span><\/p>\n<p style=\"text-align: left\"><span style=\"color: #000000\">A m\u00e9s, tal i com marcava la legislaci\u00f3 vigent, l\u2019acord de teletreball havia d\u2019entrar en vigor el passat 1 d\u2019abril per\u00f2 com encara est\u00e0vem treballant en aquest reglament, vam signar un acord de transici\u00f3, CCOO i UGT amb la corporaci\u00f3, per tal d\u2019establir un r\u00e8gim transitori per dotar-nos de cobertura jur\u00eddica.<\/span><\/p>\n<p style=\"text-align: left\"><span style=\"color: #000000\">Comentar-vos que, davant la previsi\u00f3 que l\u2019estat d\u2019alarma decaigui, <strong><u>el nostre protocol<\/u><\/strong> de mesures de prevenci\u00f3 de COVID de la Diputaci\u00f3 de Barcelona, <strong><u>seguir\u00e0 vigent mentre continu\u00ef l\u2019actual situaci\u00f3 de pand\u00e8mia<\/u><\/strong>. Per tant, aquelles persones que esteu treballant en remot, seguireu en aquesta situaci\u00f3 aix\u00ed com tota la resta de mesures establertes en el protocol (horari m\u00e0xim d\u2019hores de treball presencial, establiment de torns&#8230;).<\/span><\/p>\n<p style=\"text-align: left\"><img loading=\"lazy\" decoding=\"async\" class=\"wp-image-49629 aligncenter\" src=\"http:\/\/ccoo.app\/diputacio-de-barcelona\/wp-content\/blogs.dir\/6\/files\/sites\/186\/2021\/03\/borses-foto.png\" alt=\"\" width=\"70\" height=\"54\"><\/p>\n<h4 style=\"text-align: left\"><span style=\"color: #000000\"><strong><u>PROCESSOS SELECTIUS<\/u><\/strong><\/span><\/h4>\n<p style=\"text-align: left\"><span style=\"color: #000000\">Vam rebre, per part de la Direcci\u00f3 de Serveis de Recursos Humans, una previsi\u00f3 de la calendaritzaci\u00f3 per a l\u2019execuci\u00f3 de les diferents <strong><u>borses de treball<\/u><\/strong>. Aquells i aquelles que us heu presentat a algunes de les convocat\u00f2ries, <strong><u>estigueu atents i atentes a la Intradiba &nbsp;perqu\u00e8 s\u2019aniran publicant les dates i la seva execuci\u00f3<\/u><\/strong>, <strong><u>per tant comenceu a preparar-vos les convocat\u00f2ries<\/u><\/strong> i no deixeu l\u2019estudi pel darrer moment.<\/span><\/p>\n<p style=\"text-align: left\"><span style=\"color: #000000\">A m\u00e9s, tamb\u00e9 se\u2019ns va comunicar la intenci\u00f3 de convocar les proves selectives d\u2019auxiliar administratiu dels processos de <strong><u>consolidaci\u00f3<\/u><\/strong> i aquest fet ens va sorprendre, donat que no s\u2019havia comunicat amb la interlocuci\u00f3 sindical a la comissi\u00f3 t\u00e8cnica de PAMO. Som conscients que les bases ja estan publicades i que existeix l\u2019expectativa de dret dels m\u00e9s de 3.000 aspirants presentats la qual cosa no podem obviar. Ara b\u00e9, tamb\u00e9 considerem que les decisions s\u2019han de prendre mantenint la interlocuci\u00f3 amb els sindicats i \u00e9s per aix\u00f2 que <strong>Comissions Obreres<\/strong> i <strong>UGT<\/strong> <strong><u>hem demanat la paralitzaci\u00f3 de les convocat\u00f2ries de consolidaci\u00f3 i que sigui tractat a la comissi\u00f3 t\u00e8cnica de PAMO<\/u><\/strong>.<\/span><\/p>\n<p style=\"text-align: left\"><span style=\"color: #000000\">A m\u00e9s, tamb\u00e9 hem demanat que s\u2019aclareixi la situaci\u00f3 del personal que s\u2019ha presentat a la borsa de t\u00e8cnic auxiliar a la depend\u00e8ncia i que ja es trobava en altres borses pr\u00e8vies. Tal i com marca el nostre acord, aquelles persones que hagin superat un proc\u00e9s selectiu d\u2019interinatge (borsa), no cal que es torni a presentar a les noves borses ja que ja estaran incloses.<\/span><\/p>\n<p style=\"text-align: left\"><span style=\"color: #000000\"><strong><u><img loading=\"lazy\" decoding=\"async\" class=\"wp-image-6855 aligncenter\" src=\"http:\/\/ccoo.app\/diputacio-de-barcelona\/wp-content\/blogs.dir\/6\/files\/sites\/186\/2020\/10\/xbm-300x71.png\" alt=\"\" width=\"207\" height=\"49\" srcset=\"https:\/\/ccoo.app\/diputacio-de-barcelona\/wp-content\/blogs.dir\/6\/files\/sites\/186\/2020\/10\/xbm-300x71.png 300w, https:\/\/ccoo.app\/diputacio-de-barcelona\/wp-content\/blogs.dir\/6\/files\/sites\/186\/2020\/10\/xbm.png 377w\" sizes=\"auto, (max-width: 207px) 100vw, 207px\" \/><\/u><\/strong><\/span><span style=\"color: #000000\"><strong><u>XBM<\/u><\/strong><\/span><\/p>\n<p style=\"text-align: left\"><span style=\"color: #000000\">El passat dimarts vam tenir reuni\u00f3 de seguiment del protocol COVID i, en ella, <strong>vam tornar a denunciar que hi ha companys i companyes que treballen a la Xarxa de Biblioteques Municipals que fan m\u00e9s hores de les establertes<\/strong>, com a m\u00e0xim, al citat protocol. Reiterem que \u00e9s greu que estiguin m\u00e9s hores de les marcades ja que el protocol \u00e9s d\u2019aplicaci\u00f3 per a tot el personal, incl\u00f2s els companys i companyes de les biblioteques.<\/span><\/p>\n<p style=\"text-align: left\"><span style=\"color: #000000\"><strong><u><img loading=\"lazy\" decoding=\"async\" class=\"wp-image-49691 aligncenter\" src=\"http:\/\/ccoo.app\/diputacio-de-barcelona\/wp-content\/blogs.dir\/6\/files\/sites\/186\/2021\/04\/riscos-psicosocials-foto-300x300.png\" alt=\"\" width=\"59\" height=\"59\" srcset=\"https:\/\/ccoo.app\/diputacio-de-barcelona\/wp-content\/blogs.dir\/6\/files\/sites\/186\/2021\/04\/riscos-psicosocials-foto-300x300.png 300w, https:\/\/ccoo.app\/diputacio-de-barcelona\/wp-content\/blogs.dir\/6\/files\/sites\/186\/2021\/04\/riscos-psicosocials-foto-150x150.png 150w, https:\/\/ccoo.app\/diputacio-de-barcelona\/wp-content\/blogs.dir\/6\/files\/sites\/186\/2021\/04\/riscos-psicosocials-foto.png 680w\" sizes=\"auto, (max-width: 59px) 100vw, 59px\" \/><\/u><\/strong><\/span><\/p>\n<p style=\"text-align: left\"><span style=\"color: #000000\"><strong><u>ENQUESTA RISCOS PSICOSOCIALS<\/u><\/strong><\/span><\/p>\n<p style=\"text-align: left\"><span style=\"color: #000000\">Us encoratgem a que realitzeu l\u2019enquesta de riscos psicosocials que heu rebut a la vostra b\u00fastia corporativa L\u2019enquesta \u00e9s <strong><u>an\u00f2nima<\/u><\/strong> i ens <strong>servir\u00e0 per avaluar l\u2019estat en qu\u00e8 us trobeu despr\u00e9s de d\u2019aquests durs mesos de pand\u00e8mia sanit\u00e0ria<\/strong> a on el personal DIBA hem tornat a demostrar la <strong>nostra professionalitat mantenint el servei p\u00fablic de qualitat que oferim<\/strong>. En l\u2019elaboraci\u00f3 d\u2019aquesta enquesta hem participat amb els nostres delegats i delegades de prevenci\u00f3. Si teniu qualsevol dubte o incid\u00e8ncia, ens la podeu fer arribar a <strong><a style=\"color: #000000\" href=\"mailto:ccoo.delegatsp@diba.cat\">ccoo.delegatsp@diba.cat<\/a><\/strong> o contactar amb els nostres delegats i delegades de prevenci\u00f3.<\/span><\/p>\n<p style=\"text-align: left\"><span style=\"color: #000000\">Ara b\u00e9, aquesta enquesta que des de Comissions Obreres la valorem positivament, no tota la plantilla la podr\u00e0 realitzar: els companys i companyes de l\u2019ORGT no la rebran tot i ser personal DIBA donat que disposen d\u2019un servei de prevenci\u00f3 propi. No obstant aix\u00f2, considerem aquest fet una mancan\u00e7a operativa i hem reiterat, a les diferents reunions, que s\u2019envi\u00ef o, en tot cas, que es comparteixi amb el servei de prevenci\u00f3 propi de l\u2019ORGT per tal que pugui arribar a la totalitat de la plantilla.<\/span><\/p>\n<p style=\"text-align: left\"><img loading=\"lazy\" decoding=\"async\" class=\"wp-image-6664 aligncenter\" src=\"http:\/\/ccoo.app\/diputacio-de-barcelona\/wp-content\/blogs.dir\/6\/files\/sites\/186\/2020\/09\/ehujfnwxyaeqrwq-300x225.jpg\" alt=\"\" width=\"92\" height=\"69\" srcset=\"https:\/\/ccoo.app\/diputacio-de-barcelona\/wp-content\/blogs.dir\/6\/files\/sites\/186\/2020\/09\/ehujfnwxyaeqrwq-300x225.jpg 300w, https:\/\/ccoo.app\/diputacio-de-barcelona\/wp-content\/blogs.dir\/6\/files\/sites\/186\/2020\/09\/ehujfnwxyaeqrwq.jpg 680w\" sizes=\"auto, (max-width: 92px) 100vw, 92px\" \/><\/p>\n<p style=\"text-align: left\"><span style=\"color: #000000\"><strong><u>PAND\u00c8MIA I MESURES DE PROTECCI\u00d3: CCOO VISITEM ELS CENTRES DE TREBALL<\/u><\/strong><\/span><\/p>\n<p style=\"text-align: left\"><span style=\"color: #000000\">Des de <strong>CCOO ens prenem molt seriosament la protecci\u00f3 i la salut dels treballadores i treballadors<\/strong> davant la COVID-19 i \u00e9s per aix\u00f2 que venim desenvolupant una intensa feina revisant els centres de treball i comprovant que totes aquelles mesures de protecci\u00f3 s\u2019estan posant en pr\u00e0ctica per part de la corporaci\u00f3.<\/span><\/p>\n<p style=\"text-align: left\"><span style=\"color: #000000\">Des de comen\u00e7ament de la pand\u00e8mia <strong>hem visitat centenars de centres (Barcelona ciutat, Parcs Naturals, Centres de Conservaci\u00f3 de Carreteres o oficines de l\u2019ORGT, <\/strong>entre d\u2019altres). Al nostre perfil d\u2019<em>Instagram<\/em> en podeu fer el seguiment: <span style=\"color: #0000ff\"><strong><a style=\"color: #0000ff\" href=\"https:\/\/www.instagram.com\/ccoo_diba\/\">@ccoo_diba<\/a><\/strong><\/span><\/span><\/p>\n<p style=\"text-align: left\"><span style=\"color: #000000\">Tot i que \u00e9s cert que per part de la corporaci\u00f3 s\u2019ha fet un esfor\u00e7 per tal de garantir la seguretat de tot el personal, <strong>anem detectant defici\u00e8ncies les quals posem en coneixement dels respectius responsables<\/strong>. En aquest sentit, quedem a la vostra disposici\u00f3 per si teniu cap dubte o desitgeu que visitem el vostre centre de treball (<span style=\"color: #0000ff\"><strong><a style=\"color: #0000ff\" href=\"mailto:ccoo@diba.cat\">ccoo@diba.cat<\/a><\/strong><\/span>).<\/span><\/p>\n<p>Cliqueu <a href=\"https:\/\/diba.ccoo.cat\/ccoo-visitem-centres-de-treball\/\"><strong><span style=\"color: #0000ff\">aqu\u00ed<\/span> <\/strong><\/a>per veure les imatges i ampliar la informaci\u00f3<\/p>\n<p><a href=\"http:\/\/ccoo.app\/diputacio-de-barcelona\/wp-content\/blogs.dir\/6\/files\/sites\/186\/2021\/04\/def-plafo-proposta-comunicat-ccoo-16-04-2021-003.docx\"><img loading=\"lazy\" decoding=\"async\" class=\"wp-image-5912 aligncenter\" src=\"http:\/\/ccoo.app\/diputacio-de-barcelona\/wp-content\/blogs.dir\/6\/files\/sites\/186\/2020\/05\/nota-2-300x86.png\" alt=\"\" width=\"98\" height=\"28\" srcset=\"https:\/\/ccoo.app\/diputacio-de-barcelona\/wp-content\/blogs.dir\/6\/files\/sites\/186\/2020\/05\/nota-2-300x86.png 300w, https:\/\/ccoo.app\/diputacio-de-barcelona\/wp-content\/blogs.dir\/6\/files\/sites\/186\/2020\/05\/nota-2.png 337w\" sizes=\"auto, (max-width: 98px) 100vw, 98px\" \/><\/a><\/p>\n<p><\/p>\n<p style=\"text-align: center\"><img loading=\"lazy\" decoding=\"async\" class=\"wp-image-5184 aligncenter\" src=\"http:\/\/ccoo.app\/diputacio-de-barcelona\/wp-content\/blogs.dir\/6\/files\/sites\/186\/2020\/03\/i-de-info-300x300.jpg\" alt=\"\" width=\"72\" height=\"72\" srcset=\"https:\/\/ccoo.app\/diputacio-de-barcelona\/wp-content\/blogs.dir\/6\/files\/sites\/186\/2020\/03\/i-de-info-300x300.jpg 300w, https:\/\/ccoo.app\/diputacio-de-barcelona\/wp-content\/blogs.dir\/6\/files\/sites\/186\/2020\/03\/i-de-info-150x150.jpg 150w, https:\/\/ccoo.app\/diputacio-de-barcelona\/wp-content\/blogs.dir\/6\/files\/sites\/186\/2020\/03\/i-de-info.jpg 626w\" sizes=\"auto, (max-width: 72px) 100vw, 72px\" \/><span style=\"font-family: 'arial black', sans-serif;font-size: 20px;color: #ffff00;background-color: #ff0000\">TOTA LA INFORMACI\u00d3 SINDICAL QUE NECESSITES<\/span><\/p>\n<p><img loading=\"lazy\" decoding=\"async\" class=\"wp-image-5913 aligncenter\" src=\"http:\/\/ccoo.app\/diputacio-de-barcelona\/wp-content\/blogs.dir\/6\/files\/sites\/186\/2020\/05\/telefono-300x300.jpg\" alt=\"\" width=\"59\" height=\"59\" srcset=\"https:\/\/ccoo.app\/diputacio-de-barcelona\/wp-content\/blogs.dir\/6\/files\/sites\/186\/2020\/05\/telefono-300x300.jpg 300w, https:\/\/ccoo.app\/diputacio-de-barcelona\/wp-content\/blogs.dir\/6\/files\/sites\/186\/2020\/05\/telefono-150x150.jpg 150w, https:\/\/ccoo.app\/diputacio-de-barcelona\/wp-content\/blogs.dir\/6\/files\/sites\/186\/2020\/05\/telefono.jpg 600w\" sizes=\"auto, (max-width: 59px) 100vw, 59px\" \/><\/p>\n<p style=\"text-align: center\"><span style=\"font-family: 'arial black', sans-serif;color: #000000\">DE DILLUNS A DIVENDRES<\/span><\/p>\n<p style=\"text-align: center\"><span style=\"font-family: 'arial black', sans-serif;color: #000000;background-color: #ffff00\">DE 10:00 A 14:30 i DE 17:00 A 19:00&nbsp;<\/span><\/p>\n<p style=\"text-align: center\"><span style=\"font-family: 'arial black', sans-serif;color: #ff0000\">93.402.29.85 \u2013 22985 \u2013 667 90 69 64<\/span><\/p>\n<p><img loading=\"lazy\" decoding=\"async\" class=\"wp-image-5553 aligncenter\" src=\"http:\/\/ccoo.app\/diputacio-de-barcelona\/wp-content\/blogs.dir\/6\/files\/sites\/186\/2020\/04\/mail-foto-300x200.jpg\" alt=\"\" width=\"59\" height=\"39\" srcset=\"https:\/\/ccoo.app\/diputacio-de-barcelona\/wp-content\/blogs.dir\/6\/files\/sites\/186\/2020\/04\/mail-foto-300x200.jpg 300w, https:\/\/ccoo.app\/diputacio-de-barcelona\/wp-content\/blogs.dir\/6\/files\/sites\/186\/2020\/04\/mail-foto-1024x683.jpg 1024w, https:\/\/ccoo.app\/diputacio-de-barcelona\/wp-content\/blogs.dir\/6\/files\/sites\/186\/2020\/04\/mail-foto-768x512.jpg 768w, https:\/\/ccoo.app\/diputacio-de-barcelona\/wp-content\/blogs.dir\/6\/files\/sites\/186\/2020\/04\/mail-foto.jpg 1200w\" sizes=\"auto, (max-width: 59px) 100vw, 59px\" \/><\/p>\n<p style=\"text-align: center\"><span style=\"font-family: arial, helvetica, sans-serif;color: #000000\">La&nbsp;SECCI\u00d3 SINDICAL DE CCOO donem resposta a tots els teus dubtes o t&#8217;ajudem solucionar els problemes que puguis tenir.<strong> T&#8217;ajudem a defensar els teus drets!<\/strong><\/span><\/p>\n<p style=\"text-align: center\"><span style=\"font-family: 'arial black', sans-serif;color: #0000ff\"><a style=\"color: #0000ff\" href=\"mailto:ccoo@diba.cat\"><strong>ccoo@diba.cat<\/strong><\/a><\/span><\/p>\n<p style=\"text-align: center\"><span style=\"font-family: 'arial black', sans-serif;color: #0000ff\"><a style=\"color: #0000ff\" href=\"mailto:orgt.ssccoo@diba.cat\">orgt.ssccoo@diba.cat<\/a><\/span><\/p>\n<p><img loading=\"lazy\" decoding=\"async\" class=\"wp-image-5554 aligncenter\" src=\"http:\/\/ccoo.app\/diputacio-de-barcelona\/wp-content\/blogs.dir\/6\/files\/sites\/186\/2020\/04\/mail-foto-enviar-300x212.jpg\" alt=\"\" width=\"67\" height=\"47\" srcset=\"https:\/\/ccoo.app\/diputacio-de-barcelona\/wp-content\/blogs.dir\/6\/files\/sites\/186\/2020\/04\/mail-foto-enviar-300x212.jpg 300w, https:\/\/ccoo.app\/diputacio-de-barcelona\/wp-content\/blogs.dir\/6\/files\/sites\/186\/2020\/04\/mail-foto-enviar-1024x724.jpg 1024w, https:\/\/ccoo.app\/diputacio-de-barcelona\/wp-content\/blogs.dir\/6\/files\/sites\/186\/2020\/04\/mail-foto-enviar-768x543.jpg 768w, https:\/\/ccoo.app\/diputacio-de-barcelona\/wp-content\/blogs.dir\/6\/files\/sites\/186\/2020\/04\/mail-foto-enviar.jpg 1200w\" sizes=\"auto, (max-width: 67px) 100vw, 67px\" \/><\/p>\n<p style=\"text-align: center\"><span style=\"font-family: arial, helvetica, sans-serif;color: #000000\">Encara no t&#8217;has descarregat la nostra <a href=\"http:\/\/www.ccoo.cat\/carnet\/index.aspx?qr=1#descarrega\"><span style=\"font-family: 'arial black', sans-serif;color: #0000ff\">APP<\/span><\/a> CCOO-Diba d&#8217;informaci\u00f3 sindical?<\/span><\/p>\n<p style=\"text-align: center\"><span style=\"font-family: arial, helvetica, sans-serif;color: #000000\">Fes clic <a href=\"http:\/\/www.ccoo.cat\/carnet\/index.aspx?qr=1#descarrega\"><span style=\"font-family: 'arial black', sans-serif;color: #0000ff\">aqu\u00ed<\/span><\/a> per tenir la informaci\u00f3 abans que ning\u00fa!<\/span><\/p>\n<p><img loading=\"lazy\" decoding=\"async\" class=\"wp-image-5915 aligncenter\" src=\"http:\/\/ccoo.app\/diputacio-de-barcelona\/wp-content\/blogs.dir\/6\/files\/sites\/186\/2020\/05\/xarxes-socials-300x169.png\" alt=\"\" width=\"227\" height=\"128\" srcset=\"https:\/\/ccoo.app\/diputacio-de-barcelona\/wp-content\/blogs.dir\/6\/files\/sites\/186\/2020\/05\/xarxes-socials-300x169.png 300w, https:\/\/ccoo.app\/diputacio-de-barcelona\/wp-content\/blogs.dir\/6\/files\/sites\/186\/2020\/05\/xarxes-socials-1024x576.png 1024w, https:\/\/ccoo.app\/diputacio-de-barcelona\/wp-content\/blogs.dir\/6\/files\/sites\/186\/2020\/05\/xarxes-socials-768x432.png 768w, https:\/\/ccoo.app\/diputacio-de-barcelona\/wp-content\/blogs.dir\/6\/files\/sites\/186\/2020\/05\/xarxes-socials.png 1200w\" sizes=\"auto, (max-width: 227px) 100vw, 227px\" \/><\/p>\n<p style=\"text-align: center\"><span style=\"font-family: arial, helvetica, sans-serif;color: #000000\">Tamb\u00e9 trobar\u00e0s CCOO-Diba a les xarxes socials. Clica sobre la icona de la teva xarxa favorita:<\/span><\/p>\n<p><a href=\"https:\/\/twitter.com\/CCOODiba\"><img loading=\"lazy\" decoding=\"async\" class=\" wp-image-5728 aligncenter\" src=\"http:\/\/ccoo.app\/diputacio-de-barcelona\/wp-content\/blogs.dir\/6\/files\/sites\/186\/2020\/04\/twitter-300x300.png\" alt=\"\" width=\"89\" height=\"89\" srcset=\"https:\/\/ccoo.app\/diputacio-de-barcelona\/wp-content\/blogs.dir\/6\/files\/sites\/186\/2020\/04\/twitter-300x300.png 300w, https:\/\/ccoo.app\/diputacio-de-barcelona\/wp-content\/blogs.dir\/6\/files\/sites\/186\/2020\/04\/twitter-150x150.png 150w, https:\/\/ccoo.app\/diputacio-de-barcelona\/wp-content\/blogs.dir\/6\/files\/sites\/186\/2020\/04\/twitter.png 512w\" sizes=\"auto, (max-width: 89px) 100vw, 89px\" \/><\/a><\/p>\n<p><a href=\"https:\/\/www.instagram.com\/ccoo_diba\/?hl=es\"><img loading=\"lazy\" decoding=\"async\" class=\"wp-image-5730 aligncenter\" src=\"http:\/\/ccoo.app\/diputacio-de-barcelona\/wp-content\/blogs.dir\/6\/files\/sites\/186\/2020\/04\/instragram-300x300.png\" alt=\"\" width=\"91\" height=\"91\" srcset=\"https:\/\/ccoo.app\/diputacio-de-barcelona\/wp-content\/blogs.dir\/6\/files\/sites\/186\/2020\/04\/instragram-300x300.png 300w, https:\/\/ccoo.app\/diputacio-de-barcelona\/wp-content\/blogs.dir\/6\/files\/sites\/186\/2020\/04\/instragram-150x150.png 150w, https:\/\/ccoo.app\/diputacio-de-barcelona\/wp-content\/blogs.dir\/6\/files\/sites\/186\/2020\/04\/instragram.png 512w\" sizes=\"auto, (max-width: 91px) 100vw, 91px\" \/><\/a><\/p>\n<p><a href=\"https:\/\/www.facebook.com\/CcooDiputacioDeBarcelona\/\"><img loading=\"lazy\" decoding=\"async\" class=\"wp-image-5729 aligncenter\" src=\"http:\/\/ccoo.app\/diputacio-de-barcelona\/wp-content\/blogs.dir\/6\/files\/sites\/186\/2020\/04\/facebook-300x300.png\" alt=\"\" width=\"90\" height=\"90\" srcset=\"https:\/\/ccoo.app\/diputacio-de-barcelona\/wp-content\/blogs.dir\/6\/files\/sites\/186\/2020\/04\/facebook-300x300.png 300w, https:\/\/ccoo.app\/diputacio-de-barcelona\/wp-content\/blogs.dir\/6\/files\/sites\/186\/2020\/04\/facebook-150x150.png 150w, https:\/\/ccoo.app\/diputacio-de-barcelona\/wp-content\/blogs.dir\/6\/files\/sites\/186\/2020\/04\/facebook.png 325w\" sizes=\"auto, (max-width: 90px) 100vw, 90px\" \/><\/a><a href=\"https:\/\/www.youtube.com\/channel\/UCFzenkS75udEcs4pB4qoZsg\"><img loading=\"lazy\" decoding=\"async\" class=\" wp-image-5916 aligncenter\" src=\"http:\/\/ccoo.app\/diputacio-de-barcelona\/wp-content\/blogs.dir\/6\/files\/sites\/186\/2020\/05\/youtube-300x115.jpg\" alt=\"\" width=\"122\" height=\"47\" srcset=\"https:\/\/ccoo.app\/diputacio-de-barcelona\/wp-content\/blogs.dir\/6\/files\/sites\/186\/2020\/05\/youtube-300x115.jpg 300w, https:\/\/ccoo.app\/diputacio-de-barcelona\/wp-content\/blogs.dir\/6\/files\/sites\/186\/2020\/05\/youtube-1024x391.jpg 1024w, https:\/\/ccoo.app\/diputacio-de-barcelona\/wp-content\/blogs.dir\/6\/files\/sites\/186\/2020\/05\/youtube-768x293.jpg 768w, https:\/\/ccoo.app\/diputacio-de-barcelona\/wp-content\/blogs.dir\/6\/files\/sites\/186\/2020\/05\/youtube.jpg 1200w\" sizes=\"auto, (max-width: 122px) 100vw, 122px\" \/><\/a><\/p>\n<p><iframe loading=\"lazy\" title=\"Hauran de comptar amb nosaltres. Salut, treball i just\u00edcia social || 1r de maig del 2020.\" width=\"1200\" height=\"675\" src=\"https:\/\/www.youtube.com\/embed\/uS104R3aSJs?feature=oembed\" frameborder=\"0\" allow=\"accelerometer; autoplay; clipboard-write; encrypted-media; gyroscope; picture-in-picture; web-share\" allowfullscreen><\/iframe><\/p>\n<p><a href=\"https:\/\/diba.ccoo.cat\/plantilla-1-6-2\/\"><img loading=\"lazy\" decoding=\"async\" class=\"size-medium wp-image-6853 aligncenter\" src=\"http:\/\/ccoo.app\/diputacio-de-barcelona\/wp-content\/blogs.dir\/6\/files\/sites\/186\/2020\/10\/ccoo-primer-sindicat-cliqueu-300x110.png\" alt=\"\" width=\"300\" height=\"110\" srcset=\"https:\/\/ccoo.app\/diputacio-de-barcelona\/wp-content\/blogs.dir\/6\/files\/sites\/186\/2020\/10\/ccoo-primer-sindicat-cliqueu-300x110.png 300w, https:\/\/ccoo.app\/diputacio-de-barcelona\/wp-content\/blogs.dir\/6\/files\/sites\/186\/2020\/10\/ccoo-primer-sindicat-cliqueu.png 448w\" sizes=\"auto, (max-width: 300px) 100vw, 300px\" \/><\/a><\/p>\n<p><a href=\"https:\/\/diba.ccoo.cat\/mesa-general-de-negociacio-de-materies-comunes-de-la-diba\/\"><img loading=\"lazy\" decoding=\"async\" class=\"size-medium wp-image-7171 aligncenter\" src=\"http:\/\/ccoo.app\/diputacio-de-barcelona\/wp-content\/blogs.dir\/6\/files\/sites\/186\/2020\/11\/mgnmc-imatges-300x101.png\" alt=\"\" width=\"300\" height=\"101\" srcset=\"https:\/\/ccoo.app\/diputacio-de-barcelona\/wp-content\/blogs.dir\/6\/files\/sites\/186\/2020\/11\/mgnmc-imatges-300x101.png 300w, https:\/\/ccoo.app\/diputacio-de-barcelona\/wp-content\/blogs.dir\/6\/files\/sites\/186\/2020\/11\/mgnmc-imatges.png 324w\" sizes=\"auto, (max-width: 300px) 100vw, 300px\" \/><\/a><a href=\"https:\/\/www.ccoo.cat\/aspnet\/motius_afiliarte.aspx\"><img loading=\"lazy\" decoding=\"async\" class=\"size-medium wp-image-6841 aligncenter\" src=\"http:\/\/ccoo.app\/diputacio-de-barcelona\/wp-content\/blogs.dir\/6\/files\/sites\/186\/2020\/10\/afiliat-ccoo-300x199.png\" alt=\"\" width=\"300\" height=\"199\" srcset=\"https:\/\/ccoo.app\/diputacio-de-barcelona\/wp-content\/blogs.dir\/6\/files\/sites\/186\/2020\/10\/afiliat-ccoo-300x199.png 300w, https:\/\/ccoo.app\/diputacio-de-barcelona\/wp-content\/blogs.dir\/6\/files\/sites\/186\/2020\/10\/afiliat-ccoo.png 573w\" sizes=\"auto, (max-width: 300px) 100vw, 300px\" \/><\/a><\/p>\n<p><a href=\"https:\/\/www.ccoo.cat\/aspnet\/qui_som.aspx\"><img loading=\"lazy\" decoding=\"async\" class=\" wp-image-7174 aligncenter\" src=\"http:\/\/ccoo.app\/diputacio-de-barcelona\/wp-content\/blogs.dir\/6\/files\/sites\/186\/2020\/11\/ccoo-diversa-300x77.png\" alt=\"\" width=\"327\" height=\"84\" srcset=\"https:\/\/ccoo.app\/diputacio-de-barcelona\/wp-content\/blogs.dir\/6\/files\/sites\/186\/2020\/11\/ccoo-diversa-300x77.png 300w, https:\/\/ccoo.app\/diputacio-de-barcelona\/wp-content\/blogs.dir\/6\/files\/sites\/186\/2020\/11\/ccoo-diversa.png 422w\" sizes=\"auto, (max-width: 327px) 100vw, 327px\" \/><\/a><\/p>\n\n\n<p><\/p>\n    \t","protected":false},"excerpt":{"rendered":"<p>NOTA INFORMATIVA REGLAMENT TELETREBALL PRORROGA DEL PROTOCOL ANTI-COVID PROCESSOS SELECTIUS XBM CCOO CONTINUEM VISITANT CENTRES DE TREBALL &#8211; 19 d&#8217;abril de 2021- TELETREBALL Us informem que la corporaci\u00f3 i les &#8230; <\/p>\n<p class=\"read-more-container\"><a title=\"INFO 19.4.2021: TELETREBALL, PRORROGA PROTOCOL ANTI-COVID, PROCESSOS SELECTIUS, XBM, VISITES ALS CENTRES\" class=\"read-more button\" href=\"https:\/\/ccoo.app\/diputacio-de-barcelona\/nota_informtaiva_19-4-2021\/#more-49690\" aria-label=\"Leer m\u00e1s sobre INFO 19.4.2021: TELETREBALL, PRORROGA PROTOCOL ANTI-COVID, PROCESSOS SELECTIUS, XBM, VISITES ALS CENTRES\">Continuar llegint<\/a><\/p>\n","protected":false},"author":4519,"featured_media":5184,"comment_status":"open","ping_status":"open","sticky":false,"template":"","format":"standard","meta":{"footnotes":""},"categories":[19,35,37],"tags":[67,91,169,189,221],"class_list":["post-49690","post","type-post","status-publish","format-standard","has-post-thumbnail","hentry","category-comunicats","category-salut-laboral","category-xbm","tag-borses","tag-covid","tag-pamo","tag-prevencio","tag-teletreball","generate-columns","tablet-grid-50","mobile-grid-100","grid-parent","grid-50"],"_links":{"self":[{"href":"https:\/\/ccoo.app\/diputacio-de-barcelona\/wp-json\/wp\/v2\/posts\/49690","targetHints":{"allow":["GET"]}}],"collection":[{"href":"https:\/\/ccoo.app\/diputacio-de-barcelona\/wp-json\/wp\/v2\/posts"}],"about":[{"href":"https:\/\/ccoo.app\/diputacio-de-barcelona\/wp-json\/wp\/v2\/types\/post"}],"author":[{"embeddable":true,"href":"https:\/\/ccoo.app\/diputacio-de-barcelona\/wp-json\/wp\/v2\/users\/4519"}],"replies":[{"embeddable":true,"href":"https:\/\/ccoo.app\/diputacio-de-barcelona\/wp-json\/wp\/v2\/comments?post=49690"}],"version-history":[{"count":1,"href":"https:\/\/ccoo.app\/diputacio-de-barcelona\/wp-json\/wp\/v2\/posts\/49690\/revisions"}],"predecessor-version":[{"id":50775,"href":"https:\/\/ccoo.app\/diputacio-de-barcelona\/wp-json\/wp\/v2\/posts\/49690\/revisions\/50775"}],"wp:featuredmedia":[{"embeddable":true,"href":"https:\/\/ccoo.app\/diputacio-de-barcelona\/wp-json\/wp\/v2\/media\/5184"}],"wp:attachment":[{"href":"https:\/\/ccoo.app\/diputacio-de-barcelona\/wp-json\/wp\/v2\/media?parent=49690"}],"wp:term":[{"taxonomy":"category","embeddable":true,"href":"https:\/\/ccoo.app\/diputacio-de-barcelona\/wp-json\/wp\/v2\/categories?post=49690"},{"taxonomy":"post_tag","embeddable":true,"href":"https:\/\/ccoo.app\/diputacio-de-barcelona\/wp-json\/wp\/v2\/tags?post=49690"}],"curies":[{"name":"wp","href":"https:\/\/api.w.org\/{rel}","templated":true}]}}