{"id":49688,"date":"2021-07-08T11:09:30","date_gmt":"2021-07-08T10:09:30","guid":{"rendered":"https:\/\/diba.ccoo.cat\/?p=49688"},"modified":"2023-10-17T16:29:48","modified_gmt":"2023-10-17T14:29:48","slug":"valoracioccoodibaestabilitatpersonalinteri","status":"publish","type":"post","link":"https:\/\/ccoo.app\/diputacio-de-barcelona\/valoracioccoodibaestabilitatpersonalinteri\/","title":{"rendered":"VALORACI\u00d3 DE CCOO-DIBA SOBRE L\u2019ACORD ENTRE EL MINISTERI DE FUNCI\u00d3 P\u00daBLICA I CCOO, UGT I CSIF"},"content":{"rendered":"<p><a href=\"https:\/\/diba.ccoo.cat\/\"><img loading=\"lazy\" decoding=\"async\" class=\"wp-image-5909 aligncenter\" src=\"http:\/\/ccoo.app\/diputacio-de-barcelona\/wp-content\/blogs.dir\/6\/files\/sites\/186\/2020\/05\/nota-1-300x86.png\" alt=\"\" width=\"92\" height=\"27\" srcset=\"https:\/\/ccoo.app\/diputacio-de-barcelona\/wp-content\/blogs.dir\/6\/files\/sites\/186\/2020\/05\/nota-1-300x86.png 300w, https:\/\/ccoo.app\/diputacio-de-barcelona\/wp-content\/blogs.dir\/6\/files\/sites\/186\/2020\/05\/nota-1.png 339w\" sizes=\"auto, (max-width: 92px) 100vw, 92px\" \/><\/a><\/p>\n<p class=\"wp-caption-text\"><a href=\"https:\/\/diba.ccoo.cat\/\"><img loading=\"lazy\" decoding=\"async\" class=\"wp-image-1853 aligncenter\" src=\"http:\/\/ccoo.app\/diputacio-de-barcelona\/wp-content\/blogs.dir\/6\/files\/sites\/186\/2018\/01\/logoccoov18.jpg\" alt=\"\" width=\"240\" height=\"110\" \/><\/a><\/p>\n<p><a href=\"http:\/\/ccoo.app\/diputacio-de-barcelona\/wp-content\/blogs.dir\/6\/files\/sites\/186\/2021\/07\/proposta-comunicat-ccoo-acord-ministeri-estabilitzacio-interins-2.pdf\" target=\"_blank\" rel=\"noopener\"><img loading=\"lazy\" decoding=\"async\" class=\"wp-image-5910 aligncenter\" src=\"http:\/\/ccoo.app\/diputacio-de-barcelona\/wp-content\/blogs.dir\/6\/files\/sites\/186\/2020\/05\/nota-3-300x83.png\" alt=\"\" width=\"90\" height=\"25\" srcset=\"https:\/\/ccoo.app\/diputacio-de-barcelona\/wp-content\/blogs.dir\/6\/files\/sites\/186\/2020\/05\/nota-3-300x83.png 300w, https:\/\/ccoo.app\/diputacio-de-barcelona\/wp-content\/blogs.dir\/6\/files\/sites\/186\/2020\/05\/nota-3.png 337w\" sizes=\"auto, (max-width: 90px) 100vw, 90px\" \/><\/a><\/p>\n<p style=\"text-align: center\"><span style=\"font-family: 'arial black', sans-serif;color: #0000ff;font-size: 24px\">Des de la Secci\u00f3 Sindical de CCOO a la Diputaci\u00f3 de Barcelona fem una valoraci\u00f3 positiva de l&#8217;acord\u00a0<\/span><\/p>\n<p>\u00a0<\/p>\n<p><span style=\"color: #000000\"><strong><u>Des de la Secci\u00f3 Sindical de CCOO a la Diputaci\u00f3 de Barcelona fem una valoraci\u00f3 positiva<\/u><\/strong> de l\u2019acord al qual s\u2019ha arribat entre les centrals sindicals de CCOO, UGT i CSIF amb el Ministeri de Funci\u00f3 P\u00fablica en mat\u00e8ria de l&#8217;ab\u00fas de temporalitat a les administracions p\u00fabliques.\u00a0<\/span><\/p>\n<p><span style=\"color: #000000\">Es tracta d\u2019un acord que posa en valor el que hem vingut defensant durant aquests anys: la conjugaci\u00f3 dels drets laborals del personal inter\u00ed, que des de CCOO-DIBA sempre hem defensat i la clara mostra \u00e9s<\/span> <a href=\"https:\/\/transparencia.diba.cat\/sites\/transparencia.diba.cat\/files\/public\/imce\/comuns\/acord_personal_interi_pla_destabilitat.pdf\" target=\"_blank\" rel=\"noopener\">l\u2019acord d\u2019estabilitat que vam signar l\u2019any 2016<\/a>, <span style=\"color: #000000\">aix\u00ed com la defensa dels serveis p\u00fablics de qualitat.<\/span><\/p>\n<p><span style=\"color: #000000\"><strong><u>Com a sindicat de classe, CCOO sempre hem defensat la m\u00e0xima de transpar\u00e8ncia, igualtat, m\u00e8rit i capacitat en qualsevol proc\u00e9s selectiu d\u2019entrada a l\u2019administraci\u00f3 p\u00fablica<\/u><\/strong>. I \u00e9s que aquesta m\u00e0xima \u00e9s la que ens permet avan\u00e7ar cap a una societat m\u00e9s igual, justa i equitativa.<\/span><\/p>\n<p><span style=\"color: #000000\">Sempre hem reiterat que la situaci\u00f3 que estava patint el personal inter\u00ed no era una situaci\u00f3 que les pr\u00f2pies persones, que es troben en aquesta situaci\u00f3, haguessin buscat i que, per tant, en fossin culpables. I \u00e9s aquesta la ra\u00f3 \u00faltima la que ens fa valorar positivament l\u2019acord donat que:<\/span><\/p>\n<ol>\n<li style=\"list-style-type: none\">\n<ol>\n<li><span style=\"color: #000000\"><strong><u>Totes les places estructurals <\/u><\/strong><strong><u>de totes les administracions p\u00fabliques ocupades durant tres anys abans del 31 de desembre del 2020 hauran de sortir a oferta p\u00fablica<\/u><\/strong>. I aquest fet \u00e9s molt important donat que aix\u00f2 impossibilita una retallada en els serveis p\u00fablics, per part de qualsevol govern, amb l\u2019argument de l\u2019amortitzaci\u00f3 de les places ocupades per personal inter\u00ed.<\/span><\/li>\n<li><span style=\"color: #000000\">S\u2019hi accedir\u00e0\u00a0<strong><u>per concurs-oposici\u00f3 amb la m\u00e0xima valoraci\u00f3 possible de la fase de concurs<\/u><\/strong>,<u> <strong>un 40%<\/strong><\/u>. Aix\u00f2, companys i companyes, <strong><u>permetr\u00e0 assolir la condici\u00f3 de funcionari de carrera amb les m\u00e0ximes garanties jur\u00eddiques<\/u><\/strong>. A m\u00e9s, buscarem les f\u00f3rmules necess\u00e0ries per a que aquests processos siguin els m\u00e9s facilitadors possible.<\/span><\/li>\n<li><span style=\"color: #000000\">La no superaci\u00f3 del proc\u00e9s selectiu donar\u00e0 lloc <strong><u>a una indemnitzaci\u00f3 de 20 dies per any treballat<\/u><\/strong><u>,<\/u> amb un topall de 12 mensualitats. S&#8217;est\u00e9n aix\u00ed per a tothom la darrera sent\u00e8ncia del Suprem sense necessitat de tr\u00e0mits jur\u00eddics.<\/span><\/li>\n<li><span style=\"color: #000000\"><strong><u>Les administracions p\u00fabliques han de posar en marxa els seus processos selectius<\/u><\/strong><strong>. <\/strong>CCOO-DIBA treballarem per agilitzar les convocat\u00f2ries i les altres mesures; fet que ens heu demanat moltes i molts companys que us trobeu en situaci\u00f3 d\u2019interinitat. A m\u00e9s, en el cas de les administracions locals i, per tant, de les diputacions, <strong><u>se suspenen els articles 8 i 9 del RD 896\/1991<\/u><\/strong>. A la Diputaci\u00f3 treballarem, per tant, per aconseguir unes bases en aquesta l\u00ednia, tot reduint els temaris i el n\u00famero de proves tal i com estableix l\u2019acord.<\/span><\/li>\n<li><span style=\"color: #000000\">El personal temporal, tant inter\u00ed com laboral, disposar\u00e0 dels mateixos drets que l\u2019indefinit. <strong><u>CCOO som un sindicat confederal i ens felicitem per aquest acord per a la resta de companys i companyes d\u2019altres administracions p\u00fabliques, tot i que a la Diputaci\u00f3 ja vam signar un acord en aquesta mateixa direcci\u00f3<\/u><\/strong>.<\/span><\/li>\n<li><span style=\"color: #000000\">Comprom\u00eds del ministeri de\u00a0<strong><u>negociar el desenvolupament de l\u2019EBEP<\/u><\/strong>i altres millores al setembre. I afegim m\u00e9s: <strong><u>des de CCOO seguirem mobilitzant-nos i negociant, aqu\u00ed a Catalunya, per al desenvolupament normatiu de l\u2019EBEP existent per fer efectiva la carrera professional<\/u><\/strong> que cap Govern de la Generalitat ha volgut desenvolupar tot i tenir compet\u00e8ncies per a fer-ho i aix\u00ed igualar-nos a la resta de companys i companyes d\u2019altres administracions p\u00fabliques de la resta de l\u2019estat que s\u00ed disposen d\u2019aquesta carrera professional.<\/span><\/li>\n<li><span style=\"color: #000000\"><strong><u>Eliminaci\u00f3 de la taxa de reposici\u00f3<\/u><\/strong>. Aquest acord va m\u00e9s enll\u00e0 de la situaci\u00f3 de precarietat que viu el personal inter\u00ed de llarga durada i eliminar\u00e0 la taxa de reposici\u00f3 imposada pel govern del PP. Per tant, <strong><u>tornem al cam\u00ed de la recuperaci\u00f3 de drets per al personal inter\u00ed aix\u00ed com dotar d\u2019estabilitat i seguretat laboral<\/u><\/strong> i deixar enrere la precarietat d\u2019aquests darrers anys. Reforcem aix\u00ed, tamb\u00e9, els serveis p\u00fablics i els dotem de recursos.<\/span><\/li>\n<\/ol>\n<\/li>\n<\/ol>\n<p><span style=\"color: #000000\">Per tot aix\u00f2, CCOO segueix sent l\u2019eina m\u00e9s \u00fatil pel conjunt de treballadores i treballadors de l\u2019administraci\u00f3 p\u00fablica. Davant d\u2019aquest conflicte sempre hem volgut mantenir una actitud de prud\u00e8ncia vers aquesta situaci\u00f3. Mai hem volgut fer volar coloms ni hem volgut fer un <em>totum revolutum <\/em>de les diferents not\u00edcies que s\u2019anaven filtrant de manera interessada per les xarxes socials. <strong><u>Sabem perfectament que els problemes complexos mai podran tenir una soluci\u00f3 senzilla<\/u><\/strong>: ni cap gabinet d\u2019advocats ni d\u2019altres centrals sindicals podien fer canviar la legislaci\u00f3 vigent i s\u00ed una postura seriosa i ajustada a dret, reconeixent el problema i afrontant-lo sabent que CCOO, UGT i CSIF representen m\u00e9s del 80% dels vots de totes i tots els treballadors de l\u2019administraci\u00f3 p\u00fablica del conjunt de l\u2019estat.<\/span><\/p>\n<p><span style=\"color: #000000\">Amb aquest acord tornem a demostrar que CCOO ha estat a l\u2019al\u00e7ada de les circumst\u00e0ncies. Ara ens toca a nosaltres traslladar-ho a la Diputaci\u00f3 de Barcelona, a on estem conven\u00e7udes i conven\u00e7uts que donarem el millor encaix possible a dit acord: <strong><u>toca fer pressi\u00f3 a la corporaci\u00f3 i negociar unes bases a m\u00e0xims per aquests processos selectius, seguint la direcci\u00f3 marcada al present acord, a on hi hagi preponder\u00e0ncia del temps treballat, funcions realitzades aix\u00ed com un temari facilitador<\/u><\/strong>. I n\u2019estem de conven\u00e7udes i conven\u00e7uts perqu\u00e8 som el primer sindicat a la Diputaci\u00f3 de Barcelona, el primer sindicat a Catalunya i el primer sindicat a Espanya i <strong><u>la uni\u00f3 fa la for\u00e7a.<\/u><\/strong><\/span><\/p>\n<p><span style=\"color: #000000\">Per a m\u00e9s informaci\u00f3:<\/span><\/p>\n<p><a href=\"https:\/\/www.ccoo.cat\/noticies\/acord-en-materia-de-temporalitat-a-les-administracions-publiques\/\" target=\"_blank\" rel=\"noopener\">https:\/\/www.ccoo.cat\/noticies\/acord-en-materia-de-temporalitat-a-les-administracions-publiques\/<\/a><\/p>\n<p><span style=\"color: #000000\">Per veure l\u2019acord:<\/span><\/p>\n<p><a href=\"https:\/\/www.ccoo.cat\/wp-content\/uploads\/2021\/07\/acord-reduccio-temporalitat-administracions-publiques.pdf\" target=\"_blank\" rel=\"noopener\">https:\/\/www.ccoo.cat\/wp-content\/uploads\/2021\/07\/acord-reduccio-temporalitat-administracions-publiques.pdf<\/a><\/p>\n<p style=\"text-align: center\"><span style=\"font-family: arial, helvetica, sans-serif;font-size: 14px;color: #000000\">&#8211; juliol de 2021-<\/span><\/p>\n<p style=\"text-align: justify\">\u00a0<\/p>\n<p><img loading=\"lazy\" decoding=\"async\" class=\"wp-image-5912 aligncenter\" src=\"http:\/\/ccoo.app\/diputacio-de-barcelona\/wp-content\/blogs.dir\/6\/files\/sites\/186\/2020\/05\/nota-2-300x86.png\" alt=\"\" width=\"98\" height=\"28\" srcset=\"https:\/\/ccoo.app\/diputacio-de-barcelona\/wp-content\/blogs.dir\/6\/files\/sites\/186\/2020\/05\/nota-2-300x86.png 300w, https:\/\/ccoo.app\/diputacio-de-barcelona\/wp-content\/blogs.dir\/6\/files\/sites\/186\/2020\/05\/nota-2.png 337w\" sizes=\"auto, (max-width: 98px) 100vw, 98px\" \/><\/p>\n<p style=\"text-align: center\"><img loading=\"lazy\" decoding=\"async\" class=\"wp-image-5184 aligncenter\" src=\"http:\/\/ccoo.app\/diputacio-de-barcelona\/wp-content\/blogs.dir\/6\/files\/sites\/186\/2020\/03\/i-de-info-300x300.jpg\" alt=\"\" width=\"72\" height=\"72\" srcset=\"https:\/\/ccoo.app\/diputacio-de-barcelona\/wp-content\/blogs.dir\/6\/files\/sites\/186\/2020\/03\/i-de-info-300x300.jpg 300w, https:\/\/ccoo.app\/diputacio-de-barcelona\/wp-content\/blogs.dir\/6\/files\/sites\/186\/2020\/03\/i-de-info-150x150.jpg 150w, https:\/\/ccoo.app\/diputacio-de-barcelona\/wp-content\/blogs.dir\/6\/files\/sites\/186\/2020\/03\/i-de-info.jpg 626w\" sizes=\"auto, (max-width: 72px) 100vw, 72px\" \/><span style=\"font-family: 'arial black', sans-serif;font-size: 20px;color: #ffff00;background-color: #ff0000\">TOTA LA INFORMACI\u00d3 SINDICAL QUE NECESSITES<\/span><\/p>\n<p><img loading=\"lazy\" decoding=\"async\" class=\"wp-image-5913 aligncenter\" src=\"http:\/\/ccoo.app\/diputacio-de-barcelona\/wp-content\/blogs.dir\/6\/files\/sites\/186\/2020\/05\/telefono-300x300.jpg\" alt=\"\" width=\"59\" height=\"59\" srcset=\"https:\/\/ccoo.app\/diputacio-de-barcelona\/wp-content\/blogs.dir\/6\/files\/sites\/186\/2020\/05\/telefono-300x300.jpg 300w, https:\/\/ccoo.app\/diputacio-de-barcelona\/wp-content\/blogs.dir\/6\/files\/sites\/186\/2020\/05\/telefono-150x150.jpg 150w, https:\/\/ccoo.app\/diputacio-de-barcelona\/wp-content\/blogs.dir\/6\/files\/sites\/186\/2020\/05\/telefono.jpg 600w\" sizes=\"auto, (max-width: 59px) 100vw, 59px\" \/><\/p>\n<p style=\"text-align: center\"><span style=\"font-family: 'arial black', sans-serif;color: #000000\">DE DILLUNS A DIVENDRES<\/span><\/p>\n<p style=\"text-align: center\"><span style=\"font-family: 'arial black', sans-serif;color: #000000;background-color: #ffff00\">DE 10:00 A 14:30 i DE 17:00 A 19:00\u00a0<\/span><\/p>\n<p style=\"text-align: center\"><span style=\"font-family: 'arial black', sans-serif;color: #ff0000\">93.402.29.85 \u2013 22985 \u2013 667 90 69 64<\/span><\/p>\n<p><img loading=\"lazy\" decoding=\"async\" class=\"wp-image-5553 aligncenter\" src=\"http:\/\/ccoo.app\/diputacio-de-barcelona\/wp-content\/blogs.dir\/6\/files\/sites\/186\/2020\/04\/mail-foto-300x200.jpg\" alt=\"\" width=\"59\" height=\"39\" srcset=\"https:\/\/ccoo.app\/diputacio-de-barcelona\/wp-content\/blogs.dir\/6\/files\/sites\/186\/2020\/04\/mail-foto-300x200.jpg 300w, https:\/\/ccoo.app\/diputacio-de-barcelona\/wp-content\/blogs.dir\/6\/files\/sites\/186\/2020\/04\/mail-foto-1024x683.jpg 1024w, https:\/\/ccoo.app\/diputacio-de-barcelona\/wp-content\/blogs.dir\/6\/files\/sites\/186\/2020\/04\/mail-foto-768x512.jpg 768w, https:\/\/ccoo.app\/diputacio-de-barcelona\/wp-content\/blogs.dir\/6\/files\/sites\/186\/2020\/04\/mail-foto.jpg 1200w\" sizes=\"auto, (max-width: 59px) 100vw, 59px\" \/><\/p>\n<p style=\"text-align: center\"><span style=\"font-family: arial, helvetica, sans-serif;color: #000000\">La\u00a0SECCI\u00d3 SINDICAL DE CCOO donem resposta a tots els teus dubtes o t&#8217;ajudem solucionar els problemes que puguis tenir.<strong> T&#8217;ajudem a defensar els teus drets!<\/strong><\/span><\/p>\n<p style=\"text-align: center\"><span style=\"font-family: 'arial black', sans-serif;color: #0000ff\"><a style=\"color: #0000ff\" href=\"mailto:ccoo@diba.cat\"><strong>ccoo@diba.cat<\/strong><\/a><\/span><\/p>\n<p style=\"text-align: center\"><span style=\"font-family: 'arial black', sans-serif;color: #0000ff\"><a style=\"color: #0000ff\" href=\"mailto:orgt.ssccoo@diba.cat\">orgt.ssccoo@diba.cat<\/a><\/span><\/p>\n<p><img loading=\"lazy\" decoding=\"async\" class=\"wp-image-5554 aligncenter\" src=\"http:\/\/ccoo.app\/diputacio-de-barcelona\/wp-content\/blogs.dir\/6\/files\/sites\/186\/2020\/04\/mail-foto-enviar-300x212.jpg\" alt=\"\" width=\"67\" height=\"47\" srcset=\"https:\/\/ccoo.app\/diputacio-de-barcelona\/wp-content\/blogs.dir\/6\/files\/sites\/186\/2020\/04\/mail-foto-enviar-300x212.jpg 300w, https:\/\/ccoo.app\/diputacio-de-barcelona\/wp-content\/blogs.dir\/6\/files\/sites\/186\/2020\/04\/mail-foto-enviar-1024x724.jpg 1024w, https:\/\/ccoo.app\/diputacio-de-barcelona\/wp-content\/blogs.dir\/6\/files\/sites\/186\/2020\/04\/mail-foto-enviar-768x543.jpg 768w, https:\/\/ccoo.app\/diputacio-de-barcelona\/wp-content\/blogs.dir\/6\/files\/sites\/186\/2020\/04\/mail-foto-enviar.jpg 1200w\" sizes=\"auto, (max-width: 67px) 100vw, 67px\" \/><\/p>\n<p style=\"text-align: center\"><span style=\"font-family: arial, helvetica, sans-serif;color: #000000\">Encara no t&#8217;has descarregat la nostra <a href=\"http:\/\/www.ccoo.cat\/carnet\/index.aspx?qr=1#descarrega\"><span style=\"font-family: 'arial black', sans-serif;color: #0000ff\">APP<\/span><\/a> CCOO-Diba d&#8217;informaci\u00f3 sindical?<\/span><\/p>\n<p style=\"text-align: center\"><span style=\"font-family: arial, helvetica, sans-serif;color: #000000\">Fes clic <a href=\"http:\/\/www.ccoo.cat\/carnet\/index.aspx?qr=1#descarrega\"><span style=\"font-family: 'arial black', sans-serif;color: #0000ff\">aqu\u00ed<\/span><\/a> per tenir la informaci\u00f3 abans que ning\u00fa!<\/span><\/p>\n<p><img loading=\"lazy\" decoding=\"async\" class=\"wp-image-5915 aligncenter\" src=\"http:\/\/ccoo.app\/diputacio-de-barcelona\/wp-content\/blogs.dir\/6\/files\/sites\/186\/2020\/05\/xarxes-socials-300x169.png\" alt=\"\" width=\"227\" height=\"128\" srcset=\"https:\/\/ccoo.app\/diputacio-de-barcelona\/wp-content\/blogs.dir\/6\/files\/sites\/186\/2020\/05\/xarxes-socials-300x169.png 300w, https:\/\/ccoo.app\/diputacio-de-barcelona\/wp-content\/blogs.dir\/6\/files\/sites\/186\/2020\/05\/xarxes-socials-1024x576.png 1024w, https:\/\/ccoo.app\/diputacio-de-barcelona\/wp-content\/blogs.dir\/6\/files\/sites\/186\/2020\/05\/xarxes-socials-768x432.png 768w, https:\/\/ccoo.app\/diputacio-de-barcelona\/wp-content\/blogs.dir\/6\/files\/sites\/186\/2020\/05\/xarxes-socials.png 1200w\" sizes=\"auto, (max-width: 227px) 100vw, 227px\" \/><\/p>\n<p style=\"text-align: center\"><span style=\"font-family: arial, helvetica, sans-serif;color: #000000\">Tamb\u00e9 trobar\u00e0s CCOO-Diba a les xarxes socials. Clica sobre la icona de la teva xarxa favorita:<\/span><\/p>\n<p><a href=\"https:\/\/twitter.com\/CCOODiba\"><img loading=\"lazy\" decoding=\"async\" class=\" wp-image-5728 aligncenter\" src=\"http:\/\/ccoo.app\/diputacio-de-barcelona\/wp-content\/blogs.dir\/6\/files\/sites\/186\/2020\/04\/twitter-300x300.png\" alt=\"\" width=\"89\" height=\"89\" srcset=\"https:\/\/ccoo.app\/diputacio-de-barcelona\/wp-content\/blogs.dir\/6\/files\/sites\/186\/2020\/04\/twitter-300x300.png 300w, https:\/\/ccoo.app\/diputacio-de-barcelona\/wp-content\/blogs.dir\/6\/files\/sites\/186\/2020\/04\/twitter-150x150.png 150w, https:\/\/ccoo.app\/diputacio-de-barcelona\/wp-content\/blogs.dir\/6\/files\/sites\/186\/2020\/04\/twitter.png 512w\" sizes=\"auto, (max-width: 89px) 100vw, 89px\" \/><\/a><\/p>\n<p><a href=\"https:\/\/www.instagram.com\/ccoo_diba\/?hl=es\"><img loading=\"lazy\" decoding=\"async\" class=\"wp-image-5730 aligncenter\" src=\"http:\/\/ccoo.app\/diputacio-de-barcelona\/wp-content\/blogs.dir\/6\/files\/sites\/186\/2020\/04\/instragram-300x300.png\" alt=\"\" width=\"91\" height=\"91\" srcset=\"https:\/\/ccoo.app\/diputacio-de-barcelona\/wp-content\/blogs.dir\/6\/files\/sites\/186\/2020\/04\/instragram-300x300.png 300w, https:\/\/ccoo.app\/diputacio-de-barcelona\/wp-content\/blogs.dir\/6\/files\/sites\/186\/2020\/04\/instragram-150x150.png 150w, https:\/\/ccoo.app\/diputacio-de-barcelona\/wp-content\/blogs.dir\/6\/files\/sites\/186\/2020\/04\/instragram.png 512w\" sizes=\"auto, (max-width: 91px) 100vw, 91px\" \/><\/a><\/p>\n<p><a href=\"https:\/\/www.facebook.com\/CcooDiputacioDeBarcelona\/\"><img loading=\"lazy\" decoding=\"async\" class=\"wp-image-5729 aligncenter\" src=\"http:\/\/ccoo.app\/diputacio-de-barcelona\/wp-content\/blogs.dir\/6\/files\/sites\/186\/2020\/04\/facebook-300x300.png\" alt=\"\" width=\"90\" height=\"90\" srcset=\"https:\/\/ccoo.app\/diputacio-de-barcelona\/wp-content\/blogs.dir\/6\/files\/sites\/186\/2020\/04\/facebook-300x300.png 300w, https:\/\/ccoo.app\/diputacio-de-barcelona\/wp-content\/blogs.dir\/6\/files\/sites\/186\/2020\/04\/facebook-150x150.png 150w, https:\/\/ccoo.app\/diputacio-de-barcelona\/wp-content\/blogs.dir\/6\/files\/sites\/186\/2020\/04\/facebook.png 325w\" sizes=\"auto, (max-width: 90px) 100vw, 90px\" \/><\/a><a href=\"https:\/\/www.youtube.com\/channel\/UCFzenkS75udEcs4pB4qoZsg\"><img loading=\"lazy\" decoding=\"async\" class=\" wp-image-5916 aligncenter\" src=\"http:\/\/ccoo.app\/diputacio-de-barcelona\/wp-content\/blogs.dir\/6\/files\/sites\/186\/2020\/05\/youtube-300x115.jpg\" alt=\"\" width=\"122\" height=\"47\" srcset=\"https:\/\/ccoo.app\/diputacio-de-barcelona\/wp-content\/blogs.dir\/6\/files\/sites\/186\/2020\/05\/youtube-300x115.jpg 300w, https:\/\/ccoo.app\/diputacio-de-barcelona\/wp-content\/blogs.dir\/6\/files\/sites\/186\/2020\/05\/youtube-1024x391.jpg 1024w, https:\/\/ccoo.app\/diputacio-de-barcelona\/wp-content\/blogs.dir\/6\/files\/sites\/186\/2020\/05\/youtube-768x293.jpg 768w, https:\/\/ccoo.app\/diputacio-de-barcelona\/wp-content\/blogs.dir\/6\/files\/sites\/186\/2020\/05\/youtube.jpg 1200w\" sizes=\"auto, (max-width: 122px) 100vw, 122px\" \/><\/a><\/p>\n<p><iframe loading=\"lazy\" title=\"Hauran de comptar amb nosaltres. Salut, treball i just\u00edcia social || 1r de maig del 2020.\" width=\"1200\" height=\"675\" src=\"https:\/\/www.youtube.com\/embed\/uS104R3aSJs?feature=oembed\" frameborder=\"0\" allow=\"accelerometer; autoplay; clipboard-write; encrypted-media; gyroscope; picture-in-picture\" allowfullscreen><\/iframe><\/p>\n<p><a href=\"https:\/\/diba.ccoo.cat\/plantilla-1-6-2\/\"><img loading=\"lazy\" decoding=\"async\" class=\"size-medium wp-image-6853 aligncenter\" src=\"http:\/\/ccoo.app\/diputacio-de-barcelona\/wp-content\/blogs.dir\/6\/files\/sites\/186\/2020\/10\/ccoo-primer-sindicat-cliqueu-300x110.png\" alt=\"\" width=\"300\" height=\"110\" srcset=\"https:\/\/ccoo.app\/diputacio-de-barcelona\/wp-content\/blogs.dir\/6\/files\/sites\/186\/2020\/10\/ccoo-primer-sindicat-cliqueu-300x110.png 300w, https:\/\/ccoo.app\/diputacio-de-barcelona\/wp-content\/blogs.dir\/6\/files\/sites\/186\/2020\/10\/ccoo-primer-sindicat-cliqueu.png 448w\" sizes=\"auto, (max-width: 300px) 100vw, 300px\" \/><\/a><\/p>\n<p><a href=\"https:\/\/diba.ccoo.cat\/mesa-general-de-negociacio-de-materies-comunes-de-la-diba\/\"><img loading=\"lazy\" decoding=\"async\" class=\"size-medium wp-image-7171 aligncenter\" src=\"http:\/\/ccoo.app\/diputacio-de-barcelona\/wp-content\/blogs.dir\/6\/files\/sites\/186\/2020\/11\/mgnmc-imatges-300x101.png\" alt=\"\" width=\"300\" height=\"101\" srcset=\"https:\/\/ccoo.app\/diputacio-de-barcelona\/wp-content\/blogs.dir\/6\/files\/sites\/186\/2020\/11\/mgnmc-imatges-300x101.png 300w, https:\/\/ccoo.app\/diputacio-de-barcelona\/wp-content\/blogs.dir\/6\/files\/sites\/186\/2020\/11\/mgnmc-imatges.png 324w\" sizes=\"auto, (max-width: 300px) 100vw, 300px\" \/><\/a><a href=\"https:\/\/www.ccoo.cat\/aspnet\/motius_afiliarte.aspx\"><img loading=\"lazy\" decoding=\"async\" class=\"size-medium wp-image-6841 aligncenter\" src=\"http:\/\/ccoo.app\/diputacio-de-barcelona\/wp-content\/blogs.dir\/6\/files\/sites\/186\/2020\/10\/afiliat-ccoo-300x199.png\" alt=\"\" width=\"300\" height=\"199\" srcset=\"https:\/\/ccoo.app\/diputacio-de-barcelona\/wp-content\/blogs.dir\/6\/files\/sites\/186\/2020\/10\/afiliat-ccoo-300x199.png 300w, https:\/\/ccoo.app\/diputacio-de-barcelona\/wp-content\/blogs.dir\/6\/files\/sites\/186\/2020\/10\/afiliat-ccoo.png 573w\" sizes=\"auto, (max-width: 300px) 100vw, 300px\" \/><\/a><\/p>\n<p><a href=\"https:\/\/www.ccoo.cat\/aspnet\/qui_som.aspx\"><img loading=\"lazy\" decoding=\"async\" class=\" wp-image-7174 aligncenter\" src=\"http:\/\/ccoo.app\/diputacio-de-barcelona\/wp-content\/blogs.dir\/6\/files\/sites\/186\/2020\/11\/ccoo-diversa-300x77.png\" alt=\"\" width=\"327\" height=\"84\" srcset=\"https:\/\/ccoo.app\/diputacio-de-barcelona\/wp-content\/blogs.dir\/6\/files\/sites\/186\/2020\/11\/ccoo-diversa-300x77.png 300w, https:\/\/ccoo.app\/diputacio-de-barcelona\/wp-content\/blogs.dir\/6\/files\/sites\/186\/2020\/11\/ccoo-diversa.png 422w\" sizes=\"auto, (max-width: 327px) 100vw, 327px\" \/><\/a><\/p>\n\n\n<p><\/p>\n    \t","protected":false},"excerpt":{"rendered":"<p>Des de la Secci\u00f3 Sindical de CCOO a la Diputaci\u00f3 de Barcelona fem una valoraci\u00f3 positiva de l&#8217;acord\u00a0 \u00a0 Des de la Secci\u00f3 Sindical de CCOO a la Diputaci\u00f3 de &#8230; <\/p>\n<p class=\"read-more-container\"><a title=\"VALORACI\u00d3 DE CCOO-DIBA SOBRE L\u2019ACORD ENTRE EL MINISTERI DE FUNCI\u00d3 P\u00daBLICA I CCOO, UGT I CSIF\" class=\"read-more button\" href=\"https:\/\/ccoo.app\/diputacio-de-barcelona\/valoracioccoodibaestabilitatpersonalinteri\/#more-49688\" aria-label=\"Leer m\u00e1s sobre VALORACI\u00d3 DE CCOO-DIBA SOBRE L\u2019ACORD ENTRE EL MINISTERI DE FUNCI\u00d3 P\u00daBLICA I CCOO, UGT I CSIF\">Continuar llegint<\/a><\/p>\n","protected":false},"author":4519,"featured_media":5263,"comment_status":"open","ping_status":"open","sticky":false,"template":"","format":"standard","meta":{"footnotes":""},"categories":[38,14,18,19,23,24,31,36],"tags":[55,180,216],"class_list":["post-49688","post","type-post","status-publish","format-standard","has-post-thumbnail","hentry","category-a-tot-el-personal","category-afiliacio-ccoo-diba","category-ccoo-info","category-comunicats","category-informacio-general","category-interins","category-personal-interi-comunicats","category-app","tag-acords","tag-personal-interi","tag-seleccio-2","generate-columns","tablet-grid-50","mobile-grid-100","grid-parent","grid-50"],"_links":{"self":[{"href":"https:\/\/ccoo.app\/diputacio-de-barcelona\/wp-json\/wp\/v2\/posts\/49688","targetHints":{"allow":["GET"]}}],"collection":[{"href":"https:\/\/ccoo.app\/diputacio-de-barcelona\/wp-json\/wp\/v2\/posts"}],"about":[{"href":"https:\/\/ccoo.app\/diputacio-de-barcelona\/wp-json\/wp\/v2\/types\/post"}],"author":[{"embeddable":true,"href":"https:\/\/ccoo.app\/diputacio-de-barcelona\/wp-json\/wp\/v2\/users\/4519"}],"replies":[{"embeddable":true,"href":"https:\/\/ccoo.app\/diputacio-de-barcelona\/wp-json\/wp\/v2\/comments?post=49688"}],"version-history":[{"count":1,"href":"https:\/\/ccoo.app\/diputacio-de-barcelona\/wp-json\/wp\/v2\/posts\/49688\/revisions"}],"predecessor-version":[{"id":50750,"href":"https:\/\/ccoo.app\/diputacio-de-barcelona\/wp-json\/wp\/v2\/posts\/49688\/revisions\/50750"}],"wp:featuredmedia":[{"embeddable":true,"href":"https:\/\/ccoo.app\/diputacio-de-barcelona\/wp-json\/wp\/v2\/media\/5263"}],"wp:attachment":[{"href":"https:\/\/ccoo.app\/diputacio-de-barcelona\/wp-json\/wp\/v2\/media?parent=49688"}],"wp:term":[{"taxonomy":"category","embeddable":true,"href":"https:\/\/ccoo.app\/diputacio-de-barcelona\/wp-json\/wp\/v2\/categories?post=49688"},{"taxonomy":"post_tag","embeddable":true,"href":"https:\/\/ccoo.app\/diputacio-de-barcelona\/wp-json\/wp\/v2\/tags?post=49688"}],"curies":[{"name":"wp","href":"https:\/\/api.w.org\/{rel}","templated":true}]}}