{"id":4919,"date":"2020-02-19T14:22:04","date_gmt":"2020-02-19T13:22:04","guid":{"rendered":"https:\/\/diba.ccoo.cat\/?p=4919"},"modified":"2023-02-22T18:57:13","modified_gmt":"2023-02-22T17:57:13","slug":"teletreball-amb-un-marc-regulador-negociat","status":"publish","type":"post","link":"https:\/\/ccoo.app\/diputacio-de-barcelona\/teletreball-amb-un-marc-regulador-negociat\/","title":{"rendered":"TELETREBALL AMB UN MARC REGULADOR NEGOCIAT JA!"},"content":{"rendered":"<p class=\"wp-caption-text\"><img loading=\"lazy\" decoding=\"async\" class=\"alignnone wp-image-1853\" src=\"http:\/\/ccoo.app\/diputacio-de-barcelona\/wp-content\/blogs.dir\/6\/files\/sites\/186\/2018\/01\/logoccoov18.jpg\" alt=\"\" width=\"137\" height=\"63\" \/>\u00a0 \u00a0<a href=\"http:\/\/ccoo.app\/diputacio-de-barcelona\/wp-content\/blogs.dir\/6\/files\/sites\/186\/2020\/02\/comunicat-teletreball-19-02-2019.docx\"><img loading=\"lazy\" decoding=\"async\" class=\" wp-image-2113 alignnone\" src=\"http:\/\/ccoo.app\/diputacio-de-barcelona\/wp-content\/blogs.dir\/6\/files\/sites\/186\/2018\/04\/22-300x172.png\" alt=\"\" width=\"170\" height=\"98\" srcset=\"https:\/\/ccoo.app\/diputacio-de-barcelona\/wp-content\/blogs.dir\/6\/files\/sites\/186\/2018\/04\/22-300x172.png 300w, https:\/\/ccoo.app\/diputacio-de-barcelona\/wp-content\/blogs.dir\/6\/files\/sites\/186\/2018\/04\/22.png 327w\" sizes=\"auto, (max-width: 170px) 100vw, 170px\" \/><\/a><\/p>\n<p style=\"text-align: center\"><span style=\"font-family: 'arial black', sans-serif;font-size: 18pt;color: #0000ff\">TELETREBALL AMB UN MARC REGULADOR NEGOCIAT JA!<\/span><\/p>\n<p style=\"text-align: center\"><span style=\"font-family: arial, helvetica, sans-serif;font-size: 12pt;color: #000000\">-19 DE FEBRER 2020-<\/span><\/p>\n<p style=\"text-align: justify\"><span style=\"font-family: arial, helvetica, sans-serif;color: #000000\">CCOO a la Diputaci\u00f3 de Barcelona apostem decididament per la implementaci\u00f3 del Teletreball (<a href=\"http:\/\/ccoo.app\/diputacio-de-barcelona\/wp-content\/blogs.dir\/6\/files\/sites\/186\/2019\/03\/16-teletreball.pdf\"><span style=\"color: #0000ff;font-family: 'arial black', sans-serif\">cliqueu aqu\u00ed <\/span><\/a>per veure m\u00e9s informaci\u00f3).<\/span><\/p>\n<p style=\"text-align: justify\"><span style=\"font-family: arial, helvetica, sans-serif;color: #000000\">Fruit de la nostra insist\u00e8ncia a les reunions de la Mesa General de Negociaci\u00f3 i tamb\u00e9 de la Taula de Mobilitat, al mandat anterior la Diputaci\u00f3 ja va parlar de realitzar una prova pilot.<\/span><\/p>\n<p style=\"text-align: justify\"><span style=\"font-family: arial, helvetica, sans-serif;color: #000000\"><a style=\"color: #000000\" href=\"https:\/\/diba.ccoo.cat\/mesures-per-a-una-mobilitat-sostenible-ja\/\"><span style=\"font-family: 'arial black', sans-serif;color: #0000ff\">Cliqueu aqu\u00ed<\/span><\/a> per veure petici\u00f3 de CCOO sobre teletreball del <strong>2018<\/strong>. Llavors ja parl\u00e0vem d\u2019experi\u00e8ncies en teletreball a la diputaci\u00f3 de C\u00f3rdoba, Junta de Castilla Lle\u00f3, UNED, UPC, UAB, Ajuntament de Sant Cugat, Ajuntament d\u2019\u00c0vila i Generalitat de Val\u00e8ncia. <strong>Ara s\u2019ha afegit la Generalitat de Catalunya<\/strong>. Per tant, tot aix\u00f2 demostra que es pot fer. Nom\u00e9s s\u2019ha de tenir voluntat pol\u00edtica. I \u00e9s el que reclamem.<\/span><\/p>\n<p style=\"text-align: justify\"><span style=\"font-family: arial, helvetica, sans-serif;color: #000000\"><img loading=\"lazy\" decoding=\"async\" class=\"wp-image-2645 aligncenter\" src=\"http:\/\/ccoo.app\/diputacio-de-barcelona\/wp-content\/blogs.dir\/6\/files\/sites\/186\/2018\/10\/ttttttttttttttttttttttt.gif\" alt=\"\" width=\"97\" height=\"97\" \/><\/span><\/p>\n<p style=\"text-align: justify\"><span style=\"font-family: arial, helvetica, sans-serif;color: #000000\">No obstant aix\u00f2, <strong>Comissions Obreres hem enviat escrit per registre (<a href=\"http:\/\/ccoo.app\/diputacio-de-barcelona\/wp-content\/blogs.dir\/6\/files\/sites\/186\/2020\/02\/mgn-prova-pilot-teletreball.pdf\"><span style=\"color: #0000ff;font-family: 'arial black', sans-serif\">cliqueu aqu\u00ed<\/span><\/a>) recordant <\/strong>que qualsevol implantaci\u00f3 de teletreball ha d\u2019incloure <strong>pr\u00e8viament<\/strong> la negociaci\u00f3 d\u2019un <strong>marc regulador<\/strong> que inclogui:<\/span><\/p>\n<ul style=\"text-align: justify\">\n<li><span style=\"font-family: arial, helvetica, sans-serif;color: #000000\"><strong>Avaluaci\u00f3 de riscos laborals<\/strong> del nou lloc de treball.<\/span><\/li>\n<\/ul>\n<ul style=\"text-align: justify\">\n<li><span style=\"font-family: arial, helvetica, sans-serif;color: #000000\">Els <strong>recursos necessaris<\/strong> per a desenvolupar el treball amb les mateixes condicions que si estigu\u00e9s en un centre de treball de la Diputaci\u00f3 (mobiliari, ordinador, internet, formaci\u00f3, etc).<\/span><\/li>\n<\/ul>\n<ul style=\"text-align: justify\">\n<li><span style=\"font-family: arial, helvetica, sans-serif;color: #000000\"><strong>Compensacions<\/strong> econ\u00f2miques per <strong>despeses<\/strong> (telef\u00f2niques, internet, aire condicionat, calefacci\u00f3, llum, etc).<\/span><\/li>\n<\/ul>\n<p style=\"text-align: justify\"><span style=\"font-family: arial, helvetica, sans-serif;color: #000000\">CCOO ens ho vam marcar com objectiu des de fa any, i finalment <strong>l\u2019any 2016 ho vam aconseguir: es va aprovar la constituci\u00f3 de la Taula de Mobilitat.<\/strong> La primera administraci\u00f3 p\u00fablica en aprovar-se per a decret plenari (<span style=\"font-family: 'arial black', sans-serif;color: #0000ff\"><a style=\"color: #0000ff\" href=\"https:\/\/youtu.be\/50LK--g0oJw?t=12665\">cliqueu aqu\u00ed<\/a><\/span> per veure v\u00eddeo de la petici\u00f3 feta al Ple de gener de 2016).<\/span><\/p>\n<p><img loading=\"lazy\" decoding=\"async\" class=\"wp-image-4564 aligncenter\" src=\"http:\/\/ccoo.app\/diputacio-de-barcelona\/wp-content\/blogs.dir\/6\/files\/sites\/186\/2019\/09\/bici-300x258.jpg\" alt=\"\" width=\"128\" height=\"110\" srcset=\"https:\/\/ccoo.app\/diputacio-de-barcelona\/wp-content\/blogs.dir\/6\/files\/sites\/186\/2019\/09\/bici-300x258.jpg 300w, https:\/\/ccoo.app\/diputacio-de-barcelona\/wp-content\/blogs.dir\/6\/files\/sites\/186\/2019\/09\/bici.jpg 736w\" sizes=\"auto, (max-width: 128px) 100vw, 128px\" \/><\/p>\n<p style=\"text-align: justify\"><span style=\"font-family: arial, helvetica, sans-serif;color: #000000\">Ara disposem d\u2019una Taula de Mobilitat diba (<a href=\"http:\/\/ccoo.app\/diputacio-de-barcelona\/wp-content\/blogs.dir\/6\/files\/sites\/186\/2019\/03\/15-pla-mobilitat.pdf\"><span style=\"font-family: 'arial black', sans-serif;color: #0000ff\"><strong>cliqueu aqu\u00ed<\/strong><\/span><\/a> per a veure propostes de CCOO) i d\u2019un Pla de Despla\u00e7ament d\u2019Empresa. <strong>\u00c9s el moment d\u2019implementar el teletreball, per\u00f2 tamb\u00e9 moltes altres mesures necess\u00e0ries: <\/strong><\/span><\/p>\n<ul style=\"text-align: justify\">\n<li><span style=\"font-family: arial, helvetica, sans-serif;color: #000000\">Valoracions de Llocs de Treball del personal que per raons de les seves funcions ha de despla\u00e7ar-se durant la seva jornada. S\u2019ha de tenir en compte que una de les primeres causes de mort no natural s\u00f3n els accidents de tr\u00e0nsit.<\/span><\/li>\n<li><span style=\"font-family: arial, helvetica, sans-serif;color: #000000\">Subvenci\u00f3 total o parcial dels t\u00edtols de transport per afavorir l\u2019\u00fas del transport p\u00fablic.<\/span><\/li>\n<li><span style=\"font-family: arial, helvetica, sans-serif;color: #000000\">Incentius econ\u00f2mics per a despesa relacionada amb l\u2019adquisici\u00f3 de vehicles alternatius als de combusti\u00f3 (el\u00e8ctrics, bicicletes, patinets, etc)<\/span><\/li>\n<li><span style=\"font-family: arial, helvetica, sans-serif;color: #000000\">Formaci\u00f3 obligat\u00f2ria i dins de la jornada de treball relacionada amb conducci\u00f3 segura i eficient de vehicles d\u2019empresa.<\/span><\/li>\n<li><span style=\"font-family: arial, helvetica, sans-serif;color: #000000\">Formaci\u00f3 dins la jornada relacionada amb la conducci\u00f3 segura i reparaci\u00f3 de bicicletes.<\/span><\/li>\n<li><span style=\"font-family: arial, helvetica, sans-serif;color: #000000\">Disseny d\u2019una aplicaci\u00f3 inform\u00e0tica (APP) per afavorir l\u2019\u00fas del cotxe compartit entre el personal diba.<\/span><\/li>\n<li><span style=\"font-family: arial, helvetica, sans-serif;color: #000000\">Disseny d\u2019una aplicaci\u00f3 inform\u00e0tica (APP) per establir l\u2019hora les reunions de treball en coordinaci\u00f3 amb els transports p\u00fablics, on a m\u00e9s, es pugui visibilitzar totes les alternatives en temps real.<\/span><\/li>\n<li><span style=\"font-family: arial, helvetica, sans-serif;color: #000000\">Implantar vehicles de carsharing a tota la prov\u00edncia per \u00fas del personal t\u00e8cnic de Diputaci\u00f3 evitant centralitzar l\u2019aparcament i l\u2019oferta de vehicles a Barcelona ciutat.<\/span><\/li>\n<li><span style=\"font-family: arial, helvetica, sans-serif;color: #000000\">Establir protocols d\u2019actuaci\u00f3 per evitar despla\u00e7aments innecessaris dels t\u00e8cnics d\u2019assessorament municipal. No podem \u201cobligar\u201d a que aquest personal vingui f\u00edsicament a Barcelona a fitxar quan posteriorment tinguin una reuni\u00f3 a la prov\u00edncia. Hem d\u2019optimitzar els temps i els recursos.<\/span><\/li>\n<li><span style=\"font-family: arial, helvetica, sans-serif;color: #000000\">Creaci\u00f3 d\u2019aparcaments segurs a tots els centres de treball. El personal que dona el pas d\u2019apostar per a l\u2019\u00fas de la bici per anar a la feina, ha de tenir la plena seguretat que no patir\u00e0 cap robatori com fins ara passa.<\/span><\/li>\n<li><span style=\"font-family: arial, helvetica, sans-serif;color: #000000\">Creaci\u00f3 de vestuaris. Fruit de la nostra petici\u00f3, ja existeix un a l\u2019Escola Industrial. Ara s\u2019ha d\u2019estendre aquesta mesura a la resta de centres de treball.<\/span><\/li>\n<li><span style=\"font-family: arial, helvetica, sans-serif;color: #000000\">S\u2019hauria tamb\u00e9 d\u2019habilitar per part de l\u2019empresa de una l\u00ednia de cr\u00e8dit tou als treballadors i treballadores per la compra de bicicletes, patinets, etc<\/span><\/li>\n<li><span style=\"font-family: arial, helvetica, sans-serif;color: #000000\">Entre altres mesures&#8230;<\/span><\/li>\n<\/ul>\n<p style=\"text-align: justify\"><span style=\"font-family: arial, helvetica, sans-serif;color: #000000\"><strong>Quedem pendents de rebre noticies respecte a quan es tornar\u00e0 a reunir la Taula de Mobilitat<\/strong> per comen\u00e7ar a veure com implementem mesures per avan\u00e7ar cap a un nou model corporatiu m\u00e9s sostenible, saludable, segur i equitatiu.<\/span><\/p>\n<p>&nbsp;<\/p>\n<p style=\"text-align: center\"><span style=\"font-family: 'arial black', sans-serif;color: #000000\"><strong>Horari d\u2019atenci\u00f3 CCOO DIBA:<\/strong><\/span><\/p>\n<p style=\"text-align: center\"><span style=\"font-family: 'arial black', sans-serif;color: #000000\"><strong>CARRER MALLORCA, 244, 2on 3a<\/strong><\/span><\/p>\n<p style=\"text-align: center\"><span style=\"font-family: 'arial black', sans-serif;color: #000000\"><strong>DE DILLUNS A DIVENDRES DE 9:00 A 1<\/strong><strong>5<\/strong><strong>:00\u00a0\u00a0 <\/strong><\/span><\/p>\n<p style=\"text-align: center\"><span style=\"color: #000000\"><span style=\"font-family: 'arial black', sans-serif\"><strong>93 402 29 85\u00a0 &#8211;\u00a0 22985<\/strong><\/span><span style=\"font-family: 'arial black', sans-serif\"><strong>\u00a0<\/strong><\/span><\/span><\/p>\n<p style=\"text-align: center\"><span style=\"font-family: 'arial black', sans-serif\"><strong><a href=\"mailto:ccoo@diba.cat\">ccoo@diba.cat<\/a><\/strong><strong>\u00a0 <\/strong><strong>\/<\/strong><strong>\u00a0 <\/strong><a href=\"mailto:orgt.ssccoo@diba.cat\">orgt.ssccoo@diba.cat<\/a><\/span><\/p>\n<p>&nbsp;<\/p>\n<p><a href=\"https:\/\/diba.ccoo.cat\/ccoo-torna-a-ser-primer-sindicat-a-catalunya\/\"><img loading=\"lazy\" decoding=\"async\" class=\"size-medium wp-image-4877 aligncenter\" src=\"http:\/\/ccoo.app\/diputacio-de-barcelona\/wp-content\/blogs.dir\/6\/files\/sites\/186\/2020\/01\/ccoo-primer-sindicat-catalunya-300x117.jpg\" alt=\"\" width=\"300\" height=\"117\" srcset=\"https:\/\/ccoo.app\/diputacio-de-barcelona\/wp-content\/blogs.dir\/6\/files\/sites\/186\/2020\/01\/ccoo-primer-sindicat-catalunya-300x117.jpg 300w, https:\/\/ccoo.app\/diputacio-de-barcelona\/wp-content\/blogs.dir\/6\/files\/sites\/186\/2020\/01\/ccoo-primer-sindicat-catalunya.jpg 490w\" sizes=\"auto, (max-width: 300px) 100vw, 300px\" \/><\/a><\/p>\n<p><a href=\"https:\/\/www.ccoo.es\/noticia:391405\"><img loading=\"lazy\" decoding=\"async\" class=\"size-medium wp-image-4878 aligncenter\" src=\"http:\/\/ccoo.app\/diputacio-de-barcelona\/wp-content\/blogs.dir\/6\/files\/sites\/186\/2020\/01\/ccoo-primer-sindicat-a-espana-300x91.jpg\" alt=\"\" width=\"300\" height=\"91\" srcset=\"https:\/\/ccoo.app\/diputacio-de-barcelona\/wp-content\/blogs.dir\/6\/files\/sites\/186\/2020\/01\/ccoo-primer-sindicat-a-espana-300x91.jpg 300w, https:\/\/ccoo.app\/diputacio-de-barcelona\/wp-content\/blogs.dir\/6\/files\/sites\/186\/2020\/01\/ccoo-primer-sindicat-a-espana.jpg 477w\" sizes=\"auto, (max-width: 300px) 100vw, 300px\" \/><\/a><\/p>\n<p><a href=\"https:\/\/www.ccoo.cat\/noticia\/224842\/ccoo-lliura-els-seus-comptes-auditats-del-2018-a-la-sindicatura-de-comptes-de-catalunya#.XjRZA-mWycz\"><img loading=\"lazy\" decoding=\"async\" class=\"size-medium wp-image-4879 aligncenter\" src=\"http:\/\/ccoo.app\/diputacio-de-barcelona\/wp-content\/blogs.dir\/6\/files\/sites\/186\/2020\/01\/ccoo-primer-sindicat-sindicatura-300x95.jpg\" alt=\"\" width=\"300\" height=\"95\" srcset=\"https:\/\/ccoo.app\/diputacio-de-barcelona\/wp-content\/blogs.dir\/6\/files\/sites\/186\/2020\/01\/ccoo-primer-sindicat-sindicatura-300x95.jpg 300w, https:\/\/ccoo.app\/diputacio-de-barcelona\/wp-content\/blogs.dir\/6\/files\/sites\/186\/2020\/01\/ccoo-primer-sindicat-sindicatura.jpg 476w\" sizes=\"auto, (max-width: 300px) 100vw, 300px\" \/><\/a><\/p>\n<p>&nbsp;<\/p>\n<p>&nbsp;<\/p>\n<p>&nbsp;<\/p>\n<p>&nbsp;<\/p>\n<p>&nbsp;<\/p>\n<p>&nbsp;<\/p>\n<p>&nbsp;<\/p>\n<p>&nbsp;<\/p>\n<p>&nbsp;<\/p>\n<p>&nbsp;<\/p>\n<p>&nbsp;<\/p>\n<p>&nbsp;<\/p>\n<p>&nbsp;<\/p>\n<p>&nbsp;<\/p>\n<p>&nbsp;<\/p>\n<p>&nbsp;<\/p>\n<p>&nbsp;<\/p>\n<p>&nbsp;    \t<\/p>\n","protected":false},"excerpt":{"rendered":"<p>\u00a0 \u00a0 TELETREBALL AMB UN MARC REGULADOR NEGOCIAT JA! -19 DE FEBRER 2020- CCOO a la Diputaci\u00f3 de Barcelona apostem decididament per la implementaci\u00f3 del Teletreball (cliqueu aqu\u00ed per veure &#8230; <\/p>\n<p class=\"read-more-container\"><a title=\"TELETREBALL AMB UN MARC REGULADOR NEGOCIAT JA!\" class=\"read-more button\" href=\"https:\/\/ccoo.app\/diputacio-de-barcelona\/teletreball-amb-un-marc-regulador-negociat\/#more-4919\" aria-label=\"Leer m\u00e1s sobre TELETREBALL AMB UN MARC REGULADOR NEGOCIAT JA!\">Continuar llegint<\/a><\/p>\n","protected":false},"author":4519,"featured_media":1993,"comment_status":"open","ping_status":"open","sticky":false,"template":"","format":"standard","meta":{"footnotes":""},"categories":[38,19,28],"tags":[215],"class_list":["post-4919","post","type-post","status-publish","format-standard","has-post-thumbnail","hentry","category-a-tot-el-personal","category-comunicats","category-mobilitat","tag-seguretat-social","generate-columns","tablet-grid-50","mobile-grid-100","grid-parent","grid-50"],"_links":{"self":[{"href":"https:\/\/ccoo.app\/diputacio-de-barcelona\/wp-json\/wp\/v2\/posts\/4919","targetHints":{"allow":["GET"]}}],"collection":[{"href":"https:\/\/ccoo.app\/diputacio-de-barcelona\/wp-json\/wp\/v2\/posts"}],"about":[{"href":"https:\/\/ccoo.app\/diputacio-de-barcelona\/wp-json\/wp\/v2\/types\/post"}],"author":[{"embeddable":true,"href":"https:\/\/ccoo.app\/diputacio-de-barcelona\/wp-json\/wp\/v2\/users\/4519"}],"replies":[{"embeddable":true,"href":"https:\/\/ccoo.app\/diputacio-de-barcelona\/wp-json\/wp\/v2\/comments?post=4919"}],"version-history":[{"count":1,"href":"https:\/\/ccoo.app\/diputacio-de-barcelona\/wp-json\/wp\/v2\/posts\/4919\/revisions"}],"predecessor-version":[{"id":51903,"href":"https:\/\/ccoo.app\/diputacio-de-barcelona\/wp-json\/wp\/v2\/posts\/4919\/revisions\/51903"}],"wp:featuredmedia":[{"embeddable":true,"href":"https:\/\/ccoo.app\/diputacio-de-barcelona\/wp-json\/wp\/v2\/media\/1993"}],"wp:attachment":[{"href":"https:\/\/ccoo.app\/diputacio-de-barcelona\/wp-json\/wp\/v2\/media?parent=4919"}],"wp:term":[{"taxonomy":"category","embeddable":true,"href":"https:\/\/ccoo.app\/diputacio-de-barcelona\/wp-json\/wp\/v2\/categories?post=4919"},{"taxonomy":"post_tag","embeddable":true,"href":"https:\/\/ccoo.app\/diputacio-de-barcelona\/wp-json\/wp\/v2\/tags?post=4919"}],"curies":[{"name":"wp","href":"https:\/\/api.w.org\/{rel}","templated":true}]}}