{"id":4913,"date":"2020-02-07T16:51:15","date_gmt":"2020-02-07T15:51:15","guid":{"rendered":"https:\/\/diba.ccoo.cat\/?p=4913"},"modified":"2023-02-22T18:57:14","modified_gmt":"2023-02-22T17:57:14","slug":"novetats-seguretat-social-2020","status":"publish","type":"post","link":"https:\/\/ccoo.app\/diputacio-de-barcelona\/novetats-seguretat-social-2020\/","title":{"rendered":"NOVETATS SEGURETAT SOCIAL 2020"},"content":{"rendered":"<p class=\"wp-caption-text\"><img loading=\"lazy\" decoding=\"async\" class=\"alignnone wp-image-1853\" src=\"http:\/\/ccoo.app\/diputacio-de-barcelona\/wp-content\/blogs.dir\/6\/files\/sites\/186\/2018\/01\/logoccoov18.jpg\" alt=\"\" width=\"137\" height=\"63\" \/>\u00a0 \u00a0<a href=\"https:\/\/diba.ccoo.cat\/wp-content\/uploads\/sites\/37\/2020\/02\/COMUNICAT-04-FEBRER-2020-Comissi%C3%B3-de-Servei_.pdf\"><img loading=\"lazy\" decoding=\"async\" class=\" wp-image-2113 alignnone\" src=\"http:\/\/ccoo.app\/diputacio-de-barcelona\/wp-content\/blogs.dir\/6\/files\/sites\/186\/2018\/04\/22-300x172.png\" alt=\"\" width=\"170\" height=\"98\" srcset=\"https:\/\/ccoo.app\/diputacio-de-barcelona\/wp-content\/blogs.dir\/6\/files\/sites\/186\/2018\/04\/22-300x172.png 300w, https:\/\/ccoo.app\/diputacio-de-barcelona\/wp-content\/blogs.dir\/6\/files\/sites\/186\/2018\/04\/22.png 327w\" sizes=\"auto, (max-width: 170px) 100vw, 170px\" \/><\/a><\/p>\n<p style=\"text-align: center\"><span style=\"font-family: 'arial black', sans-serif;font-size: 18pt;color: #0000ff\">NOVETATS SEGURETAT SOCIAL 2020<\/span><\/p>\n<p style=\"text-align: center\"><span style=\"font-family: 'arial black', sans-serif;color: #000000\">PENSIONS M\u00cdNIMES I PRESTACIONS<\/span><\/p>\n<p style=\"text-align: center\"><span style=\"font-family: arial, helvetica, sans-serif;font-size: 12pt;color: #000000\">-FEBRER 2020-<\/span><\/p>\n<p style=\"text-align: center\"><span style=\"font-family: arial, helvetica, sans-serif;color: #000000\"><a href=\"http:\/\/ccoo.app\/diputacio-de-barcelona\/wp-content\/blogs.dir\/6\/files\/sites\/186\/2020\/02\/novedades-seguridad-social-2020_pensiones-minimas-y-prestaciones-sociales.pdf\"><span style=\"color: #0000ff;font-family: 'arial black', sans-serif\">Cliqueu<\/span><\/a> sobre el seg\u00fcent requadre per a tenir tota les novetats en mat\u00e8ria de Seguretat Social (2020)<\/span><\/p>\n<p><a href=\"http:\/\/ccoo.app\/diputacio-de-barcelona\/wp-content\/blogs.dir\/6\/files\/sites\/186\/2020\/02\/novedades-seguridad-social-2020_pensiones-minimas-y-prestaciones-sociales.pdf\"><img loading=\"lazy\" decoding=\"async\" class=\"size-medium wp-image-4911 aligncenter\" src=\"http:\/\/ccoo.app\/diputacio-de-barcelona\/wp-content\/blogs.dir\/6\/files\/sites\/186\/2020\/02\/novetats-ss-300x41.png\" alt=\"\" width=\"300\" height=\"41\" srcset=\"https:\/\/ccoo.app\/diputacio-de-barcelona\/wp-content\/blogs.dir\/6\/files\/sites\/186\/2020\/02\/novetats-ss-300x41.png 300w, https:\/\/ccoo.app\/diputacio-de-barcelona\/wp-content\/blogs.dir\/6\/files\/sites\/186\/2020\/02\/novetats-ss.png 539w\" sizes=\"auto, (max-width: 300px) 100vw, 300px\" \/><\/a><\/p>\n<p>&nbsp;<\/p>\n<p><span style=\"font-family: arial, helvetica, sans-serif;color: #000000\"><a href=\"https:\/\/www.ccoo-servicios.es\/previsionsocial\/html\/46905.html\"><span style=\"font-family: 'arial black', sans-serif;color: #0000ff\">Cliqueu aqu\u00ed <\/span><\/a>per a m\u00e9s informaci\u00f3.<\/span><\/p>\n<p>&nbsp;<\/p>\n<p style=\"text-align: center\"><span style=\"font-family: 'arial black', sans-serif;color: #000000\"><strong>Horari d\u2019atenci\u00f3 CCOO DIBA:<\/strong><\/span><\/p>\n<p style=\"text-align: center\"><span style=\"font-family: 'arial black', sans-serif;color: #000000\"><strong>CARRER MALLORCA, 244, 2on 3a<\/strong><\/span><\/p>\n<p style=\"text-align: center\"><span style=\"font-family: 'arial black', sans-serif;color: #000000\"><strong>DE DILLUNS A DIVENDRES DE 9:00 A 1<\/strong><strong>5<\/strong><strong>:00\u00a0\u00a0 <\/strong><\/span><\/p>\n<p style=\"text-align: center\"><span style=\"color: #000000\"><span style=\"font-family: 'arial black', sans-serif\"><strong>93 402 29 85\u00a0 &#8211;\u00a0 22985<\/strong><\/span><span style=\"font-family: 'arial black', sans-serif\"><strong>\u00a0<\/strong><\/span><\/span><\/p>\n<p style=\"text-align: center\"><span style=\"font-family: 'arial black', sans-serif\"><strong><a href=\"mailto:ccoo@diba.cat\">ccoo@diba.cat<\/a><\/strong><strong>\u00a0 <\/strong><strong>\/<\/strong><strong>\u00a0 <\/strong><a href=\"mailto:orgt.ssccoo@diba.cat\">orgt.ssccoo@diba.cat<\/a><\/span><\/p>\n<p>&nbsp;<\/p>\n<p><a href=\"https:\/\/diba.ccoo.cat\/ccoo-torna-a-ser-primer-sindicat-a-catalunya\/\"><img loading=\"lazy\" decoding=\"async\" class=\"size-medium wp-image-4877 aligncenter\" src=\"http:\/\/ccoo.app\/diputacio-de-barcelona\/wp-content\/blogs.dir\/6\/files\/sites\/186\/2020\/01\/ccoo-primer-sindicat-catalunya-300x117.jpg\" alt=\"\" width=\"300\" height=\"117\" srcset=\"https:\/\/ccoo.app\/diputacio-de-barcelona\/wp-content\/blogs.dir\/6\/files\/sites\/186\/2020\/01\/ccoo-primer-sindicat-catalunya-300x117.jpg 300w, https:\/\/ccoo.app\/diputacio-de-barcelona\/wp-content\/blogs.dir\/6\/files\/sites\/186\/2020\/01\/ccoo-primer-sindicat-catalunya.jpg 490w\" sizes=\"auto, (max-width: 300px) 100vw, 300px\" \/><\/a><\/p>\n<p><a href=\"https:\/\/www.ccoo.es\/noticia:391405\"><img loading=\"lazy\" decoding=\"async\" class=\"size-medium wp-image-4878 aligncenter\" src=\"http:\/\/ccoo.app\/diputacio-de-barcelona\/wp-content\/blogs.dir\/6\/files\/sites\/186\/2020\/01\/ccoo-primer-sindicat-a-espana-300x91.jpg\" alt=\"\" width=\"300\" height=\"91\" srcset=\"https:\/\/ccoo.app\/diputacio-de-barcelona\/wp-content\/blogs.dir\/6\/files\/sites\/186\/2020\/01\/ccoo-primer-sindicat-a-espana-300x91.jpg 300w, https:\/\/ccoo.app\/diputacio-de-barcelona\/wp-content\/blogs.dir\/6\/files\/sites\/186\/2020\/01\/ccoo-primer-sindicat-a-espana.jpg 477w\" sizes=\"auto, (max-width: 300px) 100vw, 300px\" \/><\/a><\/p>\n<p><a href=\"https:\/\/www.ccoo.cat\/noticia\/224842\/ccoo-lliura-els-seus-comptes-auditats-del-2018-a-la-sindicatura-de-comptes-de-catalunya#.XjRZA-mWycz\"><img loading=\"lazy\" decoding=\"async\" class=\"size-medium wp-image-4879 aligncenter\" src=\"http:\/\/ccoo.app\/diputacio-de-barcelona\/wp-content\/blogs.dir\/6\/files\/sites\/186\/2020\/01\/ccoo-primer-sindicat-sindicatura-300x95.jpg\" alt=\"\" width=\"300\" height=\"95\" srcset=\"https:\/\/ccoo.app\/diputacio-de-barcelona\/wp-content\/blogs.dir\/6\/files\/sites\/186\/2020\/01\/ccoo-primer-sindicat-sindicatura-300x95.jpg 300w, https:\/\/ccoo.app\/diputacio-de-barcelona\/wp-content\/blogs.dir\/6\/files\/sites\/186\/2020\/01\/ccoo-primer-sindicat-sindicatura.jpg 476w\" sizes=\"auto, (max-width: 300px) 100vw, 300px\" \/><\/a><\/p>\n<p>&nbsp;<\/p>\n<p>&nbsp;<\/p>\n<p>&nbsp;<\/p>\n<p>&nbsp;<\/p>\n<p>&nbsp;<\/p>\n<p>&nbsp;<\/p>\n<p>&nbsp;<\/p>\n<p>&nbsp;<\/p>\n<p>&nbsp;<\/p>\n<p>&nbsp;<\/p>\n<p>&nbsp;<\/p>\n<p>&nbsp;<\/p>\n<p>&nbsp;<\/p>\n<p>&nbsp;<\/p>\n<p>&nbsp;<\/p>\n<p>&nbsp;<\/p>\n<p>&nbsp;<\/p>\n<p>&nbsp;    \t<\/p>\n","protected":false},"excerpt":{"rendered":"<p>\u00a0 \u00a0 NOVETATS SEGURETAT SOCIAL 2020 PENSIONS M\u00cdNIMES I PRESTACIONS -FEBRER 2020- Cliqueu sobre el seg\u00fcent requadre per a tenir tota les novetats en mat\u00e8ria de Seguretat Social (2020) &nbsp; &#8230; <\/p>\n<p class=\"read-more-container\"><a title=\"NOVETATS SEGURETAT SOCIAL 2020\" class=\"read-more button\" href=\"https:\/\/ccoo.app\/diputacio-de-barcelona\/novetats-seguretat-social-2020\/#more-4913\" aria-label=\"Leer m\u00e1s sobre NOVETATS SEGURETAT SOCIAL 2020\">Continuar llegint<\/a><\/p>\n","protected":false},"author":4519,"featured_media":4912,"comment_status":"open","ping_status":"open","sticky":false,"template":"","format":"standard","meta":{"footnotes":""},"categories":[38,19,25],"tags":[215],"class_list":["post-4913","post","type-post","status-publish","format-standard","has-post-thumbnail","hentry","category-a-tot-el-personal","category-comunicats","category-jubilacio","tag-seguretat-social","generate-columns","tablet-grid-50","mobile-grid-100","grid-parent","grid-50"],"_links":{"self":[{"href":"https:\/\/ccoo.app\/diputacio-de-barcelona\/wp-json\/wp\/v2\/posts\/4913","targetHints":{"allow":["GET"]}}],"collection":[{"href":"https:\/\/ccoo.app\/diputacio-de-barcelona\/wp-json\/wp\/v2\/posts"}],"about":[{"href":"https:\/\/ccoo.app\/diputacio-de-barcelona\/wp-json\/wp\/v2\/types\/post"}],"author":[{"embeddable":true,"href":"https:\/\/ccoo.app\/diputacio-de-barcelona\/wp-json\/wp\/v2\/users\/4519"}],"replies":[{"embeddable":true,"href":"https:\/\/ccoo.app\/diputacio-de-barcelona\/wp-json\/wp\/v2\/comments?post=4913"}],"version-history":[{"count":1,"href":"https:\/\/ccoo.app\/diputacio-de-barcelona\/wp-json\/wp\/v2\/posts\/4913\/revisions"}],"predecessor-version":[{"id":51904,"href":"https:\/\/ccoo.app\/diputacio-de-barcelona\/wp-json\/wp\/v2\/posts\/4913\/revisions\/51904"}],"wp:featuredmedia":[{"embeddable":true,"href":"https:\/\/ccoo.app\/diputacio-de-barcelona\/wp-json\/wp\/v2\/media\/4912"}],"wp:attachment":[{"href":"https:\/\/ccoo.app\/diputacio-de-barcelona\/wp-json\/wp\/v2\/media?parent=4913"}],"wp:term":[{"taxonomy":"category","embeddable":true,"href":"https:\/\/ccoo.app\/diputacio-de-barcelona\/wp-json\/wp\/v2\/categories?post=4913"},{"taxonomy":"post_tag","embeddable":true,"href":"https:\/\/ccoo.app\/diputacio-de-barcelona\/wp-json\/wp\/v2\/tags?post=4913"}],"curies":[{"name":"wp","href":"https:\/\/api.w.org\/{rel}","templated":true}]}}