{"id":4904,"date":"2020-02-07T15:46:10","date_gmt":"2020-02-07T14:46:10","guid":{"rendered":"https:\/\/diba.ccoo.cat\/?p=4904"},"modified":"2023-02-22T18:57:15","modified_gmt":"2023-02-22T17:57:15","slug":"8-de-marc-2020","status":"publish","type":"post","link":"https:\/\/ccoo.app\/diputacio-de-barcelona\/8-de-marc-2020\/","title":{"rendered":"8 DE MAR\u00c7 2020: CCOO FEMINISTA DEN\u00daNCIA I ACCI\u00d3!"},"content":{"rendered":"<p class=\"wp-caption-text\">\u00a0 <img loading=\"lazy\" decoding=\"async\" class=\"alignnone size-full wp-image-4905\" src=\"http:\/\/ccoo.app\/diputacio-de-barcelona\/wp-content\/blogs.dir\/6\/files\/sites\/186\/2020\/02\/ccoo-feminista.jpg\" alt=\"\" width=\"230\" height=\"96\" \/>\u00a0 \u00a0 \u00a0 \u00a0 \u00a0\u00a0<a href=\"http:\/\/ccoo.app\/diputacio-de-barcelona\/wp-content\/blogs.dir\/6\/files\/sites\/186\/2020\/02\/comunicat8m-del-7-de-febrer-2020.pdf\"><img loading=\"lazy\" decoding=\"async\" class=\" wp-image-2113 alignnone\" src=\"http:\/\/ccoo.app\/diputacio-de-barcelona\/wp-content\/blogs.dir\/6\/files\/sites\/186\/2018\/04\/22-300x172.png\" alt=\"\" width=\"170\" height=\"98\" srcset=\"https:\/\/ccoo.app\/diputacio-de-barcelona\/wp-content\/blogs.dir\/6\/files\/sites\/186\/2018\/04\/22-300x172.png 300w, https:\/\/ccoo.app\/diputacio-de-barcelona\/wp-content\/blogs.dir\/6\/files\/sites\/186\/2018\/04\/22.png 327w\" sizes=\"auto, (max-width: 170px) 100vw, 170px\" \/><\/a><\/p>\n<p style=\"text-align: center\"><span style=\"font-family: 'arial black', sans-serif;font-size: 18pt;color: #0000ff\">8 DE MAR\u00c7 DIA INTERNACIONAL DE LES DONES<\/span><\/p>\n<p style=\"text-align: center\"><span style=\"font-family: 'arial black', sans-serif;color: #000000\">CCOO FEMINISTA: DEN\u00daNCIA I ACCI\u00d3!<\/span><\/p>\n<p style=\"text-align: center\"><span style=\"font-family: arial, helvetica, sans-serif;font-size: 12pt;color: #000000\">-FEBRER 2020-<\/span><\/p>\n<p>&nbsp;<\/p>\n<p style=\"text-align: justify\"><span style=\"font-family: arial, helvetica, sans-serif;color: #000000\">Durant tres setmanes,\u00a0<strong>del 18 de febrer al 8 de mar\u00e7<\/strong>, tindran lloc les activitats organitzades per CCOO de Catalunya arreu del territori amb motiu del\u00a0<strong>Dia Internacional de les Dones<\/strong>.<\/span><\/p>\n<p style=\"text-align: justify\"><span style=\"font-family: arial, helvetica, sans-serif;color: #000000\">El punt de partida ser\u00e0 l\u2019<a style=\"color: #000000\" href=\"https:\/\/www.ccoo.cat\/aspnet\/agenda_acte.aspx?id=62217#.XjgRS2j0m70\">assemblea general de dones, que tindr\u00e0 lloc el 18 de febrer<\/a>. Enguany el lema \u00e9s \u201c<strong>CCOO feminista: den\u00fancia i acci\u00f3<\/strong>\u201d i la campanya estar\u00e0 centrada en les discriminacions de g\u00e8nere, com les bretxes (la salarial, especialment), els col\u00b7lectius en situaci\u00f3 prec\u00e0ria, les viol\u00e8ncies contra les dones, els plans d\u2019igualtat o els\u00a0<a style=\"color: #000000\" href=\"https:\/\/www.ccoo.cat\/noticia\/227924\/el-registre-salarial-una-eina-participada-per-identificar-la-bretxa-salarial-i-fer-hi-front#.XjlgCWj0m70\">registres salarials<\/a>, entre d\u2019altres. Els actes tindran lloc a empreses, a les seus del sindicat arreu de Catalunya i tamb\u00e9 al carrer.<\/span><\/p>\n<p style=\"text-align: justify\"><img loading=\"lazy\" decoding=\"async\" class=\" wp-image-4906 aligncenter\" src=\"http:\/\/ccoo.app\/diputacio-de-barcelona\/wp-content\/blogs.dir\/6\/files\/sites\/186\/2020\/02\/ccoo-feminista-2.png\" alt=\"\" width=\"135\" height=\"158\" \/><\/p>\n<p style=\"text-align: justify\"><span style=\"font-family: arial, helvetica, sans-serif;color: #000000\"><span style=\"font-family: 'arial black', sans-serif;color: #0000ff\"><a style=\"color: #0000ff\" href=\"https:\/\/www.ccoo.cat\/aspnet\/agenda_acte.aspx?id=62217#.Xj06lTJKiUk\">Cliqueu aqu\u00ed<\/a> <\/span>per ampliar la informaci\u00f3 respecte a l\u2019assemblea dones.<\/span><\/p>\n<p style=\"text-align: justify\"><span style=\"font-family: arial, helvetica, sans-serif;color: #000000\"><a style=\"color: #000000\" href=\"https:\/\/www.ccoo.cat\/noticia\/227952\/8-de-marc-ccoo-feminista-denuncia-i-accio#.Xj1DSTJKiUl\"><span style=\"color: #0000ff;font-family: 'arial black', sans-serif\">Cliqueu aqu\u00ed<\/span><\/a> per con\u00e8ixer les m\u00e9s de 15 activitats que, de moment, ja estan organitzades.<\/span><\/p>\n<p style=\"text-align: justify\"><span style=\"font-family: arial, helvetica, sans-serif;color: #000000\"><span style=\"color: #0000ff;font-family: 'arial black', sans-serif\"><a style=\"color: #0000ff\" href=\"https:\/\/www.ccoo.cat\/noticia\/227924\/el-registre-salarial-una-eina-participada-per-identificar-la-bretxa-salarial-i-fer-hi-front#.Xj1DWzJKiUl\">Cliqueu aqu\u00ed<\/a> <\/span>per consultar la guia sobre el registre salarial, un eina per identificar la bretxa salarial i fer hi front.<\/span><\/p>\n<p><img loading=\"lazy\" decoding=\"async\" class=\"wp-image-4907 aligncenter\" src=\"http:\/\/ccoo.app\/diputacio-de-barcelona\/wp-content\/blogs.dir\/6\/files\/sites\/186\/2020\/02\/ccoo-feminista-3.png\" alt=\"\" width=\"191\" height=\"143\" \/><\/p>\n<p style=\"text-align: justify\"><span style=\"font-family: arial, helvetica, sans-serif;color: #000000\"><span style=\"font-family: 'arial black', sans-serif;color: #0000ff\"><a style=\"color: #0000ff\" href=\"https:\/\/fsc.ccoo.es\/b83c5ad0d4470e63b61fade4a0072d2b000050.pdf\">Cliqueu aqu\u00ed<\/a><\/span> per llegir la publicaci\u00f3 <a style=\"color: #000000\" href=\"https:\/\/www.ccoo.es\/cms.php?30225\"><em>Tribuna Violeta <\/em>n\u00famero 6<\/a>, de la FSC estatal.<\/span><\/p>\n<p>&nbsp;<\/p>\n<p style=\"text-align: center\"><span style=\"font-family: 'arial black', sans-serif;color: #000000\"><strong>Horari d\u2019atenci\u00f3 CCOO DIBA:<\/strong><\/span><\/p>\n<p style=\"text-align: center\"><span style=\"font-family: 'arial black', sans-serif;color: #000000\"><strong>CARRER MALLORCA, 244, 2on 3a<\/strong><\/span><\/p>\n<p style=\"text-align: center\"><span style=\"font-family: 'arial black', sans-serif;color: #000000\"><strong>DE DILLUNS A DIVENDRES DE 9:00 A 1<\/strong><strong>5<\/strong><strong>:00\u00a0\u00a0 <\/strong><\/span><\/p>\n<p style=\"text-align: center\"><span style=\"color: #000000\"><span style=\"font-family: 'arial black', sans-serif\"><strong>93 402 29 85\u00a0 &#8211;\u00a0 22985<\/strong><\/span><span style=\"font-family: 'arial black', sans-serif\"><strong>\u00a0<\/strong><\/span><\/span><\/p>\n<p style=\"text-align: center\"><span style=\"font-family: 'arial black', sans-serif\"><strong><a href=\"mailto:ccoo@diba.cat\">ccoo@diba.cat<\/a><\/strong><strong>\u00a0 <\/strong><strong>\/<\/strong><strong>\u00a0 <\/strong><a href=\"mailto:orgt.ssccoo@diba.cat\">orgt.ssccoo@diba.cat<\/a><\/span><\/p>\n<p>&nbsp;<\/p>\n<p><a href=\"https:\/\/diba.ccoo.cat\/ccoo-torna-a-ser-primer-sindicat-a-catalunya\/\"><img loading=\"lazy\" decoding=\"async\" class=\"size-medium wp-image-4877 aligncenter\" src=\"http:\/\/ccoo.app\/diputacio-de-barcelona\/wp-content\/blogs.dir\/6\/files\/sites\/186\/2020\/01\/ccoo-primer-sindicat-catalunya-300x117.jpg\" alt=\"\" width=\"300\" height=\"117\" srcset=\"https:\/\/ccoo.app\/diputacio-de-barcelona\/wp-content\/blogs.dir\/6\/files\/sites\/186\/2020\/01\/ccoo-primer-sindicat-catalunya-300x117.jpg 300w, https:\/\/ccoo.app\/diputacio-de-barcelona\/wp-content\/blogs.dir\/6\/files\/sites\/186\/2020\/01\/ccoo-primer-sindicat-catalunya.jpg 490w\" sizes=\"auto, (max-width: 300px) 100vw, 300px\" \/><\/a><\/p>\n<p><a href=\"https:\/\/www.ccoo.es\/noticia:391405\"><img loading=\"lazy\" decoding=\"async\" class=\"size-medium wp-image-4878 aligncenter\" src=\"http:\/\/ccoo.app\/diputacio-de-barcelona\/wp-content\/blogs.dir\/6\/files\/sites\/186\/2020\/01\/ccoo-primer-sindicat-a-espana-300x91.jpg\" alt=\"\" width=\"300\" height=\"91\" srcset=\"https:\/\/ccoo.app\/diputacio-de-barcelona\/wp-content\/blogs.dir\/6\/files\/sites\/186\/2020\/01\/ccoo-primer-sindicat-a-espana-300x91.jpg 300w, https:\/\/ccoo.app\/diputacio-de-barcelona\/wp-content\/blogs.dir\/6\/files\/sites\/186\/2020\/01\/ccoo-primer-sindicat-a-espana.jpg 477w\" sizes=\"auto, (max-width: 300px) 100vw, 300px\" \/><\/a><\/p>\n<p><a href=\"https:\/\/www.ccoo.cat\/noticia\/224842\/ccoo-lliura-els-seus-comptes-auditats-del-2018-a-la-sindicatura-de-comptes-de-catalunya#.XjRZA-mWycz\"><img loading=\"lazy\" decoding=\"async\" class=\"size-medium wp-image-4879 aligncenter\" src=\"http:\/\/ccoo.app\/diputacio-de-barcelona\/wp-content\/blogs.dir\/6\/files\/sites\/186\/2020\/01\/ccoo-primer-sindicat-sindicatura-300x95.jpg\" alt=\"\" width=\"300\" height=\"95\" srcset=\"https:\/\/ccoo.app\/diputacio-de-barcelona\/wp-content\/blogs.dir\/6\/files\/sites\/186\/2020\/01\/ccoo-primer-sindicat-sindicatura-300x95.jpg 300w, https:\/\/ccoo.app\/diputacio-de-barcelona\/wp-content\/blogs.dir\/6\/files\/sites\/186\/2020\/01\/ccoo-primer-sindicat-sindicatura.jpg 476w\" sizes=\"auto, (max-width: 300px) 100vw, 300px\" \/><\/a><\/p>\n<p>&nbsp;<\/p>\n<p>&nbsp;<\/p>\n<p>&nbsp;<\/p>\n<p>&nbsp;<\/p>\n<p>&nbsp;<\/p>\n<p>&nbsp;<\/p>\n<p>&nbsp;<\/p>\n<p>&nbsp;<\/p>\n<p>&nbsp;<\/p>\n<p>&nbsp;<\/p>\n<p>&nbsp;<\/p>\n<p>&nbsp;<\/p>\n<p>&nbsp;<\/p>\n<p>&nbsp;<\/p>\n<p>&nbsp;<\/p>\n<p>&nbsp;<\/p>\n<p>&nbsp;<\/p>\n<p>&nbsp;    \t<\/p>\n","protected":false},"excerpt":{"rendered":"<p>\u00a0 \u00a0 \u00a0 \u00a0 \u00a0 \u00a0\u00a0 8 DE MAR\u00c7 DIA INTERNACIONAL DE LES DONES CCOO FEMINISTA: DEN\u00daNCIA I ACCI\u00d3! -FEBRER 2020- &nbsp; Durant tres setmanes,\u00a0del 18 de febrer al 8 &#8230; <\/p>\n<p class=\"read-more-container\"><a title=\"8 DE MAR\u00c7 2020: CCOO FEMINISTA DEN\u00daNCIA I ACCI\u00d3!\" class=\"read-more button\" href=\"https:\/\/ccoo.app\/diputacio-de-barcelona\/8-de-marc-2020\/#more-4904\" aria-label=\"Leer m\u00e1s sobre 8 DE MAR\u00c7 2020: CCOO FEMINISTA DEN\u00daNCIA I ACCI\u00d3!\">Continuar llegint<\/a><\/p>\n","protected":false},"author":4519,"featured_media":4906,"comment_status":"open","ping_status":"open","sticky":false,"template":"","format":"standard","meta":{"footnotes":""},"categories":[38,19,22],"tags":[51],"class_list":["post-4904","post","type-post","status-publish","format-standard","has-post-thumbnail","hentry","category-a-tot-el-personal","category-comunicats","category-igualtat","tag-8-de-marc","generate-columns","tablet-grid-50","mobile-grid-100","grid-parent","grid-50"],"_links":{"self":[{"href":"https:\/\/ccoo.app\/diputacio-de-barcelona\/wp-json\/wp\/v2\/posts\/4904","targetHints":{"allow":["GET"]}}],"collection":[{"href":"https:\/\/ccoo.app\/diputacio-de-barcelona\/wp-json\/wp\/v2\/posts"}],"about":[{"href":"https:\/\/ccoo.app\/diputacio-de-barcelona\/wp-json\/wp\/v2\/types\/post"}],"author":[{"embeddable":true,"href":"https:\/\/ccoo.app\/diputacio-de-barcelona\/wp-json\/wp\/v2\/users\/4519"}],"replies":[{"embeddable":true,"href":"https:\/\/ccoo.app\/diputacio-de-barcelona\/wp-json\/wp\/v2\/comments?post=4904"}],"version-history":[{"count":1,"href":"https:\/\/ccoo.app\/diputacio-de-barcelona\/wp-json\/wp\/v2\/posts\/4904\/revisions"}],"predecessor-version":[{"id":51905,"href":"https:\/\/ccoo.app\/diputacio-de-barcelona\/wp-json\/wp\/v2\/posts\/4904\/revisions\/51905"}],"wp:featuredmedia":[{"embeddable":true,"href":"https:\/\/ccoo.app\/diputacio-de-barcelona\/wp-json\/wp\/v2\/media\/4906"}],"wp:attachment":[{"href":"https:\/\/ccoo.app\/diputacio-de-barcelona\/wp-json\/wp\/v2\/media?parent=4904"}],"wp:term":[{"taxonomy":"category","embeddable":true,"href":"https:\/\/ccoo.app\/diputacio-de-barcelona\/wp-json\/wp\/v2\/categories?post=4904"},{"taxonomy":"post_tag","embeddable":true,"href":"https:\/\/ccoo.app\/diputacio-de-barcelona\/wp-json\/wp\/v2\/tags?post=4904"}],"curies":[{"name":"wp","href":"https:\/\/api.w.org\/{rel}","templated":true}]}}