{"id":4886,"date":"2020-02-04T08:59:08","date_gmt":"2020-02-04T07:59:08","guid":{"rendered":"https:\/\/diba.ccoo.cat\/?p=4886"},"modified":"2023-02-22T18:57:16","modified_gmt":"2023-02-22T17:57:16","slug":"nosistemesextraordinarisprovisio","status":"publish","type":"post","link":"https:\/\/ccoo.app\/diputacio-de-barcelona\/nosistemesextraordinarisprovisio\/","title":{"rendered":"CCOO DIEM NO A L&#8217;\u00daS INJUSTIFICAT DELS SISTEMES EXTRAORDINARIS DE PROVISI\u00d3"},"content":{"rendered":"<p class=\"wp-caption-text\"><img loading=\"lazy\" decoding=\"async\" class=\"alignnone wp-image-1853\" src=\"http:\/\/ccoo.app\/diputacio-de-barcelona\/wp-content\/blogs.dir\/6\/files\/sites\/186\/2018\/01\/logoccoov18.jpg\" alt=\"\" width=\"137\" height=\"63\" \/>\u00a0 \u00a0<a href=\"https:\/\/diba.ccoo.cat\/wp-content\/uploads\/sites\/37\/2020\/02\/COMUNICAT-04-FEBRER-2020-Comissi%C3%B3-de-Servei_.pdf\"><img loading=\"lazy\" decoding=\"async\" class=\" wp-image-2113 alignnone\" src=\"http:\/\/ccoo.app\/diputacio-de-barcelona\/wp-content\/blogs.dir\/6\/files\/sites\/186\/2018\/04\/22-300x172.png\" alt=\"\" width=\"170\" height=\"98\" srcset=\"https:\/\/ccoo.app\/diputacio-de-barcelona\/wp-content\/blogs.dir\/6\/files\/sites\/186\/2018\/04\/22-300x172.png 300w, https:\/\/ccoo.app\/diputacio-de-barcelona\/wp-content\/blogs.dir\/6\/files\/sites\/186\/2018\/04\/22.png 327w\" sizes=\"auto, (max-width: 170px) 100vw, 170px\" \/><\/a><\/p>\n<p style=\"text-align: center\"><span style=\"font-family: 'arial black', sans-serif;font-size: 18pt;color: #0000ff\">PUBLICITAT I BON \u00daS DE LES COMISSIONS DE SERVEI<\/span><\/p>\n<p style=\"text-align: center\"><span style=\"font-family: 'arial black', sans-serif;color: #000000\">QUE S&#8217;ACOMPLEIXI EL QUE MARCA LA NORMA I LA RECENT SENT\u00c8NCIA<\/span><\/p>\n<p style=\"text-align: center\"><span style=\"font-family: 'arial black', sans-serif;color: #000000\">DIEM NO A L&#8217;\u00daS INJUSTIFICAT DELS SISTEMES EXTRAORDINARIS DE PROVISI\u00d3<\/span><\/p>\n<p style=\"text-align: center\"><span style=\"font-family: arial, helvetica, sans-serif;font-size: 12pt;color: #000000\">-FEBRER 2020-<\/span><\/p>\n<p>&nbsp;<\/p>\n<p style=\"text-align: justify\"><span style=\"font-family: arial, helvetica, sans-serif;color: #000000\">La <strong>COMISSI\u00d3 DE SERVEI<\/strong> constitueix un dels sistemes <strong>EXTRAORDINARIS<\/strong> de provisi\u00f3 de llocs de treball.<\/span><\/p>\n<p style=\"text-align: justify\"><span style=\"font-family: arial, helvetica, sans-serif;color: #000000\">L&#8217;Article 64 del Real Decret 364\/1995 diu el seg\u00fcent: \u00ab<em>Cuando un puesto de trabajo quede vacante podr\u00e1 ser cubierto, en caso de <u>urgente e inaplazable necesidad<\/u>, en comisi\u00f3n de servicios de car\u00e1cter voluntario, con un funcionario que re\u00fana los requisitos establecidos para su desempe\u00f1o en la relaci\u00f3n de puestos de trabajo.\u00bb<\/em><\/span><\/p>\n<p style=\"text-align: justify\"><span style=\"font-family: arial, helvetica, sans-serif;color: #000000\">Des del nostre punt de vista, la Diputaci\u00f3 de Barcelona, com d\u2019altres moltes administracions, ha fet i fa un \u00fas abusiu d\u2019aquesta modalitat, especialment quan l\u2019utilitza en sup\u00f2sits totalment previsibles com per exemple les jubilacions, donat que, com diu la llei, <strong>nom\u00e9s hauria de ser per aquells casos d&#8217;urg\u00e8ncia, inajornables i realment justificats.<\/strong><\/span><\/p>\n<p style=\"text-align: justify\"><span style=\"font-family: arial, helvetica, sans-serif;color: #000000\">\u00d2bviament, <strong>no es pot utilitzar per triar arbitr\u00e0riament (per no dir \u201cdigitalment\u201d) la persona que ocupar\u00e0 un determinat lloc de treball<\/strong> evitant aix\u00ed (entre 1 i 2 anys), donar curs de manera immediata a la convocat\u00f2ria de <em>Provisi\u00f3 <\/em>reglament\u00e0ria.<\/span><\/p>\n<p style=\"text-align: justify\"><span style=\"font-family: arial, helvetica, sans-serif;color: #000000\">Si volem una administraci\u00f3 moderna i eficient basada en l\u2019ocupaci\u00f3 de llocs de treball respectant els <strong>principis de publicitat, igualtat, capacitat i m\u00e8rit,<\/strong> aleshores la Diputaci\u00f3 de Barcelona ha de fer un \u00fas absolutament residual d\u2019aquesta modalitat. La Comissi\u00f3 de Servei <strong>no dona les m\u00e0ximes garanties<\/strong> respecte a la capacitat de la persona seleccionada i molt menys si s\u2019est\u00e0 deixant de banda d\u2019altres persones que en podrien tenir molt m\u00e9s.<\/span><\/p>\n<p>&nbsp;<\/p>\n<p style=\"text-align: justify\"><span style=\"font-family: 'arial black', sans-serif;color: #0000ff\"><strong>COM HO FAN EN ALTRES ADMINISTRACIONS? <\/strong><\/span><\/p>\n<p style=\"text-align: justify\"><span style=\"font-family: arial, helvetica, sans-serif;color: #000000\">Per exemple, l<strong>&#8216;Administraci\u00f3 General de l&#8217;Estat, (en el seu portal de RH) dona publicitat a les places vacants que per raons d\u2019urg\u00e8ncia han de ser ocupades en Comissi\u00f3 de Servei.<\/strong> D\u2019aquesta manera, qualsevol empleat\/ada que compleixi els requisits pot tenir l\u2019oportunitat d\u2019ocupar el lloc publicitat.<\/span><\/p>\n<p style=\"text-align: justify\"><span style=\"font-family: arial, helvetica, sans-serif;color: #000000\">M\u00e9s enll\u00e0 del que fa l\u2019AGE de manera volunt\u00e0ria, \u00e9s important tenir en compte el que assenyala la sent\u00e8ncia del Tribunal Suprem 873\/2019, de 24 de juny de 2019 (<a href=\"https:\/\/delajusticia.com\/wp-content\/uploads\/2019\/07\/STS-24-de-junio.pdf\"><span style=\"color: #0000ff;font-family: 'arial black', sans-serif\">Cliqueu aqu\u00ed <\/span><\/a>per llegir-la).<\/span><\/p>\n<p style=\"text-align: justify\"><span style=\"font-family: arial, helvetica, sans-serif;color: #000000\">Aquesta sent\u00e8ncia esmena aspectes que entenem que la Diputaci\u00f3 de Barcelona hauria d\u2019aplicar de manera immediata:<\/span><\/p>\n<p><span style=\"font-family: arial, helvetica, sans-serif;color: #000000\"><strong>PUBLICITAT<\/strong><\/span><\/p>\n<p style=\"text-align: justify\"><span style=\"font-family: arial, helvetica, sans-serif;color: #000000\"><em>(&#8230;) \u00ab4\u00ba Por tanto, cuando la causa que justifica la comisi\u00f3n de servicios es que haya una plaza vacante cuya <\/em><strong><em><u>cobertura es urgente e inaplazable<\/u><\/em><\/strong><em>, <\/em><em>si como medida transitoria se acuerda cubrirla en comisi\u00f3n de servicios -obviamente voluntaria-, <\/em><strong><em><u>la comisi\u00f3n de servicios debe ofertarse mediante convocatoria p\u00fablica<\/u><\/em><\/strong> <em>y hacerlo, en su caso, dentro del plazo que prevea el ordenamiento funcionarial respectivo.\u00bb<\/em><\/span><\/p>\n<p style=\"text-align: justify\"><span style=\"font-family: arial, helvetica, sans-serif;color: #000000\"><strong>IGUALTAT<\/strong><\/span><\/p>\n<p style=\"text-align: justify\"><span style=\"font-family: arial, helvetica, sans-serif;color: #000000\"><strong>\u00a0<\/strong><\/span><span style=\"font-family: arial, helvetica, sans-serif;color: #000000\"><em>(&#8230;) \u00ab5\u00ba Si en la normativa de desarrollo no se prev\u00e9 un plazo concreto para ofertarla, tal silencio podr\u00e1 percutir en la atenci\u00f3n a esas necesidades urgentes, esto es, a cu\u00e1ndo debe acordarse la comisi\u00f3n de servicios y cu\u00e1nto tiempo puede mantenerse la plaza sin ser servida hasta que se oferte en comisi\u00f3n de servicios, pero no a c\u00f3mo debe acordarse <\/em><strong><em><u>su cobertura<\/u><\/em><\/strong> <em>para lo cual es exigible ex lege que <\/em><strong><em><u>sea mediante convocatoria<\/u><\/em><\/strong><strong><em> y <u>que sea p\u00fablica.<\/u> <\/em><\/strong><em>Tal exigencia es coherente con el principio de igualdad en el acceso al desempe\u00f1o de cargos y funciones p\u00fablicas, para as\u00ed evitar tratos preferentes en beneficio de la carrera profesional del funcionario comisionado.\u00bb<\/em><\/span><\/p>\n<p style=\"text-align: justify\"><span style=\"font-family: arial, helvetica, sans-serif;color: #000000\"><em>\u00a0<\/em><\/span><\/p>\n<p style=\"text-align: justify\"><span style=\"font-family: arial, helvetica, sans-serif;color: #000000\"><strong>GARANTIES I REQUISIT<\/strong><\/span><\/p>\n<p style=\"text-align: justify\"><span style=\"font-family: arial, helvetica, sans-serif;color: #000000\"><em>\u00a0<\/em><\/span><span style=\"font-family: arial, helvetica, sans-serif;color: #000000\"><em>(&#8230;)\u00bb 6\u00ba A la exigencia de convocatoria p\u00fablica hay que a\u00f1adir otras garant\u00edas y as\u00ed es como cobra sentido en el \u00e1mbito de la Administraci\u00f3n General del Estado las deducibles del art\u00edculo 64 del RGIPPT: partiendo del presupuesto general -que exista vacante y que sea urgente e inaplazable cubrirla-<\/em><em> se regula su <strong><u>duraci\u00f3n m\u00e1xima y prorrogabilidad<\/u><\/strong>, que<strong> <u>el designado cuente con las exigencias previstas<\/u> <\/strong><\/em><em>en la relaci\u00f3n de puestos de trabajo <\/em><strong><em><u>para ocupar la plaza<\/u><\/em><\/strong> <em>en cuesti\u00f3n, la competencia para acordarla, que en su caso <\/em><strong><em><u>se oferte la plaza en la siguiente convocatoria para la provisi\u00f3n por el sistema que corresponda,<\/u><\/em><\/strong> <em>m\u00e1s aspectos relacionados con la condiciones de trabajo del adjudicatario.\u00bb<\/em><\/span><\/p>\n<p style=\"text-align: justify\"><span style=\"font-family: arial, helvetica, sans-serif;color: #000000\">D\u2019acord amb el que indica aquesta sent\u00e8ncia, la secci\u00f3 sindical de CCOO a la Diputaci\u00f3 de Barcelona hem demanat per registre d&#8217;entrada a la Direcci\u00f3 de Serveis de RH (<\/span><a href=\"https:\/\/diba.ccoo.cat\/wp-content\/uploads\/sites\/37\/2020\/02\/Sol%C2%B7licitud-Publicitar-les-Places-de-Comissi%C3%B3-de-Servei.pdf\"><span style=\"font-family: arial, helvetica, sans-serif;color: #0000ff\"><span style=\"font-family: 'arial black', sans-serif\">Cliqueu aqu\u00ed <\/span><\/span><\/a><span style=\"font-family: arial, helvetica, sans-serif;color: #000000\">per veure escrit <span style=\"text-decoration: underline\"><strong>registrat<\/strong><\/span>):<\/span><\/p>\n<ul style=\"text-align: justify\">\n<li><span style=\"font-family: arial, helvetica, sans-serif;color: #000000\">Que s\u2019implementi un mecanisme per <strong>donar publicitat <\/strong><strong>i transpar\u00e8ncia<\/strong> de totes i cadascuna de les <em>Comissions de Serveis<\/em> que es realitzin a la Diputaci\u00f3 de Barcelona, als seus organismes aut\u00f2noms, consorcis o altres ens en qu\u00e8 participa.<\/span><\/li>\n<li><span style=\"font-family: arial, helvetica, sans-serif;color: #000000\">Que es donin les m\u00e0ximes garanties respecte a que el personal designat <strong>compleixi amb els requisits<\/strong> previstos a la RLLT i la seva <strong>idone\u00eftat<\/strong> per desenvolupar les funcions que deriven d&#8217;aquesta pla\u00e7a.<\/span><\/li>\n<\/ul>\n<p style=\"text-align: justify\"><span style=\"font-family: arial, helvetica, sans-serif;color: #000000\">Aquesta petici\u00f3 s\u2019afegeix a la que ja vam presentar el 18 d\u2019abril de 2017 i que vam enviar llavors a tots els grups pol\u00edtics amb representaci\u00f3 a la Diputaci\u00f3, exigint la correcta utilitzaci\u00f3 de la <em>Comissi\u00f3 de Servei<\/em> a la Diputaci\u00f3 de Barcelona (<a href=\"https:\/\/diba.ccoo.cat\/wp-content\/uploads\/sites\/37\/2017\/04\/COMISSI%C3%93-DE-SERVEI-I-LLIURE-DESIGNACI%C3%93.pdf\"><span style=\"font-family: 'arial black', sans-serif;color: #0000ff\"><strong>Cliqueu aqu\u00ed<\/strong><\/span><\/a> per veure escrit i comunicat).<\/span><\/p>\n<p>&nbsp;<\/p>\n<p><span style=\"font-family: 'arial black', sans-serif;color: #0000ff\"><strong>CCOO EXIGIM QUE NO S\u2019APOSTI PELS SISTEMES EXTRAORDINARIS<\/strong><\/span><\/p>\n<p style=\"text-align: justify\"><span style=\"font-family: arial, helvetica, sans-serif;color: #000000\">Des de CCOO, exigim que la Diputaci\u00f3 aposti priorit\u00e0riament pels sistemes ORDINARIS de Provisi\u00f3 per a l\u2019ocupaci\u00f3 de vacants o nous Llocs de Treball.<\/span><\/p>\n<p><a href=\"http:\/\/ccoo.app\/diputacio-de-barcelona\/wp-content\/blogs.dir\/6\/files\/sites\/186\/2020\/02\/sistemes-de-provisio-esquema.png\"><img loading=\"lazy\" decoding=\"async\" class=\" wp-image-4889 aligncenter\" src=\"http:\/\/ccoo.app\/diputacio-de-barcelona\/wp-content\/blogs.dir\/6\/files\/sites\/186\/2020\/02\/sistemes-de-provisio-esquema-300x132.png\" alt=\"\" width=\"348\" height=\"153\" srcset=\"https:\/\/ccoo.app\/diputacio-de-barcelona\/wp-content\/blogs.dir\/6\/files\/sites\/186\/2020\/02\/sistemes-de-provisio-esquema-300x132.png 300w, https:\/\/ccoo.app\/diputacio-de-barcelona\/wp-content\/blogs.dir\/6\/files\/sites\/186\/2020\/02\/sistemes-de-provisio-esquema.png 713w\" sizes=\"auto, (max-width: 348px) 100vw, 348px\" \/><\/a><\/p>\n<p style=\"text-align: justify\"><span style=\"font-family: arial, helvetica, sans-serif;color: #000000\">Els <strong>sistemes EXTRAORDINARIS<\/strong>, per exemple la <em>Comissi\u00f3 de Servei<\/em>, <em>l\u2019Enc\u00e0rrec de Funcions <\/em>o <em>l\u2019Adscripci\u00f3 provisional<\/em>, no es basen en criteris objectius sin\u00f3 subjectius i discrecionals. A m\u00e9s, nom\u00e9s <strong>s\u2019haurien d\u2019utilitzar quan responguin de manera clara, real i justificada a una urg\u00e8ncia inajornable.<\/strong><\/span><\/p>\n<p style=\"text-align: justify\"><span style=\"font-family: arial, helvetica, sans-serif;color: #000000\">Tot el que vagi m\u00e9s enll\u00e0 d\u2019aix\u00f2 no garanteix que qui ocupar\u00e0 la vacant sigui, de manera objectiva, la persona m\u00e9s id\u00f2nia.<a href=\"https:\/\/diba.ccoo.cat\/wp-content\/uploads\/sites\/37\/2020\/02\/COMUNICAT-04-FEBRER-2020-Comissi%C3%B3-de-Servei_.pdf\"><img loading=\"lazy\" decoding=\"async\" class=\" wp-image-4890 alignleft\" src=\"http:\/\/ccoo.app\/diputacio-de-barcelona\/wp-content\/blogs.dir\/6\/files\/sites\/186\/2020\/02\/titol-sistemes-ordinaris-300x284.png\" alt=\"\" width=\"140\" height=\"133\" srcset=\"https:\/\/ccoo.app\/diputacio-de-barcelona\/wp-content\/blogs.dir\/6\/files\/sites\/186\/2020\/02\/titol-sistemes-ordinaris-300x284.png 300w, https:\/\/ccoo.app\/diputacio-de-barcelona\/wp-content\/blogs.dir\/6\/files\/sites\/186\/2020\/02\/titol-sistemes-ordinaris.png 311w\" sizes=\"auto, (max-width: 140px) 100vw, 140px\" \/><\/a><\/span><\/p>\n<p>&nbsp;<\/p>\n<p style=\"text-align: justify\"><span style=\"font-family: arial, helvetica, sans-serif;color: #000000\">Com ja sabeu, CCOO som molts cr\u00edtics i cr\u00edtiques amb el sistema de provisi\u00f3 ordinari de <em>Lliure Designaci\u00f3<\/em> perqu\u00e8 es basa en criteris discrecionals de selecci\u00f3 (<a href=\"https:\/\/diba.ccoo.cat\/comissio-de-serveis-i-concurs-de-lliure-designacio-ccoo-exigim-canvis\/\"><span style=\"color: #0000ff;font-family: 'arial black', sans-serif\">Cliqueu aqu\u00ed<\/span> <\/a>per veure petici\u00f3). Ara b\u00e9, <strong>pels llocs de treball que haurien de convocar-se d\u2019acord amb el nostre <em>Reglament de Provisi\u00f3<\/em> per a Concurs Espec\u00edfic, utilitzem sistemes extraordinaris?<\/strong> CCOO ens hi oposem frontalment. Diem NO!<\/span><\/p>\n<p style=\"text-align: justify\"><span style=\"font-family: arial, helvetica, sans-serif;color: #000000\">CCOO insistim que, d\u2019acord amb el que indica la norma, N<strong>OM\u00c9S quan es donin necessitats de cobertura URGENTS I INAJORNABLES s\u2019han d\u2019utilitzar els sistemes EXTRAORDINARIS.<\/strong> I fins i tot en aquest casos, tal com la sent\u00e8ncia del Tribunal Suprem 873\/2019 assenyala respecte a la Comissi\u00f3 de Servei, s\u2019han de garantir els principis constitucionals de PUBLICITAT, IGUALTAT, CAPACITAT.<\/span><\/p>\n<p style=\"text-align: justify\"><span style=\"font-family: arial, helvetica, sans-serif\">Si ho fem b\u00e9, tindrem una plantilla motivada, disposada a millorar les seves capacitats i coneixements expectant d\u2019oportunitats per a millorar la seva situaci\u00f3 professional. Aquest hauria de ser el cam\u00ed.<\/span><\/p>\n<p>&nbsp;<\/p>\n<p style=\"text-align: center\"><span style=\"font-family: 'arial black', sans-serif;color: #000000\"><strong>Horari d\u2019atenci\u00f3 CCOO DIBA:<\/strong><\/span><\/p>\n<p style=\"text-align: center\"><span style=\"font-family: 'arial black', sans-serif;color: #000000\"><strong>CARRER MALLORCA, 244, 2on 3a<\/strong><\/span><\/p>\n<p style=\"text-align: center\"><span style=\"font-family: 'arial black', sans-serif;color: #000000\"><strong>DE DILLUNS A DIVENDRES DE 9:00 A 1<\/strong><strong>5<\/strong><strong>:00\u00a0\u00a0 <\/strong><\/span><\/p>\n<p style=\"text-align: center\"><span style=\"color: #000000\"><span style=\"font-family: 'arial black', sans-serif\"><strong>93 402 29 85\u00a0 &#8211;\u00a0 22985<\/strong><\/span><span style=\"font-family: 'arial black', sans-serif\"><strong>\u00a0<\/strong><\/span><\/span><\/p>\n<p style=\"text-align: center\"><span style=\"font-family: 'arial black', sans-serif\"><strong><a href=\"mailto:ccoo@diba.cat\">ccoo@diba.cat<\/a><\/strong><strong>\u00a0 <\/strong><strong>\/<\/strong><strong>\u00a0 <\/strong><a href=\"mailto:orgt.ssccoo@diba.cat\">orgt.ssccoo@diba.cat<\/a><\/span><\/p>\n<p>&nbsp;<\/p>\n<p><a href=\"https:\/\/diba.ccoo.cat\/ccoo-torna-a-ser-primer-sindicat-a-catalunya\/\"><img loading=\"lazy\" decoding=\"async\" class=\"size-medium wp-image-4877 aligncenter\" src=\"http:\/\/ccoo.app\/diputacio-de-barcelona\/wp-content\/blogs.dir\/6\/files\/sites\/186\/2020\/01\/ccoo-primer-sindicat-catalunya-300x117.jpg\" alt=\"\" width=\"300\" height=\"117\" srcset=\"https:\/\/ccoo.app\/diputacio-de-barcelona\/wp-content\/blogs.dir\/6\/files\/sites\/186\/2020\/01\/ccoo-primer-sindicat-catalunya-300x117.jpg 300w, https:\/\/ccoo.app\/diputacio-de-barcelona\/wp-content\/blogs.dir\/6\/files\/sites\/186\/2020\/01\/ccoo-primer-sindicat-catalunya.jpg 490w\" sizes=\"auto, (max-width: 300px) 100vw, 300px\" \/><\/a><\/p>\n<p><a href=\"https:\/\/www.ccoo.es\/noticia:391405\"><img loading=\"lazy\" decoding=\"async\" class=\"size-medium wp-image-4878 aligncenter\" src=\"http:\/\/ccoo.app\/diputacio-de-barcelona\/wp-content\/blogs.dir\/6\/files\/sites\/186\/2020\/01\/ccoo-primer-sindicat-a-espana-300x91.jpg\" alt=\"\" width=\"300\" height=\"91\" srcset=\"https:\/\/ccoo.app\/diputacio-de-barcelona\/wp-content\/blogs.dir\/6\/files\/sites\/186\/2020\/01\/ccoo-primer-sindicat-a-espana-300x91.jpg 300w, https:\/\/ccoo.app\/diputacio-de-barcelona\/wp-content\/blogs.dir\/6\/files\/sites\/186\/2020\/01\/ccoo-primer-sindicat-a-espana.jpg 477w\" sizes=\"auto, (max-width: 300px) 100vw, 300px\" \/><\/a><\/p>\n<p><a href=\"https:\/\/www.ccoo.cat\/noticia\/224842\/ccoo-lliura-els-seus-comptes-auditats-del-2018-a-la-sindicatura-de-comptes-de-catalunya#.XjRZA-mWycz\"><img loading=\"lazy\" decoding=\"async\" class=\"size-medium wp-image-4879 aligncenter\" src=\"http:\/\/ccoo.app\/diputacio-de-barcelona\/wp-content\/blogs.dir\/6\/files\/sites\/186\/2020\/01\/ccoo-primer-sindicat-sindicatura-300x95.jpg\" alt=\"\" width=\"300\" height=\"95\" srcset=\"https:\/\/ccoo.app\/diputacio-de-barcelona\/wp-content\/blogs.dir\/6\/files\/sites\/186\/2020\/01\/ccoo-primer-sindicat-sindicatura-300x95.jpg 300w, https:\/\/ccoo.app\/diputacio-de-barcelona\/wp-content\/blogs.dir\/6\/files\/sites\/186\/2020\/01\/ccoo-primer-sindicat-sindicatura.jpg 476w\" sizes=\"auto, (max-width: 300px) 100vw, 300px\" \/><\/a><\/p>\n<p>&nbsp;<\/p>\n<p>&nbsp;<\/p>\n<p>&nbsp;<\/p>\n<p>&nbsp;<\/p>\n<p>&nbsp;<\/p>\n<p>&nbsp;<\/p>\n<p>&nbsp;<\/p>\n<p>&nbsp;<\/p>\n<p>&nbsp;<\/p>\n<p>&nbsp;<\/p>\n<p>&nbsp;<\/p>\n<p>&nbsp;<\/p>\n<p>&nbsp;<\/p>\n<p>&nbsp;<\/p>\n<p>&nbsp;<\/p>\n<p>&nbsp;<\/p>\n<p>&nbsp;<\/p>\n<p>&nbsp;    \t<\/p>\n","protected":false},"excerpt":{"rendered":"<p>\u00a0 \u00a0 PUBLICITAT I BON \u00daS DE LES COMISSIONS DE SERVEI QUE S&#8217;ACOMPLEIXI EL QUE MARCA LA NORMA I LA RECENT SENT\u00c8NCIA DIEM NO A L&#8217;\u00daS INJUSTIFICAT DELS SISTEMES EXTRAORDINARIS &#8230; <\/p>\n<p class=\"read-more-container\"><a title=\"CCOO DIEM NO A L&#8217;\u00daS INJUSTIFICAT DELS SISTEMES EXTRAORDINARIS DE PROVISI\u00d3\" class=\"read-more button\" href=\"https:\/\/ccoo.app\/diputacio-de-barcelona\/nosistemesextraordinarisprovisio\/#more-4886\" aria-label=\"Leer m\u00e1s sobre CCOO DIEM NO A L&#8217;\u00daS INJUSTIFICAT DELS SISTEMES EXTRAORDINARIS DE PROVISI\u00d3\">Continuar llegint<\/a><\/p>\n","protected":false},"author":4519,"featured_media":4890,"comment_status":"open","ping_status":"open","sticky":false,"template":"","format":"standard","meta":{"footnotes":""},"categories":[38,17,19,26,33],"tags":[81,135],"class_list":["post-4886","post","type-post","status-publish","format-standard","has-post-thumbnail","hentry","category-a-tot-el-personal","category-carrera-vertical","category-comunicats","category-mgn","category-propostes-sindicals","tag-comissio-servei","tag-lliure-designacio","generate-columns","tablet-grid-50","mobile-grid-100","grid-parent","grid-50"],"_links":{"self":[{"href":"https:\/\/ccoo.app\/diputacio-de-barcelona\/wp-json\/wp\/v2\/posts\/4886","targetHints":{"allow":["GET"]}}],"collection":[{"href":"https:\/\/ccoo.app\/diputacio-de-barcelona\/wp-json\/wp\/v2\/posts"}],"about":[{"href":"https:\/\/ccoo.app\/diputacio-de-barcelona\/wp-json\/wp\/v2\/types\/post"}],"author":[{"embeddable":true,"href":"https:\/\/ccoo.app\/diputacio-de-barcelona\/wp-json\/wp\/v2\/users\/4519"}],"replies":[{"embeddable":true,"href":"https:\/\/ccoo.app\/diputacio-de-barcelona\/wp-json\/wp\/v2\/comments?post=4886"}],"version-history":[{"count":1,"href":"https:\/\/ccoo.app\/diputacio-de-barcelona\/wp-json\/wp\/v2\/posts\/4886\/revisions"}],"predecessor-version":[{"id":51906,"href":"https:\/\/ccoo.app\/diputacio-de-barcelona\/wp-json\/wp\/v2\/posts\/4886\/revisions\/51906"}],"wp:featuredmedia":[{"embeddable":true,"href":"https:\/\/ccoo.app\/diputacio-de-barcelona\/wp-json\/wp\/v2\/media\/4890"}],"wp:attachment":[{"href":"https:\/\/ccoo.app\/diputacio-de-barcelona\/wp-json\/wp\/v2\/media?parent=4886"}],"wp:term":[{"taxonomy":"category","embeddable":true,"href":"https:\/\/ccoo.app\/diputacio-de-barcelona\/wp-json\/wp\/v2\/categories?post=4886"},{"taxonomy":"post_tag","embeddable":true,"href":"https:\/\/ccoo.app\/diputacio-de-barcelona\/wp-json\/wp\/v2\/tags?post=4886"}],"curies":[{"name":"wp","href":"https:\/\/api.w.org\/{rel}","templated":true}]}}