{"id":475,"date":"2016-09-06T09:33:00","date_gmt":"2016-09-06T08:33:00","guid":{"rendered":"https:\/\/diba.ccoo.cat\/?p=475"},"modified":"2016-09-06T09:33:00","modified_gmt":"2016-09-06T08:33:00","slug":"accio-formativa-de-preparacio-promocio-interna-pamo-2014-2015","status":"publish","type":"post","link":"https:\/\/ccoo.app\/diputacio-de-barcelona\/accio-formativa-de-preparacio-promocio-interna-pamo-2014-2015\/","title":{"rendered":"ACCI\u00d3 FORMATIVA  DE PREPARACI\u00d3 PROMOCI\u00d3 INTERNA (PAMO 2014 \/ 2015)"},"content":{"rendered":"<p>&nbsp;<\/p>\n<p><img loading=\"lazy\" decoding=\"async\" class=\"wp-image-189\" title=\"Secci\u00f3 Sindical de la Diutaci\u00f3 de Barcelona de la Federaci\u00f3 Sindical de Catalunya\" src=\"http:\/\/ccoo.app\/diputacio-de-barcelona\/wp-content\/blogs.dir\/6\/files\/sites\/186\/2015\/12\/ccoo-fsc-cat.png\" alt=\"Secci\u00f3 Sindical de la Diputaci\u00f3 de Barcelona de la Federaci\u00f3 Sindical de Catalunya\" width=\"469\" height=\"90\" \/><\/p>\n<p class=\"wp-caption-text\">Secci\u00f3 Sindical de la Diputaci\u00f3 de Barcelona<\/p>\n<h3 style=\"text-align: center\"><\/h3>\n<h3 style=\"text-align: center\"><span style=\"color: #ff0000\"><b>ACCI\u00d3 FORMATIVA<\/b>\u00a0<b>DE PREPARACI\u00d3 PROMOCI\u00d3 INTERNA <\/b><\/span><\/h3>\n<h3 style=\"text-align: center\"><span style=\"color: #ff0000\"><b>(<\/b><b>PAMO<\/b><b> 2014\/2015)<\/b><\/span><\/h3>\n<p style=\"text-align: center\"><strong><span class=\"TextRun SCX229223079\" lang=\"CA-ES\" style=\"color: #ff0000\" xml:lang=\"CA-ES\"><span class=\"NormalTextRun SCX229223079\">PROC\u00c9S SELECTIU P01\/14 per proveir 76 places d&#8217;administratiu<\/span><\/span><\/strong><\/p>\n<p style=\"text-align: justify\">Com ja sabeu, estem pendents que aviat es publiqui al DOGC el PAMO 2014 i 2015 reservat a Promoci\u00f3 Interna. Per la qual cosa, ja us advertim que <span style=\"text-decoration: underline\"><b>esteu molt atents<\/b><\/span> ja que una vegada publicat, el termini d&#8217;inscripci\u00f3 ser\u00e0 de 20 dies.<\/p>\n<p style=\"text-align: justify\">Davant les peticions que molts ens heu fet arribar, dir-vos que amb l&#8217;ajuda del centre de formaci\u00f3 <i>FORMAR-TE<\/i>, hem preparat dues accions formatives relacionades amb <i>el proc\u00e9s selectiu P01\/14<\/i> per proveir 76 places d&#8217;administratiu:<\/p>\n<ul style=\"text-align: justify\">\n<li><b>Curs presencial<\/b> (Places limitades)<\/li>\n<\/ul>\n<p style=\"text-align: justify\">Informaci\u00f3 i incripcions:\u00a0<a href=\"http:\/\/www.formar-te.es\/index.php\/cursprespromintadmdiba\">http:\/\/www.formar-te.es\/index.php\/cursprespromintadmdiba<\/a><\/p>\n<ul style=\"text-align: justify\">\n<li><b>Curs Online\u00a0<\/b><\/li>\n<\/ul>\n<p style=\"text-align: justify\">Informaci\u00f3 i incripcions:\u00a0<a href=\"http:\/\/www.formar-te.es\/index.php\/cursonlinepromintadmdiba\">http:\/\/www.formar-te.es\/index.php\/cursonlinepromintadmdiba<\/a><\/p>\n<p style=\"text-align: justify\">Heu de tenir en compte que <b>el curs presencial es realitzar\u00e0 amb<\/b> <b>un \u00fanic grup<\/b> formatiu d&#8217;un m\u00e0xim de <b>25<\/b> participants. Per tant, <b>les places s\u00f3n limitades!<\/b><\/p>\n<p style=\"text-align: justify\">Els alumnes disposaran d&#8217;un temari totalment actualitzat. Aquest curs nom\u00e9s inclou la preparaci\u00f3 a la part te\u00f2rica del proc\u00e9s. No inclou la preparaci\u00f3 a la prova pr\u00e0ctica.<\/p>\n<p style=\"text-align: justify\">Aquesta formaci\u00f3 ser\u00e0 impartida per professors amb llarga experi\u00e8ncia en la doc\u00e8ncia d&#8217;oposicions (m\u00e9s de 10 anys), tots ells funcionaris de carrera del cos superior dels quals hem quedat molt satisfets de les ultimes accions formatives.<\/p>\n<p style=\"text-align: justify\"><i>FORMAR-TE<\/i> es un centre de formaci\u00f3 que col\u00b7labora amb nosaltres per adaptar les seves accions formatives a les nostres necessitats. Respecte a la pol\u00edtica de preus, nom\u00e9s podem incidir per aconseguir descomptes per afiliats\/des a CCOO (fins a un 25%) o per a treballadors\/res que s&#8217;afilien a l&#8217;hora d&#8217;inscriure&#8217;s al curs.<\/p>\n<p>&nbsp;<\/p>\n<p style=\"text-align: center\"><i>FORMAR-TE<\/i><\/p>\n<p style=\"text-align: center\">Sant Pere M\u00e9s Alt 61-63, baixos<\/p>\n<p style=\"text-align: center\">08003 Barcelona<\/p>\n<p style=\"text-align: center\">Tel. 93 481 55 81 &#8211; Fax 93 302 29 53\u00a0 www.formar-te.es<\/p>\n<p>&nbsp;<\/p>\n<p style=\"text-align: center\">* \u00a0* \u00a0* \u00a0* \u00a0*<\/p>\n<p><img loading=\"lazy\" decoding=\"async\" class=\"alignleft wp-image-226\" src=\"http:\/\/ccoo.app\/diputacio-de-barcelona\/wp-content\/blogs.dir\/6\/files\/sites\/186\/2016\/04\/estem-decidits-acontinuar-lluitant.png\" alt=\"Estem decidits a continuar lluitant !\" width=\"213\" height=\"89\" \/><\/p>\n<p><img loading=\"lazy\" decoding=\"async\" class=\"wp-image-262 alignright\" src=\"http:\/\/ccoo.app\/diputacio-de-barcelona\/wp-content\/blogs.dir\/6\/files\/sites\/186\/2016\/04\/afiliat_ccoo_cat.gif\" alt=\"Tota la informaci\u00f3 de com afiliar-se a CCOO Catalunya i forlmulari d'alta o baxia.\" width=\"90\" height=\"80\" \/><\/p>\n<p><img loading=\"lazy\" decoding=\"async\" class=\"wp-image-227 aligncenter\" src=\"http:\/\/ccoo.app\/diputacio-de-barcelona\/wp-content\/blogs.dir\/6\/files\/sites\/186\/2016\/04\/logo-peu-300x69.png\" alt=\"logo-peu\" width=\"952\" height=\"219\" srcset=\"https:\/\/ccoo.app\/diputacio-de-barcelona\/wp-content\/blogs.dir\/6\/files\/sites\/186\/2016\/04\/logo-peu-300x69.png 300w, https:\/\/ccoo.app\/diputacio-de-barcelona\/wp-content\/blogs.dir\/6\/files\/sites\/186\/2016\/04\/logo-peu.png 557w\" sizes=\"auto, (max-width: 952px) 100vw, 952px\" \/><\/p>\n<p style=\"text-align: center\"><small><\/small><small>Formulari d&#8217;<a href=\"\/afiliat\/\">alta<\/a>, <a href=\"\/afiliat\/\">baixa <\/a>o <a href=\"\/afiliat\/\">modificaci\u00f3 <\/a>de les dades personals o<br \/>\ncontacta&#8217;ns a trav\u00e9s del tel\u00e8fon<strong> 934 022 985<\/strong> o correu: <a href=\"mailto:ccoo@diba.cat\"><strong>ccoo@diba.cat<\/strong><\/a><\/small><\/p>\n","protected":false},"excerpt":{"rendered":"<p>&nbsp; Secci\u00f3 Sindical de la Diputaci\u00f3 de Barcelona ACCI\u00d3 FORMATIVA\u00a0DE PREPARACI\u00d3 PROMOCI\u00d3 INTERNA (PAMO 2014\/2015) PROC\u00c9S SELECTIU P01\/14 per proveir 76 places d&#8217;administratiu Com ja sabeu, estem pendents que aviat &#8230; <\/p>\n<p class=\"read-more-container\"><a title=\"ACCI\u00d3 FORMATIVA  DE PREPARACI\u00d3 PROMOCI\u00d3 INTERNA (PAMO 2014 \/ 2015)\" class=\"read-more button\" href=\"https:\/\/ccoo.app\/diputacio-de-barcelona\/accio-formativa-de-preparacio-promocio-interna-pamo-2014-2015\/#more-475\" aria-label=\"Leer m\u00e1s sobre ACCI\u00d3 FORMATIVA  DE PREPARACI\u00d3 PROMOCI\u00d3 INTERNA (PAMO 2014 \/ 2015)\">Continuar llegint<\/a><\/p>\n","protected":false},"author":4519,"featured_media":255,"comment_status":"open","ping_status":"open","sticky":false,"template":"","format":"standard","meta":{"footnotes":""},"categories":[38,19],"tags":[195],"class_list":["post-475","post","type-post","status-publish","format-standard","has-post-thumbnail","hentry","category-a-tot-el-personal","category-comunicats","tag-interinatges-promocio-interna-provisio-borses-treball-auxiliars-administratius-geriatria","generate-columns","tablet-grid-50","mobile-grid-100","grid-parent","grid-50"],"_links":{"self":[{"href":"https:\/\/ccoo.app\/diputacio-de-barcelona\/wp-json\/wp\/v2\/posts\/475","targetHints":{"allow":["GET"]}}],"collection":[{"href":"https:\/\/ccoo.app\/diputacio-de-barcelona\/wp-json\/wp\/v2\/posts"}],"about":[{"href":"https:\/\/ccoo.app\/diputacio-de-barcelona\/wp-json\/wp\/v2\/types\/post"}],"author":[{"embeddable":true,"href":"https:\/\/ccoo.app\/diputacio-de-barcelona\/wp-json\/wp\/v2\/users\/4519"}],"replies":[{"embeddable":true,"href":"https:\/\/ccoo.app\/diputacio-de-barcelona\/wp-json\/wp\/v2\/comments?post=475"}],"version-history":[{"count":0,"href":"https:\/\/ccoo.app\/diputacio-de-barcelona\/wp-json\/wp\/v2\/posts\/475\/revisions"}],"wp:featuredmedia":[{"embeddable":true,"href":"https:\/\/ccoo.app\/diputacio-de-barcelona\/wp-json\/wp\/v2\/media\/255"}],"wp:attachment":[{"href":"https:\/\/ccoo.app\/diputacio-de-barcelona\/wp-json\/wp\/v2\/media?parent=475"}],"wp:term":[{"taxonomy":"category","embeddable":true,"href":"https:\/\/ccoo.app\/diputacio-de-barcelona\/wp-json\/wp\/v2\/categories?post=475"},{"taxonomy":"post_tag","embeddable":true,"href":"https:\/\/ccoo.app\/diputacio-de-barcelona\/wp-json\/wp\/v2\/tags?post=475"}],"curies":[{"name":"wp","href":"https:\/\/api.w.org\/{rel}","templated":true}]}}