{"id":4728,"date":"2019-11-20T07:49:26","date_gmt":"2019-11-20T06:49:26","guid":{"rendered":"https:\/\/diba.ccoo.cat\/?p=4728"},"modified":"2023-02-22T18:57:39","modified_gmt":"2023-02-22T17:57:39","slug":"comunicat-25n-de-ccoo-diba","status":"publish","type":"post","link":"https:\/\/ccoo.app\/diputacio-de-barcelona\/comunicat-25n-de-ccoo-diba\/","title":{"rendered":"COMUNICAT 25N de CCOO diba: CONTRA LES VIOL\u00c8NCIES MASCLISTES, SINDICAT FEMINISTA"},"content":{"rendered":"<p class=\"wp-caption-text\"><img loading=\"lazy\" decoding=\"async\" class=\"alignnone wp-image-1853\" src=\"http:\/\/ccoo.app\/diputacio-de-barcelona\/wp-content\/blogs.dir\/6\/files\/sites\/186\/2018\/01\/logoccoov18.jpg\" alt=\"\" width=\"137\" height=\"63\" \/>\u00a0 \u00a0 \u00a0 \u00a0 \u00a0 \u00a0 <a href=\"http:\/\/ccoo.app\/diputacio-de-barcelona\/wp-content\/blogs.dir\/6\/files\/sites\/186\/2019\/11\/25n-2019.pdf\"><img loading=\"lazy\" decoding=\"async\" class=\"\" src=\"http:\/\/ccoo.app\/diputacio-de-barcelona\/wp-content\/blogs.dir\/6\/files\/sites\/186\/2018\/04\/22-300x172.png\" width=\"151\" height=\"87\" \/><\/a><\/p>\n<p style=\"text-align: center\"><span style=\"text-decoration: underline\"><span style=\"font-family: 'arial black', sans-serif;font-size: 24px;color: #0000ff;text-decoration: underline\">25N CONTRA LES VIOL\u00c8NCIES MASCLISTES, SINDICAT FEMINISTA<\/span><\/span><\/p>\n<p style=\"text-align: justify\"><span style=\"font-family: arial, helvetica, sans-serif;color: #000000\"><img loading=\"lazy\" decoding=\"async\" class=\"size-full wp-image-4720 aligncenter\" src=\"http:\/\/ccoo.app\/diputacio-de-barcelona\/wp-content\/blogs.dir\/6\/files\/sites\/186\/2019\/11\/25n2019.png\" alt=\"\" width=\"300\" height=\"225\" \/><\/span><\/p>\n<p style=\"text-align: justify\"><span style=\"font-family: arial, helvetica, sans-serif;color: #000000\">La viol\u00e8ncia masclista \u00e9s el resultat m\u00e9s greu i esfere\u00efdor de la desigualtat que origina el patriarcat. Un patriarcat que s\u2019adoba en unes relacions socials de g\u00e8nere basades en l\u2019ab\u00fas de poder i la viol\u00e8ncia envers les dones de totes les edat, or\u00edgens i condicions socials \u00fanicament pel fet de ser dones.<\/span><\/p>\n<p style=\"text-align: justify\"><span style=\"font-family: arial, helvetica, sans-serif;color: #000000\">Es commemora el 25N, malgrat la viol\u00e8ncia masclista que cada dia patim les dones quan:<\/span><\/p>\n<ul style=\"text-align: justify\">\n<li><span style=\"font-family: arial, helvetica, sans-serif;color: #000000\">Es vulneren els nostres drets.<\/span><\/li>\n<li><span style=\"font-family: arial, helvetica, sans-serif;color: #000000\">Els Estats legislen i decideixen sobre el nostre cos menyspreant la nostra veu.<\/span><\/li>\n<li><span style=\"font-family: arial, helvetica, sans-serif;color: #000000\">Vulneren el nostre dret a l\u2019educaci\u00f3 sexual integral.<\/span><\/li>\n<li><span style=\"font-family: arial, helvetica, sans-serif;color: #000000\">Som sotmeses a antigues tradicions que ens mutilen i priven del dret a una sexualitat complerta.<\/span><\/li>\n<li><span style=\"font-family: arial, helvetica, sans-serif;color: #000000\">Els jutjats posen en dubte la nostra paraula quan som violentades, violades i agredides f\u00edsica i mentalment.<\/span><\/li>\n<li><span style=\"font-family: arial, helvetica, sans-serif;color: #000000\">Es retallen recursos p\u00fablics en pol\u00edtiques socials, educatives i sanit\u00e0ries destinades a la cura de gent gran i dels nostre fills, ja que ens impedeix deslligar-nos d\u2019una depend\u00e8ncia econ\u00f2mica, en ocasions dels nostres maltractadors, i ens neguen la possibilitat d\u2019accedir amb ple dret al mercat laboral.<\/span><\/li>\n<\/ul>\n<p>&nbsp;<\/p>\n<p style=\"text-align: justify\"><span style=\"font-family: arial, helvetica, sans-serif;color: #000000\">S\u2019exerceix viol\u00e8ncia envers les dones, quan \u201c<strong><em>alguns\u201d<\/em><\/strong> es creuen amb el dret d\u2019assetjar-nos en l\u2019entorn laboral, utilitzant posicions de poder jer\u00e0rquic, o simplement, pel fet de creure\u2019s \u00a0amb el dret de fer-ho. Quan les empreses penalitzen la maternitat en les carreres professionals de les dones, i\u00a0 quan sens precaritza i minva la remuneraci\u00f3 pel sol fet de ser dones.<\/span><\/p>\n<p style=\"text-align: justify\"><span style=\"font-family: arial, helvetica, sans-serif;color: #000000\">S\u00cd, la viol\u00e8ncia envers les dones existeix molt abans d\u2019arribar als feminicidis, constituint aquest el punt m\u00e9s \u00e0lgid del frac\u00e0s i la impot\u00e8ncia masclista davant les dones. <img loading=\"lazy\" decoding=\"async\" class=\"wp-image-4730 alignright\" src=\"http:\/\/ccoo.app\/diputacio-de-barcelona\/wp-content\/blogs.dir\/6\/files\/sites\/186\/2019\/11\/25n-2019.png\" alt=\"\" width=\"125\" height=\"167\" \/><\/span><\/p>\n<p style=\"text-align: justify\"><span style=\"font-family: arial, helvetica, sans-serif;color: #000000\">Cada vegada m\u00e9s, ens adonem que la viol\u00e8ncia envers les dones i les criatures t\u00e9 un tracte diferent en l\u2019\u00e0mbit de la just\u00edcia patriarcal, ja que situa a les dones com un <strong>objecte disponible<\/strong> i <strong>subm\u00eds a disposici\u00f3 del desig\u00a0 masclista<\/strong> i sempre sota uns estereotips socials creats en el S.XVIII. Aix\u00ed, es mantenen les interpretacions de les lleis i del Codi Penal vigent, perpetuant aquest estatus social que posa en dubte el nostre dret a viure lliures i independents sense ser violentades.<\/span><\/p>\n<p style=\"text-align: justify\"><span style=\"font-family: arial, helvetica, sans-serif;color: #000000\">Com a conseq\u00fc\u00e8ncia, assistim indignades a l\u2019auge dels grups pol\u00edtics \u00a0neoliberals, extrems i \u00a0reaccionaris, que centren els seus discursos de \u201c<em>progr\u00e9s\u201d<\/em> en la lluita contra l\u2019empremta del moviment feminista. Aquests grups, representen el pensament masclista m\u00e9s ranci i retr\u00f2grad del patriarcat i que nom\u00e9s rebutjant-lo amb fermesa podrem avan\u00e7ar en la nostra societat.<\/span><\/p>\n<p style=\"text-align: justify\"><span style=\"font-family: arial, helvetica, sans-serif;color: #000000\">No estem soles, <strong>necessitem l\u2019ajut dels homes i dones que lluiten per crear una societat m\u00e9s lliure i justa. Necessitem el recolzament de les institucions, empreses, entitats i grups feministes<\/strong>, per crear instruments que conscienci\u00efn i rebutgin aquesta victimitzaci\u00f3 i revictimitzaci\u00f3 que patim les dones en els caos de viol\u00e8ncia de g\u00e8nere.\u00a0\u00a0<\/span><\/p>\n<p style=\"text-align: justify\"><span style=\"font-family: arial, helvetica, sans-serif;color: #000000\"><strong>\u00a0<\/strong><\/span><span style=\"font-family: 'arial black', sans-serif;color: #000000;font-size: 20px\"><strong>Per tot aix\u00f2, demanem: <\/strong><\/span><\/p>\n<ul style=\"text-align: justify\">\n<li><span style=\"font-family: arial, helvetica, sans-serif;color: #000000\">El <strong>comprom\u00eds de les Administracions<\/strong> a emprendre accions reals i efectives, coordinades entre elles, per tal d&#8217;enfortir les accions preventives, detecci\u00f3 i atenci\u00f3 a les dones que pateixen aquesta viol\u00e8ncia.<\/span><\/li>\n<li><span style=\"font-family: arial, helvetica, sans-serif\"><strong style=\"color: #000000\">Aplicaci\u00f3 de les mesures de protecci\u00f3 integral<\/strong><span style=\"color: #000000\">, incloent qualsevol viol\u00e8ncia masclista complint les directrius de les lleis 01\/2004 i 05\/2008 del dret de les dones a erradicar la viol\u00e8ncia masclista.<\/span><\/span><\/li>\n<li><span style=\"font-family: arial, helvetica, sans-serif\">El <strong style=\"color: #000000\">desenvolupament del pacte <\/strong><span style=\"color: #000000\">entre l\u2019Estat i la Generalitat de Catalunya.<\/span><\/span><\/li>\n<li><span style=\"font-family: arial, helvetica, sans-serif\">Que la <strong style=\"color: #000000\">formaci\u00f3 de g\u00e8nere<\/strong><span style=\"color: #000000\"> sigui <\/span><strong style=\"color: #000000\">obligat\u00f2ria per a jutges magistrats, fiscals i juristes en general<\/strong><span style=\"color: #000000\">, que en un moment o altre,\u00a0 intervenen en un cas de viol\u00e8ncia masclista.<\/span><\/span><\/li>\n<li><span style=\"font-family: arial, helvetica, sans-serif\">Les empreses redactin <strong style=\"color: #000000\">protocols de valoraci\u00f3 de risc i de protecci\u00f3 molt m\u00e9s efica\u00e7os<\/strong><span style=\"color: #000000\">. Que siguin valentes i incorporin als valors de l\u2019empresa la Toler\u00e0ncia Zero envers l\u2019assetjament sexual en l\u2019\u00e0mbit laboral.<\/span><\/span><\/li>\n<\/ul>\n<p>&nbsp;<\/p>\n<p style=\"text-align: justify\"><span style=\"font-family: arial, helvetica, sans-serif;color: #000000\"><span style=\"font-family: 'arial black', sans-serif\">COMPROM\u00cdS DE CCOO DIBA<\/span> Des de la nostra Secci\u00f3 Sindical, CCOO manifestem el nostre <strong>comprom\u00eds<\/strong> <strong>d\u2019incorporar en l\u2019\u00e0mbit de la negociaci\u00f3 i de la nostra acci\u00f3 sindical <\/strong>la lluita per una vida lliure de viol\u00e8ncia, impulsant accions i mesures a la diputaci\u00f3 destinades a aconseguir atenci\u00f3, protecci\u00f3, acompanyament i suport a les dones que pateixen viol\u00e8ncia masclista.<\/span><\/p>\n<p style=\"text-align: justify\"><span style=\"font-family: arial, helvetica, sans-serif;color: #000000\">La nostra lluita va m\u00e9s enll\u00e0 de la nostra corporaci\u00f3. Aix\u00ed doncs, seguirem exigint que a totes les empreses existeixin protocols de prevenci\u00f3 i d\u2019atenci\u00f3 a l\u2019assetjament sexual i per ra\u00f3 de sexe. Col\u00b7laborarem amb les administracions, moviments feministes i agents socials per emprendre accions de prevenci\u00f3,\u00a0 sensibilitzaci\u00f3, i atenci\u00f3 a les dones que pateixen viol\u00e8ncies masclistes.<\/span><\/p>\n<p style=\"text-align: justify\"><span style=\"font-family: arial, helvetica, sans-serif;color: #000000\">Continuarem exigint a les Administracions (tamb\u00e9 a la Diputaci\u00f3) que compleixin amb els seus compromisos davant aquesta lluita per eliminar completament la viol\u00e8ncia envers les dones.<\/span><\/p>\n<p><a href=\"https:\/\/diba.ccoo.cat\/tambe-a-la-diputacio-no-es-no\/\"><img loading=\"lazy\" decoding=\"async\" class=\"wp-image-3043 aligncenter\" src=\"http:\/\/ccoo.app\/diputacio-de-barcelona\/wp-content\/blogs.dir\/6\/files\/sites\/186\/2018\/12\/ffffffffffffffffffff-1-300x108.png\" alt=\"\" width=\"197\" height=\"71\" srcset=\"https:\/\/ccoo.app\/diputacio-de-barcelona\/wp-content\/blogs.dir\/6\/files\/sites\/186\/2018\/12\/ffffffffffffffffffff-1-300x108.png 300w, https:\/\/ccoo.app\/diputacio-de-barcelona\/wp-content\/blogs.dir\/6\/files\/sites\/186\/2018\/12\/ffffffffffffffffffff-1.png 686w\" sizes=\"auto, (max-width: 197px) 100vw, 197px\" \/><\/a><\/p>\n<p>&nbsp;<\/p>\n<h2 style=\"text-align: center\"><span style=\"font-family: 'arial black', sans-serif;color: #ff00ff\">Actes centrals del 25N, Dia Internacional per a l&#8217;Eliminaci\u00f3 de la Viol\u00e8ncia contra les Dones i les Criatures<\/span><\/h2>\n<ul style=\"list-style-type: disc\">\n<li class=\"indent\" style=\"text-align: justify\"><span style=\"font-family: arial, helvetica, sans-serif;color: #000000\"><span style=\"background-color: #ffff00\"><strong>12.00 h<\/strong><\/span> Acte a la Via Laietana i a la pla\u00e7a del Rei:<\/span>\n<ul>\n<li class=\"indent\" style=\"text-align: justify\"><span style=\"font-family: arial, helvetica, sans-serif;color: #000000\">A la Via Laietana: <strong>lectura del manifest<\/strong><\/span><\/li>\n<li class=\"indent\" style=\"text-align: justify\"><span style=\"font-family: arial, helvetica, sans-serif;color: #000000\">A la pla\u00e7a del Rei: <strong>acte en reconeixement i record de les v\u00edctimes de viol\u00e8ncia masclista i de les v\u00edctimes d\u2019assetjament sexual i per ra\u00f3 de sexe en l\u2019\u00e0mbit laboral<\/strong>.<\/span><\/li>\n<\/ul>\n<\/li>\n<\/ul>\n<p>&nbsp;<\/p>\n<ul style=\"list-style-type: disc\">\n<li><span style=\"font-family: arial, helvetica, sans-serif;color: #000000\"><strong><span style=\"background-color: #ffff00\">14.00 h<\/span><\/strong> Dinar de carmanyola a la seu de CCOO (sales 11, 12 i 13).<\/span><\/li>\n<\/ul>\n<p>&nbsp;<\/p>\n<ul style=\"list-style-type: disc\">\n<li><span style=\"font-family: arial, helvetica, sans-serif;color: #000000\"><span style=\"background-color: #ffff00\"><strong>15.00 h<\/strong><\/span> A la sala d\u2019actes de CCOO de Catalunya:\u00a0<strong>projecci\u00f3 del llargmetratge documental &#8216;Sands of silence: waves of courage&#8217;\u00a0<\/strong>(Arenes de silenci: onades de valor).<\/span><br \/>\n<span style=\"font-family: arial, helvetica, sans-serif;color: #000000\">Es tracta d\u2019un colpidor documental que trenca el silenci de l\u2019ab\u00fas i la viol\u00e8ncia sexual m\u00e9s enll\u00e0 del trist i conegut extrem de l\u2019espectre que suposen el tr\u00e0fic de dones i nenes, i els feminicidis.<\/span><span style=\"font-family: arial, helvetica, sans-serif;color: #000000\">Despr\u00e9s de l\u2019emissi\u00f3 del documental, podrem intercanviar impressions amb Chelo \u00c1lvarez-Stehle, productora, realitzadora i guionista.<\/span><\/li>\n<\/ul>\n<p>&nbsp;<\/p>\n<ul>\n<li><span style=\"font-family: arial, helvetica, sans-serif;color: #000000\"><span style=\"background-color: #ffff00\"><strong>18.30 h<\/strong><\/span> <strong>Manifestaci\u00f3 del 25-N, amb el lema \u201cContra les viol\u00e8ncies masclistes, autoorganitzaci\u00f3 feminista\u201d<\/strong>, als jardinets de Gr\u00e0cia.<\/span><br \/>\n<span style=\"font-family: arial, helvetica, sans-serif;color: #000000;background-color: #ffff00\">Punt de trobada de CCOO: Palau Robert.<\/span><\/li>\n<\/ul>\n<p>&nbsp;<\/p>\n<p><span style=\"text-decoration: underline\"><span class=\"css-901oao css-16my406 r-1qd0xha r-ad9z0x r-bcqeeo r-qvutc0\" style=\"font-family: arial, helvetica, sans-serif\"><strong>Manifest de CCOO de Catalunya<\/strong><\/span><\/span><span class=\"css-901oao css-16my406 r-1qd0xha r-ad9z0x r-bcqeeo r-qvutc0\" style=\"font-family: arial, helvetica, sans-serif;color: #000000\"> amb motiu del Dia Internacional per a l&#8217;Eliminaci\u00f3 de la Viol\u00e8ncia contra les Dones i les Criatures &#8216;Contra les viol\u00e8ncies masclistes, sindicat feminista&#8217; <\/span><\/p>\n<p style=\"text-align: justify\"><span class=\"css-901oao css-16my406 r-1qd0xha r-ad9z0x r-bcqeeo r-qvutc0\" style=\"font-family: arial, helvetica, sans-serif;color: #000000\">El pots llegir en el seg\u00fcent enlla\u00e7:<\/span><\/p>\n<p style=\"text-align: center\"><span style=\"color: #0000ff\"><strong><a class=\"css-4rbku5 css-18t94o4 css-901oao css-16my406 r-1n1174f r-1loqt21 r-1qd0xha r-ad9z0x r-bcqeeo r-qvutc0\" style=\"color: #0000ff\" title=\"https:\/\/www.ccoo.cat\/pdf_documents\/2019\/manifest_25n_2019.pdf\" role=\"link\" href=\"https:\/\/t.co\/z1pIpEkr2k?amp=1\" target=\"_blank\" rel=\"noopener noreferrer\" data-focusable=\"true\"><span class=\"css-901oao css-16my406 r-1qd0xha r-hiw28u r-ad9z0x r-bcqeeo r-qvutc0\" aria-hidden=\"true\">https:\/\/<\/span>ccoo.cat\/pdf_documents\/<span class=\"css-901oao css-16my406 r-1qd0xha r-hiw28u r-ad9z0x r-bcqeeo r-qvutc0\" aria-hidden=\"true\">2019\/manifest_25n_2019.pdf<\/span><span class=\"css-901oao css-16my406 r-1qd0xha r-ad9z0x r-bcqeeo r-lrvibr r-qvutc0\" aria-hidden=\"true\">\u2026<\/span><\/a> <\/strong><\/span><\/p>\n<p><span style=\"font-family: arial, helvetica, sans-serif;color: #000000\"><a href=\"https:\/\/www.ccoo.cat\/noticia\/226445\/contra-les-violencies-masclistes-sindicat-feminista#.Xc0nfNVKiUl\"><strong><span style=\"color: #0000ff\"><span style=\"font-family: 'arial black', sans-serif\">Cliqueu aqu\u00ed<\/span><\/span><\/strong> <\/a>per trobar tota la informaci\u00f3 relacionada.<\/span><\/p>\n<p>&nbsp;<\/p>\n<p>&nbsp;<\/p>\n<p><a href=\"https:\/\/www.ccoo.cat\/noticia\/224842\/ccoo-lliura-els-seus-comptes-auditats-del-2018-a-la-sindicatura-de-comptes-de-catalunya#.XTG87_IzaUk\"><img loading=\"lazy\" decoding=\"async\" class=\" wp-image-4510 aligncenter\" src=\"http:\/\/ccoo.app\/diputacio-de-barcelona\/wp-content\/blogs.dir\/6\/files\/sites\/186\/2019\/07\/comptes-2018-auditats-300x97.png\" alt=\"\" width=\"399\" height=\"129\" srcset=\"https:\/\/ccoo.app\/diputacio-de-barcelona\/wp-content\/blogs.dir\/6\/files\/sites\/186\/2019\/07\/comptes-2018-auditats-300x97.png 300w, https:\/\/ccoo.app\/diputacio-de-barcelona\/wp-content\/blogs.dir\/6\/files\/sites\/186\/2019\/07\/comptes-2018-auditats.png 663w\" sizes=\"auto, (max-width: 399px) 100vw, 399px\" \/><\/a><a href=\"https:\/\/www.ccoo.cat\/aspnet\/eleccions.aspx\"><img loading=\"lazy\" decoding=\"async\" class=\" wp-image-3428 aligncenter\" src=\"http:\/\/ccoo.app\/diputacio-de-barcelona\/wp-content\/blogs.dir\/6\/files\/sites\/186\/2019\/02\/ddddddddddddddddddddddddd-300x115.png\" alt=\"\" width=\"459\" height=\"176\" srcset=\"https:\/\/ccoo.app\/diputacio-de-barcelona\/wp-content\/blogs.dir\/6\/files\/sites\/186\/2019\/02\/ddddddddddddddddddddddddd-300x115.png 300w, https:\/\/ccoo.app\/diputacio-de-barcelona\/wp-content\/blogs.dir\/6\/files\/sites\/186\/2019\/02\/ddddddddddddddddddddddddd.png 611w\" sizes=\"auto, (max-width: 459px) 100vw, 459px\" \/><\/a><\/p>\n<p><a href=\"https:\/\/www.ccoo.es\/noticia:391405\"><img loading=\"lazy\" decoding=\"async\" class=\"aligncenter\" src=\"http:\/\/ccoo.app\/diputacio-de-barcelona\/wp-content\/blogs.dir\/6\/files\/sites\/186\/2019\/07\/primer-sindcat-despanya-300x89.png\" width=\"428\" height=\"127\" \/><\/a><\/p>\n<p>&nbsp;<\/p>\n<p><a href=\"https:\/\/diba.ccoo.cat\/afiliat-al-sindicat-amb-mes-afiliacio-i-representacio-a-la-diputacio-de-barcelona\/\"><img loading=\"lazy\" decoding=\"async\" class=\"alignnone size-medium wp-image-2346\" src=\"http:\/\/ccoo.app\/diputacio-de-barcelona\/wp-content\/blogs.dir\/6\/files\/sites\/186\/2016\/05\/asasas-300x142-1-300x142.png\" alt=\"\" width=\"300\" height=\"142\" \/><\/a><\/p>\n<p><span style=\"font-family: arial, helvetica, sans-serif;color: #000000\"><strong>Horari d\u2019atenci\u00f3 CCOO DIBA: <\/strong><\/span><\/p>\n<p><span style=\"font-family: arial, helvetica, sans-serif;color: #000000\"><strong>CARRER MALLORCA, 244, 2on 3a<\/strong><\/span><\/p>\n<p><span style=\"font-family: arial, helvetica, sans-serif;color: #000000\"><strong>DE DILLUNS A DIVENDRES DE 8:30 A 16:30\u00a0\u00a0 <\/strong><span style=\"font-size: 10pt\"><strong>(FORA D\u2019AQUEST HORARI, AMB CITA PR\u00c8VIA)<\/strong><\/span><\/span><\/p>\n<p style=\"text-align: center\"><span style=\"font-size: 18pt\"><span style=\"font-family: arial, helvetica, sans-serif;color: #000000\"><strong>\u00a0<\/strong><\/span><span style=\"font-family: arial, helvetica, sans-serif\"><strong><small><span style=\"color: #000000\">Contacta&#8217;ns per tel\u00e8fon al 934 022 985 o correu:<\/span> <a href=\"mailto:ccoo@diba.cat\">ccoo@diba.cat<\/a><\/small> <\/strong><\/span><\/span><\/p>\n<p>&nbsp;<\/p>\n<p><a href=\"http:\/\/diba.ccoo.cat\/\"><img loading=\"lazy\" decoding=\"async\" class=\"wp-image-3263 alignleft\" src=\"http:\/\/ccoo.app\/diputacio-de-barcelona\/wp-content\/blogs.dir\/6\/files\/sites\/186\/2019\/01\/rrrrrrrrrrrrrrrrrrrrr-287x300.png\" alt=\"\" width=\"189\" height=\"198\" srcset=\"https:\/\/ccoo.app\/diputacio-de-barcelona\/wp-content\/blogs.dir\/6\/files\/sites\/186\/2019\/01\/rrrrrrrrrrrrrrrrrrrrr-287x300.png 287w, https:\/\/ccoo.app\/diputacio-de-barcelona\/wp-content\/blogs.dir\/6\/files\/sites\/186\/2019\/01\/rrrrrrrrrrrrrrrrrrrrr.png 550w\" sizes=\"auto, (max-width: 189px) 100vw, 189px\" \/><\/a><\/p>\n<p>&nbsp;<\/p>\n<p><img loading=\"lazy\" decoding=\"async\" class=\"alignnone size-medium wp-image-3266\" src=\"http:\/\/ccoo.app\/diputacio-de-barcelona\/wp-content\/blogs.dir\/6\/files\/sites\/186\/2019\/01\/yyyyyyyyyyyyyyyyyyyyyyyy-300x57.png\" alt=\"\" width=\"300\" height=\"57\" srcset=\"https:\/\/ccoo.app\/diputacio-de-barcelona\/wp-content\/blogs.dir\/6\/files\/sites\/186\/2019\/01\/yyyyyyyyyyyyyyyyyyyyyyyy-300x57.png 300w, https:\/\/ccoo.app\/diputacio-de-barcelona\/wp-content\/blogs.dir\/6\/files\/sites\/186\/2019\/01\/yyyyyyyyyyyyyyyyyyyyyyyy.png 578w\" sizes=\"auto, (max-width: 300px) 100vw, 300px\" \/><\/p>\n<p><img loading=\"lazy\" decoding=\"async\" class=\"alignleft\" src=\"https:\/\/www.educapeques.com\/wp-content\/uploads\/2016\/04\/descargar-whatsapp.png\" alt=\"Resultado de imagen de whatsapp\" width=\"64\" height=\"50\" \/><a href=\"https:\/\/www.facebook.com\/CcooDiputacioDeBarcelona\/\"><img loading=\"lazy\" decoding=\"async\" class=\"alignleft\" src=\"https:\/\/upload.wikimedia.org\/wikipedia\/commons\/thumb\/7\/7c\/Facebook_New_Logo_%282015%29.svg\/2000px-Facebook_New_Logo_%282015%29.svg.png\" alt=\"Resultado de imagen de facebook\" width=\"122\" height=\"46\" \/><\/a>\u00a0<a href=\"https:\/\/twitter.com\/CCOODiba\"><img loading=\"lazy\" decoding=\"async\" class=\"alignnone wp-image-3432\" src=\"http:\/\/ccoo.app\/diputacio-de-barcelona\/wp-content\/blogs.dir\/6\/files\/sites\/186\/2019\/02\/ggggggggggggggggggggggggggg-300x142.jpg\" alt=\"\" width=\"116\" height=\"55\" srcset=\"https:\/\/ccoo.app\/diputacio-de-barcelona\/wp-content\/blogs.dir\/6\/files\/sites\/186\/2019\/02\/ggggggggggggggggggggggggggg-300x142.jpg 300w, https:\/\/ccoo.app\/diputacio-de-barcelona\/wp-content\/blogs.dir\/6\/files\/sites\/186\/2019\/02\/ggggggggggggggggggggggggggg-1024x485.jpg 1024w, https:\/\/ccoo.app\/diputacio-de-barcelona\/wp-content\/blogs.dir\/6\/files\/sites\/186\/2019\/02\/ggggggggggggggggggggggggggg-768x364.jpg 768w, https:\/\/ccoo.app\/diputacio-de-barcelona\/wp-content\/blogs.dir\/6\/files\/sites\/186\/2019\/02\/ggggggggggggggggggggggggggg.jpg 1536w\" sizes=\"auto, (max-width: 116px) 100vw, 116px\" \/><\/a> \u00a0\u00a0<a href=\"https:\/\/www.youtube.com\/channel\/UCFzenkS75udEcs4pB4qoZsg\"><img loading=\"lazy\" decoding=\"async\" class=\"alignleft\" src=\"https:\/\/i.kinja-img.com\/gawker-media\/image\/upload\/s--heVex4FV--\/c_scale,fl_progressive,q_80,w_800\/pol5zfmalpqmpt1jcnbp.png\" alt=\"Resultado de imagen de youtube\" width=\"117\" height=\"50\" \/><\/a><\/p>\n<p>&nbsp;<\/p>\n<p>&nbsp;<\/p>\n<p>&nbsp;<\/p>\n<p>&nbsp;<\/p>\n<p>&nbsp;<\/p>\n<p>&nbsp;<\/p>\n<p>&nbsp;<\/p>\n<p>&nbsp;<\/p>\n<p>&nbsp;<\/p>\n<p>&nbsp;<\/p>\n<p>&nbsp;<\/p>\n<p>&nbsp;<\/p>\n<p>&nbsp;<\/p>\n<p>&nbsp;<\/p>\n<p>&nbsp;<\/p>\n<p>&nbsp;    \t<\/p>\n","protected":false},"excerpt":{"rendered":"<p>\u00a0 \u00a0 \u00a0 \u00a0 \u00a0 \u00a0 25N CONTRA LES VIOL\u00c8NCIES MASCLISTES, SINDICAT FEMINISTA La viol\u00e8ncia masclista \u00e9s el resultat m\u00e9s greu i esfere\u00efdor de la desigualtat que origina el patriarcat. &#8230; <\/p>\n<p class=\"read-more-container\"><a title=\"COMUNICAT 25N de CCOO diba: CONTRA LES VIOL\u00c8NCIES MASCLISTES, SINDICAT FEMINISTA\" class=\"read-more button\" href=\"https:\/\/ccoo.app\/diputacio-de-barcelona\/comunicat-25n-de-ccoo-diba\/#more-4728\" aria-label=\"Leer m\u00e1s sobre COMUNICAT 25N de CCOO diba: CONTRA LES VIOL\u00c8NCIES MASCLISTES, SINDICAT FEMINISTA\">Continuar llegint<\/a><\/p>\n","protected":false},"author":4519,"featured_media":4720,"comment_status":"closed","ping_status":"closed","sticky":false,"template":"","format":"standard","meta":{"footnotes":""},"categories":[38,19,22],"tags":[148,172,180],"class_list":["post-4728","post","type-post","status-publish","format-standard","has-post-thumbnail","hentry","category-a-tot-el-personal","category-comunicats","category-igualtat","tag-mesa-general-negociacio","tag-parcs-naturals","tag-personal-interi","generate-columns","tablet-grid-50","mobile-grid-100","grid-parent","grid-50"],"_links":{"self":[{"href":"https:\/\/ccoo.app\/diputacio-de-barcelona\/wp-json\/wp\/v2\/posts\/4728","targetHints":{"allow":["GET"]}}],"collection":[{"href":"https:\/\/ccoo.app\/diputacio-de-barcelona\/wp-json\/wp\/v2\/posts"}],"about":[{"href":"https:\/\/ccoo.app\/diputacio-de-barcelona\/wp-json\/wp\/v2\/types\/post"}],"author":[{"embeddable":true,"href":"https:\/\/ccoo.app\/diputacio-de-barcelona\/wp-json\/wp\/v2\/users\/4519"}],"replies":[{"embeddable":true,"href":"https:\/\/ccoo.app\/diputacio-de-barcelona\/wp-json\/wp\/v2\/comments?post=4728"}],"version-history":[{"count":1,"href":"https:\/\/ccoo.app\/diputacio-de-barcelona\/wp-json\/wp\/v2\/posts\/4728\/revisions"}],"predecessor-version":[{"id":51920,"href":"https:\/\/ccoo.app\/diputacio-de-barcelona\/wp-json\/wp\/v2\/posts\/4728\/revisions\/51920"}],"wp:featuredmedia":[{"embeddable":true,"href":"https:\/\/ccoo.app\/diputacio-de-barcelona\/wp-json\/wp\/v2\/media\/4720"}],"wp:attachment":[{"href":"https:\/\/ccoo.app\/diputacio-de-barcelona\/wp-json\/wp\/v2\/media?parent=4728"}],"wp:term":[{"taxonomy":"category","embeddable":true,"href":"https:\/\/ccoo.app\/diputacio-de-barcelona\/wp-json\/wp\/v2\/categories?post=4728"},{"taxonomy":"post_tag","embeddable":true,"href":"https:\/\/ccoo.app\/diputacio-de-barcelona\/wp-json\/wp\/v2\/tags?post=4728"}],"curies":[{"name":"wp","href":"https:\/\/api.w.org\/{rel}","templated":true}]}}