{"id":4684,"date":"2019-11-14T08:44:30","date_gmt":"2019-11-14T07:44:30","guid":{"rendered":"https:\/\/diba.ccoo.cat\/?p=4684"},"modified":"2023-02-22T18:57:44","modified_gmt":"2023-02-22T17:57:44","slug":"ccoomgnfuncionaris12-11-2019-2","status":"publish","type":"post","link":"https:\/\/ccoo.app\/diputacio-de-barcelona\/ccoomgnfuncionaris12-11-2019-2\/","title":{"rendered":"MESA GENERAL NEGOCIACI\u00d3 PERSONAL FUNCIONARI 12.11.2019 PETICIONS DE CCOO"},"content":{"rendered":"<p class=\"wp-caption-text\"><img loading=\"lazy\" decoding=\"async\" class=\"alignnone wp-image-1853\" src=\"http:\/\/ccoo.app\/diputacio-de-barcelona\/wp-content\/blogs.dir\/6\/files\/sites\/186\/2018\/01\/logoccoov18.jpg\" alt=\"\" width=\"137\" height=\"63\" \/>\u00a0 \u00a0 <a href=\"http:\/\/ccoo.app\/diputacio-de-barcelona\/wp-content\/blogs.dir\/6\/files\/sites\/186\/2019\/11\/comunicat-mgn-12-11-2019.pdf\"><img loading=\"lazy\" decoding=\"async\" class=\" wp-image-2113 alignnone\" src=\"http:\/\/ccoo.app\/diputacio-de-barcelona\/wp-content\/blogs.dir\/6\/files\/sites\/186\/2018\/04\/22-300x172.png\" alt=\"\" width=\"170\" height=\"98\" srcset=\"https:\/\/ccoo.app\/diputacio-de-barcelona\/wp-content\/blogs.dir\/6\/files\/sites\/186\/2018\/04\/22-300x172.png 300w, https:\/\/ccoo.app\/diputacio-de-barcelona\/wp-content\/blogs.dir\/6\/files\/sites\/186\/2018\/04\/22.png 327w\" sizes=\"auto, (max-width: 170px) 100vw, 170px\" \/><\/a>\u00a0 \u00a0<img loading=\"lazy\" decoding=\"async\" class=\"\" src=\"http:\/\/ccoo.app\/diputacio-de-barcelona\/wp-content\/blogs.dir\/6\/files\/sites\/186\/2019\/01\/rrrrrrrrrrrrrrrrrrrrr-287x300.png\" width=\"145\" height=\"152\" \/><\/p>\n<p>&nbsp;<\/p>\n<p class=\"wp-caption-text\" style=\"text-align: center\"><span style=\"font-family: 'arial black', sans-serif;font-size: 28px;color: #0000ff;background-color: #ffff00\">RESUM MESA GENERAL NEGOCIACI\u00d3 PERSONAL FUNCIONARI 12.11.2019\u00a0<\/span><\/p>\n<p>&nbsp;<\/p>\n<p><span style=\"font-family: arial, helvetica, sans-serif\"><a href=\"https:\/\/diba.ccoo.cat\/mgnfuncionaris12-11-2019\/\"><span style=\"color: #0000ff\"><strong>Cliqueu aqu\u00ed<\/strong><\/span><\/a> <span style=\"color: #000000\">per veure els temes tractats:<\/span><\/span><\/p>\n<ul>\n<li><span style=\"font-family: arial, helvetica, sans-serif;color: #000000\">PROPOSTA NOU ACORD REGULACI\u00d3 DE BORSES DE TREBALL<\/span><\/li>\n<li><span style=\"font-family: arial, helvetica, sans-serif;color: #000000\">APROVAT EL CALENDARI 2020<\/span><\/li>\n<li><span style=\"font-family: arial, helvetica, sans-serif;color: #000000\">DENEGACIONS DE LA MILLORA SOCIAL PER EDAT (CCOO)<\/span><\/li>\n<\/ul>\n<p>&nbsp;<\/p>\n<p style=\"text-align: center\"><span style=\"text-decoration: underline\"><span style=\"font-family: 'arial black', sans-serif;color: #0000ff;font-size: 20px;background-color: #ffff00;text-decoration: underline\">ALTRES Q\u00dcESTIONS I PETICIONS FETES PER CCOO<\/span><\/span><\/p>\n<ul style=\"text-align: justify\">\n<li><span style=\"font-family: arial, helvetica, sans-serif;color: #000000\"><strong>PERSONAL XBM<\/strong><\/span><\/li>\n<li><span style=\"font-family: arial, helvetica, sans-serif;color: #000000\"><strong>TAULA DE MOBILITAT<\/strong><\/span><\/li>\n<li><span style=\"font-family: arial, helvetica, sans-serif;color: #000000\"><strong>PROPOSTA DE BORSA D\u2019HORES PER CONCILIACI\u00d3 <\/strong><strong>(<\/strong><strong>acord estatal)<\/strong><\/span><\/li>\n<li><span style=\"font-family: arial, helvetica, sans-serif;color: #000000\"><strong>DOCENTS DE LA BONNEMAISON<\/strong><\/span><\/li>\n<li><span style=\"font-family: arial, helvetica, sans-serif;color: #000000\"><strong>TRASLLAT DEL SERVEI DE COMER\u00c7 A MATERNITAT<\/strong><\/span><\/li>\n<li><span style=\"font-family: arial, helvetica, sans-serif;color: #000000\"><strong>OFERTA P\u00daBLICA 2019<\/strong><\/span><\/li>\n<li><span style=\"font-family: arial, helvetica, sans-serif;color: #000000\"><strong>PROMOCI\u00d3 INTERNA D\u2019ADMINISTRATIUS\/IVES <\/strong><\/span><strong style=\"color: #000000;font-family: arial, helvetica, sans-serif\">(RECLASSIFICACI\u00d3<\/strong><strong style=\"color: #000000;font-family: arial, helvetica, sans-serif\">)<\/strong><\/li>\n<li><span style=\"font-family: arial, helvetica, sans-serif;color: #000000\"><strong>CARRERA PROFESSIONAL HORITZONTAL<\/strong><\/span><\/li>\n<li><span style=\"font-family: arial, helvetica, sans-serif;color: #000000\"><strong>CONSORCI DE LES REIALS DRASSANES I MUSEU MAR\u00cdTIM<\/strong><\/span><\/li>\n<li><span style=\"font-family: arial, helvetica, sans-serif;color: #000000\"><strong>COL\u00b7LECTIU OFICIAL ESPECIAL DE CONDUCTORS\/ES<\/strong><\/span><\/li>\n<li><strong><span style=\"color: #000000;font-family: arial, helvetica, sans-serif\">PERSONAL LABORATORI (ESCOLA INDUSTRIAL)<\/span><\/strong><\/li>\n<li><span style=\"color: #000000;font-family: arial, helvetica, sans-serif\"><strong>ORGT: BORSA DE C1 I RECLASSIFICACI\u00d3 DE C2 A C1 (<a href=\"https:\/\/diba.ccoo.cat\/orgt-ccoo-demanem-borsa-c1-i-reclassificacio-de-c2-a-c1\/\"><span style=\"color: #0000ff;font-family: 'arial black', sans-serif\">Cliqueu aqu\u00ed<\/span><\/a> per ampliar aquesta info)<\/strong><\/span><\/li>\n<\/ul>\n<p>&nbsp;<\/p>\n<p style=\"text-align: justify\"><span style=\"font-family: 'arial black', sans-serif;color: #000000\"><strong>PERSONAL XBM<\/strong><\/span><\/p>\n<ul style=\"text-align: justify\">\n<li><span style=\"font-family: arial, helvetica, sans-serif;color: #000000\">Reiterem la nostra petici\u00f3 feta i denegada a l\u2019anterior mandat de la creaci\u00f3 necess\u00e0ria d\u2019una <strong>Comissi\u00f3 de Treball XBM<\/strong> per atendre les especificitats d\u2019aquest personal de Diba adscrit funcionalment a una altra administraci\u00f3.<\/span><\/li>\n<li><span style=\"font-family: arial, helvetica, sans-serif;color: #000000\">Demanem que s\u2019activi la negociaci\u00f3 pendent del calendari 2019 i del nombre de jornades a treballar\/any, per sobre de l\u2019acord Diba.<\/span><\/li>\n<li><span style=\"font-family: arial, helvetica, sans-serif;color: #000000\">Volem una soluci\u00f3 al no pagament d\u2019ajuts per menjar d\u2019acord amb els dies sencers treballats, incloent-hi l\u2019horari ordinari i l\u2019extraordinari pels motius que sigui: formaci\u00f3, reunions, activitats&#8230; entre d\u2019altres moltes m\u00e9s casu\u00edstiques.<\/span><\/li>\n<\/ul>\n<p style=\"text-align: justify\"><span style=\"font-family: arial, helvetica, sans-serif;color: #000000\"><strong>RESPOSTA DSRH:<\/strong> Es far\u00e0 decret per a que el <strong>personal dels bibliobusos percebi 3 ajuts menjar setmanals.<\/strong> Des de CCOO, tot i que aix\u00f2 va en la l\u00ednia de les nostres reivindicacions, <strong>\u00e9s encara insuficient<\/strong> respecte a aquest personal concret i tamb\u00e9 en el cas d\u2019altres companys i companyes de diferents biblioteques.<\/span><\/p>\n<p>&nbsp;<\/p>\n<p><span style=\"font-family: 'arial black', sans-serif;color: #000000\"><strong>TAULA DE MOBILITAT<\/strong><\/span><\/p>\n<ul style=\"text-align: justify\">\n<li><span style=\"font-family: arial, helvetica, sans-serif;color: #000000\">Demanem que s\u2019implementin el m\u00e9s aviat possible mesures d\u2019acord amb el que es despr\u00e8n del <em>Pla de Despla\u00e7ament Corporatiu de la Diputaci\u00f3<\/em>.<\/span><\/li>\n<li><span style=\"font-family: arial, helvetica, sans-serif;color: #000000\">Volem saber en quin estat est\u00e0 el tema de la \u201cprova pilot\u201d de Teletreball.<\/span><\/li>\n<li><span style=\"font-family: arial, helvetica, sans-serif;color: #000000\">Demanem que s\u2019inclogui als sindicats com a membres d\u2019aquesta Taula enlloc que \u00fanicament una representaci\u00f3 de la Junta de Personal.<\/span><\/li>\n<\/ul>\n<p><span style=\"font-family: 'arial black', sans-serif;color: #000000\"><strong>PROPOSTA DE BORSA D\u2019HORES PER CONCILIACI\u00d3 <\/strong><strong>(<\/strong><strong>acord estatal)<\/strong><\/span><\/p>\n<ul style=\"text-align: justify\">\n<li><span style=\"font-family: arial, helvetica, sans-serif;color: #000000\">Volem que es reactivi la negociaci\u00f3 (<span style=\"font-family: 'arial black', sans-serif\"><a href=\"https:\/\/diba.ccoo.cat\/proposta-ccoo-borsa-dhores-per-conciliacio-flexibilitat-horaria\/\"><strong><span style=\"color: #0000ff\">Cliqueu aqu\u00ed<\/span><\/strong><\/a> <\/span>per ampliar informaci\u00f3)<\/span><\/li>\n<\/ul>\n<p>&nbsp;<\/p>\n<p><span style=\"font-family: 'arial black', sans-serif;color: #000000\"><strong>DOCENTS DE LA BONNEMAISON<\/strong><\/span><\/p>\n<ul style=\"text-align: justify\">\n<li><span style=\"font-family: arial, helvetica, sans-serif;color: #000000\">Volem que es doni soluci\u00f3 a les demandes d\u2019un grup de docents que exigeixen l\u2019aplicaci\u00f3 del Complement Espec\u00edfic EE02 enlloc del EE01. Com ja sap la corporaci\u00f3, no veiem cap element que justifiqui aquesta diferenciaci\u00f3. Igual treball, igual salari.<\/span><\/li>\n<\/ul>\n<p>&nbsp;<\/p>\n<p><span style=\"font-family: 'arial black', sans-serif;color: #000000\"><strong>TRASLLAT DEL SERVEI DE COMER\u00c7<\/strong><\/span><\/p>\n<ul style=\"text-align: justify\">\n<li><span style=\"font-family: arial, helvetica, sans-serif;color: #000000\">S\u2019ha fet saber a les persones afectades la voluntat de traslladar el personal de la Ger\u00e8ncia de Serveis de Comer\u00e7 de Mundet al recinte de la Maternitat. Fem evident que no s\u2019havia donat cap informaci\u00f3 als sindicats i exigim informaci\u00f3 al respecte. Hi ha modificacions de condicions de treball? Demanem que es doni resposta a les inquietuds que el personal ha fet arribar a la corporaci\u00f3 mitjan\u00e7ant l\u2019escrit que han presentat.<\/span><\/li>\n<\/ul>\n<p>&nbsp;<\/p>\n<p><span style=\"font-family: 'arial black', sans-serif;color: #000000\"><strong>OFERTA P\u00daBLICA 2019<\/strong><\/span><\/p>\n<ul style=\"text-align: justify\">\n<li><span style=\"font-family: arial, helvetica, sans-serif;color: #000000\">Demanem que s\u2019inclogui de manera immediata, i sobretot abans que acabi l\u2019any, la negociaci\u00f3 de l\u2019Oferta P\u00fablica d\u2019Ocupaci\u00f3 2019 (nom\u00e9s respecte al nombre de places). Pel que fa l\u2019OPO 2016\/2017, ja sabeu que no es tancar\u00e0 cap acord respecte a bases i la seva publicaci\u00f3 fins que no arribi la sent\u00e8ncia del TJUE.<\/span><\/li>\n<\/ul>\n<p>&nbsp;<\/p>\n<p><span style=\"font-family: 'arial black', sans-serif\"><span style=\"color: #000000\"><strong>PROMOCI\u00d3 INTERNA ADMINISTRATIUS\/IVES <\/strong><\/span><span style=\"color: #000000\"><strong>(RECLASSIFICACI\u00d3<\/strong><strong>)<\/strong><\/span><\/span><\/p>\n<ul style=\"text-align: justify\">\n<li><span style=\"font-family: arial, helvetica, sans-serif;color: #000000\">Demanem explicacions respecte als motius que encara no s\u2019hagi fet efectiu la presa de possessi\u00f3 de les persones que han superat el proc\u00e9s. Mostrem la nostra contrarietat a que s\u2019allargui m\u00e9s el proc\u00e9s.<\/span><\/li>\n<\/ul>\n<p>&nbsp;<\/p>\n<p><span style=\"font-family: 'arial black', sans-serif;color: #000000\"><strong>CARRERA PROFESSIONAL HORITZONTAL<\/strong><\/span><\/p>\n<ul style=\"text-align: justify\">\n<li><span style=\"font-family: arial, helvetica, sans-serif;color: #000000\">CCOO coincideix amb la resta de sindicats en demanar que no es perdi el pressupost consignat pel 2019.<\/span><\/li>\n<\/ul>\n<p>&nbsp;<\/p>\n<p><span style=\"font-family: 'arial black', sans-serif;color: #000000\"><strong>CONSORCI DE LES REIALS DRASSANES I MUSEU MAR\u00cdTIM<\/strong><\/span><\/p>\n<ul style=\"text-align: justify\">\n<li><span style=\"font-family: arial, helvetica, sans-serif;color: #000000\">De nou, demanem que es doni resposta al Comit\u00e8 de Personal de Drassanes a l\u2019escrit presentat el <strong>18 de juliol de 2019<\/strong> per registre (1900013933) on sol\u00b7licitaven una reuni\u00f3 amb la Presidenta de la Diputaci\u00f3 de Barcelona i del Consorci Drassanes, la Sra. N\u00faria Marin per donar solucions als greus problemes que tenen.<\/span><\/li>\n<\/ul>\n<p>&nbsp;<\/p>\n<p><span style=\"font-family: 'arial black', sans-serif;color: #000000\"><strong>COL\u00b7LECTIU OFICIAL ESPECIAL CONDUCTORS\/ES<\/strong><\/span><\/p>\n<ul>\n<li style=\"text-align: justify\"><span style=\"font-family: arial, helvetica, sans-serif;color: #000000\">Ens confirmen, de nou, que el decret que dona dret al col\u00b7lectiu a l\u2019Ajut per Menjar ja ha tirat endavant sense especificar-nos de manera exacta quan es far\u00e0 efectiu a la n\u00f2mina.<\/span><\/li>\n<\/ul>\n<p>&nbsp;<\/p>\n<p><span style=\"color: #000000;font-family: arial black, sans-serif\"><b>FACTOR PERILLOSITAT PERSONAL LABORATORI (ESCOLA INDUSTRIAL)<\/b><\/span><\/p>\n<ul>\n<li><span style=\"font-family: arial, helvetica, sans-serif;color: #000000\">Exigim retorn de l&#8217;estudi que se&#8217;ns va dir que estava engegat. En qualsevol cas, fem evident que ja ha passat massa temps sense que es doni soluci\u00f3 a les demandes fetes.<\/span><\/li>\n<\/ul>\n<p>&nbsp;<\/p>\n<p>&nbsp;<\/p>\n<p>&nbsp;<\/p>\n<p>&nbsp;<\/p>\n<p><span style=\"color: #000000\"><strong> <img loading=\"lazy\" decoding=\"async\" class=\"aligncenter\" src=\"http:\/\/ccoo.app\/diputacio-de-barcelona\/wp-content\/blogs.dir\/6\/files\/sites\/186\/2016\/05\/asasas-300x142-1-300x142.png\" width=\"218\" height=\"103\" \/><\/strong><\/span><\/p>\n<p><img loading=\"lazy\" decoding=\"async\" class=\"aligncenter\" src=\"http:\/\/ccoo.app\/diputacio-de-barcelona\/wp-content\/blogs.dir\/6\/files\/sites\/186\/2019\/02\/ddddddddddddddddddddddddd-300x115.png\" width=\"350\" height=\"134\" \/><\/p>\n<p><img loading=\"lazy\" decoding=\"async\" class=\"aligncenter\" src=\"http:\/\/ccoo.app\/diputacio-de-barcelona\/wp-content\/blogs.dir\/6\/files\/sites\/186\/2019\/07\/primer-sindcat-despanya-300x89.png\" width=\"340\" height=\"101\" \/><\/p>\n<p><img decoding=\"async\" class=\"aligncenter\" src=\"http:\/\/ccoo.app\/diputacio-de-barcelona\/wp-content\/blogs.dir\/6\/files\/sites\/186\/2018\/12\/ffffffffffffffffffff-1-300x108.png\" \/><\/p>\n<p>&nbsp;<\/p>\n<p style=\"text-align: center\"><span style=\"font-family: 'arial black', sans-serif;color: #0000ff\"><strong>Horari d\u2019atenci\u00f3 CCOO DIBA:<\/strong><\/span><\/p>\n<p style=\"text-align: center\"><span style=\"font-family: 'arial black', sans-serif\"><strong>CARRER MALLORCA, 244, 2on 3a<\/strong><\/span><\/p>\n<p style=\"text-align: center\"><span style=\"font-family: 'arial black', sans-serif\"><strong>DE DILLUNS A DIVENDRES DE 8:30 A 14:30 <\/strong><strong>(FORA D\u2019AQUEST HORARI, AMB CITA PR\u00c8VIA)<\/strong><\/span><\/p>\n<p style=\"text-align: center\"><span style=\"font-family: 'arial black', sans-serif\"><strong>\u00a0<span style=\"font-size: 12px\">Posa&#8217;t en contacte<\/span><\/strong><strong><small><span style=\"font-size: 12px\">\u00a0per <\/span>tel\u00e8fon al <span style=\"color: #0000ff\">934 022 985<\/span> o correu: <a href=\"mailto:ccoo@diba.cat\">ccoo@diba.cat<\/a><\/small><\/strong><\/span><\/p>\n<p><strong><img decoding=\"async\" class=\"aligncenter\" src=\"http:\/\/ccoo.app\/diputacio-de-barcelona\/wp-content\/blogs.dir\/6\/files\/sites\/186\/2019\/07\/app-300x189.png\" \/><br \/>\n<\/strong><\/p>\n<p><img decoding=\"async\" class=\"aligncenter\" src=\"http:\/\/ccoo.app\/diputacio-de-barcelona\/wp-content\/blogs.dir\/6\/files\/sites\/186\/2019\/01\/yyyyyyyyyyyyyyyyyyyyyyyy-300x57.png\" \/><\/p>\n<p><img loading=\"lazy\" decoding=\"async\" class=\"aligncenter\" src=\"https:\/\/upload.wikimedia.org\/wikipedia\/commons\/thumb\/7\/7c\/Facebook_New_Logo_%282015%29.svg\/2000px-Facebook_New_Logo_%282015%29.svg.png\" alt=\"Resultado de imagen de facebook\" width=\"147\" height=\"55\" \/><img loading=\"lazy\" decoding=\"async\" class=\"aligncenter\" src=\"http:\/\/ccoo.app\/diputacio-de-barcelona\/wp-content\/blogs.dir\/6\/files\/sites\/186\/2019\/02\/ggggggggggggggggggggggggggg-300x142.jpg\" width=\"146\" height=\"69\" \/><\/p>\n<p>&nbsp;<\/p>\n<p>&nbsp;<\/p>\n<p>&nbsp;<\/p>\n<p>&nbsp;<\/p>\n<p>&nbsp;<\/p>\n<p>&nbsp;<\/p>\n<p>&nbsp;<\/p>\n<p>&nbsp;<\/p>\n<p>&nbsp;<\/p>\n<p>&nbsp;<\/p>\n<p>&nbsp;    \t<\/p>\n","protected":false},"excerpt":{"rendered":"<p>\u00a0 \u00a0 \u00a0 \u00a0 &nbsp; RESUM MESA GENERAL NEGOCIACI\u00d3 PERSONAL FUNCIONARI 12.11.2019\u00a0 &nbsp; Cliqueu aqu\u00ed per veure els temes tractats: PROPOSTA NOU ACORD REGULACI\u00d3 DE BORSES DE TREBALL APROVAT EL &#8230; <\/p>\n<p class=\"read-more-container\"><a title=\"MESA GENERAL NEGOCIACI\u00d3 PERSONAL FUNCIONARI 12.11.2019 PETICIONS DE CCOO\" class=\"read-more button\" href=\"https:\/\/ccoo.app\/diputacio-de-barcelona\/ccoomgnfuncionaris12-11-2019-2\/#more-4684\" aria-label=\"Leer m\u00e1s sobre MESA GENERAL NEGOCIACI\u00d3 PERSONAL FUNCIONARI 12.11.2019 PETICIONS DE CCOO\">Continuar llegint<\/a><\/p>\n","protected":false},"author":4519,"featured_media":4688,"comment_status":"open","ping_status":"open","sticky":false,"template":"","format":"standard","meta":{"footnotes":""},"categories":[38,40,16,19,22,24,26,27,28,29,30,32],"tags":[],"class_list":["post-4684","post","type-post","status-publish","format-standard","has-post-thumbnail","hentry","category-a-tot-el-personal","category-carrera-horitzontal","category-carrera-professional","category-comunicats","category-igualtat","category-interins","category-mgn","category-millores-socials","category-mobilitat","category-orgt-2","category-permisos","category-premis","generate-columns","tablet-grid-50","mobile-grid-100","grid-parent","grid-50"],"_links":{"self":[{"href":"https:\/\/ccoo.app\/diputacio-de-barcelona\/wp-json\/wp\/v2\/posts\/4684","targetHints":{"allow":["GET"]}}],"collection":[{"href":"https:\/\/ccoo.app\/diputacio-de-barcelona\/wp-json\/wp\/v2\/posts"}],"about":[{"href":"https:\/\/ccoo.app\/diputacio-de-barcelona\/wp-json\/wp\/v2\/types\/post"}],"author":[{"embeddable":true,"href":"https:\/\/ccoo.app\/diputacio-de-barcelona\/wp-json\/wp\/v2\/users\/4519"}],"replies":[{"embeddable":true,"href":"https:\/\/ccoo.app\/diputacio-de-barcelona\/wp-json\/wp\/v2\/comments?post=4684"}],"version-history":[{"count":1,"href":"https:\/\/ccoo.app\/diputacio-de-barcelona\/wp-json\/wp\/v2\/posts\/4684\/revisions"}],"predecessor-version":[{"id":51923,"href":"https:\/\/ccoo.app\/diputacio-de-barcelona\/wp-json\/wp\/v2\/posts\/4684\/revisions\/51923"}],"wp:featuredmedia":[{"embeddable":true,"href":"https:\/\/ccoo.app\/diputacio-de-barcelona\/wp-json\/wp\/v2\/media\/4688"}],"wp:attachment":[{"href":"https:\/\/ccoo.app\/diputacio-de-barcelona\/wp-json\/wp\/v2\/media?parent=4684"}],"wp:term":[{"taxonomy":"category","embeddable":true,"href":"https:\/\/ccoo.app\/diputacio-de-barcelona\/wp-json\/wp\/v2\/categories?post=4684"},{"taxonomy":"post_tag","embeddable":true,"href":"https:\/\/ccoo.app\/diputacio-de-barcelona\/wp-json\/wp\/v2\/tags?post=4684"}],"curies":[{"name":"wp","href":"https:\/\/api.w.org\/{rel}","templated":true}]}}