{"id":4673,"date":"2019-10-28T16:19:43","date_gmt":"2019-10-28T15:19:43","guid":{"rendered":"https:\/\/diba.ccoo.cat\/?p=4673"},"modified":"2023-02-22T18:57:53","modified_gmt":"2023-02-22T17:57:53","slug":"ccoo-presentem-recurs-administratiu-contra-limpagament-de-les-millores-socials-per-edat-2-copy-2","status":"publish","type":"post","link":"https:\/\/ccoo.app\/diputacio-de-barcelona\/ccoo-presentem-recurs-administratiu-contra-limpagament-de-les-millores-socials-per-edat-2-copy-2\/","title":{"rendered":"Posicionament de CCOO Catalunya relacionat amb la sent\u00e8ncia del judici als l\u00edders independentistes i la soluci\u00f3 al conflicte"},"content":{"rendered":"<p class=\"wp-caption-text\"><img loading=\"lazy\" decoding=\"async\" class=\"alignnone wp-image-1853\" src=\"http:\/\/ccoo.app\/diputacio-de-barcelona\/wp-content\/blogs.dir\/6\/files\/sites\/186\/2018\/01\/logoccoov18.jpg\" alt=\"\" width=\"137\" height=\"63\" \/><\/p>\n<p style=\"text-align: justify\"><span style=\"font-family: 'arial black', sans-serif;font-size: 20px;color: #0000ff\">Recull de notes informatives relacionades amb el posicionament de CCOO Catalunya relacionat amb la sent\u00e8ncia del judici als l\u00edders independentistes i la soluci\u00f3 al conflicte:<\/span><\/p>\n<p>&nbsp;<\/p>\n<ul>\n<li class=\"titolnoticia\" style=\"text-align: justify\"><span id=\"ctl00_ContentPlaceHolder1_noticia1_lbTitular\" style=\"font-family: 'arial black', sans-serif;font-size: 16px;color: #ff0000\">Convocat\u00f2ria de sindicats i entitats de la societat civil de rebuig a la sent\u00e8ncia del judici als l\u00edders independentistes<\/span><\/li>\n<\/ul>\n<blockquote class=\"wp-embedded-content\" data-secret=\"9SuM50RVNZ\"><p><a href=\"https:\/\/www.ccoo.cat\/noticies\/convocatoria-de-sindicats-i-entitats-de-la-societat-civil-de-rebuig-a-la-sentencia-del-judici-als-liders-independentistes\/\">Convocat\u00f2ria de sindicats i entitats de la societat civil de rebuig a la sent\u00e8ncia del judici als l\u00edders independentistes<\/a><\/p><\/blockquote>\n<p><iframe loading=\"lazy\" class=\"wp-embedded-content\" sandbox=\"allow-scripts\" security=\"restricted\" style=\"position: absolute; clip: rect(1px, 1px, 1px, 1px);\" title=\"&#8220;Convocat\u00f2ria de sindicats i entitats de la societat civil de rebuig a la sent\u00e8ncia del judici als l\u00edders independentistes&#8221; &#8212; CCOO CAT\" src=\"https:\/\/www.ccoo.cat\/noticies\/convocatoria-de-sindicats-i-entitats-de-la-societat-civil-de-rebuig-a-la-sentencia-del-judici-als-liders-independentistes\/embed\/#?secret=Sh5n0vEMl7#?secret=9SuM50RVNZ\" data-secret=\"9SuM50RVNZ\" width=\"600\" height=\"338\" frameborder=\"0\" marginwidth=\"0\" marginheight=\"0\" scrolling=\"no\"><\/iframe><\/p>\n<p>&nbsp;<\/p>\n<ul>\n<li><span style=\"font-family: 'arial black', sans-serif;color: #ff0000\">Resoluci\u00f3 del Consell Nacional de la CONC<\/span><br \/>\n<span style=\"font-family: 'arial black', sans-serif;color: #ff0000\">\u00abEl Codi penal no resoldr\u00e0 un conflicte pol\u00edtic. Es necessita pol\u00edtica amb maj\u00fascules\u00bb.<\/span><\/li>\n<\/ul>\n<p><a href=\"https:\/\/www.ccoo.cat\/pdf_documents\/2019\/resolucio_consell_sentencia_proces.pdf\">https:\/\/www.ccoo.cat\/pdf_documents\/2019\/resolucio_consell_sentencia_proces.pdf<\/a><\/p>\n<p>&nbsp;<\/p>\n<ul>\n<li>\n<div class=\"contenidor container\">\n<div class=\"row\">\n<article class=\"centre span9\">\n<div class=\"requadrenoticia\">\n<h1 class=\"titolnoticia\"><span id=\"ctl00_ContentPlaceHolder1_noticia1_lbTitular\" style=\"font-family: 'arial black', sans-serif;font-size: 16px;color: #ff0000\">Declaraci\u00f3: institucions i entitats socials i econ\u00f2miques treballaran per a una \u00absoluci\u00f3 democr\u00e0tica al conflicte pol\u00edtic\u00bb<\/span><\/h1>\n<\/div>\n<\/article>\n<\/div>\n<\/div>\n<\/li>\n<\/ul>\n<p><a href=\"https:\/\/www.ccoo.cat\/noticia\/226007\/declaracio-institucions-i-entitats-socials-i-economiques-treballaran-per-a-una-solucio-democratica-al-conflicte-politic#.Xa8m8h4hU0P\">https:\/\/www.ccoo.cat\/noticia\/226007\/declaracio-institucions-i-entitats-socials-i-economiques-treballaran-per-a-una-solucio-democratica-al-conflicte-politic#.Xa8m8h4hU0P<\/a><\/p>\n<p>&nbsp;<\/p>\n<ul>\n<li>\n<div class=\"contenidor container\">\n<div class=\"row\">\n<article class=\"centre span9\">\n<div class=\"requadrenoticia\">\n<h2 class=\"avantitol\"><span id=\"ctl00_ContentPlaceHolder1_noticia1_lbSotstitular\" style=\"font-family: 'arial black', sans-serif;font-size: 16px;color: #ff0000\">Posicionament conjunt de Foment, CCOO, UGT i PIMEC despr\u00e9s de la sent\u00e8ncia del proc\u00e9s<\/span><\/h2>\n<h1 class=\"titolnoticia\"><span id=\"ctl00_ContentPlaceHolder1_noticia1_lbTitular\" style=\"font-family: 'arial black', sans-serif;font-size: 16px;color: #ff0000\">\u00abCatalunya necessita estabilitat pol\u00edtica, econ\u00f2mica i social\u00bb<\/span><\/h1>\n<\/div>\n<\/article>\n<\/div>\n<\/div>\n<\/li>\n<\/ul>\n<p><a href=\"https:\/\/www.ccoo.cat\/noticia\/226011\/catalunya-necessita-estabilitat-politica-economica-i-social#.Xa8m0B4hU0N\">https:\/\/www.ccoo.cat\/noticia\/226011\/catalunya-necessita-estabilitat-politica-economica-i-social#.Xa8m0B4hU0N<\/a><\/p>\n<p>&nbsp;<\/p>\n<ul>\n<li>\n<div class=\"contenidor container\">\n<div class=\"row\">\n<article class=\"centre span9\">\n<div class=\"requadrenoticia\">\n<h2 class=\"avantitol\"><span id=\"ctl00_ContentPlaceHolder1_noticia1_lbSotstitular\" style=\"font-size: 16px;color: #ff0000;font-family: 'arial black', sans-serif\">Reunions amb l&#8217;alcaldessa de Barcelona i amb la consellera d&#8217;Empresa i Coneixement.<\/span><\/h2>\n<h1 class=\"titolnoticia\"><span id=\"ctl00_ContentPlaceHolder1_noticia1_lbTitular\" style=\"font-size: 16px;color: #ff0000;font-family: 'arial black', sans-serif\">\u00abCCOO considera imprescindibles tots els espais de di\u00e0leg i concertaci\u00f3 per trobar una soluci\u00f3 pol\u00edtica al conflicte que viu Catalunya\u00bb.<\/span><\/h1>\n<\/div>\n<\/article>\n<\/div>\n<\/div>\n<\/li>\n<\/ul>\n<p><u><a href=\"https:\/\/www.ccoo.cat\/noticia\/226039\/ccoo-considera-imprescindibles-tots-els-espais-de-dialeg-i-concertacio-per-trobar-una-solucio-politica-al-conflicte-que-viu-catalunya#.Xa8mTR4hU0M\">https:\/\/www.ccoo.cat\/noticia\/226039\/ccoo-considera-imprescindibles-tots-els-espais-de-dialeg-i-concertacio-per-trobar-una-solucio-politica-al-conflicte-que-viu-catalunya#.Xa8mTR4hU0M<\/a><\/u><\/p>\n<p>&nbsp;<\/p>\n<p>&nbsp;<\/p>\n<p>&nbsp;<\/p>\n<p>&nbsp;<\/p>\n<p><a href=\"https:\/\/www.ccoo.cat\/aspnet\/eleccions.aspx\"><img loading=\"lazy\" decoding=\"async\" class=\"wp-image-3042 aligncenter\" src=\"http:\/\/ccoo.app\/diputacio-de-barcelona\/wp-content\/blogs.dir\/6\/files\/sites\/186\/2018\/12\/logo-revindiquem-lluitem-arribem-acords-300x56.png\" alt=\"\" width=\"514\" height=\"96\" srcset=\"https:\/\/ccoo.app\/diputacio-de-barcelona\/wp-content\/blogs.dir\/6\/files\/sites\/186\/2018\/12\/logo-revindiquem-lluitem-arribem-acords-300x56.png 300w, https:\/\/ccoo.app\/diputacio-de-barcelona\/wp-content\/blogs.dir\/6\/files\/sites\/186\/2018\/12\/logo-revindiquem-lluitem-arribem-acords-768x145.png 768w, https:\/\/ccoo.app\/diputacio-de-barcelona\/wp-content\/blogs.dir\/6\/files\/sites\/186\/2018\/12\/logo-revindiquem-lluitem-arribem-acords.png 940w\" sizes=\"auto, (max-width: 514px) 100vw, 514px\" \/><\/a><\/p>\n<p><a href=\"https:\/\/www.ccoo.cat\/aspnet\/eleccions.aspx\"><img loading=\"lazy\" decoding=\"async\" class=\" wp-image-3428 aligncenter\" src=\"http:\/\/ccoo.app\/diputacio-de-barcelona\/wp-content\/blogs.dir\/6\/files\/sites\/186\/2019\/02\/ddddddddddddddddddddddddd-300x115.png\" alt=\"\" width=\"459\" height=\"176\" srcset=\"https:\/\/ccoo.app\/diputacio-de-barcelona\/wp-content\/blogs.dir\/6\/files\/sites\/186\/2019\/02\/ddddddddddddddddddddddddd-300x115.png 300w, https:\/\/ccoo.app\/diputacio-de-barcelona\/wp-content\/blogs.dir\/6\/files\/sites\/186\/2019\/02\/ddddddddddddddddddddddddd.png 611w\" sizes=\"auto, (max-width: 459px) 100vw, 459px\" \/><\/a><\/p>\n<p><a href=\"https:\/\/www.ccoo.es\/noticia:391405\"><img loading=\"lazy\" decoding=\"async\" class=\" wp-image-4484 aligncenter\" src=\"http:\/\/ccoo.app\/diputacio-de-barcelona\/wp-content\/blogs.dir\/6\/files\/sites\/186\/2019\/07\/primer-sindcat-despanya-300x89.png\" alt=\"\" width=\"435\" height=\"129\" srcset=\"https:\/\/ccoo.app\/diputacio-de-barcelona\/wp-content\/blogs.dir\/6\/files\/sites\/186\/2019\/07\/primer-sindcat-despanya-300x89.png 300w, https:\/\/ccoo.app\/diputacio-de-barcelona\/wp-content\/blogs.dir\/6\/files\/sites\/186\/2019\/07\/primer-sindcat-despanya.png 568w\" sizes=\"auto, (max-width: 435px) 100vw, 435px\" \/><\/a><\/p>\n<p>&nbsp;<\/p>\n<p><a href=\"https:\/\/diba.ccoo.cat\/tambe-a-la-diputacio-no-es-no\/\"><img loading=\"lazy\" decoding=\"async\" class=\"wp-image-3043 aligncenter\" src=\"http:\/\/ccoo.app\/diputacio-de-barcelona\/wp-content\/blogs.dir\/6\/files\/sites\/186\/2018\/12\/ffffffffffffffffffff-1-300x108.png\" alt=\"\" width=\"175\" height=\"63\" srcset=\"https:\/\/ccoo.app\/diputacio-de-barcelona\/wp-content\/blogs.dir\/6\/files\/sites\/186\/2018\/12\/ffffffffffffffffffff-1-300x108.png 300w, https:\/\/ccoo.app\/diputacio-de-barcelona\/wp-content\/blogs.dir\/6\/files\/sites\/186\/2018\/12\/ffffffffffffffffffff-1.png 686w\" sizes=\"auto, (max-width: 175px) 100vw, 175px\" \/><\/a><\/p>\n<p><a href=\"https:\/\/diba.ccoo.cat\/afiliat-al-sindicat-amb-mes-afiliacio-i-representacio-a-la-diputacio-de-barcelona\/\"><img loading=\"lazy\" decoding=\"async\" class=\"alignnone size-medium wp-image-2346\" src=\"http:\/\/ccoo.app\/diputacio-de-barcelona\/wp-content\/blogs.dir\/6\/files\/sites\/186\/2016\/05\/asasas-300x142-1-300x142.png\" alt=\"\" width=\"300\" height=\"142\" \/><\/a><\/p>\n<p>&nbsp;<\/p>\n<p style=\"text-align: center\"><span style=\"text-decoration: underline;color: #ff0000;font-size: 24px\"><span style=\"font-family: 'arial black', sans-serif\"><strong>Horari d\u2019atenci\u00f3 CCOO DIBA:<\/strong><\/span><\/span><\/p>\n<p>&nbsp;<\/p>\n<p style=\"text-align: center\"><span style=\"font-family: 'arial black', sans-serif;color: #000000\"><strong>CARRER MALLORCA, 244, 2on 3a<\/strong><\/span><\/p>\n<p style=\"text-align: center\"><span style=\"font-family: 'arial black', sans-serif;color: #000000\"><strong>DE DILLUNS A DIVENDRES DE 8:30 A 16:30\u00a0\u00a0\u00a0<\/strong><strong>(FORA D\u2019AQUEST HORARI, AMB CITA PR\u00c8VIA)<\/strong><\/span><\/p>\n<p style=\"text-align: center\"><span style=\"font-family: 'arial black', sans-serif;color: #000000\"><strong>\u00a0<\/strong><strong><small>Contacta\u2019ns per tel\u00e8fon al 934 022 985 o correu:\u00a0<span style=\"color: #0000ff\"><a style=\"color: #0000ff\" href=\"mailto:ccoo@diba.cat\">ccoo@diba.cat<\/a><\/span><\/small><\/strong><\/span><\/p>\n<p>&nbsp;<\/p>\n<p style=\"text-align: center\"><span style=\"font-family: 'arial black', sans-serif;color: #000000\"><strong>TOTS ELS DIMECRES (DE 9 A 14H) AL LOCAL SINDICAL DE CCOO<\/strong><\/span><\/p>\n<p style=\"text-align: center\"><span style=\"font-family: 'arial black', sans-serif;color: #000000\"><strong>\u00a0<\/strong><strong>RECINTE DE LA MATERNITAT (PAVELL\u00d3 MESTRAL)<\/strong><\/span><\/p>\n<p style=\"text-align: center\"><span style=\"font-family: 'arial black', sans-serif;color: #000000\"><strong>\u00a0<\/strong><strong>PLANTA SOTERRANI<u>.\u00a0<\/u><\/strong><strong><u>\u00a0<\/u><\/strong><strong><u>93 402 22 22 \u00a0EXT 38786<\/u><\/strong><\/span><\/p>\n<p style=\"text-align: center\"><span style=\"font-family: 'arial black', sans-serif;color: #0000ff\"><a style=\"color: #0000ff\" href=\"mailto:orgt.ssccoo@diba.cat\">orgt.ssccoo@diba.cat<\/a><\/span><\/p>\n<p>&nbsp;<\/p>\n<p><a href=\"https:\/\/diba.ccoo.cat\/\"><img loading=\"lazy\" decoding=\"async\" class=\"wp-image-3263 alignleft\" src=\"http:\/\/ccoo.app\/diputacio-de-barcelona\/wp-content\/blogs.dir\/6\/files\/sites\/186\/2019\/01\/rrrrrrrrrrrrrrrrrrrrr-287x300.png\" alt=\"\" width=\"189\" height=\"198\" srcset=\"https:\/\/ccoo.app\/diputacio-de-barcelona\/wp-content\/blogs.dir\/6\/files\/sites\/186\/2019\/01\/rrrrrrrrrrrrrrrrrrrrr-287x300.png 287w, https:\/\/ccoo.app\/diputacio-de-barcelona\/wp-content\/blogs.dir\/6\/files\/sites\/186\/2019\/01\/rrrrrrrrrrrrrrrrrrrrr.png 550w\" sizes=\"auto, (max-width: 189px) 100vw, 189px\" \/><\/a><\/p>\n<p>&nbsp;<\/p>\n<p><img loading=\"lazy\" decoding=\"async\" class=\"alignnone size-medium wp-image-3266\" src=\"http:\/\/ccoo.app\/diputacio-de-barcelona\/wp-content\/blogs.dir\/6\/files\/sites\/186\/2019\/01\/yyyyyyyyyyyyyyyyyyyyyyyy-300x57.png\" alt=\"\" width=\"300\" height=\"57\" srcset=\"https:\/\/ccoo.app\/diputacio-de-barcelona\/wp-content\/blogs.dir\/6\/files\/sites\/186\/2019\/01\/yyyyyyyyyyyyyyyyyyyyyyyy-300x57.png 300w, https:\/\/ccoo.app\/diputacio-de-barcelona\/wp-content\/blogs.dir\/6\/files\/sites\/186\/2019\/01\/yyyyyyyyyyyyyyyyyyyyyyyy.png 578w\" sizes=\"auto, (max-width: 300px) 100vw, 300px\" \/><\/p>\n<p><img loading=\"lazy\" decoding=\"async\" class=\"alignleft\" src=\"https:\/\/www.educapeques.com\/wp-content\/uploads\/2016\/04\/descargar-whatsapp.png\" alt=\"Resultado de imagen de whatsapp\" width=\"64\" height=\"50\" \/><a href=\"https:\/\/www.facebook.com\/CcooDiputacioDeBarcelona\/\"><img loading=\"lazy\" decoding=\"async\" class=\"alignleft\" src=\"https:\/\/upload.wikimedia.org\/wikipedia\/commons\/thumb\/7\/7c\/Facebook_New_Logo_%282015%29.svg\/2000px-Facebook_New_Logo_%282015%29.svg.png\" alt=\"Resultado de imagen de facebook\" width=\"122\" height=\"46\" \/><\/a>\u00a0<a href=\"https:\/\/twitter.com\/CCOODiba\"><img loading=\"lazy\" decoding=\"async\" class=\"alignnone wp-image-3432\" src=\"http:\/\/ccoo.app\/diputacio-de-barcelona\/wp-content\/blogs.dir\/6\/files\/sites\/186\/2019\/02\/ggggggggggggggggggggggggggg-300x142.jpg\" alt=\"\" width=\"116\" height=\"55\" srcset=\"https:\/\/ccoo.app\/diputacio-de-barcelona\/wp-content\/blogs.dir\/6\/files\/sites\/186\/2019\/02\/ggggggggggggggggggggggggggg-300x142.jpg 300w, https:\/\/ccoo.app\/diputacio-de-barcelona\/wp-content\/blogs.dir\/6\/files\/sites\/186\/2019\/02\/ggggggggggggggggggggggggggg-1024x485.jpg 1024w, https:\/\/ccoo.app\/diputacio-de-barcelona\/wp-content\/blogs.dir\/6\/files\/sites\/186\/2019\/02\/ggggggggggggggggggggggggggg-768x364.jpg 768w, https:\/\/ccoo.app\/diputacio-de-barcelona\/wp-content\/blogs.dir\/6\/files\/sites\/186\/2019\/02\/ggggggggggggggggggggggggggg.jpg 1536w\" sizes=\"auto, (max-width: 116px) 100vw, 116px\" \/><\/a>\u00a0\u00a0\u00a0<a href=\"https:\/\/www.youtube.com\/channel\/UCFzenkS75udEcs4pB4qoZsg\"><img loading=\"lazy\" decoding=\"async\" class=\"alignleft\" src=\"https:\/\/i.kinja-img.com\/gawker-media\/image\/upload\/s--heVex4FV--\/c_scale,fl_progressive,q_80,w_800\/pol5zfmalpqmpt1jcnbp.png\" alt=\"Resultado de imagen de youtube\" width=\"117\" height=\"50\" \/><\/a><\/p>\n<p>&nbsp;<\/p>\n<p><a href=\"https:\/\/www.youtube.com\/watch?v=b7Qj7y8VlNs\"><img loading=\"lazy\" decoding=\"async\" class=\"size-medium wp-image-4464 aligncenter\" src=\"http:\/\/ccoo.app\/diputacio-de-barcelona\/wp-content\/blogs.dir\/6\/files\/sites\/186\/2019\/07\/app-300x189.png\" alt=\"\" width=\"300\" height=\"189\" srcset=\"https:\/\/ccoo.app\/diputacio-de-barcelona\/wp-content\/blogs.dir\/6\/files\/sites\/186\/2019\/07\/app-300x189.png 300w, https:\/\/ccoo.app\/diputacio-de-barcelona\/wp-content\/blogs.dir\/6\/files\/sites\/186\/2019\/07\/app.png 576w\" sizes=\"auto, (max-width: 300px) 100vw, 300px\" \/><\/a><\/p>\n<p>&nbsp;<\/p>\n<p>&nbsp;<\/p>\n<p>&nbsp;<\/p>\n<p>&nbsp;<\/p>\n<p>&nbsp;<\/p>\n<p>&nbsp;<\/p>\n<p>&nbsp;<\/p>\n<p>&nbsp;<\/p>\n<p>&nbsp;<\/p>\n<p>&nbsp;<\/p>\n<p>&nbsp;<\/p>\n<p>&nbsp;    \t<\/p>\n","protected":false},"excerpt":{"rendered":"<p>Recull de notes informatives relacionades amb el posicionament de CCOO Catalunya relacionat amb la sent\u00e8ncia del judici als l\u00edders independentistes i la soluci\u00f3 al conflicte: &nbsp; Convocat\u00f2ria de sindicats i &#8230; <\/p>\n<p class=\"read-more-container\"><a title=\"Posicionament de CCOO Catalunya relacionat amb la sent\u00e8ncia del judici als l\u00edders independentistes i la soluci\u00f3 al conflicte\" class=\"read-more button\" href=\"https:\/\/ccoo.app\/diputacio-de-barcelona\/ccoo-presentem-recurs-administratiu-contra-limpagament-de-les-millores-socials-per-edat-2-copy-2\/#more-4673\" aria-label=\"Leer m\u00e1s sobre Posicionament de CCOO Catalunya relacionat amb la sent\u00e8ncia del judici als l\u00edders independentistes i la soluci\u00f3 al conflicte\">Continuar llegint<\/a><\/p>\n","protected":false},"author":4519,"featured_media":4620,"comment_status":"closed","ping_status":"closed","sticky":false,"template":"","format":"standard","meta":{"footnotes":""},"categories":[38,19],"tags":[154],"class_list":["post-4673","post","type-post","status-publish","format-standard","has-post-thumbnail","hentry","category-a-tot-el-personal","category-comunicats","tag-mobilitat-teletreball","generate-columns","tablet-grid-50","mobile-grid-100","grid-parent","grid-50"],"_links":{"self":[{"href":"https:\/\/ccoo.app\/diputacio-de-barcelona\/wp-json\/wp\/v2\/posts\/4673","targetHints":{"allow":["GET"]}}],"collection":[{"href":"https:\/\/ccoo.app\/diputacio-de-barcelona\/wp-json\/wp\/v2\/posts"}],"about":[{"href":"https:\/\/ccoo.app\/diputacio-de-barcelona\/wp-json\/wp\/v2\/types\/post"}],"author":[{"embeddable":true,"href":"https:\/\/ccoo.app\/diputacio-de-barcelona\/wp-json\/wp\/v2\/users\/4519"}],"replies":[{"embeddable":true,"href":"https:\/\/ccoo.app\/diputacio-de-barcelona\/wp-json\/wp\/v2\/comments?post=4673"}],"version-history":[{"count":1,"href":"https:\/\/ccoo.app\/diputacio-de-barcelona\/wp-json\/wp\/v2\/posts\/4673\/revisions"}],"predecessor-version":[{"id":51925,"href":"https:\/\/ccoo.app\/diputacio-de-barcelona\/wp-json\/wp\/v2\/posts\/4673\/revisions\/51925"}],"wp:featuredmedia":[{"embeddable":true,"href":"https:\/\/ccoo.app\/diputacio-de-barcelona\/wp-json\/wp\/v2\/media\/4620"}],"wp:attachment":[{"href":"https:\/\/ccoo.app\/diputacio-de-barcelona\/wp-json\/wp\/v2\/media?parent=4673"}],"wp:term":[{"taxonomy":"category","embeddable":true,"href":"https:\/\/ccoo.app\/diputacio-de-barcelona\/wp-json\/wp\/v2\/categories?post=4673"},{"taxonomy":"post_tag","embeddable":true,"href":"https:\/\/ccoo.app\/diputacio-de-barcelona\/wp-json\/wp\/v2\/tags?post=4673"}],"curies":[{"name":"wp","href":"https:\/\/api.w.org\/{rel}","templated":true}]}}