{"id":466,"date":"2016-08-31T09:09:08","date_gmt":"2016-08-31T08:09:08","guid":{"rendered":"https:\/\/diba.ccoo.cat\/?p=466"},"modified":"2016-08-31T09:09:08","modified_gmt":"2016-08-31T08:09:08","slug":"millores-socials-2016","status":"publish","type":"post","link":"https:\/\/ccoo.app\/diputacio-de-barcelona\/millores-socials-2016\/","title":{"rendered":"MILLORES SOCIALS 2016"},"content":{"rendered":"<p style=\"text-align: center\"><span style=\"color: #ff0000\"><strong><u>PRESTACIONS I AJUTS SOCIALS 2016<\/u><\/strong><\/span><\/p>\n<p style=\"text-align: center\"><span style=\"color: #ff0000\"><strong>DATA L\u00cdMIT DE PRESENTACI\u00d3 D\u2019INST\u00c0NCIES \u00c0\u00a0DIVENDRES 30 DE SETEMBRE DEL 2016<\/strong><\/span><\/p>\n<p><strong>DOTACI\u00d3 ECON\u00d2MICA INDIVIDUAL:<\/strong><\/p>\n<p>TRAM 1<strong>:<\/strong>\u00a0fins a nivell 25 i personal jubilat (fins 70 anys.): <span style=\"color: #3366ff\"><strong><u>150<\/u><\/strong><strong> \u20ac<\/strong><\/span><\/p>\n<p>TRAM 2<strong>:\u00a0<\/strong>nivell 26\u00a0en endavant : <span style=\"color: #3366ff\"><strong>75 \u20ac<\/strong><\/span><\/p>\n<p>Nivell del complement de <span style=\"color: #3366ff\"><strong><u>destinaci\u00f3 assignat al lloc<\/u><\/strong><\/span>.<\/p>\n<p>(no aplicable als que per progressi\u00f3 personal hagin assolit el nivell).<\/p>\n<p>&nbsp;<\/p>\n<p><strong>\u00c0MBITS INCLOSOS COM A MILLORES SOCIALS:<\/strong><\/p>\n<ul>\n<li style=\"text-align: left\"><span style=\"color: #3366ff\"><strong>Despesa sanit\u00e0ria<\/strong><\/span>: Odontol\u00f2gica, oftalmologia, audi\u00f2fons, ortop\u00e8dia, rehabilitaci\u00f3, fisioter\u00e0pia, osteopatia, quiropr\u00e0ctica, acupuntura i despesa farmac\u00e8utica.<\/li>\n<li>Nom\u00e9s tractaments est\u00e8tics derivats d\u2019accident o malaltia.<\/li>\n<li><span style=\"color: #3366ff\"><strong>Despesa de tipus esportiu<\/strong><\/span>: Inscripci\u00f3 i quotes a centres esportius, despeses federatives (carnets, curses&#8230;)<\/li>\n<li><strong><span style=\"color: #3366ff\">Despesa cultural<\/span>:<\/strong> Formaci\u00f3, llibres, cinema, teatre, CDs de m\u00fasica, centres culturals, concerts, cursos, estudis&#8230;\n<ol>\n<ol>\n<ol>\n<ol>\n<ul>\n<li style=\"text-align: left\">Excl\u00f2s despeses d\u2019entrades per sales de festa<\/li>\n<\/ul>\n<\/ol>\n<\/ol>\n<\/ol>\n<\/ol>\n<\/li>\n<li><strong><span style=\"color: #3366ff\">Despesa conciliaci\u00f3<\/span>:<\/strong> llars d\u2019infants, escoles bressol, guarderia, despesa de cangur, de col\u00f2nies, casals d\u2019estiu, campus&#8230;<\/li>\n<\/ul>\n<p>Tota la informaci\u00f3:<\/p>\n<p><a href=\"http:\/\/intradiba.diba.cat\/web\/prestacions-socials-i-avantatges\/prestacions-sanitaries\">http:\/\/intradiba.diba.cat\/web\/prestacions-socials-i-avantatges\/prestacions-sanitaries<\/a><\/p>\n<p>&nbsp;<\/p>\n<p style=\"text-align: justify\"><strong>ALTRES ASPECTES A TENIR EN COMPTE<\/strong><\/p>\n<ul>\n<li><b><strong>Dates a tenir en compte:<\/strong><\/b><\/li>\n<\/ul>\n<p style=\"text-align: justify\"><span style=\"color: #3366ff\"><strong><u>30 de setembre<\/u><\/strong><strong> \u00e9s la data l\u00edmit per presentar la documentaci\u00f3 acreditativa.<\/strong><\/span><\/p>\n<p>L\u2019abonament es far\u00e0 efectiu a la n\u00f2mina de <u>novembre 2016.<\/u><\/p>\n<p>El per\u00edode de meritaci\u00f3 \u00e9s de l&#8217;1 d\u2019octubre de 2015 al 30 de setembre de 2016.<\/p>\n<ul>\n<li><strong>Documentaci\u00f3 acreditativa:<\/strong><\/li>\n<\/ul>\n<p>Es podr\u00e0 sol\u00b7licitar en format paper o telem\u00e0ticament per l&#8217;Espai personal.<\/p>\n<p>Model normalitzat:<\/p>\n<p><a href=\"http:\/\/intradiba.diba.cat\/documents\/28820681\/31769768\/ModelSolFonsSocial\/c5e3914f-28bc-4445-a37a-8eb927c9b1e5\">http:\/\/intradiba.diba.cat\/documents\/28820681\/31769768\/ModelSolFonsSocial\/c5e3914f-28bc-4445-a37a-8eb927c9b1e5<\/a><\/p>\n<p style=\"text-align: left\">S\u2019ha d\u2019omplir la sol\u00b7licitud i adjuntar\u00a0la\u00a0documentaci\u00f3 acreditativa:<\/p>\n<ul>\n<ul>\n<li>Factures.<\/li>\n<li>Tiquets o rebuts on constin les dades del\/de la professional.<\/li>\n<li>En el cas de despesa de teatres, cinema o similars, teniu la possibilitat de <span style=\"color: #3366ff\"><strong>presentar<\/strong> <strong>l\u2019entrada escrivint a sobre el vostre n\u00ba del DNI juntament amb la vostra signatura<\/strong> <\/span>(equival a una declaraci\u00f3 jurada).<\/li>\n<li>En el cas de<span style=\"color: #3366ff\"> <strong>tiquets o entrades es recomana agrupar-los<\/strong> <\/span>a l\u2019hora de presentar-los per facilitar la gesti\u00f3.<\/li>\n<li>Recordeu que <span style=\"color: #3366ff\"><strong>nom\u00e9s hem de justificar fins a 150\u20ac<\/strong><\/span> de despesa. Per tant, \u00e9s innecessari presentar molt m\u00e9s enll\u00e0 d\u2019aquesta quantitat.<\/li>\n<li>Heu de tenir en compte que <span style=\"color: #3366ff\"><strong>una sol\u00b7licitud per persona<\/strong><\/span>. \u00c9s a dir, si de la despesa correspon una part al titular i una altra part al beneficiari, s\u2019haur\u00e0 de fer dues sol\u00b7licituds, cadascuna amb la pr\u00f2pia documentaci\u00f3 justificativa.<\/li>\n<li>Heu d\u2019omplir <strong><span style=\"color: #3366ff\">una sol\u00b7licitud per cada \u00e0mbit<\/span> <\/strong>que voleu justificar. Per exemple, si presenteu despeses sanit\u00e0ria i cultural, haureu d\u2019omplir dues sol\u00b7licitud cadascuna amb la pr\u00f2pia documentaci\u00f3 justificativa.<\/li>\n<\/ul>\n<\/ul>\n<p>Els\/les que compleixin els requisits tamb\u00e9 tenen dret a l\u2019<span style=\"color: #3366ff\"><strong><u>Ajut per a fills<\/u> (+75\u20ac)<\/strong><\/span><\/p>\n<p>Per als empleats\/des amb fills\/es menors de 18 anys. De manera ordin\u00e0ria es fa l\u2019abonament al mes de mar\u00e7. S\u2019abona d\u2019ofici a qui acrediti la condici\u00f3 de beneficiari notificant el naixement. Una vegada realitzada aquesta notificaci\u00f3 (i nom\u00e9s en el cas de l\u2019Ajut per a fills\/filles), ja <u>no \u00e9s necessari<\/u> realitzar la petici\u00f3 i acreditaci\u00f3 any rere any.<\/p>\n<p>En l\u00ednies generals, tenen dret a l\u2019abonament de despesa social:<\/p>\n<ul>\n<li>Els funcionaris de carrera<\/li>\n<li>El personal laboral fix<\/li>\n<li>El personal amb un nomenament inter\u00ed o laboral de caire temporal, de durada <u>acumulada<\/u> igual o superior a nou mesos en el decurs d\u2019un any <span style=\"color: #3366ff\"><strong>(recordeu que amb l\u2019Acord del personal inter\u00ed, pel 2017, tamb\u00e9 en relacions temporals de durada inferior a sis mesos, tindran dret al 50% de la dotaci\u00f3 econ\u00f2mica).<\/strong><\/span><\/li>\n<li>Personal jubilat fins als 70 anys<\/li>\n<li>I en s\u00f3n beneficiaris:\n<ul>\n<ul>\n<ul>\n<li>Els c\u00f2njuges, parelles de fet i fills menors de 21 anys (que no percebin cap renda procedent del treball)<\/li>\n<li>Els fills amb discapacitat acreditada.<\/li>\n<\/ul>\n<\/ul>\n<\/ul>\n<\/li>\n<\/ul>\n<p><strong>COM ES CALCULA LA DOTACI\u00d3 ECON\u00d2MICA INDIVIDUAL?<\/strong><\/p>\n<ul>\n<li>El pressupost total acordat \u00e9s de 710.000 \u20ac.<\/li>\n<li>A aquest import l\u2019hi hem de descomptar l\u2019ajut per fill menor de 18 anys, a ra\u00f3 de 75 \u20ac per empleat\/da amb fills.<\/li>\n<li>Aquesta quantitat s\u2019ha de dividir pel numero de persones que hi tenen dret.<\/li>\n<\/ul>\n<p><strong>ALGUNES CONSIDERACIONS<\/strong><\/p>\n<p>Tot i disposar de 710.000 \u20ac per a millores socials, el <span style=\"color: #3366ff\"><strong>total de la despesa del 2015<\/strong> <\/span>va ser de poc m\u00e9s de <span style=\"color: #3366ff\"><strong><u>660.000\u20ac.<\/u><\/strong> <\/span>La ra\u00f3 \u00e9s que no tots els i les que en tenien dret ho vam tramitar o demanar.<\/p>\n<p>S\u2019ha de tenir present que <span style=\"color: #3366ff\"><strong>amb el sistema anterior, la despesa REAL<\/strong> <\/span>sempre s\u2019havia situat entorn els <span style=\"color: #3366ff\"><strong>520.000 \u20ac.<\/strong> <\/span>Per tant, amb el nou sistema de \u201cdotaci\u00f3 individual\u201d, tot el personal ens hem beneficiat de m\u00e9s diners per a millores socials. Ara b\u00e9, l\u2019objectiu ha de ser que la despesa real sigui del 100%, \u00e9s a dir, arribar als 710 mil euros. <strong><span style=\"color: #3366ff\">Per tant, si encara no l\u2019hem fet, <u>quan abans millor<\/u>; seguiu les instruccions que us hem donat per beneficiar-vos de les prestacions i ajuts socials.<\/span> <\/strong><\/p>\n<p>A la reuni\u00f3 de la comissi\u00f3 de millores de mar\u00e7, vam <u>reiterar<\/u> la nostra petici\u00f3 que el romanent no es perdi. Aix\u00ed doncs, vam proposar que el romanent d\u2019un any es pugui sumar a l\u2019any seg\u00fcent. \u00d2bviament aix\u00f2 s\u2019haur\u00e0 de negociar a la Mesa General de Negociaci\u00f3.<\/p>\n<p>Si teniu qualsevol dubte, recordeu que estem a la vostra disposici\u00f3.<\/p>\n<p>&nbsp;    \t<\/p>\n","protected":false},"excerpt":{"rendered":"<p>PRESTACIONS I AJUTS SOCIALS 2016 DATA L\u00cdMIT DE PRESENTACI\u00d3 D\u2019INST\u00c0NCIES \u00c0\u00a0DIVENDRES 30 DE SETEMBRE DEL 2016 DOTACI\u00d3 ECON\u00d2MICA INDIVIDUAL: TRAM 1:\u00a0fins a nivell 25 i personal jubilat (fins 70 anys.): &#8230; <\/p>\n<p class=\"read-more-container\"><a title=\"MILLORES SOCIALS 2016\" class=\"read-more button\" href=\"https:\/\/ccoo.app\/diputacio-de-barcelona\/millores-socials-2016\/#more-466\" aria-label=\"Leer m\u00e1s sobre MILLORES SOCIALS 2016\">Continuar llegint<\/a><\/p>\n","protected":false},"author":4519,"featured_media":0,"comment_status":"open","ping_status":"open","sticky":false,"template":"","format":"standard","meta":{"footnotes":""},"categories":[38,19,27],"tags":[],"class_list":["post-466","post","type-post","status-publish","format-standard","hentry","category-a-tot-el-personal","category-comunicats","category-millores-socials","generate-columns","tablet-grid-50","mobile-grid-100","grid-parent","grid-50"],"_links":{"self":[{"href":"https:\/\/ccoo.app\/diputacio-de-barcelona\/wp-json\/wp\/v2\/posts\/466","targetHints":{"allow":["GET"]}}],"collection":[{"href":"https:\/\/ccoo.app\/diputacio-de-barcelona\/wp-json\/wp\/v2\/posts"}],"about":[{"href":"https:\/\/ccoo.app\/diputacio-de-barcelona\/wp-json\/wp\/v2\/types\/post"}],"author":[{"embeddable":true,"href":"https:\/\/ccoo.app\/diputacio-de-barcelona\/wp-json\/wp\/v2\/users\/4519"}],"replies":[{"embeddable":true,"href":"https:\/\/ccoo.app\/diputacio-de-barcelona\/wp-json\/wp\/v2\/comments?post=466"}],"version-history":[{"count":0,"href":"https:\/\/ccoo.app\/diputacio-de-barcelona\/wp-json\/wp\/v2\/posts\/466\/revisions"}],"wp:attachment":[{"href":"https:\/\/ccoo.app\/diputacio-de-barcelona\/wp-json\/wp\/v2\/media?parent=466"}],"wp:term":[{"taxonomy":"category","embeddable":true,"href":"https:\/\/ccoo.app\/diputacio-de-barcelona\/wp-json\/wp\/v2\/categories?post=466"},{"taxonomy":"post_tag","embeddable":true,"href":"https:\/\/ccoo.app\/diputacio-de-barcelona\/wp-json\/wp\/v2\/tags?post=466"}],"curies":[{"name":"wp","href":"https:\/\/api.w.org\/{rel}","templated":true}]}}