{"id":4639,"date":"2019-10-25T10:01:09","date_gmt":"2019-10-25T09:01:09","guid":{"rendered":"https:\/\/diba.ccoo.cat\/?p=4639"},"modified":"2023-02-22T18:57:59","modified_gmt":"2023-02-22T17:57:59","slug":"novetats-cursos-ccoo-diba-per-loferta-publica-docupacio-de-la-diputacio-2016-i-2017-3-2","status":"publish","type":"post","link":"https:\/\/ccoo.app\/diputacio-de-barcelona\/novetats-cursos-ccoo-diba-per-loferta-publica-docupacio-de-la-diputacio-2016-i-2017-3-2\/","title":{"rendered":"REUNI\u00d3 DE CCOO AMB EL DIPUTAT DE L&#8217;\u00c0REA DE RH"},"content":{"rendered":"<p class=\"wp-caption-text\"><img loading=\"lazy\" decoding=\"async\" class=\"alignnone wp-image-1853\" src=\"http:\/\/ccoo.app\/diputacio-de-barcelona\/wp-content\/blogs.dir\/6\/files\/sites\/186\/2018\/01\/logoccoov18.jpg\" alt=\"\" width=\"137\" height=\"63\" \/>\u00a0 \u00a0 \u00a0 \u00a0 \u00a0 \u00a0 <a href=\"https:\/\/diba.ccoo.cat\/wp-content\/uploads\/sites\/37\/2019\/10\/INFO-reuni%C3%B3-diputat-RH-24.10.2019-1-2.pdf\"><img loading=\"lazy\" decoding=\"async\" class=\"\" src=\"http:\/\/ccoo.app\/diputacio-de-barcelona\/wp-content\/blogs.dir\/6\/files\/sites\/186\/2018\/04\/22-300x172.png\" width=\"151\" height=\"87\" \/><\/a><\/p>\n<p><span style=\"text-decoration: underline\"><span style=\"font-family: 'arial black', sans-serif;font-size: 24px;color: #0000ff;text-decoration: underline\">REUNI\u00d3 DE CCOO AMB EL DIPUTAT DE L&#8217;\u00c0REA DE RH<\/span><\/span><\/p>\n<p style=\"text-align: justify\"><span style=\"font-family: arial, helvetica, sans-serif;color: #000000\">El passat 2 d\u2019octubre, CCOO-Diba vam demanar formalment la <strong>constituci\u00f3 de la Mesa General de Negociaci\u00f3 de la Diputaci\u00f3 de Barcelona <\/strong>i ahir ens van informar que aquesta <strong>tindr\u00e0 lloc el proper dimecres.<\/strong> Per tant, comencem ja les negociacions despr\u00e9s del par\u00e8ntesis conseq\u00fc\u00e8ncia de les eleccions sindicals i municipals.<\/span><\/p>\n<p style=\"text-align: justify\"><span style=\"font-family: arial, helvetica, sans-serif;color: #000000\">Al Ple de constituci\u00f3 de la nova corporaci\u00f3 de juliol, ja vam lliurar a la Presidenta de la Corporaci\u00f3 el document \u201c<strong><em>PROPOSTA SINDICAL DE CCOO PER A LA MILLORA DE LES CONDICIONS DE TREBALL DEL PERSONAL DE LA DIPUTACI\u00d3. MANDAT 2019-2023<\/em><\/strong><em>\u201d<\/em> amb unes <strong>25 propostes sindicals<\/strong>. Document que inclou reivindicacions d\u2019afectaci\u00f3 a tota la plantilla i d\u2019altres nom\u00e9s a col\u00b7lectius concrets com s\u00f3n el personal Inter\u00ed, XBM, RESPIR, ORGT, Xofers, Infermeria, Protocol, Seguretat, Parcs Naturals, persones amb capacitats diverses, etc.<\/span><\/p>\n<p style=\"text-align: justify\"><span style=\"font-family: arial, helvetica, sans-serif;color: #000000\"><span style=\"color: #0000ff\"><strong><span style=\"font-family: 'arial black', sans-serif\"><a href=\"https:\/\/diba.ccoo.cat\/ccoo-demanem-reunio-amb-la-nova-presidenta\/\"><span style=\"color: #0000ff\">Cliqueu aqu<\/span><\/a><span style=\"color: #0000ff\">\u00ed<\/span><\/span> <\/strong><\/span>per veure comunicat (11 de juliol 2019).<\/span><\/p>\n<p style=\"text-align: justify\"><span style=\"font-family: arial, helvetica, sans-serif;color: #000000\"><strong>\u00a0<\/strong><\/span><\/p>\n<p style=\"text-align: justify\"><span style=\"font-family: 'arial black', sans-serif;color: #0000ff;font-size: 20px\"><strong>REUNI\u00d3 DE CCOO-Diba AMB EL DIPUTAT DE L\u2019\u00c0REA DE RH (24.10.2019)<\/strong><\/span><\/p>\n<p style=\"text-align: justify\"><span style=\"font-family: arial, helvetica, sans-serif;color: #000000\"><em> <img loading=\"lazy\" decoding=\"async\" class=\" wp-image-4654 alignleft\" src=\"http:\/\/ccoo.app\/diputacio-de-barcelona\/wp-content\/blogs.dir\/6\/files\/sites\/186\/2019\/10\/carles-ruiz.png\" alt=\"\" width=\"110\" height=\"99\" \/><\/em><\/span><\/p>\n<p style=\"text-align: justify\"><span style=\"color: #000000;font-family: arial, helvetica, sans-serif\">A petici\u00f3 nostra, <strong>dijous de la setmana passada<\/strong>, vam tenir una <strong>reuni\u00f3 amb el Sr. Carlos Ruiz<\/strong>, Diputat de l\u2019\u00c0rea de Recursos Humans i el <strong>Sr. Rub\u00e9n Guijarro<\/strong>, Diputat adjunt de RH. Tamb\u00e9 van estar presents el <strong>Coordinador i la Directora de RH.<\/strong><\/span><\/p>\n<p style=\"text-align: justify\"><span style=\"font-family: arial, helvetica, sans-serif;color: #000000\">A la reuni\u00f3 del 3 d\u2019octubre, conjunta amb la resta de sindicats i la Junta de Personal, ja vam donar a con\u00e8ixer les nostres prioritats pel que fa a la negociaci\u00f3, fent-li entrega, tal com hav\u00edem fet amb la Presidenta,\u00a0 el document amb les nostres propostes.<\/span><\/p>\n<p style=\"text-align: justify\"><span style=\"font-family: arial, helvetica, sans-serif;color: #000000\">No obstant aix\u00f2, en la reuni\u00f3 de dijous passat vam voler incidir en els seg\u00fcents temes:<\/span><\/p>\n<ul style=\"text-align: justify\">\n<li><span style=\"font-family: arial, helvetica, sans-serif;color: #000000\"><strong>MILLORA SOCIAL PER EDAT.<\/strong> Exigim que la Diputaci\u00f3 pagui la Millora Social per edat al personal que compleix els requisits tot i que hagi interposat una demanda judicial per l\u2019impagament dels Premis. Als nous responsables els hi demanem que donin soluci\u00f3 a una restricci\u00f3 no contemplada a l\u2019acord i que es va imposar unilateralment al final de l\u2019anterior mandat. No es pot \u201ccastigar\u201d qui exerceix leg\u00edtimament la defensa dels seus drets. (<a href=\"https:\/\/diba.ccoo.cat\/ccoo-exigim-fer-efectiu-lacord-de-millora-social\/\"><span style=\"color: #0000ff;font-family: 'arial black', sans-serif\"><strong>Cliqueu aqu\u00ed<\/strong><\/span><\/a> per ampliar informaci\u00f3).<\/span><\/li>\n<\/ul>\n<ul style=\"text-align: justify\">\n<li><span style=\"font-family: arial, helvetica, sans-serif;color: #000000\"><strong>OFERTA P\u00daBLICA D\u2019OCUPACI\u00d3 2016\/2017<\/strong> De nou i davant la nostra pregunta, ens confirmen la voluntat corporativa que aquest tema es tracti en seu de Mesa General de Negociaci\u00f3. Tornem a demanar una soluci\u00f3 justa pel persona que porta anys demostrant la seva professionalitat. Recordeu no obstant, que encara estem pendents de la <span style=\"text-decoration: underline\">sent\u00e8ncia<\/span> del TJUE. (<a href=\"https:\/\/diba.ccoo.cat\/finalitzada-la-tancada\/\"><span style=\"color: #0000ff;font-family: 'arial black', sans-serif\"><strong>Cliqueu aqu\u00ed<\/strong><\/span><\/a> per ampliar informaci\u00f3).<\/span><\/li>\n<\/ul>\n<ul style=\"text-align: justify\">\n<li><span style=\"font-family: arial, helvetica, sans-serif;color: #000000\"><strong>PERSONAL XBM.<\/strong> Hem reiterat la nostra petici\u00f3 feta i denegada a l\u2019anterior mandat de creaci\u00f3 necess\u00e0ria d\u2019una <strong>Comissi\u00f3 de Treball XBM<\/strong> per atendre les especificitats d\u2019aquest personal de Diba adscrit funcionalment a una altra administraci\u00f3. Hem demanat que s\u2019activi la negociaci\u00f3 pendent del calendari i del nombre de jornades, per sobre de l\u2019acord Diba. Volem una soluci\u00f3 al no pagament d\u2019ajuts per menjar d\u2019acord amb els dies sencers treballats, incloent-hi l\u2019horari ordinari i l\u2019extraordinari pels motius que sigui: formaci\u00f3, reunions, activitats&#8230; entre d\u2019altres moltes m\u00e9s casu\u00edstiques (<a href=\"https:\/\/diba.ccoo.cat\/concentracio-dimarts-18-de-desembre-de-2018-de-9-30-a-10-30-h-museu-maritim-de-barcelona-2\/\"><span style=\"font-family: 'arial black', sans-serif;color: #0000ff\"><strong>Cliqueu aqu\u00ed<\/strong><\/span><\/a> per ampliar informaci\u00f3).<\/span><\/li>\n<\/ul>\n<ul style=\"text-align: justify\">\n<li><span style=\"font-family: arial, helvetica, sans-serif;color: #000000\"><strong>ORGT <\/strong>A la <em>Comissi\u00f3 de Seguiment de la Integraci\u00f3<\/em> hem evidenciat que existeixen diferents problemes d\u2019aplicaci\u00f3 dels acords que no s\u2019acaben de resoldre. Per part de la corporaci\u00f3, indiquen que existeix voluntat real de donar-hi solucions (<a href=\"https:\/\/diba.ccoo.cat\/tercera-reunio-de-la-comissio-de-seguiment-2\/\"><span style=\"color: #0000ff;font-family: 'arial black', sans-serif\"><strong>Cliqueu aqu\u00ed<\/strong><\/span><\/a> per ampliar informaci\u00f3).<\/span><\/li>\n<\/ul>\n<ul style=\"text-align: justify\">\n<li><span style=\"font-family: arial, helvetica, sans-serif;color: #000000\"><strong>COL\u00b7LECTIU OFICIAL ESPECIAL CONDUCTORS\/ES<\/strong> <strong>(XOFERS)<\/strong> Abans de l\u2019estiu, CCOO vam enviar escrit per registre demanant explicacions en relaci\u00f3 a l\u2019incompliment del que s\u2019havia acordat (a l\u2019anterior mandat) en seu de MGN respecte al dret a percebre l\u2019Ajut per Menjar. Hem mostrat la nostra sorpresa que, mentre es triga tant a donar solucions al personal, es mostra celeritat per adjudicar aquest ajut al personal directiu professional. Ahir vam reiterar la nostra petici\u00f3 i la resposta ha estat molt positiva: <strong>en breu es far\u00e0 efectiu aquest Ajut per Menjar per a dit col\u00b7lectiu de xofers <\/strong>(<a href=\"https:\/\/diba.ccoo.cat\/novetats-cursos-ccoo-diba-per-loferta-publica-docupacio-de-la-diputacio-2016-i-2017-3-3\/\"><span style=\"color: #0000ff;font-family: 'arial black', sans-serif\"><strong>Cliqueu aqu\u00ed<\/strong> <\/span><\/a>per llegir escrit).<\/span><\/li>\n<\/ul>\n<ul style=\"text-align: justify\">\n<li><span style=\"font-family: arial, helvetica, sans-serif;color: #000000\"><strong>TAULA DE MOBILITAT <\/strong>Hem demanat que s\u2019implementin el m\u00e9s aviat possible mesures d\u2019acord amb el que es despr\u00e8n del <em>Pla de Despla\u00e7ament Corporatiu de la Diputaci\u00f3<\/em>. Per exemple, vam demanar explicacions respecte als vestuaris de l\u2019Escola Industrial que encara no s\u2019havien posat en marxa: divendres <span style=\"color: #0000ff;font-family: 'arial black', sans-serif\"><a style=\"color: #0000ff\" href=\"https:\/\/intradiba.diba.cat\/web\/noticies\/-\/nous-vestidors-de-mobilitat-sostenible\">ja s\u2019ha anunciat<\/a><\/span> la seva posada en funcionament. Ara toc ampliar-ho a la resta de recintes. Per\u00f2 a m\u00e9s, instal\u00b7lar p\u00e0rquings segurs per a les bicis, establir incentius econ\u00f2mics, implantar el teletreball, etc <\/span><span style=\"font-family: arial, helvetica, sans-serif;color: #000000\">(<a href=\"http:\/\/ccoo.app\/diputacio-de-barcelona\/wp-content\/blogs.dir\/6\/files\/sites\/186\/2019\/03\/15-pla-mobilitat.pdf\"><span style=\"color: #0000ff;font-family: 'arial black', sans-serif\"><strong>Cliqueu aqu\u00ed<\/strong><\/span><\/a> per ampliar informaci\u00f3).<\/span><\/li>\n<\/ul>\n<ul style=\"text-align: justify\">\n<li><span style=\"font-family: arial, helvetica, sans-serif;color: #000000\"><strong>LLIURE DESIGNACI\u00d3<\/strong> Demanem, com vam fer a l\u2019anterior govern, que es modifiqui la <em>RLT,<\/em> tipificant la forma de provisi\u00f3 d\u2019ara en endavant dels llocs de treball subdirector\/a, cap de servei i cap d\u2019oficina, com a concurs de provisi\u00f3 espec\u00edfic (<a href=\"https:\/\/diba.ccoo.cat\/lliure-designacio\/\"><span style=\"font-family: 'arial black', sans-serif;color: #0000ff\"><strong>Cliqueu aqu\u00ed<\/strong><\/span><\/a> per ampliar informaci\u00f3).<\/span><\/li>\n<\/ul>\n<ul style=\"text-align: justify\">\n<li><span style=\"font-family: arial, helvetica, sans-serif;color: #000000\"><strong>PREVENCI\u00d3<\/strong> Demanem que s\u2019aprovi el nou <em>Pla de Prevenci\u00f3 de Riscos Laborals <\/em>corporatiu tal com requeria l\u2019auditoria feta al 2016 aix\u00ed com un nou protocol de riscos psicosocials\/d\u2019assetjament laboral. S\u2019ha d\u2019ampliar la dotaci\u00f3 de mitjans t\u00e8cnics i humans especialment tenint en compte que amb la Integraci\u00f3 de l\u2019ORGT tenim 700 noves persones treballadores a 102 oficines de tota la prov\u00edncia (<span style=\"font-family: 'arial black', sans-serif;color: #0000ff\"><a style=\"color: #0000ff\" href=\"http:\/\/ccoo.app\/diputacio-de-barcelona\/wp-content\/blogs.dir\/6\/files\/sites\/186\/2019\/03\/18-salut-laboral-x.pdf\"><strong>Cliqueu aqu\u00ed<\/strong><\/a><\/span> per ampliar informaci\u00f3).<\/span><\/li>\n<\/ul>\n<ul style=\"text-align: justify\">\n<li><span style=\"font-family: arial, helvetica, sans-serif;color: #000000\"><strong>II PLA D\u2019IGUALTAT<\/strong> En breu es negociar\u00e0 un nou <em>Pla d\u2019Igualtat. <\/em>Demanem al govern de la diputaci\u00f3 que puguem treballar per a que aquest sigui ambici\u00f3s, valent i progressista (<a href=\"http:\/\/ccoo.app\/diputacio-de-barcelona\/wp-content\/blogs.dir\/6\/files\/sites\/186\/2019\/03\/11-igualtat-de-genere.pdf\"><span style=\"font-family: 'arial black', sans-serif;color: #0000ff\"><strong>Cliqueu aqu\u00ed<\/strong><\/span><\/a> per ampliar informaci\u00f3).<\/span><\/li>\n<\/ul>\n<p style=\"text-align: justify\"><span style=\"font-family: arial, helvetica, sans-serif;color: #000000\"><strong> <img loading=\"lazy\" decoding=\"async\" class=\"size-full wp-image-4474 aligncenter\" src=\"http:\/\/ccoo.app\/diputacio-de-barcelona\/wp-content\/blogs.dir\/6\/files\/sites\/186\/2019\/07\/23-propostes-de-ccoo.png\" alt=\"\" width=\"112\" height=\"155\" \/><\/strong><\/span><\/p>\n<p style=\"text-align: justify\"><span style=\"font-family: arial, helvetica, sans-serif;color: #000000\">Comencem doncs un nou mandat i CCOO-Diba ho fa amb una clara voluntat de treballar de manera constructiva, cercant acords que puguin millorar les condicions de treball de les persones que treballem a la Diputaci\u00f3 de Barcelona.<\/span><\/p>\n<p style=\"text-align: justify\"><span style=\"font-family: arial, helvetica, sans-serif;color: #000000\">En aquest sentit, afavorirem la unitat d\u2019acci\u00f3 amb la resta de sindicats com una important eina per aconseguir els nostres objectius. Anirem a les reunions de Mesa General de Negociaci\u00f3, com ho hem fet sempre, aportant propostes treballades i concretes.<\/span><\/p>\n<p style=\"text-align: justify\"><span style=\"font-family: arial, helvetica, sans-serif;color: #000000\">El Sr. Carles Ruiz ens ha assegurat que les persones que representin la corporaci\u00f3 a les negociacions <img loading=\"lazy\" decoding=\"async\" class=\"wp-image-3897 alignleft\" src=\"http:\/\/ccoo.app\/diputacio-de-barcelona\/wp-content\/blogs.dir\/6\/files\/sites\/186\/2019\/03\/puny_petit_i_eslogan-177x300.png\" alt=\"\" width=\"71\" height=\"120\" srcset=\"https:\/\/ccoo.app\/diputacio-de-barcelona\/wp-content\/blogs.dir\/6\/files\/sites\/186\/2019\/03\/puny_petit_i_eslogan-177x300.png 177w, https:\/\/ccoo.app\/diputacio-de-barcelona\/wp-content\/blogs.dir\/6\/files\/sites\/186\/2019\/03\/puny_petit_i_eslogan-604x1024.png 604w, https:\/\/ccoo.app\/diputacio-de-barcelona\/wp-content\/blogs.dir\/6\/files\/sites\/186\/2019\/03\/puny_petit_i_eslogan-768x1301.png 768w, https:\/\/ccoo.app\/diputacio-de-barcelona\/wp-content\/blogs.dir\/6\/files\/sites\/186\/2019\/03\/puny_petit_i_eslogan-906x1536.png 906w, https:\/\/ccoo.app\/diputacio-de-barcelona\/wp-content\/blogs.dir\/6\/files\/sites\/186\/2019\/03\/puny_petit_i_eslogan.png 1169w\" sizes=\"auto, (max-width: 71px) 100vw, 71px\" \/>aniran amb tota la validaci\u00f3 dels cossos t\u00e8cnics i pol\u00edtics (no ens volem trobar amb el que va passar a l\u2019anterior mandat). A m\u00e9s, ha afegit, que comencen el mandat amb el prop\u00f2sit d\u2019afavorir un clima d\u2019entesa amb els sindicats.<\/span><\/p>\n<p style=\"text-align: justify\"><span style=\"font-family: arial, helvetica, sans-serif;color: #000000\">Agra\u00efm aquesta predisposici\u00f3, tot i que, m\u00e9s enll\u00e0 de les paraules, CCOO-Diba lluitarem per a que les nostres reivindicacions es materialitzin en fets, en acords, en millores de condicions de treball. Amb el suport de tothom ho aconseguirem&#8230;<\/span><\/p>\n<p><a href=\"https:\/\/www.ccoo.cat\/noticia\/224842\/ccoo-lliura-els-seus-comptes-auditats-del-2018-a-la-sindicatura-de-comptes-de-catalunya#.XTG87_IzaUk\"><img loading=\"lazy\" decoding=\"async\" class=\" wp-image-4510 aligncenter\" src=\"http:\/\/ccoo.app\/diputacio-de-barcelona\/wp-content\/blogs.dir\/6\/files\/sites\/186\/2019\/07\/comptes-2018-auditats-300x97.png\" alt=\"\" width=\"399\" height=\"129\" srcset=\"https:\/\/ccoo.app\/diputacio-de-barcelona\/wp-content\/blogs.dir\/6\/files\/sites\/186\/2019\/07\/comptes-2018-auditats-300x97.png 300w, https:\/\/ccoo.app\/diputacio-de-barcelona\/wp-content\/blogs.dir\/6\/files\/sites\/186\/2019\/07\/comptes-2018-auditats.png 663w\" sizes=\"auto, (max-width: 399px) 100vw, 399px\" \/><\/a><a href=\"https:\/\/www.ccoo.cat\/aspnet\/eleccions.aspx\"><img loading=\"lazy\" decoding=\"async\" class=\" wp-image-3428 aligncenter\" src=\"http:\/\/ccoo.app\/diputacio-de-barcelona\/wp-content\/blogs.dir\/6\/files\/sites\/186\/2019\/02\/ddddddddddddddddddddddddd-300x115.png\" alt=\"\" width=\"459\" height=\"176\" srcset=\"https:\/\/ccoo.app\/diputacio-de-barcelona\/wp-content\/blogs.dir\/6\/files\/sites\/186\/2019\/02\/ddddddddddddddddddddddddd-300x115.png 300w, https:\/\/ccoo.app\/diputacio-de-barcelona\/wp-content\/blogs.dir\/6\/files\/sites\/186\/2019\/02\/ddddddddddddddddddddddddd.png 611w\" sizes=\"auto, (max-width: 459px) 100vw, 459px\" \/><\/a><\/p>\n<p><a href=\"https:\/\/www.ccoo.es\/noticia:391405\"><img loading=\"lazy\" decoding=\"async\" class=\"aligncenter\" src=\"http:\/\/ccoo.app\/diputacio-de-barcelona\/wp-content\/blogs.dir\/6\/files\/sites\/186\/2019\/07\/primer-sindcat-despanya-300x89.png\" width=\"428\" height=\"127\" \/><\/a><\/p>\n<p><a href=\"https:\/\/diba.ccoo.cat\/tambe-a-la-diputacio-no-es-no\/\"><img loading=\"lazy\" decoding=\"async\" class=\"wp-image-3043 aligncenter\" src=\"http:\/\/ccoo.app\/diputacio-de-barcelona\/wp-content\/blogs.dir\/6\/files\/sites\/186\/2018\/12\/ffffffffffffffffffff-1-300x108.png\" alt=\"\" width=\"175\" height=\"63\" srcset=\"https:\/\/ccoo.app\/diputacio-de-barcelona\/wp-content\/blogs.dir\/6\/files\/sites\/186\/2018\/12\/ffffffffffffffffffff-1-300x108.png 300w, https:\/\/ccoo.app\/diputacio-de-barcelona\/wp-content\/blogs.dir\/6\/files\/sites\/186\/2018\/12\/ffffffffffffffffffff-1.png 686w\" sizes=\"auto, (max-width: 175px) 100vw, 175px\" \/><\/a><\/p>\n<p><a href=\"https:\/\/diba.ccoo.cat\/afiliat-al-sindicat-amb-mes-afiliacio-i-representacio-a-la-diputacio-de-barcelona\/\"><img loading=\"lazy\" decoding=\"async\" class=\"alignnone size-medium wp-image-2346\" src=\"http:\/\/ccoo.app\/diputacio-de-barcelona\/wp-content\/blogs.dir\/6\/files\/sites\/186\/2016\/05\/asasas-300x142-1-300x142.png\" alt=\"\" width=\"300\" height=\"142\" \/><\/a><\/p>\n<p><span style=\"font-family: arial, helvetica, sans-serif;color: #000000\"><strong>Horari d\u2019atenci\u00f3 CCOO DIBA: <\/strong><\/span><\/p>\n<p><span style=\"font-family: arial, helvetica, sans-serif;color: #000000\"><strong>CARRER MALLORCA, 244, 2on 3a<\/strong><\/span><\/p>\n<p><span style=\"font-family: arial, helvetica, sans-serif;color: #000000\"><strong>DE DILLUNS A DIVENDRES DE 8:30 A 16:30\u00a0\u00a0 <\/strong><span style=\"font-size: 10pt\"><strong>(FORA D\u2019AQUEST HORARI, AMB CITA PR\u00c8VIA)<\/strong><\/span><\/span><\/p>\n<p style=\"text-align: center\"><span style=\"font-size: 18pt\"><span style=\"font-family: arial, helvetica, sans-serif;color: #000000\"><strong>\u00a0<\/strong><\/span><span style=\"font-family: arial, helvetica, sans-serif\"><strong><small><span style=\"color: #000000\">Contacta&#8217;ns per tel\u00e8fon al 934 022 985 o correu:<\/span> <a href=\"mailto:ccoo@diba.cat\">ccoo@diba.cat<\/a><\/small> <\/strong><\/span><\/span><\/p>\n<p><a href=\"http:\/\/diba.ccoo.cat\/\"><img loading=\"lazy\" decoding=\"async\" class=\"wp-image-3263 alignleft\" src=\"http:\/\/ccoo.app\/diputacio-de-barcelona\/wp-content\/blogs.dir\/6\/files\/sites\/186\/2019\/01\/rrrrrrrrrrrrrrrrrrrrr-287x300.png\" alt=\"\" width=\"189\" height=\"198\" srcset=\"https:\/\/ccoo.app\/diputacio-de-barcelona\/wp-content\/blogs.dir\/6\/files\/sites\/186\/2019\/01\/rrrrrrrrrrrrrrrrrrrrr-287x300.png 287w, https:\/\/ccoo.app\/diputacio-de-barcelona\/wp-content\/blogs.dir\/6\/files\/sites\/186\/2019\/01\/rrrrrrrrrrrrrrrrrrrrr.png 550w\" sizes=\"auto, (max-width: 189px) 100vw, 189px\" \/><\/a><\/p>\n<p><img loading=\"lazy\" decoding=\"async\" class=\"alignnone size-medium wp-image-3266\" src=\"http:\/\/ccoo.app\/diputacio-de-barcelona\/wp-content\/blogs.dir\/6\/files\/sites\/186\/2019\/01\/yyyyyyyyyyyyyyyyyyyyyyyy-300x57.png\" alt=\"\" width=\"300\" height=\"57\" srcset=\"https:\/\/ccoo.app\/diputacio-de-barcelona\/wp-content\/blogs.dir\/6\/files\/sites\/186\/2019\/01\/yyyyyyyyyyyyyyyyyyyyyyyy-300x57.png 300w, https:\/\/ccoo.app\/diputacio-de-barcelona\/wp-content\/blogs.dir\/6\/files\/sites\/186\/2019\/01\/yyyyyyyyyyyyyyyyyyyyyyyy.png 578w\" sizes=\"auto, (max-width: 300px) 100vw, 300px\" \/><\/p>\n<p><img loading=\"lazy\" decoding=\"async\" class=\"alignleft\" src=\"https:\/\/www.educapeques.com\/wp-content\/uploads\/2016\/04\/descargar-whatsapp.png\" alt=\"Resultado de imagen de whatsapp\" width=\"64\" height=\"50\" \/><a href=\"https:\/\/www.facebook.com\/CcooDiputacioDeBarcelona\/\"><img loading=\"lazy\" decoding=\"async\" class=\"alignleft\" src=\"https:\/\/upload.wikimedia.org\/wikipedia\/commons\/thumb\/7\/7c\/Facebook_New_Logo_%282015%29.svg\/2000px-Facebook_New_Logo_%282015%29.svg.png\" alt=\"Resultado de imagen de facebook\" width=\"122\" height=\"46\" \/><\/a>\u00a0<a href=\"https:\/\/twitter.com\/CCOODiba\"><img loading=\"lazy\" decoding=\"async\" class=\"alignnone wp-image-3432\" src=\"http:\/\/ccoo.app\/diputacio-de-barcelona\/wp-content\/blogs.dir\/6\/files\/sites\/186\/2019\/02\/ggggggggggggggggggggggggggg-300x142.jpg\" alt=\"\" width=\"116\" height=\"55\" srcset=\"https:\/\/ccoo.app\/diputacio-de-barcelona\/wp-content\/blogs.dir\/6\/files\/sites\/186\/2019\/02\/ggggggggggggggggggggggggggg-300x142.jpg 300w, https:\/\/ccoo.app\/diputacio-de-barcelona\/wp-content\/blogs.dir\/6\/files\/sites\/186\/2019\/02\/ggggggggggggggggggggggggggg-1024x485.jpg 1024w, https:\/\/ccoo.app\/diputacio-de-barcelona\/wp-content\/blogs.dir\/6\/files\/sites\/186\/2019\/02\/ggggggggggggggggggggggggggg-768x364.jpg 768w, https:\/\/ccoo.app\/diputacio-de-barcelona\/wp-content\/blogs.dir\/6\/files\/sites\/186\/2019\/02\/ggggggggggggggggggggggggggg.jpg 1536w\" sizes=\"auto, (max-width: 116px) 100vw, 116px\" \/><\/a> \u00a0\u00a0<a href=\"https:\/\/www.youtube.com\/channel\/UCFzenkS75udEcs4pB4qoZsg\"><img loading=\"lazy\" decoding=\"async\" class=\"alignleft\" src=\"https:\/\/i.kinja-img.com\/gawker-media\/image\/upload\/s--heVex4FV--\/c_scale,fl_progressive,q_80,w_800\/pol5zfmalpqmpt1jcnbp.png\" alt=\"Resultado de imagen de youtube\" width=\"117\" height=\"50\" \/><\/a><\/p>\n<p><a href=\"https:\/\/diba.ccoo.cat\/afiliat-al-sindicat-amb-mes-afiliacio-i-representacio-a-la-diputacio-de-barcelona\/\"><img loading=\"lazy\" decoding=\"async\" class=\"alignnone size-medium wp-image-2346\" src=\"http:\/\/ccoo.app\/diputacio-de-barcelona\/wp-content\/blogs.dir\/6\/files\/sites\/186\/2016\/05\/asasas-300x142-1-300x142.png\" alt=\"\" width=\"300\" height=\"142\" \/><\/a><\/p>\n<p><span style=\"font-family: arial, helvetica, sans-serif;color: #000000\"><strong>Horari d\u2019atenci\u00f3 CCOO DIBA: <\/strong><\/span><\/p>\n<p><span style=\"font-family: arial, helvetica, sans-serif;color: #000000\"><strong>CARRER MALLORCA, 244, 2on 3a<\/strong><\/span><\/p>\n<p><span style=\"font-family: arial, helvetica, sans-serif;color: #000000\"><strong>DE DILLUNS A DIVENDRES DE 8:30 A 16:30\u00a0\u00a0 <\/strong><span style=\"font-size: 10pt\"><strong>(FORA D\u2019AQUEST HORARI AMB CITA PR\u00c8VIA)<\/strong><\/span><\/span><\/p>\n<p style=\"text-align: center\"><span style=\"font-size: 18pt\"><span style=\"font-family: arial, helvetica, sans-serif;color: #000000\"><strong>\u00a0<\/strong><\/span><span style=\"font-family: arial, helvetica, sans-serif\"><strong><small><span style=\"color: #000000\">Contacta&#8217;ns per tel\u00e8fon 934 022 985 o correu:<\/span> <a href=\"mailto:ccoo@diba.cat\">ccoo@diba.cat<\/a><\/small> <\/strong><\/span><\/span><\/p>\n<p><strong>\u00a0<\/strong><\/p>\n<p><a href=\"https:\/\/twitter.com\/CCOODiba\"><img loading=\"lazy\" decoding=\"async\" class=\"alignleft\" src=\"http:\/\/www.mysocialaccounts.com\/wp-content\/uploads\/2017\/04\/twitter.jpg\" alt=\"Resultado de imagen de twitter\" width=\"44\" height=\"44\" \/><\/a>\u00a0 \u00a0\u00a0<a href=\"http:\/\/diba.ccoo.cat\/\"><img loading=\"lazy\" decoding=\"async\" class=\"\" src=\"https:\/\/encrypted-tbn0.gstatic.com\/images?q=tbn:ANd9GcS98Z75qmWgKpehEkfwdWrInKdK65A-jf2SgkGvuU4oy_fPYt9q\" alt=\"Imagen relacionada\" width=\"52\" height=\"53\" \/><\/a><a href=\"https:\/\/www.facebook.com\/CcooDiputacioDeBarcelona\/\"><img loading=\"lazy\" decoding=\"async\" class=\"alignleft\" src=\"https:\/\/upload.wikimedia.org\/wikipedia\/commons\/thumb\/7\/7c\/Facebook_New_Logo_%282015%29.svg\/2000px-Facebook_New_Logo_%282015%29.svg.png\" alt=\"Resultado de imagen de facebook\" width=\"122\" height=\"46\" \/><\/a><a href=\"https:\/\/www.youtube.com\/channel\/UCFzenkS75udEcs4pB4qoZsg\"><img loading=\"lazy\" decoding=\"async\" class=\"alignleft\" src=\"https:\/\/i.kinja-img.com\/gawker-media\/image\/upload\/s--heVex4FV--\/c_scale,fl_progressive,q_80,w_800\/pol5zfmalpqmpt1jcnbp.png\" alt=\"Resultado de imagen de youtube\" width=\"117\" height=\"50\" \/><\/a><img loading=\"lazy\" decoding=\"async\" class=\"alignleft\" src=\"https:\/\/www.educapeques.com\/wp-content\/uploads\/2016\/04\/descargar-whatsapp.png\" alt=\"Resultado de imagen de whatsapp\" width=\"64\" height=\"50\" \/><\/p>\n<p><img loading=\"lazy\" decoding=\"async\" class=\"wp-image-262 alignright\" src=\"http:\/\/ccoo.app\/diputacio-de-barcelona\/wp-content\/blogs.dir\/6\/files\/sites\/186\/2016\/04\/afiliat_ccoo_cat.gif\" alt=\"Tota la informaci\u00f3 de com afiliar-se a CCOO Catalunya i forlmulari d'alta o baxia.\" width=\"90\" height=\"80\" \/>    \t<\/p>\n","protected":false},"excerpt":{"rendered":"<p>\u00a0 \u00a0 \u00a0 \u00a0 \u00a0 \u00a0 REUNI\u00d3 DE CCOO AMB EL DIPUTAT DE L&#8217;\u00c0REA DE RH El passat 2 d\u2019octubre, CCOO-Diba vam demanar formalment la constituci\u00f3 de la Mesa General &#8230; <\/p>\n<p class=\"read-more-container\"><a title=\"REUNI\u00d3 DE CCOO AMB EL DIPUTAT DE L&#8217;\u00c0REA DE RH\" class=\"read-more button\" href=\"https:\/\/ccoo.app\/diputacio-de-barcelona\/novetats-cursos-ccoo-diba-per-loferta-publica-docupacio-de-la-diputacio-2016-i-2017-3-2\/#more-4639\" aria-label=\"Leer m\u00e1s sobre REUNI\u00d3 DE CCOO AMB EL DIPUTAT DE L&#8217;\u00c0REA DE RH\">Continuar llegint<\/a><\/p>\n","protected":false},"author":4519,"featured_media":4658,"comment_status":"closed","ping_status":"closed","sticky":false,"template":"","format":"standard","meta":{"footnotes":""},"categories":[38,19,22,23,24,26,27,28,29,31,32,33,34,37],"tags":[148,172,180],"class_list":["post-4639","post","type-post","status-publish","format-standard","has-post-thumbnail","hentry","category-a-tot-el-personal","category-comunicats","category-igualtat","category-informacio-general","category-interins","category-mgn","category-millores-socials","category-mobilitat","category-orgt-2","category-personal-interi-comunicats","category-premis","category-propostes-sindicals","category-respir","category-xbm","tag-mesa-general-negociacio","tag-parcs-naturals","tag-personal-interi","generate-columns","tablet-grid-50","mobile-grid-100","grid-parent","grid-50"],"_links":{"self":[{"href":"https:\/\/ccoo.app\/diputacio-de-barcelona\/wp-json\/wp\/v2\/posts\/4639","targetHints":{"allow":["GET"]}}],"collection":[{"href":"https:\/\/ccoo.app\/diputacio-de-barcelona\/wp-json\/wp\/v2\/posts"}],"about":[{"href":"https:\/\/ccoo.app\/diputacio-de-barcelona\/wp-json\/wp\/v2\/types\/post"}],"author":[{"embeddable":true,"href":"https:\/\/ccoo.app\/diputacio-de-barcelona\/wp-json\/wp\/v2\/users\/4519"}],"replies":[{"embeddable":true,"href":"https:\/\/ccoo.app\/diputacio-de-barcelona\/wp-json\/wp\/v2\/comments?post=4639"}],"version-history":[{"count":1,"href":"https:\/\/ccoo.app\/diputacio-de-barcelona\/wp-json\/wp\/v2\/posts\/4639\/revisions"}],"predecessor-version":[{"id":51930,"href":"https:\/\/ccoo.app\/diputacio-de-barcelona\/wp-json\/wp\/v2\/posts\/4639\/revisions\/51930"}],"wp:featuredmedia":[{"embeddable":true,"href":"https:\/\/ccoo.app\/diputacio-de-barcelona\/wp-json\/wp\/v2\/media\/4658"}],"wp:attachment":[{"href":"https:\/\/ccoo.app\/diputacio-de-barcelona\/wp-json\/wp\/v2\/media?parent=4639"}],"wp:term":[{"taxonomy":"category","embeddable":true,"href":"https:\/\/ccoo.app\/diputacio-de-barcelona\/wp-json\/wp\/v2\/categories?post=4639"},{"taxonomy":"post_tag","embeddable":true,"href":"https:\/\/ccoo.app\/diputacio-de-barcelona\/wp-json\/wp\/v2\/tags?post=4639"}],"curies":[{"name":"wp","href":"https:\/\/api.w.org\/{rel}","templated":true}]}}