{"id":4630,"date":"2019-10-17T14:52:16","date_gmt":"2019-10-17T13:52:16","guid":{"rendered":"https:\/\/diba.ccoo.cat\/?p=4630"},"modified":"2023-02-22T18:58:05","modified_gmt":"2023-02-22T17:58:05","slug":"novetats-cursos-ccoo-diba-per-loferta-publica-docupacio-de-la-diputacio-2016-i-2017-3","status":"publish","type":"post","link":"https:\/\/ccoo.app\/diputacio-de-barcelona\/novetats-cursos-ccoo-diba-per-loferta-publica-docupacio-de-la-diputacio-2016-i-2017-3\/","title":{"rendered":"CURSOS CCOO DIBA PER\u00a0L\u2019OFERTA P\u00daBLICA D\u2019OCUPACI\u00d3 DE CONSOLIDACI\u00d3\u00a0"},"content":{"rendered":"<p class=\"wp-caption-text\"><img loading=\"lazy\" decoding=\"async\" class=\"alignnone wp-image-1853\" src=\"http:\/\/ccoo.app\/diputacio-de-barcelona\/wp-content\/blogs.dir\/6\/files\/sites\/186\/2018\/01\/logoccoov18.jpg\" alt=\"\" width=\"137\" height=\"63\" \/>\u00a0 \u00a0 \u00a0 \u00a0 \u00a0 \u00a0 \u00a0 \u00a0<img loading=\"lazy\" decoding=\"async\" class=\"alignnone wp-image-2113\" src=\"http:\/\/ccoo.app\/diputacio-de-barcelona\/wp-content\/blogs.dir\/6\/files\/sites\/186\/2018\/04\/22-300x172.png\" alt=\"\" width=\"167\" height=\"96\" srcset=\"https:\/\/ccoo.app\/diputacio-de-barcelona\/wp-content\/blogs.dir\/6\/files\/sites\/186\/2018\/04\/22-300x172.png 300w, https:\/\/ccoo.app\/diputacio-de-barcelona\/wp-content\/blogs.dir\/6\/files\/sites\/186\/2018\/04\/22.png 327w\" sizes=\"auto, (max-width: 167px) 100vw, 167px\" \/><\/p>\n<p><span style=\"font-family: 'arial black', sans-serif;color: #ff0000;font-size: 18pt\"><strong><span style=\"text-decoration: underline\"><span style=\"color: #0000ff;text-decoration: underline\">NOVETATS!<\/span><\/span> CURSOS CCOO DIBA PER\u00a0<\/strong><strong>L\u2019OFERTA P\u00daBLICA D\u2019OCUPACI\u00d3 <\/strong><strong>DE CONSOLIDACI\u00d3\u00a0<\/strong><\/span><\/p>\n<p>&nbsp;<\/p>\n<p style=\"text-align: justify\"><span style=\"font-family: arial, helvetica, sans-serif;color: #000000\">Com sabeu, tot i tenir l&#8217;Oferta P\u00fablica d&#8217;Ocupaci\u00f3 2016\/2017 paralitzada fins que no es negoci\u00efn les bases en seu de Mesa General de Negociaci\u00f3, les OPOs 2017 de <em>Consolidaci\u00f3<\/em> segueixen endavant.<\/span><\/p>\n<p><a href=\"http:\/\/ccoo.app\/diputacio-de-barcelona\/wp-content\/blogs.dir\/6\/files\/sites\/186\/2019\/03\/qqqqqqqqqqqqqqqqqqqqqqqqqqqqqqqqqqqqq.png\"><img loading=\"lazy\" decoding=\"async\" class=\"size-medium wp-image-3697 aligncenter\" src=\"http:\/\/ccoo.app\/diputacio-de-barcelona\/wp-content\/blogs.dir\/6\/files\/sites\/186\/2019\/03\/qqqqqqqqqqqqqqqqqqqqqqqqqqqqqqqqqqqqq-300x124.png\" alt=\"\" width=\"300\" height=\"124\" srcset=\"https:\/\/ccoo.app\/diputacio-de-barcelona\/wp-content\/blogs.dir\/6\/files\/sites\/186\/2019\/03\/qqqqqqqqqqqqqqqqqqqqqqqqqqqqqqqqqqqqq-300x124.png 300w, https:\/\/ccoo.app\/diputacio-de-barcelona\/wp-content\/blogs.dir\/6\/files\/sites\/186\/2019\/03\/qqqqqqqqqqqqqqqqqqqqqqqqqqqqqqqqqqqqq-768x317.png 768w, https:\/\/ccoo.app\/diputacio-de-barcelona\/wp-content\/blogs.dir\/6\/files\/sites\/186\/2019\/03\/qqqqqqqqqqqqqqqqqqqqqqqqqqqqqqqqqqqqq.png 822w\" sizes=\"auto, (max-width: 300px) 100vw, 300px\" \/><\/a><\/p>\n<p style=\"text-align: justify\"><strong><span style=\"font-family: arial, helvetica, sans-serif;color: #000000\">Aix\u00ed doncs, per atendre les peticions que ens feu, us informem que tenim obert dos cursos de preparaci\u00f3 del temari General A2 de mat\u00ed i tarda que tenen un <span style=\"background-color: #ffff00\">comen\u00e7ament imminent:<\/span><\/span><\/strong><\/p>\n<ul>\n<li style=\"text-align: justify\"><span style=\"color: #000000\"><span style=\"font-family: 'arial black', sans-serif;color: #0000ff\"><a href=\"https:\/\/fundaciopacopuerto.cat\/curso\/preparacio-oposicions-a-la-diputacio-de-barcelona-temari-general-grups-a2-72435\/\">Cliqueu aqu\u00ed<\/a> <\/span><span style=\"font-family: arial, helvetica, sans-serif\">per realitzar inscripci\u00f3n al curs A2 mat\u00ed<\/span><\/span><\/li>\n<li style=\"text-align: justify\"><span style=\"color: #000000\"><a href=\"https:\/\/fundaciopacopuerto.cat\/curso\/preparacio-oposicions-a-la-diputacio-de-barcelona-temari-general-grups-a2-72089\/\"><span style=\"font-family: 'arial black', sans-serif;color: #0000ff\">Cliqueu aqu\u00ed <\/span><\/a><span style=\"font-family: arial, helvetica, sans-serif\">per realitzar inscripci\u00f3n al curs A2 tarda<\/span><\/span><\/li>\n<\/ul>\n<p>&nbsp;<\/p>\n<p><img loading=\"lazy\" decoding=\"async\" class=\"wp-image-2547 aligncenter\" src=\"http:\/\/ccoo.app\/diputacio-de-barcelona\/wp-content\/blogs.dir\/6\/files\/sites\/186\/2016\/05\/ooooooooooooooooooooo-273x300.png\" alt=\"\" width=\"96\" height=\"105\" srcset=\"https:\/\/ccoo.app\/diputacio-de-barcelona\/wp-content\/blogs.dir\/6\/files\/sites\/186\/2016\/05\/ooooooooooooooooooooo-273x300.png 273w, https:\/\/ccoo.app\/diputacio-de-barcelona\/wp-content\/blogs.dir\/6\/files\/sites\/186\/2016\/05\/ooooooooooooooooooooo.png 655w\" sizes=\"auto, (max-width: 96px) 100vw, 96px\" \/><\/p>\n<p>&nbsp;<\/p>\n<p style=\"text-align: justify\"><span style=\"font-family: 'arial black', sans-serif;color: #000000;font-size: 18pt\"><strong>VOLS COL\u00b7LABORAR COM A FORMADOR\/A?<\/strong><\/span><\/p>\n<p style=\"text-align: justify\"><span style=\"font-family: arial, helvetica, sans-serif;color: #000000\">Aprofitem per agrair a totes les persones que heu respost a la crida per col\u00b7laborar com a formadors\/es i animem a qui vulgui oferir-se per impartir cursos o elaborar temaris a que es posin en contacte amb nosaltres per poder establir les condicions.<\/span><\/p>\n<p style=\"text-align: justify\"><span style=\"font-family: arial, helvetica, sans-serif;color: #000000\">Coneixes persones que voldrien col\u00b7laborar? Fes-nos arribar el seu contacte.<\/span><\/p>\n<p style=\"text-align: center\"><span style=\"font-family: 'arial black', sans-serif;font-size: 18pt;color: #0000ff\">Seguim treballant per ampliar\u00a0 la nostra oferta formativa.<\/span><\/p>\n<p style=\"text-align: center\"><span style=\"font-family: 'arial black', sans-serif;font-size: 18pt;color: #0000ff\">Presteu atenci\u00f3 a futures comunicacions.<\/span><\/p>\n<p><a href=\"https:\/\/diba.ccoo.cat\/afiliat-al-sindicat-amb-mes-afiliacio-i-representacio-a-la-diputacio-de-barcelona\/\"><img loading=\"lazy\" decoding=\"async\" class=\"alignnone size-medium wp-image-2346\" src=\"http:\/\/ccoo.app\/diputacio-de-barcelona\/wp-content\/blogs.dir\/6\/files\/sites\/186\/2016\/05\/asasas-300x142-1-300x142.png\" alt=\"\" width=\"300\" height=\"142\" \/><\/a><\/p>\n<p><span style=\"font-family: arial, helvetica, sans-serif;color: #000000\"><strong>Horari d\u2019atenci\u00f3 CCOO DIBA: <\/strong><\/span><\/p>\n<p><span style=\"font-family: arial, helvetica, sans-serif;color: #000000\"><strong>CARRER MALLORCA, 244, 2on 3a<\/strong><\/span><\/p>\n<p><span style=\"font-family: arial, helvetica, sans-serif;color: #000000\"><strong>DE DILLUNS A DIVENDRES DE 8:30 A 16:30\u00a0\u00a0 <\/strong><span style=\"font-size: 10pt\"><strong>(FORA D\u2019AQUEST HORARI AMB CITA PR\u00c8VIA)<\/strong><\/span><\/span><\/p>\n<p style=\"text-align: center\"><span style=\"font-size: 18pt\"><span style=\"font-family: arial, helvetica, sans-serif;color: #000000\"><strong>\u00a0<\/strong><\/span><span style=\"font-family: arial, helvetica, sans-serif\"><strong><small><span style=\"color: #000000\">Contacta&#8217;ns per tel\u00e8fon 934 022 985 o correu:<\/span> <a href=\"mailto:ccoo@diba.cat\">ccoo@diba.cat<\/a><\/small> <\/strong><\/span><\/span><\/p>\n<p><strong>\u00a0<\/strong><\/p>\n<p><a href=\"https:\/\/twitter.com\/CCOODiba\"><img loading=\"lazy\" decoding=\"async\" class=\"alignleft\" src=\"http:\/\/www.mysocialaccounts.com\/wp-content\/uploads\/2017\/04\/twitter.jpg\" alt=\"Resultado de imagen de twitter\" width=\"44\" height=\"44\" \/><\/a>\u00a0 \u00a0\u00a0<a href=\"http:\/\/diba.ccoo.cat\/\"><img loading=\"lazy\" decoding=\"async\" class=\"\" src=\"https:\/\/encrypted-tbn0.gstatic.com\/images?q=tbn:ANd9GcS98Z75qmWgKpehEkfwdWrInKdK65A-jf2SgkGvuU4oy_fPYt9q\" alt=\"Imagen relacionada\" width=\"52\" height=\"53\" \/><\/a><a href=\"https:\/\/www.facebook.com\/CcooDiputacioDeBarcelona\/\"><img loading=\"lazy\" decoding=\"async\" class=\"alignleft\" src=\"https:\/\/upload.wikimedia.org\/wikipedia\/commons\/thumb\/7\/7c\/Facebook_New_Logo_%282015%29.svg\/2000px-Facebook_New_Logo_%282015%29.svg.png\" alt=\"Resultado de imagen de facebook\" width=\"122\" height=\"46\" \/><\/a><a href=\"https:\/\/www.youtube.com\/channel\/UCFzenkS75udEcs4pB4qoZsg\"><img loading=\"lazy\" decoding=\"async\" class=\"alignleft\" src=\"https:\/\/i.kinja-img.com\/gawker-media\/image\/upload\/s--heVex4FV--\/c_scale,fl_progressive,q_80,w_800\/pol5zfmalpqmpt1jcnbp.png\" alt=\"Resultado de imagen de youtube\" width=\"117\" height=\"50\" \/><\/a><img loading=\"lazy\" decoding=\"async\" class=\"alignleft\" src=\"https:\/\/www.educapeques.com\/wp-content\/uploads\/2016\/04\/descargar-whatsapp.png\" alt=\"Resultado de imagen de whatsapp\" width=\"64\" height=\"50\" \/><\/p>\n<p>&nbsp;<\/p>\n<p>&nbsp;<\/p>\n<p>&nbsp;<\/p>\n<p>&nbsp;<\/p>\n<p>&nbsp;<\/p>\n<p>&nbsp;<\/p>\n<p>&nbsp;<\/p>\n<p>&nbsp;<\/p>\n<p><img loading=\"lazy\" decoding=\"async\" class=\"wp-image-262 alignright\" src=\"http:\/\/ccoo.app\/diputacio-de-barcelona\/wp-content\/blogs.dir\/6\/files\/sites\/186\/2016\/04\/afiliat_ccoo_cat.gif\" alt=\"Tota la informaci\u00f3 de com afiliar-se a CCOO Catalunya i forlmulari d'alta o baxia.\" width=\"90\" height=\"80\" \/><\/p>\n<p>&nbsp;<\/p>\n<p>&nbsp;<\/p>\n<p>&nbsp;<\/p>\n<p>&nbsp;<\/p>\n<p>&nbsp;    \t<\/p>\n","protected":false},"excerpt":{"rendered":"<p>\u00a0 \u00a0 \u00a0 \u00a0 \u00a0 \u00a0 \u00a0 \u00a0 NOVETATS! CURSOS CCOO DIBA PER\u00a0L\u2019OFERTA P\u00daBLICA D\u2019OCUPACI\u00d3 DE CONSOLIDACI\u00d3\u00a0 &nbsp; Com sabeu, tot i tenir l&#8217;Oferta P\u00fablica d&#8217;Ocupaci\u00f3 2016\/2017 paralitzada fins que &#8230; <\/p>\n<p class=\"read-more-container\"><a title=\"CURSOS CCOO DIBA PER\u00a0L\u2019OFERTA P\u00daBLICA D\u2019OCUPACI\u00d3 DE CONSOLIDACI\u00d3\u00a0\" class=\"read-more button\" href=\"https:\/\/ccoo.app\/diputacio-de-barcelona\/novetats-cursos-ccoo-diba-per-loferta-publica-docupacio-de-la-diputacio-2016-i-2017-3\/#more-4630\" aria-label=\"Leer m\u00e1s sobre CURSOS CCOO DIBA PER\u00a0L\u2019OFERTA P\u00daBLICA D\u2019OCUPACI\u00d3 DE CONSOLIDACI\u00d3\u00a0\">Continuar llegint<\/a><\/p>\n","protected":false},"author":4519,"featured_media":3506,"comment_status":"closed","ping_status":"closed","sticky":false,"template":"","format":"standard","meta":{"footnotes":""},"categories":[38,19,20,24,26,31,33,34,37],"tags":[148,172,180],"class_list":["post-4630","post","type-post","status-publish","format-standard","has-post-thumbnail","hentry","category-a-tot-el-personal","category-comunicats","category-cursos","category-interins","category-mgn","category-personal-interi-comunicats","category-propostes-sindicals","category-respir","category-xbm","tag-mesa-general-negociacio","tag-parcs-naturals","tag-personal-interi","generate-columns","tablet-grid-50","mobile-grid-100","grid-parent","grid-50"],"_links":{"self":[{"href":"https:\/\/ccoo.app\/diputacio-de-barcelona\/wp-json\/wp\/v2\/posts\/4630","targetHints":{"allow":["GET"]}}],"collection":[{"href":"https:\/\/ccoo.app\/diputacio-de-barcelona\/wp-json\/wp\/v2\/posts"}],"about":[{"href":"https:\/\/ccoo.app\/diputacio-de-barcelona\/wp-json\/wp\/v2\/types\/post"}],"author":[{"embeddable":true,"href":"https:\/\/ccoo.app\/diputacio-de-barcelona\/wp-json\/wp\/v2\/users\/4519"}],"replies":[{"embeddable":true,"href":"https:\/\/ccoo.app\/diputacio-de-barcelona\/wp-json\/wp\/v2\/comments?post=4630"}],"version-history":[{"count":1,"href":"https:\/\/ccoo.app\/diputacio-de-barcelona\/wp-json\/wp\/v2\/posts\/4630\/revisions"}],"predecessor-version":[{"id":51931,"href":"https:\/\/ccoo.app\/diputacio-de-barcelona\/wp-json\/wp\/v2\/posts\/4630\/revisions\/51931"}],"wp:featuredmedia":[{"embeddable":true,"href":"https:\/\/ccoo.app\/diputacio-de-barcelona\/wp-json\/wp\/v2\/media\/3506"}],"wp:attachment":[{"href":"https:\/\/ccoo.app\/diputacio-de-barcelona\/wp-json\/wp\/v2\/media?parent=4630"}],"wp:term":[{"taxonomy":"category","embeddable":true,"href":"https:\/\/ccoo.app\/diputacio-de-barcelona\/wp-json\/wp\/v2\/categories?post=4630"},{"taxonomy":"post_tag","embeddable":true,"href":"https:\/\/ccoo.app\/diputacio-de-barcelona\/wp-json\/wp\/v2\/tags?post=4630"}],"curies":[{"name":"wp","href":"https:\/\/api.w.org\/{rel}","templated":true}]}}