{"id":4606,"date":"2019-09-30T09:16:21","date_gmt":"2019-09-30T08:16:21","guid":{"rendered":"https:\/\/diba.ccoo.cat\/?p=4606"},"modified":"2023-02-22T18:58:11","modified_gmt":"2023-02-22T17:58:11","slug":"millora-social-2019-30-de-setembre-2019-data-limit-2-3-2","status":"publish","type":"post","link":"https:\/\/ccoo.app\/diputacio-de-barcelona\/millora-social-2019-30-de-setembre-2019-data-limit-2-3-2\/","title":{"rendered":"AQUEST DISSABTE 5 D&#8217;OCTUBRE 2019, VINE A LA \u00abFESTA DEL TREBALL\u00bb!"},"content":{"rendered":"<p class=\"wp-caption-text\"><img loading=\"lazy\" decoding=\"async\" class=\"alignnone wp-image-1853\" src=\"http:\/\/ccoo.app\/diputacio-de-barcelona\/wp-content\/blogs.dir\/6\/files\/sites\/186\/2018\/01\/logoccoov18.jpg\" alt=\"\" width=\"137\" height=\"63\" \/>\u00a0 \u00a0 \u00a0 <a href=\"https:\/\/www.ccoo.cat\/festa\/\"><img loading=\"lazy\" decoding=\"async\" class=\"alignnone size-full wp-image-2930\" src=\"http:\/\/ccoo.app\/diputacio-de-barcelona\/wp-content\/blogs.dir\/6\/files\/sites\/186\/2018\/11\/qqqqqqqqqqqqqqqqqqqqqqqq.png\" alt=\"\" width=\"168\" height=\"99\" \/><\/a><\/p>\n<p style=\"text-align: justify\"><span style=\"color: #0000ff;font-family: arial black, sans-serif\"><span style=\"font-size: 28px\"><b>AQUEST DISSABTE, VINE A LA \u00abFESTA DEL TREBALL\u00bb!<\/b><\/span><\/span><\/p>\n<p><span style=\"color: #000000;font-family: arial, helvetica, sans-serif\">Actuacions musicals, debats, activitats culturals, jocs infantils, reconeixements, menjar, beure&#8230; i molt m\u00e9s!<\/span><\/p>\n<ul>\n<li style=\"text-align: justify\"><strong><span style=\"font-family: arial, helvetica, sans-serif;color: #0000ff;font-size: 16px\"><a class=\"btn btn-xlarge btn-ccoo\" style=\"color: #0000ff\" href=\"https:\/\/marts.ccoo.cat\/pasarela\/servlet\/RedirectServlet?pagina=\/jsp\/treball_digne.jsp\" target=\"_blank\" rel=\"noopener noreferrer\">Compra el teu bo d&#8217;ajut!<br \/>\nEntrep\u00e0 de botifarra + beguda + got per nom\u00e9s 5\u20ac<\/a><\/span><\/strong><\/li>\n<\/ul>\n<div class=\"row\">\n<div class=\"row justify-content-center\">\n<div class=\"col-lg-4\">\n<div>\n<h3><\/h3>\n<h3 style=\"text-align: center\"><span style=\"font-family: 'arial black', sans-serif;font-size: 24px\"><span style=\"color: #000000\">De les 5 de la tarda <\/span><span style=\"color: #000000\">a les 12 de la nit<\/span><\/span><\/h3>\n<h4><\/h4>\n<h4><span style=\"font-family: 'arial black', sans-serif;color: #0000ff;font-size: 20px\">ESPAI EXTERIOR<\/span><\/h4>\n<p class=\"text-left\"><span style=\"font-family: arial, helvetica, sans-serif;color: #000000;font-size: 16px\">17 h Activitats infantils i altres activitats l\u00fadiques i culturals<\/span><br \/>\n<span style=\"font-family: arial, helvetica, sans-serif;color: #000000;font-size: 16px\">18 h\u00a0<a style=\"color: #000000\" href=\"https:\/\/www.ccoo.cat\/pdf_documents\/2019\/espai_poetic_festa_treball_digne.pdf\" target=\"_blank\" rel=\"noopener noreferrer\">Espai po\u00e8tic<\/a><\/span><br \/>\n<span style=\"font-family: arial, helvetica, sans-serif;color: #000000;font-size: 16px\">18 h A l&#8217;espai de la Federaci\u00f3 de Serveis a la Ciutadania, presentaci\u00f3 dels llibres:<\/span><br \/>\n<span style=\"font-family: arial, helvetica, sans-serif;color: #000000;font-size: 16px\">&#8211;\u00a0<em><a style=\"color: #000000\" href=\"https:\/\/www.ccoo.cat\/pdf_documents\/2019\/llegara_el_invierno.pdf\" target=\"_blank\" rel=\"noopener noreferrer\">Llegar\u00e1 el invierno<\/a><\/em>, d&#8217;Alfonso L\u00f3pez i Pepe G\u00e1lvez<\/span><br \/>\n<span style=\"font-family: arial, helvetica, sans-serif;color: #000000;font-size: 16px\">&#8211;\u00a0<em><a style=\"color: #000000\" href=\"https:\/\/www.ccoo.cat\/pdf_documents\/2019\/espiral_silencio.pdf\" target=\"_blank\" rel=\"noopener noreferrer\">La espiral del silencio<\/a><\/em>, de Mayte Mart\u00edn<\/span><\/p>\n<p><span style=\"font-family: arial, helvetica, sans-serif;color: #000000;font-size: 16px\">20 h Premis i reconeixements:<\/span><br \/>\n<span style=\"font-family: arial, helvetica, sans-serif;color: #000000;font-size: 16px\">&#8211; Entrega del Premi Aurora G\u00f3mez.<\/span><br \/>\n<span style=\"font-family: arial, helvetica, sans-serif;color: #000000;font-size: 16px\">&#8211; Entrega del Carnet Solidari<\/span><br \/>\n<span style=\"font-family: arial, helvetica, sans-serif;color: #000000;font-size: 16px\">&#8211; Reconeixements a:<\/span><br \/>\n<span style=\"font-family: arial, helvetica, sans-serif;color: #000000;font-size: 16px\">\u2022 la Lluita contra la precarietat<\/span><br \/>\n<span style=\"font-family: arial, helvetica, sans-serif;color: #000000;font-size: 16px\">\u2022 l&#8217;afiliaci\u00f3 jove<\/span><br \/>\n<span style=\"font-family: arial, helvetica, sans-serif;color: #000000;font-size: 16px\">\u2022 la sostenibilitat<\/span><\/p>\n<p><span style=\"font-family: arial, helvetica, sans-serif;color: #000000;font-size: 16px\">Amb les intervencions de Francesc J. Belver, 1r tinent d&#8217;alcaldia de L&#8217;Hospitalet de Llobregat, i Javier Pacheco, secretari general de CCOO de Catalunya. Presenta l&#8217;acte Liliana Reyes, coordinadora de CCOO de L&#8217;Hospitalet de Llobregat.<\/span><\/p>\n<p><span style=\"font-family: arial, helvetica, sans-serif;color: #000000;font-size: 16px\">21 h Actuaci\u00f3 musical de\u00a0<a style=\"color: #000000\" href=\"http:\/\/timonrepublik.com\/\" target=\"_blank\" rel=\"noopener noreferrer\">Tim\u00f3n Republik<\/a><\/span><br \/>\n<span style=\"font-family: arial, helvetica, sans-serif;color: #000000;font-size: 16px\">21.30 h Actuaci\u00f3 d\u2019<a style=\"color: #000000\" href=\"http:\/\/hotelcochambre.com\/\" target=\"_blank\" rel=\"noopener noreferrer\">Hotel Cochambre<\/a><\/span><\/p>\n<h4><span style=\"font-family: 'arial black', sans-serif;color: #0000ff;font-size: 20px\">Espai Centre Cultural Bellvitge-Gornal<\/span><\/h4>\n<p class=\"text-left\"><span style=\"font-family: arial, helvetica, sans-serif;color: #000000;font-size: 16px\">17 h. Actuaci\u00f3 de la\u00a0<a style=\"color: #000000\" href=\"https:\/\/www.ccoo.cat\/pdf_documents\/2019\/coral_roig_ences_festa_treball_digne.pdf\" target=\"_blank\" rel=\"noopener noreferrer\">Coral Roig Enc\u00e8s\u00a0<\/a>acompanyada del grup del Centre d\u2019estudis musicals Passatge.<\/span><\/p>\n<p><span style=\"font-family: arial, helvetica, sans-serif;color: #000000;font-size: 16px\">18 h. Projecci\u00f3 del <strong><span style=\"color: #0000ff\">documental\u00a0<a style=\"color: #0000ff\" href=\"https:\/\/www.ccoo.cat\/pdf_documents\/2019\/documental_i_la_lluita_continua.pdf\" target=\"_blank\" rel=\"noopener noreferrer\">I la lluita continua. Del camp a la construcci\u00f3 de Catalunya<\/a>,<\/span><\/strong> de Ll\u00facia Oliva, sobre la vaga de la construcci\u00f3 del 76.<\/span><\/p>\n<p><span style=\"font-family: arial, helvetica, sans-serif;color: #000000;font-size: 16px\">19 h. Debat:\u00a0<strong><em>Vaga laboral i protesta social<\/em>.<\/strong><\/span><br \/>\n<span style=\"font-family: arial, helvetica, sans-serif;color: #000000;font-size: 16px\">Amb Jordi Mir, doctor en Humanitats i professor de la Facultat d&#8217;Humanitats de la Universitat Pompeu Fabra, i Paula Pegenaute, advocada del Gabinet T\u00e8cnic-Jur\u00eddic de CCOO de Catalunya. Condu\u00eft per Cristina Torre, secret\u00e0ria d\u2019Acci\u00f3 Sindical de CCOO de Catalunya.<\/span><\/p>\n<p><span style=\"font-family: arial, helvetica, sans-serif;color: #000000;font-size: 16px\">A m\u00e9s, de 17 h a 21 h tamb\u00e9 es podran visitar una exposici\u00f3 sobre el canvi clim\u00e0tic i una altra en reconeixement als sindicalistes assassinats al m\u00f3n (organitzada per la Fundaci\u00f3 Pau i Solidaritat de CCOO de Catalunya).<\/span><\/p>\n<p class=\"text-left\"><span style=\"font-family: arial, helvetica, sans-serif;color: #000000;font-size: 16px\">Descarrega&#8217;t el <strong><span style=\"color: #0000ff\"><a style=\"color: #0000ff\" href=\"https:\/\/www.ccoo.cat\/pdf_documents\/2019\/cartell_festa_treball_digne.pdf\" target=\"_blank\" rel=\"noopener noreferrer\">cartell de la Festa del Treball Digne 2019<\/a><\/span><\/strong><\/span><\/p>\n<\/div>\n<\/div>\n<\/div>\n<\/div>\n<p><a href=\"http:\/\/ccoo.app\/diputacio-de-barcelona\/wp-content\/blogs.dir\/6\/files\/sites\/186\/2019\/09\/festa-2.png\"><img loading=\"lazy\" decoding=\"async\" class=\"size-medium wp-image-4609 aligncenter\" src=\"http:\/\/ccoo.app\/diputacio-de-barcelona\/wp-content\/blogs.dir\/6\/files\/sites\/186\/2019\/09\/festa-2-218x300.png\" alt=\"\" width=\"218\" height=\"300\" srcset=\"https:\/\/ccoo.app\/diputacio-de-barcelona\/wp-content\/blogs.dir\/6\/files\/sites\/186\/2019\/09\/festa-2-218x300.png 218w, https:\/\/ccoo.app\/diputacio-de-barcelona\/wp-content\/blogs.dir\/6\/files\/sites\/186\/2019\/09\/festa-2.png 554w\" sizes=\"auto, (max-width: 218px) 100vw, 218px\" \/><\/a><\/p>\n<p><span style=\"color: #0000ff;font-size: 20px\"><strong><a style=\"color: #0000ff\" href=\"https:\/\/www.ccoo.cat\/festa\/\"><span style=\"font-family: arial, helvetica, sans-serif\">https:\/\/www.ccoo.cat\/festa\/<\/span><\/a><\/strong><\/span><\/p>\n<p>&nbsp;<\/p>\n<p><a href=\"https:\/\/www.ccoo.cat\/aspnet\/eleccions.aspx\"><img loading=\"lazy\" decoding=\"async\" class=\"wp-image-3042 aligncenter\" src=\"http:\/\/ccoo.app\/diputacio-de-barcelona\/wp-content\/blogs.dir\/6\/files\/sites\/186\/2018\/12\/logo-revindiquem-lluitem-arribem-acords-300x56.png\" alt=\"\" width=\"514\" height=\"96\" srcset=\"https:\/\/ccoo.app\/diputacio-de-barcelona\/wp-content\/blogs.dir\/6\/files\/sites\/186\/2018\/12\/logo-revindiquem-lluitem-arribem-acords-300x56.png 300w, https:\/\/ccoo.app\/diputacio-de-barcelona\/wp-content\/blogs.dir\/6\/files\/sites\/186\/2018\/12\/logo-revindiquem-lluitem-arribem-acords-768x145.png 768w, https:\/\/ccoo.app\/diputacio-de-barcelona\/wp-content\/blogs.dir\/6\/files\/sites\/186\/2018\/12\/logo-revindiquem-lluitem-arribem-acords.png 940w\" sizes=\"auto, (max-width: 514px) 100vw, 514px\" \/><\/a><\/p>\n<p><a href=\"https:\/\/www.ccoo.cat\/aspnet\/eleccions.aspx\"><img loading=\"lazy\" decoding=\"async\" class=\" wp-image-3428 aligncenter\" src=\"http:\/\/ccoo.app\/diputacio-de-barcelona\/wp-content\/blogs.dir\/6\/files\/sites\/186\/2019\/02\/ddddddddddddddddddddddddd-300x115.png\" alt=\"\" width=\"459\" height=\"176\" srcset=\"https:\/\/ccoo.app\/diputacio-de-barcelona\/wp-content\/blogs.dir\/6\/files\/sites\/186\/2019\/02\/ddddddddddddddddddddddddd-300x115.png 300w, https:\/\/ccoo.app\/diputacio-de-barcelona\/wp-content\/blogs.dir\/6\/files\/sites\/186\/2019\/02\/ddddddddddddddddddddddddd.png 611w\" sizes=\"auto, (max-width: 459px) 100vw, 459px\" \/><\/a><\/p>\n<p><a href=\"https:\/\/www.ccoo.es\/noticia:391405\"><img loading=\"lazy\" decoding=\"async\" class=\" wp-image-4484 aligncenter\" src=\"http:\/\/ccoo.app\/diputacio-de-barcelona\/wp-content\/blogs.dir\/6\/files\/sites\/186\/2019\/07\/primer-sindcat-despanya-300x89.png\" alt=\"\" width=\"435\" height=\"129\" srcset=\"https:\/\/ccoo.app\/diputacio-de-barcelona\/wp-content\/blogs.dir\/6\/files\/sites\/186\/2019\/07\/primer-sindcat-despanya-300x89.png 300w, https:\/\/ccoo.app\/diputacio-de-barcelona\/wp-content\/blogs.dir\/6\/files\/sites\/186\/2019\/07\/primer-sindcat-despanya.png 568w\" sizes=\"auto, (max-width: 435px) 100vw, 435px\" \/><\/a><\/p>\n<p>&nbsp;<\/p>\n<p><a href=\"https:\/\/diba.ccoo.cat\/tambe-a-la-diputacio-no-es-no\/\"><img loading=\"lazy\" decoding=\"async\" class=\"wp-image-3043 aligncenter\" src=\"http:\/\/ccoo.app\/diputacio-de-barcelona\/wp-content\/blogs.dir\/6\/files\/sites\/186\/2018\/12\/ffffffffffffffffffff-1-300x108.png\" alt=\"\" width=\"175\" height=\"63\" srcset=\"https:\/\/ccoo.app\/diputacio-de-barcelona\/wp-content\/blogs.dir\/6\/files\/sites\/186\/2018\/12\/ffffffffffffffffffff-1-300x108.png 300w, https:\/\/ccoo.app\/diputacio-de-barcelona\/wp-content\/blogs.dir\/6\/files\/sites\/186\/2018\/12\/ffffffffffffffffffff-1.png 686w\" sizes=\"auto, (max-width: 175px) 100vw, 175px\" \/><\/a><\/p>\n<p><a href=\"https:\/\/diba.ccoo.cat\/afiliat-al-sindicat-amb-mes-afiliacio-i-representacio-a-la-diputacio-de-barcelona\/\"><img loading=\"lazy\" decoding=\"async\" class=\"alignnone size-medium wp-image-2346\" src=\"http:\/\/ccoo.app\/diputacio-de-barcelona\/wp-content\/blogs.dir\/6\/files\/sites\/186\/2016\/05\/asasas-300x142-1-300x142.png\" alt=\"\" width=\"300\" height=\"142\" \/><\/a><\/p>\n<p>&nbsp;<\/p>\n<p style=\"text-align: center\"><span style=\"text-decoration: underline;color: #ff0000;font-size: 24px\"><span style=\"font-family: 'arial black', sans-serif\"><strong>Horari d\u2019atenci\u00f3 CCOO DIBA:<\/strong><\/span><\/span><\/p>\n<p>&nbsp;<\/p>\n<p style=\"text-align: center\"><span style=\"font-family: 'arial black', sans-serif;color: #000000\"><strong>CARRER MALLORCA, 244, 2on 3a<\/strong><\/span><\/p>\n<p style=\"text-align: center\"><span style=\"font-family: 'arial black', sans-serif;color: #000000\"><strong>DE DILLUNS A DIVENDRES DE 8:30 A 15:30\u00a0\u00a0 <\/strong><strong>(<\/strong>Visites amb cita pr\u00e8via).<\/span><\/p>\n<p style=\"text-align: center\"><span style=\"font-family: 'arial black', sans-serif;color: #000000\"><strong>\u00a0<\/strong><strong><small>Contacta\u2019ns per tel\u00e8fon al 934 022 985 o correu:\u00a0<span style=\"color: #0000ff\"><a style=\"color: #0000ff\" href=\"mailto:ccoo@diba.cat\">ccoo@diba.cat<\/a><\/span><\/small><\/strong><\/span><\/p>\n<p>&nbsp;<\/p>\n<p style=\"text-align: center\"><span style=\"font-family: 'arial black', sans-serif;color: #000000\"><strong>TOTS ELS DIMECRES (DE 9 A 14H) AL LOCAL SINDICAL DE CCOO<\/strong><\/span><\/p>\n<p style=\"text-align: center\"><span style=\"font-family: 'arial black', sans-serif;color: #000000\"><strong>\u00a0<\/strong><strong>RECINTE DE LA MATERNITAT (PAVELL\u00d3 MESTRAL)<\/strong><\/span><\/p>\n<p style=\"text-align: center\"><span style=\"font-family: 'arial black', sans-serif;color: #000000\"><strong>\u00a0<\/strong><strong>PLANTA SOTERRANI<u>.\u00a0<\/u><\/strong><strong><u>\u00a0<\/u><\/strong><strong><u>93 402 22 22 \u00a0EXT 38786<\/u><\/strong><\/span><\/p>\n<p style=\"text-align: center\"><span style=\"font-family: 'arial black', sans-serif;color: #0000ff\"><a style=\"color: #0000ff\" href=\"mailto:orgt.ssccoo@diba.cat\">orgt.ssccoo@diba.cat<\/a><\/span><\/p>\n<p>&nbsp;<\/p>\n<p><a href=\"https:\/\/diba.ccoo.cat\/\"><img loading=\"lazy\" decoding=\"async\" class=\"wp-image-3263 alignleft\" src=\"http:\/\/ccoo.app\/diputacio-de-barcelona\/wp-content\/blogs.dir\/6\/files\/sites\/186\/2019\/01\/rrrrrrrrrrrrrrrrrrrrr-287x300.png\" alt=\"\" width=\"189\" height=\"198\" srcset=\"https:\/\/ccoo.app\/diputacio-de-barcelona\/wp-content\/blogs.dir\/6\/files\/sites\/186\/2019\/01\/rrrrrrrrrrrrrrrrrrrrr-287x300.png 287w, https:\/\/ccoo.app\/diputacio-de-barcelona\/wp-content\/blogs.dir\/6\/files\/sites\/186\/2019\/01\/rrrrrrrrrrrrrrrrrrrrr.png 550w\" sizes=\"auto, (max-width: 189px) 100vw, 189px\" \/><\/a><\/p>\n<p>&nbsp;<\/p>\n<p><img loading=\"lazy\" decoding=\"async\" class=\"alignnone size-medium wp-image-3266\" src=\"http:\/\/ccoo.app\/diputacio-de-barcelona\/wp-content\/blogs.dir\/6\/files\/sites\/186\/2019\/01\/yyyyyyyyyyyyyyyyyyyyyyyy-300x57.png\" alt=\"\" width=\"300\" height=\"57\" srcset=\"https:\/\/ccoo.app\/diputacio-de-barcelona\/wp-content\/blogs.dir\/6\/files\/sites\/186\/2019\/01\/yyyyyyyyyyyyyyyyyyyyyyyy-300x57.png 300w, https:\/\/ccoo.app\/diputacio-de-barcelona\/wp-content\/blogs.dir\/6\/files\/sites\/186\/2019\/01\/yyyyyyyyyyyyyyyyyyyyyyyy.png 578w\" sizes=\"auto, (max-width: 300px) 100vw, 300px\" \/><\/p>\n<p><img loading=\"lazy\" decoding=\"async\" class=\"alignleft\" src=\"https:\/\/www.educapeques.com\/wp-content\/uploads\/2016\/04\/descargar-whatsapp.png\" alt=\"Resultado de imagen de whatsapp\" width=\"64\" height=\"50\" \/><a href=\"https:\/\/www.facebook.com\/CcooDiputacioDeBarcelona\/\"><img loading=\"lazy\" decoding=\"async\" class=\"alignleft\" src=\"https:\/\/upload.wikimedia.org\/wikipedia\/commons\/thumb\/7\/7c\/Facebook_New_Logo_%282015%29.svg\/2000px-Facebook_New_Logo_%282015%29.svg.png\" alt=\"Resultado de imagen de facebook\" width=\"122\" height=\"46\" \/><\/a>\u00a0<a href=\"https:\/\/twitter.com\/CCOODiba\"><img loading=\"lazy\" decoding=\"async\" class=\"alignnone wp-image-3432\" src=\"http:\/\/ccoo.app\/diputacio-de-barcelona\/wp-content\/blogs.dir\/6\/files\/sites\/186\/2019\/02\/ggggggggggggggggggggggggggg-300x142.jpg\" alt=\"\" width=\"116\" height=\"55\" srcset=\"https:\/\/ccoo.app\/diputacio-de-barcelona\/wp-content\/blogs.dir\/6\/files\/sites\/186\/2019\/02\/ggggggggggggggggggggggggggg-300x142.jpg 300w, https:\/\/ccoo.app\/diputacio-de-barcelona\/wp-content\/blogs.dir\/6\/files\/sites\/186\/2019\/02\/ggggggggggggggggggggggggggg-1024x485.jpg 1024w, https:\/\/ccoo.app\/diputacio-de-barcelona\/wp-content\/blogs.dir\/6\/files\/sites\/186\/2019\/02\/ggggggggggggggggggggggggggg-768x364.jpg 768w, https:\/\/ccoo.app\/diputacio-de-barcelona\/wp-content\/blogs.dir\/6\/files\/sites\/186\/2019\/02\/ggggggggggggggggggggggggggg.jpg 1536w\" sizes=\"auto, (max-width: 116px) 100vw, 116px\" \/><\/a>\u00a0\u00a0\u00a0<a href=\"https:\/\/www.youtube.com\/channel\/UCFzenkS75udEcs4pB4qoZsg\"><img loading=\"lazy\" decoding=\"async\" class=\"alignleft\" src=\"https:\/\/i.kinja-img.com\/gawker-media\/image\/upload\/s--heVex4FV--\/c_scale,fl_progressive,q_80,w_800\/pol5zfmalpqmpt1jcnbp.png\" alt=\"Resultado de imagen de youtube\" width=\"117\" height=\"50\" \/><\/a><\/p>\n<p>&nbsp;<\/p>\n<p><a href=\"https:\/\/www.youtube.com\/watch?v=b7Qj7y8VlNs\"><img loading=\"lazy\" decoding=\"async\" class=\"size-medium wp-image-4464 aligncenter\" src=\"http:\/\/ccoo.app\/diputacio-de-barcelona\/wp-content\/blogs.dir\/6\/files\/sites\/186\/2019\/07\/app-300x189.png\" alt=\"\" width=\"300\" height=\"189\" srcset=\"https:\/\/ccoo.app\/diputacio-de-barcelona\/wp-content\/blogs.dir\/6\/files\/sites\/186\/2019\/07\/app-300x189.png 300w, https:\/\/ccoo.app\/diputacio-de-barcelona\/wp-content\/blogs.dir\/6\/files\/sites\/186\/2019\/07\/app.png 576w\" sizes=\"auto, (max-width: 300px) 100vw, 300px\" \/><\/a><\/p>\n<p>&nbsp;<\/p>\n<p>&nbsp;<\/p>\n<p>&nbsp;<\/p>\n<p>&nbsp;<\/p>\n<p>&nbsp;<\/p>\n<p>&nbsp;<\/p>\n<p>&nbsp;<\/p>\n<p>&nbsp;<\/p>\n<p>&nbsp;<\/p>\n<p>&nbsp;<\/p>\n<p>&nbsp;<\/p>\n<p>&nbsp;    \t<\/p>\n","protected":false},"excerpt":{"rendered":"<p>\u00a0 \u00a0 \u00a0 AQUEST DISSABTE, VINE A LA \u00abFESTA DEL TREBALL\u00bb! Actuacions musicals, debats, activitats culturals, jocs infantils, reconeixements, menjar, beure&#8230; i molt m\u00e9s! Compra el teu bo d&#8217;ajut! Entrep\u00e0 &#8230; <\/p>\n<p class=\"read-more-container\"><a title=\"AQUEST DISSABTE 5 D&#8217;OCTUBRE 2019, VINE A LA \u00abFESTA DEL TREBALL\u00bb!\" class=\"read-more button\" href=\"https:\/\/ccoo.app\/diputacio-de-barcelona\/millora-social-2019-30-de-setembre-2019-data-limit-2-3-2\/#more-4606\" aria-label=\"Leer m\u00e1s sobre AQUEST DISSABTE 5 D&#8217;OCTUBRE 2019, VINE A LA \u00abFESTA DEL TREBALL\u00bb!\">Continuar llegint<\/a><\/p>\n","protected":false},"author":4519,"featured_media":4607,"comment_status":"closed","ping_status":"closed","sticky":false,"template":"","format":"standard","meta":{"footnotes":""},"categories":[38,19,23],"tags":[154],"class_list":["post-4606","post","type-post","status-publish","format-standard","has-post-thumbnail","hentry","category-a-tot-el-personal","category-comunicats","category-informacio-general","tag-mobilitat-teletreball","generate-columns","tablet-grid-50","mobile-grid-100","grid-parent","grid-50"],"_links":{"self":[{"href":"https:\/\/ccoo.app\/diputacio-de-barcelona\/wp-json\/wp\/v2\/posts\/4606","targetHints":{"allow":["GET"]}}],"collection":[{"href":"https:\/\/ccoo.app\/diputacio-de-barcelona\/wp-json\/wp\/v2\/posts"}],"about":[{"href":"https:\/\/ccoo.app\/diputacio-de-barcelona\/wp-json\/wp\/v2\/types\/post"}],"author":[{"embeddable":true,"href":"https:\/\/ccoo.app\/diputacio-de-barcelona\/wp-json\/wp\/v2\/users\/4519"}],"replies":[{"embeddable":true,"href":"https:\/\/ccoo.app\/diputacio-de-barcelona\/wp-json\/wp\/v2\/comments?post=4606"}],"version-history":[{"count":1,"href":"https:\/\/ccoo.app\/diputacio-de-barcelona\/wp-json\/wp\/v2\/posts\/4606\/revisions"}],"predecessor-version":[{"id":51935,"href":"https:\/\/ccoo.app\/diputacio-de-barcelona\/wp-json\/wp\/v2\/posts\/4606\/revisions\/51935"}],"wp:featuredmedia":[{"embeddable":true,"href":"https:\/\/ccoo.app\/diputacio-de-barcelona\/wp-json\/wp\/v2\/media\/4607"}],"wp:attachment":[{"href":"https:\/\/ccoo.app\/diputacio-de-barcelona\/wp-json\/wp\/v2\/media?parent=4606"}],"wp:term":[{"taxonomy":"category","embeddable":true,"href":"https:\/\/ccoo.app\/diputacio-de-barcelona\/wp-json\/wp\/v2\/categories?post=4606"},{"taxonomy":"post_tag","embeddable":true,"href":"https:\/\/ccoo.app\/diputacio-de-barcelona\/wp-json\/wp\/v2\/tags?post=4606"}],"curies":[{"name":"wp","href":"https:\/\/api.w.org\/{rel}","templated":true}]}}