{"id":4593,"date":"2019-09-27T07:35:20","date_gmt":"2019-09-27T06:35:20","guid":{"rendered":"https:\/\/diba.ccoo.cat\/?p=4593"},"modified":"2023-02-22T18:58:15","modified_gmt":"2023-02-22T17:58:15","slug":"demanem-acces-al-portal-de-la-intradiba-2","status":"publish","type":"post","link":"https:\/\/ccoo.app\/diputacio-de-barcelona\/demanem-acces-al-portal-de-la-intradiba-2\/","title":{"rendered":"CONDEMNEM AGRESSI\u00d3 A UN TREBALLADOR DE\u00a0L&#8217;ORGT"},"content":{"rendered":"<p class=\"wp-caption-text\"><img loading=\"lazy\" decoding=\"async\" class=\"alignnone wp-image-1853\" src=\"http:\/\/ccoo.app\/diputacio-de-barcelona\/wp-content\/blogs.dir\/6\/files\/sites\/186\/2018\/01\/logoccoov18.jpg\" alt=\"\" width=\"137\" height=\"63\" \/>\u00a0 \u00a0 \u00a0 \u00a0 \u00a0 \u00a0 \u00a0 \u00a0 \u00a0 \u00a0 \u00a0 \u00a0 \u00a0 \u00a0 \u00a0 \u00a0<a href=\"http:\/\/ccoo.app\/diputacio-de-barcelona\/wp-content\/blogs.dir\/6\/files\/sites\/186\/2019\/09\/agressio-fisica-company-manresa-orgt.pdf\"><img loading=\"lazy\" decoding=\"async\" class=\"alignnone wp-image-2113\" src=\"http:\/\/ccoo.app\/diputacio-de-barcelona\/wp-content\/blogs.dir\/6\/files\/sites\/186\/2018\/04\/22-300x172.png\" alt=\"\" width=\"134\" height=\"77\" srcset=\"https:\/\/ccoo.app\/diputacio-de-barcelona\/wp-content\/blogs.dir\/6\/files\/sites\/186\/2018\/04\/22-300x172.png 300w, https:\/\/ccoo.app\/diputacio-de-barcelona\/wp-content\/blogs.dir\/6\/files\/sites\/186\/2018\/04\/22.png 327w\" sizes=\"auto, (max-width: 134px) 100vw, 134px\" \/><\/a><\/p>\n<p style=\"text-align: center\"><strong style=\"color: #0000ff;font-family: 'arial black', sans-serif;font-size: 24px\">CONDEMNEM AGRESSI\u00d3 A UN TREBALLADOR DE\u00a0 \u00a0 \u00a0 \u00a0 L&#8217;ORGT DE DIPUTACI\u00d3 DE BARCELONA i EXIGIM SOLUCIONS<\/strong><\/p>\n<p>&nbsp;<\/p>\n<p style=\"text-align: justify\"><span style=\"color: #000000;font-family: arial, helvetica, sans-serif\">El passat 24 de setembre del 2019 un company de l\u2019Oficina de Manresa de l\u2019ORGT de la Diputaci\u00f3 de Barcelona, va ser agredit f\u00edsicament, concretament va rebre un cop de puny a la cara per part d\u2019un contribuent que venia a demanar informaci\u00f3 sobre el pagament d&#8217;un impost municipal.<\/span><\/p>\n<p style=\"text-align: justify\"><span style=\"color: #000000;font-family: arial, helvetica, sans-serif\">Des de la Secci\u00f3 Sindical de CCOO de la Diputaci\u00f3 de Barcelona <strong>condemnem en\u00e8rgicament aquesta agressi\u00f3<\/strong>, per\u00f2 com b\u00e9 sabeu tothom que\u00a0 treballeu a les \u00abtrinxeres\u00bb,\u00a0 aquest cas no \u00e9s un fet a\u00efllat a les oficines de l\u2018ORGT. Casos com aquests que inclouen insults, amenaces, intimidacions i en alguns casos agressions f\u00edsiques es repeteixen de forma constant provocant en el personal un <strong>greu perjudici f\u00edsic, mental i emocional.<\/strong><\/span><\/p>\n<p style=\"text-align: justify\"><span style=\"color: #000000;font-family: arial, helvetica, sans-serif\">\u00c9s per aix\u00f2 que CCOO, considerem que \u00e9s insostenible i degradant per al personal haver de treballar suportant aquests tipus de situacions d\u2019assetjaments i viol\u00e8ncia en el seu lloc de treball. El personal viu en una autentica desprotecci\u00f3 i fem evident que, totes exigir des de fa molts anys solucions, les mesures que fins ara s\u2019han implementat s\u00f3n clarament insuficients.<\/span><\/p>\n<p style=\"text-align: justify\"><span style=\"color: #000000;font-family: arial, helvetica, sans-serif\">El risc i la vulnerabilitat que posen de manifest episodis com aquests requereixen actuacions immediates i contundents per part de la Diputaci\u00f3 de Barcelona. Es per aix\u00f2, que hem demanat una <strong>reuni\u00f3 de car\u00e0cter urgent<\/strong> amb la Direcci\u00f3 de RH per tal d\u2019implementar al m\u00e9s aviat possible un <strong><em>Protocol d\u2019actuaci\u00f3<\/em><\/strong> que inclogui les mesures adients i necess\u00e0ries per a <strong>donar les m\u00e0ximes garanties<\/strong> de protecci\u00f3 i suport als treballadors i treballadores de l\u2019ORGT de la Diputaci\u00f3 de Barcelona.<\/span><\/p>\n<p style=\"text-align: justify\"><span style=\"color: #000000;font-family: arial, helvetica, sans-serif\">CCOO volem insistir en la import\u00e0ncia de fer \u00fas de l&#8217;opci\u00f3 <em>U33<\/em> de l&#8217;aplicatiu <em>WTP<\/em> de l&#8217;ORGT per tal de poder disposar d&#8217;un coneixement real de totes i cadascuna de les situacions de risc que patim a les oficines, per poc importants que puguin semblar, informaci\u00f3 la qual ens ajudar\u00e0 a elaborar un Protocol m\u00e9s adient amb l&#8217;especificitat de les tasques i funcions del nostre col\u00b7lectiu.<\/span><\/p>\n<p style=\"text-align: justify\"><span style=\"color: #000000;font-family: arial, helvetica, sans-serif\">Finalment recordar-vos que la secci\u00f3 sindical de CCOO, amb els seus delegats i delegades de prevenci\u00f3, quedem a la vostra disposici\u00f3. No dubteu en posar-vos en contacte amb nosaltres en cas de necessitat o dubte.<\/span><\/p>\n<p>&nbsp;<\/p>\n<p style=\"text-align: justify\"><span style=\"color: #000000;font-family: arial, helvetica, sans-serif\"><a href=\"https:\/\/diba.ccoo.cat\/wp-content\/uploads\/sites\/37\/2019\/09\/Petici%C3%B3-Reuni%C3%B3-ORGT-DSRH-Agressi%C3%B3-Manresa.pdf\"><span style=\"font-family: 'arial black', sans-serif;color: #0000ff;font-size: 20px\">Cliqueu aqu\u00ed <\/span><\/a>per veure escrit en enviat a la direcci\u00f3 de RH de diba<\/span><\/p>\n<p><span style=\"color: #000000;font-family: arial, helvetica, sans-serif\"><a href=\"https:\/\/www.ccoo.cat\/fsc\/noticia\/225543\/ccoo-denuncia-una-agressio-a-un-treballador-de-la-diputacio-de-barcelona#.XY2mT1UzaUl\"><span style=\"font-family: 'arial black', sans-serif;color: #0000ff;font-size: 20px\">Cliqueu aqu\u00ed <\/span><\/a>per veure nota de premsa de CCOO Catalunya<\/span><\/p>\n<p><span style=\"color: #000000;font-family: arial, helvetica, sans-serif\"><a href=\"https:\/\/www.regio7.cat\/fet-divers\/2019\/09\/26\/usuari-agredir-treballador-loficina-tributaria\/570037.html?utm_source=rss\"><span style=\"font-family: 'arial black', sans-serif;color: #0000ff;font-size: 20px\">Cliqueu aqu\u00ed <\/span><\/a>per veure noticia al diari <em>Regio7\u00a0 (26.09.2019 | 11:26)<\/em><\/span><\/p>\n<p><span style=\"color: #000000;font-family: arial, helvetica, sans-serif\"><a href=\"https:\/\/www.regio7.cat\/fet-divers\/2019\/09\/26\/usuari-agredir-treballador-loficina-tributaria\/570037.html?utm_source=rss\"><span style=\"font-family: 'arial black', sans-serif;color: #0000ff;font-size: 20px\">Cliqueu aqu\u00ed <\/span><\/a>per veure noticia al diari <em>Regio7\u00a0 (26.09.2019 | 23:36)<\/em><\/span><\/p>\n<p>&nbsp;<\/p>\n<p><a href=\"https:\/\/www.ccoo.cat\/aspnet\/eleccions.aspx\"><img loading=\"lazy\" decoding=\"async\" class=\"wp-image-3042 aligncenter\" src=\"http:\/\/ccoo.app\/diputacio-de-barcelona\/wp-content\/blogs.dir\/6\/files\/sites\/186\/2018\/12\/logo-revindiquem-lluitem-arribem-acords-300x56.png\" alt=\"\" width=\"514\" height=\"96\" srcset=\"https:\/\/ccoo.app\/diputacio-de-barcelona\/wp-content\/blogs.dir\/6\/files\/sites\/186\/2018\/12\/logo-revindiquem-lluitem-arribem-acords-300x56.png 300w, https:\/\/ccoo.app\/diputacio-de-barcelona\/wp-content\/blogs.dir\/6\/files\/sites\/186\/2018\/12\/logo-revindiquem-lluitem-arribem-acords-768x145.png 768w, https:\/\/ccoo.app\/diputacio-de-barcelona\/wp-content\/blogs.dir\/6\/files\/sites\/186\/2018\/12\/logo-revindiquem-lluitem-arribem-acords.png 940w\" sizes=\"auto, (max-width: 514px) 100vw, 514px\" \/><\/a><\/p>\n<p><a href=\"https:\/\/www.ccoo.cat\/aspnet\/eleccions.aspx\"><img loading=\"lazy\" decoding=\"async\" class=\" wp-image-3428 aligncenter\" src=\"http:\/\/ccoo.app\/diputacio-de-barcelona\/wp-content\/blogs.dir\/6\/files\/sites\/186\/2019\/02\/ddddddddddddddddddddddddd-300x115.png\" alt=\"\" width=\"459\" height=\"176\" srcset=\"https:\/\/ccoo.app\/diputacio-de-barcelona\/wp-content\/blogs.dir\/6\/files\/sites\/186\/2019\/02\/ddddddddddddddddddddddddd-300x115.png 300w, https:\/\/ccoo.app\/diputacio-de-barcelona\/wp-content\/blogs.dir\/6\/files\/sites\/186\/2019\/02\/ddddddddddddddddddddddddd.png 611w\" sizes=\"auto, (max-width: 459px) 100vw, 459px\" \/><\/a><\/p>\n<p><a href=\"https:\/\/www.ccoo.es\/noticia:391405\"><img loading=\"lazy\" decoding=\"async\" class=\" wp-image-4484 aligncenter\" src=\"http:\/\/ccoo.app\/diputacio-de-barcelona\/wp-content\/blogs.dir\/6\/files\/sites\/186\/2019\/07\/primer-sindcat-despanya-300x89.png\" alt=\"\" width=\"435\" height=\"129\" srcset=\"https:\/\/ccoo.app\/diputacio-de-barcelona\/wp-content\/blogs.dir\/6\/files\/sites\/186\/2019\/07\/primer-sindcat-despanya-300x89.png 300w, https:\/\/ccoo.app\/diputacio-de-barcelona\/wp-content\/blogs.dir\/6\/files\/sites\/186\/2019\/07\/primer-sindcat-despanya.png 568w\" sizes=\"auto, (max-width: 435px) 100vw, 435px\" \/><\/a><\/p>\n<p>&nbsp;<\/p>\n<p><a href=\"https:\/\/diba.ccoo.cat\/tambe-a-la-diputacio-no-es-no\/\"><img loading=\"lazy\" decoding=\"async\" class=\"wp-image-3043 aligncenter\" src=\"http:\/\/ccoo.app\/diputacio-de-barcelona\/wp-content\/blogs.dir\/6\/files\/sites\/186\/2018\/12\/ffffffffffffffffffff-1-300x108.png\" alt=\"\" width=\"175\" height=\"63\" srcset=\"https:\/\/ccoo.app\/diputacio-de-barcelona\/wp-content\/blogs.dir\/6\/files\/sites\/186\/2018\/12\/ffffffffffffffffffff-1-300x108.png 300w, https:\/\/ccoo.app\/diputacio-de-barcelona\/wp-content\/blogs.dir\/6\/files\/sites\/186\/2018\/12\/ffffffffffffffffffff-1.png 686w\" sizes=\"auto, (max-width: 175px) 100vw, 175px\" \/><\/a><\/p>\n<p><a href=\"https:\/\/diba.ccoo.cat\/afiliat-al-sindicat-amb-mes-afiliacio-i-representacio-a-la-diputacio-de-barcelona\/\"><img loading=\"lazy\" decoding=\"async\" class=\"alignnone size-medium wp-image-2346\" src=\"http:\/\/ccoo.app\/diputacio-de-barcelona\/wp-content\/blogs.dir\/6\/files\/sites\/186\/2016\/05\/asasas-300x142-1-300x142.png\" alt=\"\" width=\"300\" height=\"142\" \/><\/a><\/p>\n<p>&nbsp;<\/p>\n<p style=\"text-align: center\"><span style=\"font-family: 'arial black', sans-serif;font-size: 24px;color: #0000ff\"><strong>Horari d\u2019atenci\u00f3 CCOO DIBA:<\/strong><\/span><\/p>\n<p style=\"text-align: center\"><span style=\"color: #000000\"><strong>CARRER MALLORCA, 244, 2on 3a<\/strong><\/span><\/p>\n<p style=\"text-align: center\"><span style=\"color: #000000\"><strong>DE DILLUNS A DIVENDRES DE 8:30 A 16:30\u00a0\u00a0\u00a0<\/strong><strong>(FORA D\u2019AQUEST HORARI, AMB CITA PR\u00c8VIA)<\/strong><\/span><\/p>\n<p style=\"text-align: center\"><span style=\"color: #000000\"><strong>\u00a0<\/strong><\/span><strong><small><span style=\"color: #000000\">Contacta\u2019ns per tel\u00e8fon al 934 022 985 o correu:<\/span><span style=\"font-size: 14px;color: #0000ff\">\u00a0<a style=\"color: #0000ff\" href=\"mailto:ccoo@diba.cat\">ccoo@diba.cat<\/a><\/span><\/small><\/strong><\/p>\n<p>&nbsp;<\/p>\n<p style=\"text-align: center\"><span style=\"color: #000000\"><strong>TOTS ELS DIMECRES (DE 9 A 14H) AL LOCAL SINDICAL DE CCOO<\/strong><\/span><\/p>\n<p style=\"text-align: center\"><span style=\"color: #000000\"><strong>\u00a0<\/strong><strong>RECINTE DE LA MATERNITAT (PAVELL\u00d3 MESTRAL)<\/strong><\/span><\/p>\n<p style=\"text-align: center\"><span style=\"color: #000000\"><strong>\u00a0<\/strong><strong>PLANTA SOTERRANI<u>.\u00a0<\/u><\/strong><strong><u>\u00a0<\/u><\/strong><strong><u>93 402 22 22 \u00a0EXT 38786<\/u><\/strong><\/span><\/p>\n<p style=\"text-align: center\"><a href=\"mailto:orgt.ssccoo@diba.cat\">orgt.ssccoo@diba.cat<\/a><\/p>\n<p>&nbsp;<\/p>\n<p><a href=\"https:\/\/diba.ccoo.cat\/\"><img loading=\"lazy\" decoding=\"async\" class=\"wp-image-3263 alignleft\" src=\"http:\/\/ccoo.app\/diputacio-de-barcelona\/wp-content\/blogs.dir\/6\/files\/sites\/186\/2019\/01\/rrrrrrrrrrrrrrrrrrrrr-287x300.png\" alt=\"\" width=\"189\" height=\"198\" srcset=\"https:\/\/ccoo.app\/diputacio-de-barcelona\/wp-content\/blogs.dir\/6\/files\/sites\/186\/2019\/01\/rrrrrrrrrrrrrrrrrrrrr-287x300.png 287w, https:\/\/ccoo.app\/diputacio-de-barcelona\/wp-content\/blogs.dir\/6\/files\/sites\/186\/2019\/01\/rrrrrrrrrrrrrrrrrrrrr.png 550w\" sizes=\"auto, (max-width: 189px) 100vw, 189px\" \/><\/a><\/p>\n<p>&nbsp;<\/p>\n<p><img loading=\"lazy\" decoding=\"async\" class=\"alignnone size-medium wp-image-3266\" src=\"http:\/\/ccoo.app\/diputacio-de-barcelona\/wp-content\/blogs.dir\/6\/files\/sites\/186\/2019\/01\/yyyyyyyyyyyyyyyyyyyyyyyy-300x57.png\" alt=\"\" width=\"300\" height=\"57\" srcset=\"https:\/\/ccoo.app\/diputacio-de-barcelona\/wp-content\/blogs.dir\/6\/files\/sites\/186\/2019\/01\/yyyyyyyyyyyyyyyyyyyyyyyy-300x57.png 300w, https:\/\/ccoo.app\/diputacio-de-barcelona\/wp-content\/blogs.dir\/6\/files\/sites\/186\/2019\/01\/yyyyyyyyyyyyyyyyyyyyyyyy.png 578w\" sizes=\"auto, (max-width: 300px) 100vw, 300px\" \/><\/p>\n<p><img loading=\"lazy\" decoding=\"async\" class=\"alignleft\" src=\"https:\/\/www.educapeques.com\/wp-content\/uploads\/2016\/04\/descargar-whatsapp.png\" alt=\"Resultado de imagen de whatsapp\" width=\"64\" height=\"50\" \/><a href=\"https:\/\/www.facebook.com\/CcooDiputacioDeBarcelona\/\"><img loading=\"lazy\" decoding=\"async\" class=\"alignleft\" src=\"https:\/\/upload.wikimedia.org\/wikipedia\/commons\/thumb\/7\/7c\/Facebook_New_Logo_%282015%29.svg\/2000px-Facebook_New_Logo_%282015%29.svg.png\" alt=\"Resultado de imagen de facebook\" width=\"122\" height=\"46\" \/><\/a>\u00a0<a href=\"https:\/\/twitter.com\/CCOODiba\"><img loading=\"lazy\" decoding=\"async\" class=\"alignnone wp-image-3432\" src=\"http:\/\/ccoo.app\/diputacio-de-barcelona\/wp-content\/blogs.dir\/6\/files\/sites\/186\/2019\/02\/ggggggggggggggggggggggggggg-300x142.jpg\" alt=\"\" width=\"116\" height=\"55\" srcset=\"https:\/\/ccoo.app\/diputacio-de-barcelona\/wp-content\/blogs.dir\/6\/files\/sites\/186\/2019\/02\/ggggggggggggggggggggggggggg-300x142.jpg 300w, https:\/\/ccoo.app\/diputacio-de-barcelona\/wp-content\/blogs.dir\/6\/files\/sites\/186\/2019\/02\/ggggggggggggggggggggggggggg-1024x485.jpg 1024w, https:\/\/ccoo.app\/diputacio-de-barcelona\/wp-content\/blogs.dir\/6\/files\/sites\/186\/2019\/02\/ggggggggggggggggggggggggggg-768x364.jpg 768w, https:\/\/ccoo.app\/diputacio-de-barcelona\/wp-content\/blogs.dir\/6\/files\/sites\/186\/2019\/02\/ggggggggggggggggggggggggggg.jpg 1536w\" sizes=\"auto, (max-width: 116px) 100vw, 116px\" \/><\/a>\u00a0\u00a0\u00a0<a href=\"https:\/\/www.youtube.com\/channel\/UCFzenkS75udEcs4pB4qoZsg\"><img loading=\"lazy\" decoding=\"async\" class=\"alignleft\" src=\"https:\/\/i.kinja-img.com\/gawker-media\/image\/upload\/s--heVex4FV--\/c_scale,fl_progressive,q_80,w_800\/pol5zfmalpqmpt1jcnbp.png\" alt=\"Resultado de imagen de youtube\" width=\"117\" height=\"50\" \/><\/a><\/p>\n<p>&nbsp;<\/p>\n<p><a href=\"https:\/\/www.youtube.com\/watch?v=b7Qj7y8VlNs\"><img loading=\"lazy\" decoding=\"async\" class=\"size-medium wp-image-4464 aligncenter\" src=\"http:\/\/ccoo.app\/diputacio-de-barcelona\/wp-content\/blogs.dir\/6\/files\/sites\/186\/2019\/07\/app-300x189.png\" alt=\"\" width=\"300\" height=\"189\" srcset=\"https:\/\/ccoo.app\/diputacio-de-barcelona\/wp-content\/blogs.dir\/6\/files\/sites\/186\/2019\/07\/app-300x189.png 300w, https:\/\/ccoo.app\/diputacio-de-barcelona\/wp-content\/blogs.dir\/6\/files\/sites\/186\/2019\/07\/app.png 576w\" sizes=\"auto, (max-width: 300px) 100vw, 300px\" \/><\/a>    \t<\/p>\n","protected":false},"excerpt":{"rendered":"<p>\u00a0 \u00a0 \u00a0 \u00a0 \u00a0 \u00a0 \u00a0 \u00a0 \u00a0 \u00a0 \u00a0 \u00a0 \u00a0 \u00a0 \u00a0 \u00a0 CONDEMNEM AGRESSI\u00d3 A UN TREBALLADOR DE\u00a0 \u00a0 \u00a0 \u00a0 L&#8217;ORGT DE DIPUTACI\u00d3 DE BARCELONA &#8230; <\/p>\n<p class=\"read-more-container\"><a title=\"CONDEMNEM AGRESSI\u00d3 A UN TREBALLADOR DE\u00a0L&#8217;ORGT\" class=\"read-more button\" href=\"https:\/\/ccoo.app\/diputacio-de-barcelona\/demanem-acces-al-portal-de-la-intradiba-2\/#more-4593\" aria-label=\"Leer m\u00e1s sobre CONDEMNEM AGRESSI\u00d3 A UN TREBALLADOR DE\u00a0L&#8217;ORGT\">Continuar llegint<\/a><\/p>\n","protected":false},"author":4519,"featured_media":4455,"comment_status":"closed","ping_status":"closed","sticky":false,"template":"","format":"standard","meta":{"footnotes":""},"categories":[19,29,35],"tags":[148],"class_list":["post-4593","post","type-post","status-publish","format-standard","has-post-thumbnail","hentry","category-comunicats","category-orgt-2","category-salut-laboral","tag-mesa-general-negociacio","generate-columns","tablet-grid-50","mobile-grid-100","grid-parent","grid-50"],"_links":{"self":[{"href":"https:\/\/ccoo.app\/diputacio-de-barcelona\/wp-json\/wp\/v2\/posts\/4593","targetHints":{"allow":["GET"]}}],"collection":[{"href":"https:\/\/ccoo.app\/diputacio-de-barcelona\/wp-json\/wp\/v2\/posts"}],"about":[{"href":"https:\/\/ccoo.app\/diputacio-de-barcelona\/wp-json\/wp\/v2\/types\/post"}],"author":[{"embeddable":true,"href":"https:\/\/ccoo.app\/diputacio-de-barcelona\/wp-json\/wp\/v2\/users\/4519"}],"replies":[{"embeddable":true,"href":"https:\/\/ccoo.app\/diputacio-de-barcelona\/wp-json\/wp\/v2\/comments?post=4593"}],"version-history":[{"count":1,"href":"https:\/\/ccoo.app\/diputacio-de-barcelona\/wp-json\/wp\/v2\/posts\/4593\/revisions"}],"predecessor-version":[{"id":51938,"href":"https:\/\/ccoo.app\/diputacio-de-barcelona\/wp-json\/wp\/v2\/posts\/4593\/revisions\/51938"}],"wp:featuredmedia":[{"embeddable":true,"href":"https:\/\/ccoo.app\/diputacio-de-barcelona\/wp-json\/wp\/v2\/media\/4455"}],"wp:attachment":[{"href":"https:\/\/ccoo.app\/diputacio-de-barcelona\/wp-json\/wp\/v2\/media?parent=4593"}],"wp:term":[{"taxonomy":"category","embeddable":true,"href":"https:\/\/ccoo.app\/diputacio-de-barcelona\/wp-json\/wp\/v2\/categories?post=4593"},{"taxonomy":"post_tag","embeddable":true,"href":"https:\/\/ccoo.app\/diputacio-de-barcelona\/wp-json\/wp\/v2\/tags?post=4593"}],"curies":[{"name":"wp","href":"https:\/\/api.w.org\/{rel}","templated":true}]}}