{"id":4473,"date":"2019-07-11T14:31:59","date_gmt":"2019-07-11T13:31:59","guid":{"rendered":"https:\/\/diba.ccoo.cat\/?p=4473"},"modified":"2023-02-22T18:58:34","modified_gmt":"2023-02-22T17:58:34","slug":"ccoo-demanem-reunio-amb-la-nova-presidenta","status":"publish","type":"post","link":"https:\/\/ccoo.app\/diputacio-de-barcelona\/ccoo-demanem-reunio-amb-la-nova-presidenta\/","title":{"rendered":"CONSTITUCI\u00d3 DE LA NOVA CORPORACI\u00d3. CCOO DEMANEM REUNI\u00d3 AMB LA NOVA PRESIDENTA I LI LLIUREM UN DOCUMENT AMB M\u00c9S DE 23 PROPOSTES SINDICALS PEL NOU MANDAT."},"content":{"rendered":"<p class=\"wp-caption-text\"><img loading=\"lazy\" decoding=\"async\" class=\"alignnone wp-image-1853\" src=\"http:\/\/ccoo.app\/diputacio-de-barcelona\/wp-content\/blogs.dir\/6\/files\/sites\/186\/2018\/01\/logoccoov18.jpg\" alt=\"\" width=\"137\" height=\"63\" \/>\u00a0 \u00a0 \u00a0 \u00a0 \u00a0 \u00a0 \u00a0 \u00a0 \u00a0 \u00a0 \u00a0 \u00a0 \u00a0 \u00a0 <a href=\"https:\/\/diba.ccoo.cat\/wp-content\/uploads\/sites\/37\/2019\/07\/COMUNICAT-Ple-de-constituci%C3%B3-de-la-nova-corporaci%C3%B3.pdf\"><img loading=\"lazy\" decoding=\"async\" class=\"\" src=\"http:\/\/ccoo.app\/diputacio-de-barcelona\/wp-content\/blogs.dir\/6\/files\/sites\/186\/2018\/04\/22-300x172.png\" width=\"148\" height=\"85\" \/><\/a><\/p>\n<p style=\"text-align: justify\"><span style=\"font-family: 'arial black', sans-serif;color: #0000ff;font-size: 20px\">CONSTITUCI\u00d3 DE LA NOVA CORPORACI\u00d3. CCOO DEMANEM REUNI\u00d3 AMB LA NOVA PRESIDENTA I LI LLIUREM UN DOCUMENT AMB M\u00c9S DE 23 PROPOSTES SINDICALS PEL NOU MANDAT.<\/span><\/p>\n<p style=\"text-align: justify\"><span style=\"font-family: arial, helvetica, sans-serif;color: #000000\">Finalitzat el Ple de constituci\u00f3 de la nova corporaci\u00f3, CCOO a la Diputaci\u00f3 de Barcelona hem demanat una reuni\u00f3 amb la nova presidenta de la Diputaci\u00f3. \u00a0\u00a0\u00a0A m\u00e9s, li hem lliurat el document de 60 p\u00e0gines \u201c<em>PROPOSTA SINDICAL DE CCOO PER A LA MILLORA DE LES CONDICIONS DE TREBALL DEL PERSONAL DE LA DIPUTACI\u00d3. MANDAT 2019-2023\u201d<\/em> amb m\u00e9s de 23 propostes sindicals (<a href=\"http:\/\/ccoo.app\/diputacio-de-barcelona\/wp-content\/blogs.dir\/6\/files\/sites\/186\/2019\/07\/swcs798_ma2c_2797_001.pdf\"><span style=\"color: #0000ff;font-family: 'arial black', sans-serif\">Cliqueu aqu\u00ed<\/span><\/a> per veure document).<a href=\"http:\/\/ccoo.app\/diputacio-de-barcelona\/wp-content\/blogs.dir\/6\/files\/sites\/186\/2019\/07\/23-propostes-de-ccoo.png\"><img loading=\"lazy\" decoding=\"async\" class=\"size-full wp-image-4474 alignleft\" src=\"http:\/\/ccoo.app\/diputacio-de-barcelona\/wp-content\/blogs.dir\/6\/files\/sites\/186\/2019\/07\/23-propostes-de-ccoo.png\" alt=\"\" width=\"112\" height=\"155\" \/><\/a><\/span><\/p>\n<p style=\"text-align: justify\"><span style=\"font-family: arial, helvetica, sans-serif;color: #000000\">Document que inclou reivindicacions que afecten a tota la plantilla i d\u2019altres nom\u00e9s a col\u00b7lectius concrets (XBM, RESPIR, ORGT, Xofers, Infermeria, Protocol, Seguretat, Parcs, etc).<\/span><\/p>\n<p style=\"text-align: justify\"><span style=\"font-family: arial, helvetica, sans-serif;color: #000000\"><strong>\u00a0<\/strong><\/span><\/p>\n<p style=\"text-align: justify\"><span style=\"font-family: arial, helvetica, sans-serif;color: #000000\">Amb aquest document, li fem saber que \u00e9s important que s\u2019activi el m\u00e9s aviat possible una nova <strong>CARRERA PROFESSIONAL<\/strong> horitzontal, que es treballi per a minvar la bretxa econ\u00f2mica entre els llocs bases i els de comandament respecte a la <strong>PRODUCTIVITAT MENSUAL<\/strong> i que es negoci\u00ef l\u2019<strong>OFERTA P\u00daBLICA D\u2019OCUPACI\u00d3<\/strong> donant garanties de continu\u00eftat al personal inter\u00ed diba.<\/span><\/p>\n<p style=\"text-align: justify\"><span style=\"font-family: arial, helvetica, sans-serif;color: #000000\">Tamb\u00e9, que la Diputaci\u00f3 es doti d\u2019un <strong>REGLAMENT QUE REGULI AMB TRANSPAR\u00c8NCIA LES M\u00c9S DE 100 BORSES DE TREBALL <\/strong>donant garanties de crida d\u2019acord amb l\u2019ordre de prelaci\u00f3. \u00c9s necessari que es facin <strong>VALORACIONS DE LLOCS DE TREBALL<\/strong> actualitzades tenint en compte per exemple l\u2019adequaci\u00f3 tecnol\u00f2gica i assegurant que les remuneracions del personal coincideixen amb les funcions reals que fan.<\/span><\/p>\n<p style=\"text-align: justify\"><span style=\"font-family: arial, helvetica, sans-serif;color: #000000\">El document inclou a m\u00e9s mesures concretes relacionades amb la <strong>PROMOCI\u00d3 INTERNA VERTICAL, <\/strong>drets del<strong> PERSONAL INTER\u00cd,<\/strong> <strong>IGUALTAT DE G\u00c8NERE<\/strong>, <strong>CONCILIACI\u00d3, JUBILACI\u00d3<\/strong>, <strong>TELETREBALL, INCREMENTS RETRIBUTIUS, MOBILITAT, SUBSTITUCIONS, FORMACI\u00d3, SALUT LABORAL, RESPONSABILITAT SOCIAL <\/strong>i drets<strong> LGTBI, <\/strong>entre d\u2019altres.<\/span><\/p>\n<p style=\"text-align: justify\"><span style=\"font-family: arial, helvetica, sans-serif;color: #000000\"><strong>\u00a0<\/strong><\/span><\/p>\n<p><img loading=\"lazy\" decoding=\"async\" class=\"size-medium wp-image-4476 aligncenter\" src=\"http:\/\/ccoo.app\/diputacio-de-barcelona\/wp-content\/blogs.dir\/6\/files\/sites\/186\/2019\/07\/23-propostes-de-ccoo-foto-240x300.png\" alt=\"\" width=\"240\" height=\"300\" srcset=\"https:\/\/ccoo.app\/diputacio-de-barcelona\/wp-content\/blogs.dir\/6\/files\/sites\/186\/2019\/07\/23-propostes-de-ccoo-foto-240x300.png 240w, https:\/\/ccoo.app\/diputacio-de-barcelona\/wp-content\/blogs.dir\/6\/files\/sites\/186\/2019\/07\/23-propostes-de-ccoo-foto.png 475w\" sizes=\"auto, (max-width: 240px) 100vw, 240px\" \/><\/p>\n<p>&nbsp;<\/p>\n<p style=\"text-align: justify\"><span style=\"font-family: arial, helvetica, sans-serif;color: #000000\"><em>Comissions Obreres<\/em> tenim el convenciment que es absolutament necessari <strong>canviar les din\u00e0miques de negociaci\u00f3<\/strong> viscudes fins ara. Pensem que les relacions laborals han d\u2019estar basades en la bona fe negocial, la confian\u00e7a m\u00fatua i la voluntat de treballar plegats en busca d\u2019acords i consensos en benefici del personal corporatiu i afavorint aix\u00ed la qualitat del servei que prestem.<\/span><\/p>\n<p style=\"text-align: justify\"><span style=\"font-family: arial, helvetica, sans-serif;color: #000000\">\u00c9s imprescindible donar garanties que <strong>qui representa la Diputaci\u00f3<\/strong> a la Mesa General de Negociaci\u00f3 <strong>ho faci amb tota l\u2019autoritat i capacitat negociadora<\/strong>. Si no \u00e9s aix\u00ed, nom\u00e9s es generaran malentesos i conflictes com ha passat durant el mandat anterior.<\/span><\/p>\n<p style=\"text-align: justify\"><span style=\"font-family: arial, helvetica, sans-serif;color: #000000\">Quedem doncs pendents de la resposta a la nostra petici\u00f3 de reuni\u00f3.<\/span><\/p>\n<p>&nbsp;<\/p>\n<p style=\"text-align: justify\"><span style=\"font-family: arial, helvetica, sans-serif;color: #000000\">Li desitgem a la nova presidenta Nuria Mar\u00edn sort i encerts. Per suposat, tamb\u00e9 i molt important, en mat\u00e8ria de personal.<\/span><\/p>\n<p>&nbsp;<\/p>\n<p><a href=\"https:\/\/www.ccoo.cat\/aspnet\/eleccions.aspx\"><img loading=\"lazy\" decoding=\"async\" class=\"wp-image-3042 aligncenter\" src=\"http:\/\/ccoo.app\/diputacio-de-barcelona\/wp-content\/blogs.dir\/6\/files\/sites\/186\/2018\/12\/logo-revindiquem-lluitem-arribem-acords-300x56.png\" alt=\"\" width=\"514\" height=\"96\" srcset=\"https:\/\/ccoo.app\/diputacio-de-barcelona\/wp-content\/blogs.dir\/6\/files\/sites\/186\/2018\/12\/logo-revindiquem-lluitem-arribem-acords-300x56.png 300w, https:\/\/ccoo.app\/diputacio-de-barcelona\/wp-content\/blogs.dir\/6\/files\/sites\/186\/2018\/12\/logo-revindiquem-lluitem-arribem-acords-768x145.png 768w, https:\/\/ccoo.app\/diputacio-de-barcelona\/wp-content\/blogs.dir\/6\/files\/sites\/186\/2018\/12\/logo-revindiquem-lluitem-arribem-acords.png 940w\" sizes=\"auto, (max-width: 514px) 100vw, 514px\" \/><\/a><\/p>\n<p><a href=\"https:\/\/www.ccoo.cat\/aspnet\/eleccions.aspx\"><img loading=\"lazy\" decoding=\"async\" class=\" wp-image-3428 aligncenter\" src=\"http:\/\/ccoo.app\/diputacio-de-barcelona\/wp-content\/blogs.dir\/6\/files\/sites\/186\/2019\/02\/ddddddddddddddddddddddddd-300x115.png\" alt=\"\" width=\"459\" height=\"176\" srcset=\"https:\/\/ccoo.app\/diputacio-de-barcelona\/wp-content\/blogs.dir\/6\/files\/sites\/186\/2019\/02\/ddddddddddddddddddddddddd-300x115.png 300w, https:\/\/ccoo.app\/diputacio-de-barcelona\/wp-content\/blogs.dir\/6\/files\/sites\/186\/2019\/02\/ddddddddddddddddddddddddd.png 611w\" sizes=\"auto, (max-width: 459px) 100vw, 459px\" \/><\/a><\/p>\n<p><a href=\"https:\/\/www.ccoo.es\/noticia:391405\"><img loading=\"lazy\" decoding=\"async\" class=\" wp-image-4484 aligncenter\" src=\"http:\/\/ccoo.app\/diputacio-de-barcelona\/wp-content\/blogs.dir\/6\/files\/sites\/186\/2019\/07\/primer-sindcat-despanya-300x89.png\" alt=\"\" width=\"435\" height=\"129\" srcset=\"https:\/\/ccoo.app\/diputacio-de-barcelona\/wp-content\/blogs.dir\/6\/files\/sites\/186\/2019\/07\/primer-sindcat-despanya-300x89.png 300w, https:\/\/ccoo.app\/diputacio-de-barcelona\/wp-content\/blogs.dir\/6\/files\/sites\/186\/2019\/07\/primer-sindcat-despanya.png 568w\" sizes=\"auto, (max-width: 435px) 100vw, 435px\" \/><\/a><\/p>\n<p>&nbsp;<\/p>\n<p><a href=\"https:\/\/diba.ccoo.cat\/tambe-a-la-diputacio-no-es-no\/\"><img loading=\"lazy\" decoding=\"async\" class=\"wp-image-3043 aligncenter\" src=\"http:\/\/ccoo.app\/diputacio-de-barcelona\/wp-content\/blogs.dir\/6\/files\/sites\/186\/2018\/12\/ffffffffffffffffffff-1-300x108.png\" alt=\"\" width=\"175\" height=\"63\" srcset=\"https:\/\/ccoo.app\/diputacio-de-barcelona\/wp-content\/blogs.dir\/6\/files\/sites\/186\/2018\/12\/ffffffffffffffffffff-1-300x108.png 300w, https:\/\/ccoo.app\/diputacio-de-barcelona\/wp-content\/blogs.dir\/6\/files\/sites\/186\/2018\/12\/ffffffffffffffffffff-1.png 686w\" sizes=\"auto, (max-width: 175px) 100vw, 175px\" \/><\/a><\/p>\n<p><a href=\"https:\/\/diba.ccoo.cat\/afiliat-al-sindicat-amb-mes-afiliacio-i-representacio-a-la-diputacio-de-barcelona\/\"><img loading=\"lazy\" decoding=\"async\" class=\"alignnone size-medium wp-image-2346\" src=\"http:\/\/ccoo.app\/diputacio-de-barcelona\/wp-content\/blogs.dir\/6\/files\/sites\/186\/2016\/05\/asasas-300x142-1-300x142.png\" alt=\"\" width=\"300\" height=\"142\" \/><\/a><\/p>\n<p>&nbsp;<\/p>\n<p style=\"text-align: center\"><span style=\"text-decoration: underline;color: #ff0000;font-size: 24px\"><span style=\"font-family: 'arial black', sans-serif\"><strong>Horari d\u2019atenci\u00f3 CCOO DIBA:<\/strong><\/span><\/span><\/p>\n<p>&nbsp;<\/p>\n<p style=\"text-align: center\"><span style=\"font-family: 'arial black', sans-serif;color: #000000\"><strong>CARRER MALLORCA, 244, 2on 3a<\/strong><\/span><\/p>\n<p style=\"text-align: center\"><span style=\"font-family: 'arial black', sans-serif;color: #000000\"><strong>DE DILLUNS A DIVENDRES DE 8:30 A 16:30\u00a0\u00a0\u00a0<\/strong><strong>(FORA D\u2019AQUEST HORARI, AMB CITA PR\u00c8VIA)<\/strong><\/span><\/p>\n<p style=\"text-align: center\"><span style=\"font-family: 'arial black', sans-serif;color: #000000\"><strong>\u00a0<\/strong><strong><small>Contacta\u2019ns per tel\u00e8fon al 934 022 985 o correu:\u00a0<span style=\"color: #0000ff\"><a style=\"color: #0000ff\" href=\"mailto:ccoo@diba.cat\">ccoo@diba.cat<\/a><\/span><\/small><\/strong><\/span><\/p>\n<p>&nbsp;<\/p>\n<p style=\"text-align: center\"><span style=\"font-family: 'arial black', sans-serif;color: #000000\"><strong>TOTS ELS DIMECRES (DE 9 A 14H) AL LOCAL SINDICAL DE CCOO<\/strong><\/span><\/p>\n<p style=\"text-align: center\"><span style=\"font-family: 'arial black', sans-serif;color: #000000\"><strong>\u00a0<\/strong><strong>RECINTE DE LA MATERNITAT (PAVELL\u00d3 MESTRAL)<\/strong><\/span><\/p>\n<p style=\"text-align: center\"><span style=\"font-family: 'arial black', sans-serif;color: #000000\"><strong>\u00a0<\/strong><strong>PLANTA SOTERRANI<u>.\u00a0<\/u><\/strong><strong><u>\u00a0<\/u><\/strong><strong><u>93 402 22 22 \u00a0EXT 38786<\/u><\/strong><\/span><\/p>\n<p style=\"text-align: center\"><span style=\"font-family: 'arial black', sans-serif;color: #0000ff\"><a style=\"color: #0000ff\" href=\"mailto:orgt.ssccoo@diba.cat\">orgt.ssccoo@diba.cat<\/a><\/span><\/p>\n<p>&nbsp;<\/p>\n<p><a href=\"https:\/\/diba.ccoo.cat\/\"><img loading=\"lazy\" decoding=\"async\" class=\"wp-image-3263 alignleft\" src=\"http:\/\/ccoo.app\/diputacio-de-barcelona\/wp-content\/blogs.dir\/6\/files\/sites\/186\/2019\/01\/rrrrrrrrrrrrrrrrrrrrr-287x300.png\" alt=\"\" width=\"189\" height=\"198\" srcset=\"https:\/\/ccoo.app\/diputacio-de-barcelona\/wp-content\/blogs.dir\/6\/files\/sites\/186\/2019\/01\/rrrrrrrrrrrrrrrrrrrrr-287x300.png 287w, https:\/\/ccoo.app\/diputacio-de-barcelona\/wp-content\/blogs.dir\/6\/files\/sites\/186\/2019\/01\/rrrrrrrrrrrrrrrrrrrrr.png 550w\" sizes=\"auto, (max-width: 189px) 100vw, 189px\" \/><\/a><\/p>\n<p>&nbsp;<\/p>\n<p><img loading=\"lazy\" decoding=\"async\" class=\"alignnone size-medium wp-image-3266\" src=\"http:\/\/ccoo.app\/diputacio-de-barcelona\/wp-content\/blogs.dir\/6\/files\/sites\/186\/2019\/01\/yyyyyyyyyyyyyyyyyyyyyyyy-300x57.png\" alt=\"\" width=\"300\" height=\"57\" srcset=\"https:\/\/ccoo.app\/diputacio-de-barcelona\/wp-content\/blogs.dir\/6\/files\/sites\/186\/2019\/01\/yyyyyyyyyyyyyyyyyyyyyyyy-300x57.png 300w, https:\/\/ccoo.app\/diputacio-de-barcelona\/wp-content\/blogs.dir\/6\/files\/sites\/186\/2019\/01\/yyyyyyyyyyyyyyyyyyyyyyyy.png 578w\" sizes=\"auto, (max-width: 300px) 100vw, 300px\" \/><\/p>\n<p><img loading=\"lazy\" decoding=\"async\" class=\"alignleft\" src=\"https:\/\/www.educapeques.com\/wp-content\/uploads\/2016\/04\/descargar-whatsapp.png\" alt=\"Resultado de imagen de whatsapp\" width=\"64\" height=\"50\" \/><a href=\"https:\/\/www.facebook.com\/CcooDiputacioDeBarcelona\/\"><img loading=\"lazy\" decoding=\"async\" class=\"alignleft\" src=\"https:\/\/upload.wikimedia.org\/wikipedia\/commons\/thumb\/7\/7c\/Facebook_New_Logo_%282015%29.svg\/2000px-Facebook_New_Logo_%282015%29.svg.png\" alt=\"Resultado de imagen de facebook\" width=\"122\" height=\"46\" \/><\/a>\u00a0<a href=\"https:\/\/twitter.com\/CCOODiba\"><img loading=\"lazy\" decoding=\"async\" class=\"alignnone wp-image-3432\" src=\"http:\/\/ccoo.app\/diputacio-de-barcelona\/wp-content\/blogs.dir\/6\/files\/sites\/186\/2019\/02\/ggggggggggggggggggggggggggg-300x142.jpg\" alt=\"\" width=\"116\" height=\"55\" srcset=\"https:\/\/ccoo.app\/diputacio-de-barcelona\/wp-content\/blogs.dir\/6\/files\/sites\/186\/2019\/02\/ggggggggggggggggggggggggggg-300x142.jpg 300w, https:\/\/ccoo.app\/diputacio-de-barcelona\/wp-content\/blogs.dir\/6\/files\/sites\/186\/2019\/02\/ggggggggggggggggggggggggggg-1024x485.jpg 1024w, https:\/\/ccoo.app\/diputacio-de-barcelona\/wp-content\/blogs.dir\/6\/files\/sites\/186\/2019\/02\/ggggggggggggggggggggggggggg-768x364.jpg 768w, https:\/\/ccoo.app\/diputacio-de-barcelona\/wp-content\/blogs.dir\/6\/files\/sites\/186\/2019\/02\/ggggggggggggggggggggggggggg.jpg 1536w\" sizes=\"auto, (max-width: 116px) 100vw, 116px\" \/><\/a>\u00a0\u00a0\u00a0<a href=\"https:\/\/www.youtube.com\/channel\/UCFzenkS75udEcs4pB4qoZsg\"><img loading=\"lazy\" decoding=\"async\" class=\"alignleft\" src=\"https:\/\/i.kinja-img.com\/gawker-media\/image\/upload\/s--heVex4FV--\/c_scale,fl_progressive,q_80,w_800\/pol5zfmalpqmpt1jcnbp.png\" alt=\"Resultado de imagen de youtube\" width=\"117\" height=\"50\" \/><\/a><\/p>\n<p>&nbsp;<\/p>\n<p><a href=\"https:\/\/www.youtube.com\/watch?v=b7Qj7y8VlNs\"><img loading=\"lazy\" decoding=\"async\" class=\"size-medium wp-image-4464 aligncenter\" src=\"http:\/\/ccoo.app\/diputacio-de-barcelona\/wp-content\/blogs.dir\/6\/files\/sites\/186\/2019\/07\/app-300x189.png\" alt=\"\" width=\"300\" height=\"189\" srcset=\"https:\/\/ccoo.app\/diputacio-de-barcelona\/wp-content\/blogs.dir\/6\/files\/sites\/186\/2019\/07\/app-300x189.png 300w, https:\/\/ccoo.app\/diputacio-de-barcelona\/wp-content\/blogs.dir\/6\/files\/sites\/186\/2019\/07\/app.png 576w\" sizes=\"auto, (max-width: 300px) 100vw, 300px\" \/><\/a><\/p>\n<p>&nbsp;<\/p>\n<p>&nbsp;<\/p>\n<p>&nbsp;<\/p>\n<p>&nbsp;<\/p>\n<p>&nbsp;<\/p>\n<p>&nbsp;<\/p>\n<p>&nbsp;<\/p>\n<p>&nbsp;<\/p>\n<p>&nbsp;<\/p>\n<p>&nbsp;<\/p>\n<p>&nbsp;<\/p>\n<p>&nbsp;    \t<\/p>\n","protected":false},"excerpt":{"rendered":"<p>\u00a0 \u00a0 \u00a0 \u00a0 \u00a0 \u00a0 \u00a0 \u00a0 \u00a0 \u00a0 \u00a0 \u00a0 \u00a0 \u00a0 CONSTITUCI\u00d3 DE LA NOVA CORPORACI\u00d3. CCOO DEMANEM REUNI\u00d3 AMB LA NOVA PRESIDENTA I LI LLIUREM UN &#8230; <\/p>\n<p class=\"read-more-container\"><a title=\"CONSTITUCI\u00d3 DE LA NOVA CORPORACI\u00d3. CCOO DEMANEM REUNI\u00d3 AMB LA NOVA PRESIDENTA I LI LLIUREM UN DOCUMENT AMB M\u00c9S DE 23 PROPOSTES SINDICALS PEL NOU MANDAT.\" class=\"read-more button\" href=\"https:\/\/ccoo.app\/diputacio-de-barcelona\/ccoo-demanem-reunio-amb-la-nova-presidenta\/#more-4473\" aria-label=\"Leer m\u00e1s sobre CONSTITUCI\u00d3 DE LA NOVA CORPORACI\u00d3. CCOO DEMANEM REUNI\u00d3 AMB LA NOVA PRESIDENTA I LI LLIUREM UN DOCUMENT AMB M\u00c9S DE 23 PROPOSTES SINDICALS PEL NOU MANDAT.\">Continuar llegint<\/a><\/p>\n","protected":false},"author":4519,"featured_media":4476,"comment_status":"open","ping_status":"open","sticky":false,"template":"","format":"standard","meta":{"footnotes":""},"categories":[38,19,26],"tags":[154],"class_list":["post-4473","post","type-post","status-publish","format-standard","has-post-thumbnail","hentry","category-a-tot-el-personal","category-comunicats","category-mgn","tag-mobilitat-teletreball","generate-columns","tablet-grid-50","mobile-grid-100","grid-parent","grid-50"],"_links":{"self":[{"href":"https:\/\/ccoo.app\/diputacio-de-barcelona\/wp-json\/wp\/v2\/posts\/4473","targetHints":{"allow":["GET"]}}],"collection":[{"href":"https:\/\/ccoo.app\/diputacio-de-barcelona\/wp-json\/wp\/v2\/posts"}],"about":[{"href":"https:\/\/ccoo.app\/diputacio-de-barcelona\/wp-json\/wp\/v2\/types\/post"}],"author":[{"embeddable":true,"href":"https:\/\/ccoo.app\/diputacio-de-barcelona\/wp-json\/wp\/v2\/users\/4519"}],"replies":[{"embeddable":true,"href":"https:\/\/ccoo.app\/diputacio-de-barcelona\/wp-json\/wp\/v2\/comments?post=4473"}],"version-history":[{"count":1,"href":"https:\/\/ccoo.app\/diputacio-de-barcelona\/wp-json\/wp\/v2\/posts\/4473\/revisions"}],"predecessor-version":[{"id":51952,"href":"https:\/\/ccoo.app\/diputacio-de-barcelona\/wp-json\/wp\/v2\/posts\/4473\/revisions\/51952"}],"wp:featuredmedia":[{"embeddable":true,"href":"https:\/\/ccoo.app\/diputacio-de-barcelona\/wp-json\/wp\/v2\/media\/4476"}],"wp:attachment":[{"href":"https:\/\/ccoo.app\/diputacio-de-barcelona\/wp-json\/wp\/v2\/media?parent=4473"}],"wp:term":[{"taxonomy":"category","embeddable":true,"href":"https:\/\/ccoo.app\/diputacio-de-barcelona\/wp-json\/wp\/v2\/categories?post=4473"},{"taxonomy":"post_tag","embeddable":true,"href":"https:\/\/ccoo.app\/diputacio-de-barcelona\/wp-json\/wp\/v2\/tags?post=4473"}],"curies":[{"name":"wp","href":"https:\/\/api.w.org\/{rel}","templated":true}]}}