{"id":4454,"date":"2019-06-28T15:28:11","date_gmt":"2019-06-28T14:28:11","guid":{"rendered":"https:\/\/diba.ccoo.cat\/?p=4454"},"modified":"2023-02-22T18:58:38","modified_gmt":"2023-02-22T17:58:38","slug":"tercera-reunio-de-la-comissio-de-seguiment","status":"publish","type":"post","link":"https:\/\/ccoo.app\/diputacio-de-barcelona\/tercera-reunio-de-la-comissio-de-seguiment\/","title":{"rendered":"TERCERA REUNI\u00d3 DE LA COMISSI\u00d3 DE SEGUIMENT DELS ACORDS D\u2019INTEGRACI\u00d3 DE L&#8217;ORGT"},"content":{"rendered":"<p class=\"wp-caption-text\"><img loading=\"lazy\" decoding=\"async\" class=\"alignnone wp-image-1853\" src=\"http:\/\/ccoo.app\/diputacio-de-barcelona\/wp-content\/blogs.dir\/6\/files\/sites\/186\/2018\/01\/logoccoov18.jpg\" alt=\"\" width=\"137\" height=\"63\" \/>\u00a0 \u00a0 \u00a0 \u00a0 \u00a0 \u00a0 \u00a0 \u00a0 \u00a0 \u00a0 \u00a0 \u00a0 \u00a0 \u00a0 \u00a0 \u00a0<a href=\"https:\/\/diba.ccoo.cat\/wp-content\/uploads\/sites\/37\/2019\/06\/TERCERA-REUNI%C3%93-DE-LA-COMISSI%C3%93-DE-SEGUIMENT-DELS-ACORDS-D.pdf\"><img loading=\"lazy\" decoding=\"async\" class=\"alignnone wp-image-2113\" src=\"http:\/\/ccoo.app\/diputacio-de-barcelona\/wp-content\/blogs.dir\/6\/files\/sites\/186\/2018\/04\/22-300x172.png\" alt=\"\" width=\"134\" height=\"77\" srcset=\"https:\/\/ccoo.app\/diputacio-de-barcelona\/wp-content\/blogs.dir\/6\/files\/sites\/186\/2018\/04\/22-300x172.png 300w, https:\/\/ccoo.app\/diputacio-de-barcelona\/wp-content\/blogs.dir\/6\/files\/sites\/186\/2018\/04\/22.png 327w\" sizes=\"auto, (max-width: 134px) 100vw, 134px\" \/><\/a><\/p>\n<p style=\"text-align: center\"><strong style=\"color: #0000ff;font-family: 'arial black', sans-serif;font-size: 24px\">TERCERA REUNI\u00d3 DE LA COMISSI\u00d3 DE SEGUIMENT DELS ACORDS D\u2019INTEGRACI\u00d3 DE L&#8217;ORGT<\/strong><\/p>\n<p>&nbsp;<\/p>\n<p style=\"text-align: justify\"><span style=\"color: #000000;font-family: arial, helvetica, sans-serif\">Avui, 28 de juny de 2019, s\u2019ha celebrat la tercera reuni\u00f3 i s\u2019han tractat els seg\u00fcents temes:<\/span><\/p>\n<p>&nbsp;<\/p>\n<p style=\"text-align: justify\"><span style=\"color: #000000;font-family: 'arial black', sans-serif\"><strong><u>OFERTA P\u00daBLICA INTERINS ORGT<\/u><\/strong><\/span><\/p>\n<p style=\"text-align: justify\"><span style=\"color: #000000;font-family: arial, helvetica, sans-serif\">La Corporaci\u00f3 reconeix que no publicar\u00e0 l\u2019Oferta Publica de l\u2019ORGT dins del termini que marcava l\u2019Acord d\u2019Integraci\u00f3 (AI), es a dir, dins del primer semestre del 2019.<\/span><\/p>\n<p style=\"text-align: justify\"><span style=\"color: #000000;font-family: arial, helvetica, sans-serif\">CCOO ha traslladat el mandat de l\u2019assemblea d\u2019interins de l\u2019ORGT en la qual es va acordar demanar explicacions i seguir amb les OPOs amb els criteris pactats a l\u2019acord d\u2019integraci\u00f3 (m\u00e0xims per a m\u00e8rits) i amb les bases de les \u00faltimes oposicions (2008). En aquest sentit, la directora no veu viable ni recomanable fer la publicaci\u00f3 durant juliol i l\u2019agost, i proposa que es negoci\u00ef noves bases en seu de Mesa General de Negociaci\u00f3 (MGN) abans de publicar-ho, passat l\u2019estiu.<\/span><\/p>\n<p>&nbsp;<\/p>\n<p style=\"text-align: justify\"><span style=\"color: #000000;font-family: 'arial black', sans-serif\"><strong><u>CONVOCAT\u00d2RIES DE PROVISI\u00d3.<\/u><\/strong><\/span><\/p>\n<p style=\"text-align: justify\"><span style=\"color: #000000;font-family: arial, helvetica, sans-serif\">La Direcci\u00f3 de la Diba ens informa que les convocat\u00f2ries de Provisi\u00f3 segueixen endavant sense cap novetat ni interrupci\u00f3.<\/span><\/p>\n<p>&nbsp;<\/p>\n<p style=\"text-align: justify\"><span style=\"color: #000000;font-family: 'arial black', sans-serif\"><u>BORSES DE TREBALL<\/u><\/span><\/p>\n<p style=\"text-align: justify\"><span style=\"color: #000000;font-family: arial, helvetica, sans-serif\">L\u2019Oferta Publica generar\u00e0 borses de treball. Tot i aix\u00f2, davant la situaci\u00f3 de paralitzaci\u00f3 actual i les necessitats que CCOO hem fet paleses reiteradament, ens informen que s\u2019ha iniciat un proc\u00e9s per crear noves borses.<\/span><\/p>\n<p style=\"text-align: justify\"><span style=\"color: #000000;font-family: arial, helvetica, sans-serif\">Concretament, ja est\u00e0 en marxa l\u2019estudi per crear el m\u00e9s aviat possible una borsa d\u2019AGENTS TRIBUTARIS C1. CCOO hem demanat tenir participaci\u00f3 en la elaboraci\u00f3 de les bases.<\/span><\/p>\n<p>&nbsp;<\/p>\n<p style=\"text-align: justify\"><span style=\"color: #000000;font-family: 'arial black', sans-serif\"><strong><u>MILLORA SOCIAL PER EDAT<\/u><\/strong><\/span><\/p>\n<p style=\"text-align: justify\"><span style=\"color: #000000;font-family: arial, helvetica, sans-serif\">Ja est\u00e0 signat el decret i es far\u00e0 efectiu el pagament a la nomina de juliol.<\/span><\/p>\n<p>&nbsp;<\/p>\n<p style=\"text-align: justify\"><span style=\"color: #000000;font-family: 'arial black', sans-serif\"><strong><u>PROBLEM\u00c0TICA AGENTS TRIBUTARIS NIVELL D\u2019ENTRADA ATR2 I ATR3<\/u><\/strong><\/span><\/p>\n<p style=\"text-align: justify\"><span style=\"color: #000000;font-family: arial, helvetica, sans-serif\">CCOO reitera que hi ha un incompliment de l\u2019AI perqu\u00e8 la DSRH no vol aplicar all\u00f2 recollit al mapa de llocs de treball, on no figura cap codi retributiu que obeeixi a l\u2019estructura de la n\u00f2mina, com a grup de classificaci\u00f3 C2 nivell 14 i codi retributiu ATR2 i ATR3.<\/span><\/p>\n<p style=\"text-align: justify\"><span style=\"color: #000000;font-family: arial, helvetica, sans-serif\">L\u2019AI estableix el codi retributiu ATR2 i ATR3 respecte al grup de classificaci\u00f3 C1, per al personal de nova incorporaci\u00f3 (a partir del 1.1.2019), sense que es pugui aplicar l\u2019AI amb car\u00e0cter retroactiu al personal incorporat abans del 31.12.2018.<\/span><\/p>\n<p style=\"text-align: justify\"><span style=\"color: #000000;font-family: arial, helvetica, sans-serif\">Hem insistit, com ja vam fer a l\u2019anterior reuni\u00f3, en que se\u2019ns faci el lliurament dels informes, decrets i\/o instruccions, i qui est\u00e0 darrera d\u2019aquesta decisi\u00f3 o que ha motivat aquesta interpretaci\u00f3 restrictiva.<\/span><\/p>\n<p style=\"text-align: justify\"><span style=\"color: #000000;font-family: arial, helvetica, sans-serif\">La Direcci\u00f3 de Serveis de Recursos Humans (DSRH) s\u2019ha comprom\u00e8s en fer-nos arribar resposta per escrit abans de vacances.<\/span><\/p>\n<p>&nbsp;<\/p>\n<p style=\"text-align: justify\"><span style=\"color: #000000;font-family: 'arial black', sans-serif\"><strong><u>AN\u00c0LISI ORGANITZATIVES ESPEC\u00cdFIQUES: INSPECCI\u00d3 TRIBUT\u00c0RIA, INFORM\u00c0TICA I ASSESSORIA JUR\u00cdDICA<\/u><\/strong><\/span><\/p>\n<p style=\"text-align: justify\"><span style=\"color: #000000;font-family: arial, helvetica, sans-serif\">Sorprenentment, avui no ens han avan\u00e7at pr\u00e0cticament res respecte al que s\u2019est\u00e0 fent. De fet, nom\u00e9s ens han dit que estan en una fase \u201cpreliminar\u201d.<\/span><\/p>\n<p style=\"text-align: justify\"><span style=\"color: #000000;font-family: arial, helvetica, sans-serif\">Ens han avan\u00e7at que una vegada que l\u2019an\u00e0lisi funcional i organitzatiu estigui enllestit passar\u00e0 per MGN.<\/span><\/p>\n<p>&nbsp;<\/p>\n<p style=\"text-align: justify\"><span style=\"color: #000000;font-family: 'arial black', sans-serif\"><strong><u>PROCESSOS DE RECLASSIFICACI\u00d3 I TECNIFICACI\u00d3<\/u><\/strong><\/span><\/p>\n<p style=\"text-align: justify\"><span style=\"color: #000000;font-family: arial, helvetica, sans-serif\">Ni cap calendaritzaci\u00f3 ni cap novetat. Tamb\u00e9 en aquest tema nom\u00e9s es comuniquen que s\u2019est\u00e0 treballant, sense m\u00e9s concreci\u00f3.<\/span><\/p>\n<p>&nbsp;<\/p>\n<p style=\"text-align: justify\"><span style=\"color: #000000;font-family: 'arial black', sans-serif\"><strong><u>DRETS CONSOLIDATS DE CARRERA<\/u><\/strong><\/span><\/p>\n<p style=\"text-align: justify\"><span style=\"color: #000000;font-family: arial, helvetica, sans-serif\">CCOO hem reiterat les difer\u00e8ncies retributives en el complement de carrera que perceben els llocs de comandament (Caps oficina, grup, negociat, &#8230;) i gestors tributaris del grup C1, ja que al fer l\u2019adequaci\u00f3 a la nova denominaci\u00f3, tots aquells que tenien un nivell de destinaci\u00f3 16 o 18 se\u2019ls ha d\u2019equiparar amb l\u2019import final de les retribucions que perceben els C1 amb nivell de destinaci\u00f3 14.<\/span><\/p>\n<p style=\"text-align: justify\"><span style=\"color: #000000;font-family: arial, helvetica, sans-serif\">Ens han comunicat que aix\u00f2 s\u2019ha de negociar en la MGN, punt de vista que no compartim ja que pensem que el greuge detectat es conseq\u00fc\u00e8ncia directa de la integraci\u00f3 i per tant les solucions s\u2019han de trobar en seu d\u2019aquesta CI. No acabem d\u2019entendre perqu\u00e8 no es pot adoptar la mateixa f\u00f3rmula que es va utilitzar per corregir aquest mateix greuge en els llocs base.<\/span><\/p>\n<p style=\"text-align: justify\"><span style=\"color: #000000;font-family: arial, helvetica, sans-serif\">En quant al complement de carrera dels OTR, la corporaci\u00f3 ens trasllada que \u201ccontinua\u00bb estudiant la situaci\u00f3.<\/span><\/p>\n<p>&nbsp;<\/p>\n<p style=\"text-align: justify\"><span style=\"color: #000000;font-family: 'arial black', sans-serif\"><strong><u>FIXATGE ESMORZAR<\/u><\/strong><\/span><\/p>\n<p style=\"text-align: justify\"><span style=\"color: #000000;font-family: arial, helvetica, sans-serif\">RH DE l\u2019ORGT ens informa que no veuen cap necessitat respecte a canviar el sistema que s\u2019havia fet servir fins ara.<\/span><\/p>\n<p style=\"text-align: justify\"><span style=\"color: #000000;font-family: arial, helvetica, sans-serif\">No podem entendre com es pot admetre aquesta difer\u00e8ncia de tracte entre el personal de la Diputaci\u00f3 i que s\u2019acaba d\u2019integrar. Nom\u00e9s podem entendre-ho des d\u2019un punt de vista de desconfian\u00e7a envers al seu personal. Pensem que les relacions laborals han d\u2019estar basades en la confian\u00e7a m\u00fatua especialment tenint en compte la dedicaci\u00f3, treball i professionalitat sobradament demostrada del personal de l\u2019ORGT. No deixarem el tema.<\/span><\/p>\n<p><img loading=\"lazy\" decoding=\"async\" class=\"wp-image-4455 aligncenter\" src=\"http:\/\/ccoo.app\/diputacio-de-barcelona\/wp-content\/blogs.dir\/6\/files\/sites\/186\/2019\/06\/oficina-orgt-300x184.jpg\" alt=\"\" width=\"234\" height=\"143\" srcset=\"https:\/\/ccoo.app\/diputacio-de-barcelona\/wp-content\/blogs.dir\/6\/files\/sites\/186\/2019\/06\/oficina-orgt-300x184.jpg 300w, https:\/\/ccoo.app\/diputacio-de-barcelona\/wp-content\/blogs.dir\/6\/files\/sites\/186\/2019\/06\/oficina-orgt-1024x627.jpg 1024w, https:\/\/ccoo.app\/diputacio-de-barcelona\/wp-content\/blogs.dir\/6\/files\/sites\/186\/2019\/06\/oficina-orgt-768x470.jpg 768w, https:\/\/ccoo.app\/diputacio-de-barcelona\/wp-content\/blogs.dir\/6\/files\/sites\/186\/2019\/06\/oficina-orgt.jpg 1091w\" sizes=\"auto, (max-width: 234px) 100vw, 234px\" \/><\/p>\n<p style=\"text-align: justify\"><span style=\"color: #0000ff;font-family: 'arial black', sans-serif\"><u>COMENTARIS FINALS<\/u><\/span><\/p>\n<p style=\"text-align: justify\"><span style=\"color: #000000;font-family: arial, helvetica, sans-serif\">La pr\u00f2xima reuni\u00f3 est\u00e0 programada pel 30 de setembre. Llavors, ja haur\u00e0 comen\u00e7at un nou mandat. Esperem que aix\u00f2 suposi donar una renovada empenta a les din\u00e0miques que des de principi d\u2019any no ens agraden gens.<\/span><\/p>\n<p style=\"text-align: justify\"><span style=\"color: #000000;font-family: arial, helvetica, sans-serif\">Fins llavors us animem que ens feu arribar totes les vostres problem\u00e0tiques i aportacions. CCOO seguir\u00e0 treballant per tal de poder avan\u00e7ar tota la feina possible abans de la pr\u00f2xima reuni\u00f3 de la Comissi\u00f3 de Seguiment dels Acords d\u2019Integraci\u00f3.<\/span><\/p>\n<p style=\"text-align: justify\"><span style=\"color: #000000;font-family: arial, helvetica, sans-serif\">Seguim!<\/span><\/p>\n<p>&nbsp;<\/p>\n<p style=\"text-align: justify\"><img loading=\"lazy\" decoding=\"async\" class=\"wp-image-3220 aligncenter\" src=\"http:\/\/ccoo.app\/diputacio-de-barcelona\/wp-content\/blogs.dir\/6\/files\/sites\/186\/2018\/12\/nnnnnnnnnnnnnnno-177x300.png\" alt=\"\" width=\"86\" height=\"146\" srcset=\"https:\/\/ccoo.app\/diputacio-de-barcelona\/wp-content\/blogs.dir\/6\/files\/sites\/186\/2018\/12\/nnnnnnnnnnnnnnno-177x300.png 177w, https:\/\/ccoo.app\/diputacio-de-barcelona\/wp-content\/blogs.dir\/6\/files\/sites\/186\/2018\/12\/nnnnnnnnnnnnnnno-604x1024.png 604w, https:\/\/ccoo.app\/diputacio-de-barcelona\/wp-content\/blogs.dir\/6\/files\/sites\/186\/2018\/12\/nnnnnnnnnnnnnnno-768x1301.png 768w, https:\/\/ccoo.app\/diputacio-de-barcelona\/wp-content\/blogs.dir\/6\/files\/sites\/186\/2018\/12\/nnnnnnnnnnnnnnno-906x1536.png 906w, https:\/\/ccoo.app\/diputacio-de-barcelona\/wp-content\/blogs.dir\/6\/files\/sites\/186\/2018\/12\/nnnnnnnnnnnnnnno.png 1169w\" sizes=\"auto, (max-width: 86px) 100vw, 86px\" \/><\/p>\n<p>&nbsp;<\/p>\n<p><a href=\"https:\/\/www.ccoo.cat\/aspnet\/eleccions.aspx\"><img loading=\"lazy\" decoding=\"async\" class=\"wp-image-3042 aligncenter\" src=\"http:\/\/ccoo.app\/diputacio-de-barcelona\/wp-content\/blogs.dir\/6\/files\/sites\/186\/2018\/12\/logo-revindiquem-lluitem-arribem-acords-300x56.png\" alt=\"\" width=\"514\" height=\"96\" srcset=\"https:\/\/ccoo.app\/diputacio-de-barcelona\/wp-content\/blogs.dir\/6\/files\/sites\/186\/2018\/12\/logo-revindiquem-lluitem-arribem-acords-300x56.png 300w, https:\/\/ccoo.app\/diputacio-de-barcelona\/wp-content\/blogs.dir\/6\/files\/sites\/186\/2018\/12\/logo-revindiquem-lluitem-arribem-acords-768x145.png 768w, https:\/\/ccoo.app\/diputacio-de-barcelona\/wp-content\/blogs.dir\/6\/files\/sites\/186\/2018\/12\/logo-revindiquem-lluitem-arribem-acords.png 940w\" sizes=\"auto, (max-width: 514px) 100vw, 514px\" \/><img loading=\"lazy\" decoding=\"async\" class=\" wp-image-3428 aligncenter\" src=\"http:\/\/ccoo.app\/diputacio-de-barcelona\/wp-content\/blogs.dir\/6\/files\/sites\/186\/2019\/02\/ddddddddddddddddddddddddd-300x115.png\" alt=\"\" width=\"459\" height=\"176\" srcset=\"https:\/\/ccoo.app\/diputacio-de-barcelona\/wp-content\/blogs.dir\/6\/files\/sites\/186\/2019\/02\/ddddddddddddddddddddddddd-300x115.png 300w, https:\/\/ccoo.app\/diputacio-de-barcelona\/wp-content\/blogs.dir\/6\/files\/sites\/186\/2019\/02\/ddddddddddddddddddddddddd.png 611w\" sizes=\"auto, (max-width: 459px) 100vw, 459px\" \/><\/a><\/p>\n<p><a href=\"https:\/\/diba.ccoo.cat\/tambe-a-la-diputacio-no-es-no\/\"><img loading=\"lazy\" decoding=\"async\" class=\"wp-image-3043 aligncenter\" src=\"http:\/\/ccoo.app\/diputacio-de-barcelona\/wp-content\/blogs.dir\/6\/files\/sites\/186\/2018\/12\/ffffffffffffffffffff-1-300x108.png\" alt=\"\" width=\"175\" height=\"63\" srcset=\"https:\/\/ccoo.app\/diputacio-de-barcelona\/wp-content\/blogs.dir\/6\/files\/sites\/186\/2018\/12\/ffffffffffffffffffff-1-300x108.png 300w, https:\/\/ccoo.app\/diputacio-de-barcelona\/wp-content\/blogs.dir\/6\/files\/sites\/186\/2018\/12\/ffffffffffffffffffff-1.png 686w\" sizes=\"auto, (max-width: 175px) 100vw, 175px\" \/><\/a><\/p>\n<p>&nbsp;<\/p>\n<p><a href=\"https:\/\/diba.ccoo.cat\/afiliat-al-sindicat-amb-mes-afiliacio-i-representacio-a-la-diputacio-de-barcelona\/\"><img loading=\"lazy\" decoding=\"async\" class=\"alignnone size-medium wp-image-2346\" src=\"http:\/\/ccoo.app\/diputacio-de-barcelona\/wp-content\/blogs.dir\/6\/files\/sites\/186\/2016\/05\/asasas-300x142-1-300x142.png\" alt=\"\" width=\"300\" height=\"142\" \/><\/a><\/p>\n<p><span style=\"font-family: arial, helvetica, sans-serif;color: #000000\"><strong>Horari d\u2019atenci\u00f3 CCOO DIBA: <\/strong><\/span><\/p>\n<p><span style=\"font-family: arial, helvetica, sans-serif;color: #000000\"><strong>CARRER MALLORCA, 244, 2on 3a<\/strong><\/span><\/p>\n<p><span style=\"font-family: arial, helvetica, sans-serif;color: #000000\"><strong>DE DILLUNS A DIVENDRES DE 8:30 A 16:30\u00a0\u00a0 <\/strong><span style=\"font-size: 10pt\"><strong>(FORA D\u2019AQUEST HORARI, AMB CITA PR\u00c8VIA)<\/strong><\/span><\/span><\/p>\n<p style=\"text-align: center\"><span style=\"font-size: 18pt\"><span style=\"font-family: arial, helvetica, sans-serif;color: #000000\"><strong>\u00a0<\/strong><\/span><span style=\"font-family: arial, helvetica, sans-serif\"><strong><small><span style=\"color: #000000\">Contacta&#8217;ns per tel\u00e8fon al 934 022 985 o correu:<\/span> <a href=\"mailto:ccoo@diba.cat\">ccoo@diba.cat<\/a><\/small> <\/strong><\/span><\/span><\/p>\n<p>&nbsp;<\/p>\n<p><a href=\"http:\/\/diba.ccoo.cat\/\"><img loading=\"lazy\" decoding=\"async\" class=\"wp-image-3263 alignleft\" src=\"http:\/\/ccoo.app\/diputacio-de-barcelona\/wp-content\/blogs.dir\/6\/files\/sites\/186\/2019\/01\/rrrrrrrrrrrrrrrrrrrrr-287x300.png\" alt=\"\" width=\"189\" height=\"198\" srcset=\"https:\/\/ccoo.app\/diputacio-de-barcelona\/wp-content\/blogs.dir\/6\/files\/sites\/186\/2019\/01\/rrrrrrrrrrrrrrrrrrrrr-287x300.png 287w, https:\/\/ccoo.app\/diputacio-de-barcelona\/wp-content\/blogs.dir\/6\/files\/sites\/186\/2019\/01\/rrrrrrrrrrrrrrrrrrrrr.png 550w\" sizes=\"auto, (max-width: 189px) 100vw, 189px\" \/><\/a><\/p>\n<p>&nbsp;<\/p>\n<p><img loading=\"lazy\" decoding=\"async\" class=\"alignnone size-medium wp-image-3266\" src=\"http:\/\/ccoo.app\/diputacio-de-barcelona\/wp-content\/blogs.dir\/6\/files\/sites\/186\/2019\/01\/yyyyyyyyyyyyyyyyyyyyyyyy-300x57.png\" alt=\"\" width=\"300\" height=\"57\" srcset=\"https:\/\/ccoo.app\/diputacio-de-barcelona\/wp-content\/blogs.dir\/6\/files\/sites\/186\/2019\/01\/yyyyyyyyyyyyyyyyyyyyyyyy-300x57.png 300w, https:\/\/ccoo.app\/diputacio-de-barcelona\/wp-content\/blogs.dir\/6\/files\/sites\/186\/2019\/01\/yyyyyyyyyyyyyyyyyyyyyyyy.png 578w\" sizes=\"auto, (max-width: 300px) 100vw, 300px\" \/><\/p>\n<p><img loading=\"lazy\" decoding=\"async\" class=\"alignleft\" src=\"https:\/\/www.educapeques.com\/wp-content\/uploads\/2016\/04\/descargar-whatsapp.png\" alt=\"Resultado de imagen de whatsapp\" width=\"64\" height=\"50\" \/><a href=\"https:\/\/www.facebook.com\/CcooDiputacioDeBarcelona\/\"><img loading=\"lazy\" decoding=\"async\" class=\"alignleft\" src=\"https:\/\/upload.wikimedia.org\/wikipedia\/commons\/thumb\/7\/7c\/Facebook_New_Logo_%282015%29.svg\/2000px-Facebook_New_Logo_%282015%29.svg.png\" alt=\"Resultado de imagen de facebook\" width=\"122\" height=\"46\" \/><\/a>\u00a0<a href=\"https:\/\/twitter.com\/CCOODiba\"><img loading=\"lazy\" decoding=\"async\" class=\"alignnone wp-image-3432\" src=\"http:\/\/ccoo.app\/diputacio-de-barcelona\/wp-content\/blogs.dir\/6\/files\/sites\/186\/2019\/02\/ggggggggggggggggggggggggggg-300x142.jpg\" alt=\"\" width=\"116\" height=\"55\" srcset=\"https:\/\/ccoo.app\/diputacio-de-barcelona\/wp-content\/blogs.dir\/6\/files\/sites\/186\/2019\/02\/ggggggggggggggggggggggggggg-300x142.jpg 300w, https:\/\/ccoo.app\/diputacio-de-barcelona\/wp-content\/blogs.dir\/6\/files\/sites\/186\/2019\/02\/ggggggggggggggggggggggggggg-1024x485.jpg 1024w, https:\/\/ccoo.app\/diputacio-de-barcelona\/wp-content\/blogs.dir\/6\/files\/sites\/186\/2019\/02\/ggggggggggggggggggggggggggg-768x364.jpg 768w, https:\/\/ccoo.app\/diputacio-de-barcelona\/wp-content\/blogs.dir\/6\/files\/sites\/186\/2019\/02\/ggggggggggggggggggggggggggg.jpg 1536w\" sizes=\"auto, (max-width: 116px) 100vw, 116px\" \/><\/a> \u00a0\u00a0<a href=\"https:\/\/www.youtube.com\/channel\/UCFzenkS75udEcs4pB4qoZsg\"><img loading=\"lazy\" decoding=\"async\" class=\"alignleft\" src=\"https:\/\/i.kinja-img.com\/gawker-media\/image\/upload\/s--heVex4FV--\/c_scale,fl_progressive,q_80,w_800\/pol5zfmalpqmpt1jcnbp.png\" alt=\"Resultado de imagen de youtube\" width=\"117\" height=\"50\" \/><\/a><\/p>\n<p>&nbsp;<\/p>\n<p>&nbsp;<\/p>\n<p>&nbsp;<\/p>\n<p>&nbsp;    \t<\/p>\n","protected":false},"excerpt":{"rendered":"<p>\u00a0 \u00a0 \u00a0 \u00a0 \u00a0 \u00a0 \u00a0 \u00a0 \u00a0 \u00a0 \u00a0 \u00a0 \u00a0 \u00a0 \u00a0 \u00a0 TERCERA REUNI\u00d3 DE LA COMISSI\u00d3 DE SEGUIMENT DELS ACORDS D\u2019INTEGRACI\u00d3 DE L&#8217;ORGT &nbsp; Avui, &#8230; <\/p>\n<p class=\"read-more-container\"><a title=\"TERCERA REUNI\u00d3 DE LA COMISSI\u00d3 DE SEGUIMENT DELS ACORDS D\u2019INTEGRACI\u00d3 DE L&#8217;ORGT\" class=\"read-more button\" href=\"https:\/\/ccoo.app\/diputacio-de-barcelona\/tercera-reunio-de-la-comissio-de-seguiment\/#more-4454\" aria-label=\"Leer m\u00e1s sobre TERCERA REUNI\u00d3 DE LA COMISSI\u00d3 DE SEGUIMENT DELS ACORDS D\u2019INTEGRACI\u00d3 DE L&#8217;ORGT\">Continuar llegint<\/a><\/p>\n","protected":false},"author":4519,"featured_media":4455,"comment_status":"open","ping_status":"open","sticky":false,"template":"","format":"standard","meta":{"footnotes":""},"categories":[19,29],"tags":[148],"class_list":["post-4454","post","type-post","status-publish","format-standard","has-post-thumbnail","hentry","category-comunicats","category-orgt-2","tag-mesa-general-negociacio","generate-columns","tablet-grid-50","mobile-grid-100","grid-parent","grid-50"],"_links":{"self":[{"href":"https:\/\/ccoo.app\/diputacio-de-barcelona\/wp-json\/wp\/v2\/posts\/4454","targetHints":{"allow":["GET"]}}],"collection":[{"href":"https:\/\/ccoo.app\/diputacio-de-barcelona\/wp-json\/wp\/v2\/posts"}],"about":[{"href":"https:\/\/ccoo.app\/diputacio-de-barcelona\/wp-json\/wp\/v2\/types\/post"}],"author":[{"embeddable":true,"href":"https:\/\/ccoo.app\/diputacio-de-barcelona\/wp-json\/wp\/v2\/users\/4519"}],"replies":[{"embeddable":true,"href":"https:\/\/ccoo.app\/diputacio-de-barcelona\/wp-json\/wp\/v2\/comments?post=4454"}],"version-history":[{"count":1,"href":"https:\/\/ccoo.app\/diputacio-de-barcelona\/wp-json\/wp\/v2\/posts\/4454\/revisions"}],"predecessor-version":[{"id":51955,"href":"https:\/\/ccoo.app\/diputacio-de-barcelona\/wp-json\/wp\/v2\/posts\/4454\/revisions\/51955"}],"wp:featuredmedia":[{"embeddable":true,"href":"https:\/\/ccoo.app\/diputacio-de-barcelona\/wp-json\/wp\/v2\/media\/4455"}],"wp:attachment":[{"href":"https:\/\/ccoo.app\/diputacio-de-barcelona\/wp-json\/wp\/v2\/media?parent=4454"}],"wp:term":[{"taxonomy":"category","embeddable":true,"href":"https:\/\/ccoo.app\/diputacio-de-barcelona\/wp-json\/wp\/v2\/categories?post=4454"},{"taxonomy":"post_tag","embeddable":true,"href":"https:\/\/ccoo.app\/diputacio-de-barcelona\/wp-json\/wp\/v2\/tags?post=4454"}],"curies":[{"name":"wp","href":"https:\/\/api.w.org\/{rel}","templated":true}]}}